{"id":99995,"date":"2022-12-19T10:46:24","date_gmt":"2022-12-19T10:46:24","guid":{"rendered":"https:\/\/www.nettali.com\/?p=99995"},"modified":"2022-12-19T13:29:49","modified_gmt":"2022-12-19T13:29:49","slug":"dr-yeri-camara-sg-sortant-du-sames-on-a-limpression-que-dans-ce-rapport-on-na-que-des-choses-negatives","status":"publish","type":"post","link":"https:\/\/www.nettali.com\/2022\/12\/19\/dr-yeri-camara-sg-sortant-du-sames-on-a-limpression-que-dans-ce-rapport-on-na-que-des-choses-negatives\/","title":{"rendered":"Dr YERI CAMARA, SG SORTANT DU SAMES - \"On a l\u2019impression que, dans ce rapport, on n\u2019a que des choses n\u00e9gatives...\""},"content":{"rendered":"<p><strong>NETTALI.COM - Secr\u00e9taire g\u00e9n\u00e9ral sortant du Sames, Dr Y\u00e9ri Camara rel\u00e8ve que tout n\u2019est pas n\u00e9gatif dans le rapport de la Cour des comptes relatif aux fonds \"Force-Covid-19\".<\/strong><\/p>\n<p>Le Syndicat autonome des m\u00e9decins, pharmaciens et chirurgiens-dentistes du S\u00e9n\u00e9gal (Sames) a tenu, le samedi 17 d\u00e9cembre 2022, son Congr\u00e8s. Une occasion choisie par son secr\u00e9taire g\u00e9n\u00e9ral sortant, Dr Yeri Camara, remplac\u00e9 par Dr Mamadou Demba Ndour, pour revenir sur le rapport de la Cour des comptes relatif aux fonds \"Force-Covid19\".<\/p>\n<p>Dr Camara a fait savoir qu\u2019on n\u2019\u00e9voque pas tout le rapport. Selon lui, on ne parle que d\u2019une partie. Il a invit\u00e9 les gens \u00e0 s\u2019int\u00e9resser \u00e0 l\u2019autre versant qui souligne que la plupart des r\u00e9gions m\u00e9dicales ont b\u00e9n\u00e9fici\u00e9 d\u2019un financement qu\u2019ils ont utilis\u00e9 et justifi\u00e9 \"<em>de mani\u00e8re admirable\"<\/em>. \"<em>Je pr\u00e9f\u00e8re me suffire de cette partie positive. Le Sames, \u00e0 l\u2019instar de toutes les organisations, ne cautionne pas la mauvaise gouvernance. On a l\u2019impression que, dans ce rapport, on n\u2019a que des choses n\u00e9gatives, mais les m\u00e9decins-chefs de r\u00e9gion et les directeurs d\u2019h\u00f4pital ont eu une gestion exemplaire<\/em>\", a d\u00e9clar\u00e9 M. Camara invitant les journalistes \u00e0 voir la partie du verre \u00e0 moiti\u00e9 plein.<\/p>\n<p>Tout de m\u00eame, il juge in\u00e9dit les incoh\u00e9rences constat\u00e9es au niveau des chiffres. \"<em>La collecte des donn\u00e9es est tr\u00e8s difficile. C'est pourquoi, pendant une audience avec une diff\u00e9rence d\u2019un ou de deux cas, on peut parler d\u2019incoh\u00e9rences. C\u2019est du travail qui s\u2019am\u00e9liore, mais ce n\u2019est pas un gap important qu\u2019il faille r\u00e9soudre. Nous avons un syst\u00e8me national d\u2019information sanitaire. Cela veut dire que si on a la diarrh\u00e9e \u00e0 Fongolembi, le ministre de la Sant\u00e9 peut \u00eatre au courant<\/em>\", a expliqu\u00e9 le secr\u00e9taire g\u00e9n\u00e9ral sortant du Sames qui, ajoute que ce syst\u00e8me est la r\u00e9f\u00e9rence.<\/p>\n<p>\"<em>En cas d\u2019urgence, il y a d\u2019autres syst\u00e8mes qui viennent compl\u00e9ter. Cela peut engendrer de petites diff\u00e9rences qui n'enl\u00e8vent en rien le travail important qui a \u00e9t\u00e9 fait. Le S\u00e9n\u00e9gal s\u2019en est sorti le mieux, malgr\u00e9 le peu de moyens\"<\/em>, souligne le d\u00e9sormais ancien secr\u00e9taire g\u00e9n\u00e9ral du Sames. D\u2019apr\u00e8s lui, les r\u00e9gions ont re\u00e7u peu de moyens. Ainsi, il pense qu\u2019il faut corriger cette macroc\u00e9phalie de l'administration au S\u00e9n\u00e9gal. Car, rel\u00e8ve-t-il, \"<em>un pays n\u2019existe que par la synth\u00e8se des r\u00e9gions. Il faut que les choses descendent \u00e0 la base. C\u2019est ce qui va permettre d\u2019avoir une d\u00e9sagr\u00e9gation des moyens et des capacit\u00e9s, et permettre ainsi de r\u00e9gler les choses et que tout le monde ne converge pas \u00e0 Dakar pour r\u00e9gler les probl\u00e8mes<\/em>\".<\/p>\n<p>Poursuivant, il renseigne que \"<em>sur les mat\u00e9riaux qui auraient \u00e9t\u00e9 achet\u00e9s pour la prise en charge de la pand\u00e9mie et signal\u00e9s par le rapport, on retient qu\u2019on a re\u00e7u du mat\u00e9riel et \u00e7a a servi pendant la lutte contre la Covid. Maintenant, il y a eu des manquements et des retards. Les remarques doivent \u00eatre prises en compte et tout n\u2019est pas mauvais, mais c\u2019est insuffisant\".<\/em><\/p>\n<div class='share-to-whatsapp-wrapper'><div class='share-on-whsp'>PARTAGER SUR : <\/div><a data-text='Dr YERI CAMARA, SG SORTANT DU SAMES - \"On a l\u2019impression que, dans ce rapport, on n\u2019a que des choses n\u00e9gatives...\"' data-link='https:\/\/www.nettali.com\/2022\/12\/19\/dr-yeri-camara-sg-sortant-du-sames-on-a-limpression-que-dans-ce-rapport-on-na-que-des-choses-negatives\/' class='whatsapp-button whatsapp-share'>WhatsApp<\/a><div class='clear '><\/div><\/div>","protected":false},"excerpt":{"rendered":"<p>NETTALI.COM - Secr\u00e9taire g\u00e9n\u00e9ral sortant du Sames, Dr Y\u00e9ri Camara rel\u00e8ve que tout n\u2019est pas n\u00e9gatif dans le rapport de la Cour des comptes relatif aux fonds \"Force-Covid-19\". Le Syndicat autonome des m\u00e9decins, pharmaciens et chirurgiens-dentistes du S\u00e9n\u00e9gal (Sames) a tenu, le samedi 17 d\u00e9cembre 2022, son Congr\u00e8s. Une occasion choisie par son secr\u00e9taire g\u00e9n\u00e9ral [&hellip;]<\/p>\n","protected":false},"author":6,"featured_media":99996,"comment_status":"open","ping_status":"open","sticky":false,"template":"","format":"standard","meta":{"_et_pb_use_builder":"","_et_pb_old_content":""},"categories":[3],"tags":[],"yoast_head":"<!-- This site is optimized with the Yoast SEO Premium plugin v17.8 (Yoast SEO v17.8) - https:\/\/yoast.com\/wordpress\/plugins\/seo\/ -->\n<title>Dr YERI CAMARA, SG SORTANT DU SAMES - &quot;On a l\u2019impression que, dans ce rapport, on n\u2019a que des choses n\u00e9gatives...&quot; | Nettali.com<\/title>\n<meta name=\"robots\" content=\"index, follow, max-snippet:-1, max-image-preview:large, max-video-preview:-1\" \/>\n<link rel=\"canonical\" href=\"https:\/\/www.nettali.com\/2022\/12\/19\/dr-yeri-camara-sg-sortant-du-sames-on-a-limpression-que-dans-ce-rapport-on-na-que-des-choses-negatives\/\" \/>\n<meta property=\"og:locale\" content=\"fr_FR\" \/>\n<meta property=\"og:type\" content=\"article\" \/>\n<meta property=\"og:title\" content=\"Dr YERI CAMARA, SG SORTANT DU SAMES - &quot;On a l\u2019impression que, dans ce rapport, on n\u2019a que des choses n\u00e9gatives...&quot;\" \/>\n<meta property=\"og:description\" content=\"NETTALI.COM - Secr\u00e9taire g\u00e9n\u00e9ral sortant du Sames, Dr Y\u00e9ri Camara rel\u00e8ve que tout n\u2019est pas n\u00e9gatif dans le rapport de la Cour des comptes relatif aux fonds &quot;Force-Covid-19&quot;. Le Syndicat autonome des m\u00e9decins, pharmaciens et chirurgiens-dentistes du S\u00e9n\u00e9gal (Sames) a tenu, le samedi 17 d\u00e9cembre 2022, son Congr\u00e8s. Une occasion choisie par son secr\u00e9taire g\u00e9n\u00e9ral [&hellip;]\" \/>\n<meta property=\"og:url\" content=\"https:\/\/www.nettali.com\/2022\/12\/19\/dr-yeri-camara-sg-sortant-du-sames-on-a-limpression-que-dans-ce-rapport-on-na-que-des-choses-negatives\/\" \/>\n<meta property=\"og:site_name\" content=\"Nettali.com\" \/>\n<meta property=\"article:publisher\" content=\"https:\/\/www.facebook.com\/nettalicom\" \/>\n<meta property=\"article:published_time\" content=\"2022-12-19T10:46:24+00:00\" \/>\n<meta property=\"article:modified_time\" content=\"2022-12-19T13:29:49+00:00\" \/>\n<meta property=\"og:image\" content=\"https:\/\/www.nettali.com\/wp-content\/uploads\/2022\/12\/p-2666-Screenshot-20210209-122814-2.png\" \/>\n\t<meta property=\"og:image:width\" content=\"480\" \/>\n\t<meta property=\"og:image:height\" content=\"281\" \/>\n<meta name=\"twitter:card\" content=\"summary_large_image\" \/>\n<meta name=\"twitter:label1\" content=\"\u00c9crit par\" \/>\n\t<meta name=\"twitter:data1\" content=\"Fatou\" \/>\n\t<meta name=\"twitter:label2\" content=\"Dur\u00e9e de lecture estim\u00e9e\" \/>\n\t<meta name=\"twitter:data2\" content=\"3 minutes\" \/>\n<script type=\"application\/ld+json\" class=\"yoast-schema-graph\">{\"@context\":\"https:\/\/schema.org\",\"@graph\":[{\"@type\":\"WebSite\",\"@id\":\"https:\/\/www.nettali.com\/#website\",\"url\":\"https:\/\/www.nettali.com\/\",\"name\":\"Nettali.com\",\"description\":\"Le rendez-vous critique du Net\",\"potentialAction\":[{\"@type\":\"SearchAction\",\"target\":{\"@type\":\"EntryPoint\",\"urlTemplate\":\"https:\/\/www.nettali.com\/?s={search_term_string}\"},\"query-input\":\"required name=search_term_string\"}],\"inLanguage\":\"fr-FR\"},{\"@type\":\"ImageObject\",\"@id\":\"https:\/\/www.nettali.com\/2022\/12\/19\/dr-yeri-camara-sg-sortant-du-sames-on-a-limpression-que-dans-ce-rapport-on-na-que-des-choses-negatives\/#primaryimage\",\"inLanguage\":\"fr-FR\",\"url\":\"https:\/\/www.nettali.com\/wp-content\/uploads\/2022\/12\/p-2666-Screenshot-20210209-122814-2.png\",\"contentUrl\":\"https:\/\/www.nettali.com\/wp-content\/uploads\/2022\/12\/p-2666-Screenshot-20210209-122814-2.png\",\"width\":480,\"height\":281},{\"@type\":\"WebPage\",\"@id\":\"https:\/\/www.nettali.com\/2022\/12\/19\/dr-yeri-camara-sg-sortant-du-sames-on-a-limpression-que-dans-ce-rapport-on-na-que-des-choses-negatives\/#webpage\",\"url\":\"https:\/\/www.nettali.com\/2022\/12\/19\/dr-yeri-camara-sg-sortant-du-sames-on-a-limpression-que-dans-ce-rapport-on-na-que-des-choses-negatives\/\",\"name\":\"Dr YERI CAMARA, SG SORTANT DU SAMES - \\\"On a l\\u2019impression que, dans ce rapport, on n\\u2019a que des choses n\\u00e9gatives...\\\" | Nettali.com\",\"isPartOf\":{\"@id\":\"https:\/\/www.nettali.com\/#website\"},\"primaryImageOfPage\":{\"@id\":\"https:\/\/www.nettali.com\/2022\/12\/19\/dr-yeri-camara-sg-sortant-du-sames-on-a-limpression-que-dans-ce-rapport-on-na-que-des-choses-negatives\/#primaryimage\"},\"datePublished\":\"2022-12-19T10:46:24+00:00\",\"dateModified\":\"2022-12-19T13:29:49+00:00\",\"author\":{\"@id\":\"https:\/\/www.nettali.com\/#\/schema\/person\/418274a86bdf87caff7a3ef476bd0bbf\"},\"breadcrumb\":{\"@id\":\"https:\/\/www.nettali.com\/2022\/12\/19\/dr-yeri-camara-sg-sortant-du-sames-on-a-limpression-que-dans-ce-rapport-on-na-que-des-choses-negatives\/#breadcrumb\"},\"inLanguage\":\"fr-FR\",\"potentialAction\":[{\"@type\":\"ReadAction\",\"target\":[\"https:\/\/www.nettali.com\/2022\/12\/19\/dr-yeri-camara-sg-sortant-du-sames-on-a-limpression-que-dans-ce-rapport-on-na-que-des-choses-negatives\/\"]}]},{\"@type\":\"BreadcrumbList\",\"@id\":\"https:\/\/www.nettali.com\/2022\/12\/19\/dr-yeri-camara-sg-sortant-du-sames-on-a-limpression-que-dans-ce-rapport-on-na-que-des-choses-negatives\/#breadcrumb\",\"itemListElement\":[{\"@type\":\"ListItem\",\"position\":1,\"name\":\"Accueil\",\"item\":\"https:\/\/www.nettali.com\/\"},{\"@type\":\"ListItem\",\"position\":2,\"name\":\"Dr YERI CAMARA, SG SORTANT DU SAMES - \\\"On a l\\u2019impression que, dans ce rapport, on n\\u2019a que des choses n\\u00e9gatives...\\\"\"}]},{\"@type\":\"Person\",\"@id\":\"https:\/\/www.nettali.com\/#\/schema\/person\/418274a86bdf87caff7a3ef476bd0bbf\",\"name\":\"Fatou\",\"image\":{\"@type\":\"ImageObject\",\"@id\":\"https:\/\/www.nettali.com\/#personlogo\",\"inLanguage\":\"fr-FR\",\"url\":\"https:\/\/secure.gravatar.com\/avatar\/5a9442a2bee7b4dcf167cab035858e9a?s=96&d=mm&r=g\",\"contentUrl\":\"https:\/\/secure.gravatar.com\/avatar\/5a9442a2bee7b4dcf167cab035858e9a?s=96&d=mm&r=g\",\"caption\":\"Fatou\"},\"sameAs\":[\"https:\/\/www.nettali.com\"]}]}<\/script>\n<!-- \/ Yoast SEO Premium plugin. -->","yoast_head_json":{"title":"Dr YERI CAMARA, SG SORTANT DU SAMES - \"On a l\u2019impression que, dans ce rapport, on n\u2019a que des choses n\u00e9gatives...\" | Nettali.com","robots":{"index":"index","follow":"follow","max-snippet":"max-snippet:-1","max-image-preview":"max-image-preview:large","max-video-preview":"max-video-preview:-1"},"canonical":"https:\/\/www.nettali.com\/2022\/12\/19\/dr-yeri-camara-sg-sortant-du-sames-on-a-limpression-que-dans-ce-rapport-on-na-que-des-choses-negatives\/","og_locale":"fr_FR","og_type":"article","og_title":"Dr YERI CAMARA, SG SORTANT DU SAMES - \"On a l\u2019impression que, dans ce rapport, on n\u2019a que des choses n\u00e9gatives...\"","og_description":"NETTALI.COM - Secr\u00e9taire g\u00e9n\u00e9ral sortant du Sames, Dr Y\u00e9ri Camara rel\u00e8ve que tout n\u2019est pas n\u00e9gatif dans le rapport de la Cour des comptes relatif aux fonds \"Force-Covid-19\". Le Syndicat autonome des m\u00e9decins, pharmaciens et chirurgiens-dentistes du S\u00e9n\u00e9gal (Sames) a tenu, le samedi 17 d\u00e9cembre 2022, son Congr\u00e8s. Une occasion choisie par son secr\u00e9taire g\u00e9n\u00e9ral [&hellip;]","og_url":"https:\/\/www.nettali.com\/2022\/12\/19\/dr-yeri-camara-sg-sortant-du-sames-on-a-limpression-que-dans-ce-rapport-on-na-que-des-choses-negatives\/","og_site_name":"Nettali.com","article_publisher":"https:\/\/www.facebook.com\/nettalicom","article_published_time":"2022-12-19T10:46:24+00:00","article_modified_time":"2022-12-19T13:29:49+00:00","og_image":[{"width":480,"height":281,"url":"https:\/\/www.nettali.com\/wp-content\/uploads\/2022\/12\/p-2666-Screenshot-20210209-122814-2.png","type":"image\/png"}],"twitter_card":"summary_large_image","twitter_misc":{"\u00c9crit par":"Fatou","Dur\u00e9e de lecture estim\u00e9e":"3 minutes"},"schema":{"@context":"https:\/\/schema.org","@graph":[{"@type":"WebSite","@id":"https:\/\/www.nettali.com\/#website","url":"https:\/\/www.nettali.com\/","name":"Nettali.com","description":"Le rendez-vous critique du Net","potentialAction":[{"@type":"SearchAction","target":{"@type":"EntryPoint","urlTemplate":"https:\/\/www.nettali.com\/?s={search_term_string}"},"query-input":"required name=search_term_string"}],"inLanguage":"fr-FR"},{"@type":"ImageObject","@id":"https:\/\/www.nettali.com\/2022\/12\/19\/dr-yeri-camara-sg-sortant-du-sames-on-a-limpression-que-dans-ce-rapport-on-na-que-des-choses-negatives\/#primaryimage","inLanguage":"fr-FR","url":"https:\/\/www.nettali.com\/wp-content\/uploads\/2022\/12\/p-2666-Screenshot-20210209-122814-2.png","contentUrl":"https:\/\/www.nettali.com\/wp-content\/uploads\/2022\/12\/p-2666-Screenshot-20210209-122814-2.png","width":480,"height":281},{"@type":"WebPage","@id":"https:\/\/www.nettali.com\/2022\/12\/19\/dr-yeri-camara-sg-sortant-du-sames-on-a-limpression-que-dans-ce-rapport-on-na-que-des-choses-negatives\/#webpage","url":"https:\/\/www.nettali.com\/2022\/12\/19\/dr-yeri-camara-sg-sortant-du-sames-on-a-limpression-que-dans-ce-rapport-on-na-que-des-choses-negatives\/","name":"Dr YERI CAMARA, SG SORTANT DU SAMES - \"On a l\u2019impression que, dans ce rapport, on n\u2019a que des choses n\u00e9gatives...\" | Nettali.com","isPartOf":{"@id":"https:\/\/www.nettali.com\/#website"},"primaryImageOfPage":{"@id":"https:\/\/www.nettali.com\/2022\/12\/19\/dr-yeri-camara-sg-sortant-du-sames-on-a-limpression-que-dans-ce-rapport-on-na-que-des-choses-negatives\/#primaryimage"},"datePublished":"2022-12-19T10:46:24+00:00","dateModified":"2022-12-19T13:29:49+00:00","author":{"@id":"https:\/\/www.nettali.com\/#\/schema\/person\/418274a86bdf87caff7a3ef476bd0bbf"},"breadcrumb":{"@id":"https:\/\/www.nettali.com\/2022\/12\/19\/dr-yeri-camara-sg-sortant-du-sames-on-a-limpression-que-dans-ce-rapport-on-na-que-des-choses-negatives\/#breadcrumb"},"inLanguage":"fr-FR","potentialAction":[{"@type":"ReadAction","target":["https:\/\/www.nettali.com\/2022\/12\/19\/dr-yeri-camara-sg-sortant-du-sames-on-a-limpression-que-dans-ce-rapport-on-na-que-des-choses-negatives\/"]}]},{"@type":"BreadcrumbList","@id":"https:\/\/www.nettali.com\/2022\/12\/19\/dr-yeri-camara-sg-sortant-du-sames-on-a-limpression-que-dans-ce-rapport-on-na-que-des-choses-negatives\/#breadcrumb","itemListElement":[{"@type":"ListItem","position":1,"name":"Accueil","item":"https:\/\/www.nettali.com\/"},{"@type":"ListItem","position":2,"name":"Dr YERI CAMARA, SG SORTANT DU SAMES - \"On a l\u2019impression que, dans ce rapport, on n\u2019a que des choses n\u00e9gatives...\""}]},{"@type":"Person","@id":"https:\/\/www.nettali.com\/#\/schema\/person\/418274a86bdf87caff7a3ef476bd0bbf","name":"Fatou","image":{"@type":"ImageObject","@id":"https:\/\/www.nettali.com\/#personlogo","inLanguage":"fr-FR","url":"https:\/\/secure.gravatar.com\/avatar\/5a9442a2bee7b4dcf167cab035858e9a?s=96&d=mm&r=g","contentUrl":"https:\/\/secure.gravatar.com\/avatar\/5a9442a2bee7b4dcf167cab035858e9a?s=96&d=mm&r=g","caption":"Fatou"},"sameAs":["https:\/\/www.nettali.com"]}]}},"_links":{"self":[{"href":"https:\/\/www.nettali.com\/rest\/wp\/v2\/posts\/99995"}],"collection":[{"href":"https:\/\/www.nettali.com\/rest\/wp\/v2\/posts"}],"about":[{"href":"https:\/\/www.nettali.com\/rest\/wp\/v2\/types\/post"}],"author":[{"embeddable":true,"href":"https:\/\/www.nettali.com\/rest\/wp\/v2\/users\/6"}],"replies":[{"embeddable":true,"href":"https:\/\/www.nettali.com\/rest\/wp\/v2\/comments?post=99995"}],"version-history":[{"count":5,"href":"https:\/\/www.nettali.com\/rest\/wp\/v2\/posts\/99995\/revisions"}],"predecessor-version":[{"id":100016,"href":"https:\/\/www.nettali.com\/rest\/wp\/v2\/posts\/99995\/revisions\/100016"}],"wp:featuredmedia":[{"embeddable":true,"href":"https:\/\/www.nettali.com\/rest\/wp\/v2\/media\/99996"}],"wp:attachment":[{"href":"https:\/\/www.nettali.com\/rest\/wp\/v2\/media?parent=99995"}],"wp:term":[{"taxonomy":"category","embeddable":true,"href":"https:\/\/www.nettali.com\/rest\/wp\/v2\/categories?post=99995"},{"taxonomy":"post_tag","embeddable":true,"href":"https:\/\/www.nettali.com\/rest\/wp\/v2\/tags?post=99995"}],"curies":[{"name":"wp","href":"https:\/\/api.w.org\/{rel}","templated":true}]}}