{"id":99980,"date":"2022-12-19T07:59:24","date_gmt":"2022-12-19T07:59:24","guid":{"rendered":"https:\/\/www.nettali.com\/?p=99980"},"modified":"2022-12-19T21:41:06","modified_gmt":"2022-12-19T21:41:06","slug":"gouvernance-des-deniers-publics-une-culture-de-malversations","status":"publish","type":"post","link":"https:\/\/www.nettali.com\/2022\/12\/19\/gouvernance-des-deniers-publics-une-culture-de-malversations\/","title":{"rendered":"GOUVERNANCE DES DENIERS PUBLICS - Une culture de malversations !"},"content":{"rendered":"<p><strong>NETTALI.COM - Malgr\u00e9 les nombreuses promesses et engagements envers les S\u00e9n\u00e9galais, la culture de d\u00e9tournements et de malversations se poursuit de plus belle, au nez et \u00e0 la barbe des autorit\u00e9s judiciaires.<\/strong><\/p>\n<p>C\u2019 est \u00e0 croire que les diff\u00e9rents r\u00e9gimes qui se suivent se ressemblent, du point de vue de la gouvernance n\u00e9buleuse des deniers publics. Alors que la gestion peu orthodoxe des finances publiques avait fini de ternir tous les 12 ans de r\u00e8gne du pr\u00e9sident Abdoulaye Wade, son successeur Macky Sall, \u00e9lu sous le slogan \u2018\u2019Gouvernance sobre et vertueuse\u2019\u2019, ne fait gu\u00e8re mieux. Pour le Forum civil, il n\u2019y a pas \u00e0 chercher midi \u00e0 quatorze heures ; il est temps qu\u2019on en finisse de ranger dans les tiroirs les rapports successifs des diff\u00e9rents corps de contr\u00f4le. <em>\u2018\u2019Le Forum civil, soulignent Birahime Seck et Cie, exige l\u2019ouverture de toutes les informations judiciaires demand\u00e9es par la Cour des comptes\u2019\u2019<\/em>. Cet appel lanc\u00e9 par plusieurs organisations et personnalit\u00e9s fortes de la soci\u00e9t\u00e9 civile, sera-t-il entendu par les autorit\u00e9s politiques et judiciaires ? Rien n\u2019est moins s\u00fbr. Depuis une semaine, le S\u00e9n\u00e9gal ne bruit presque plus que de cette affaire. Il n\u2019emp\u00eache, du c\u00f4t\u00e9 des autorit\u00e9s comp\u00e9tentes, c\u2019est encore l\u2019omerta. \u2018\u2019Inadmissible\u2019\u2019, clame le coordonnateur du Forum civil qui d\u00e9non\u00e7ait \u00e9nergiquement : <em>\u2018\u2019Au moment o\u00f9 les populations \u00e9taient tortur\u00e9es dans les rues, d\u2019autres confin\u00e9es dans le stress, il est inadmissible que des agents de l\u2019\u00c9tat et leurs complices pi\u00e9tinent toutes les r\u00e8gles de bonne gouvernance financi\u00e8re, avec des surfacturations et des d\u00e9caissements en tous genres. Il n\u2019est pas question que la justice reste les bras crois\u00e9s. L\u2019impunit\u00e9 n\u2019a que trop dur\u00e9 dans ce pays. Le pr\u00e9sident de la R\u00e9publique doit imp\u00e9rativement agir, sous peine d\u2019\u00eatre pris comme complice.\u2019\u2019<\/em><\/p>\n<p><strong>Moundiaye Ciss\u00e9 : \u2018\u2019Le pr\u00e9sident de la R\u00e9publique n\u2019a pas le choix, il y va de l\u2019image qu\u2019il va laisser \u00e0 la post\u00e9rit\u00e9.\u2019\u2019<\/strong><\/p>\n<p>De l\u2019avis du directeur ex\u00e9cutif de l\u2019ONG 3D, Moundiaye Ciss\u00e9, le pr\u00e9sident de la R\u00e9publique ne doit m\u00eame pas avoir le choix par rapport \u00e0 l\u2019ouverture d\u2019une information judiciaire, conform\u00e9ment aux recommandations de la haute juridiction. Il peste : <em>\u2018\u2019Nous parlons quand m\u00eame de la Cour des Comptes. Ce n\u2019est pas n\u2019importe quel organe. C\u2019est ce qui se fait de mieux dans ce pays, en mati\u00e8re de contr\u00f4le ind\u00e9pendant de la gouvernance de nos deniers publics. Quand une institution aussi importante, aussi s\u00e9rieuse, recommande l\u2019ouverture d\u2019une information judiciaire, on ne peut faire comme si de rien n\u2019\u00e9tait. Le pr\u00e9sident de la R\u00e9publique n\u2019a d\u2019autant plus le choix que dans ce pays, des acteurs politiques ont \u00e9t\u00e9 emprisonn\u00e9s pour beaucoup moins que \u00e7a.\u2019\u2019<\/em> Le membre de la soci\u00e9t\u00e9 civile en veut pour preuve les cas Khalifa Ababacar Sall, emprisonn\u00e9 pour des montants beaucoup moins \u00e9lev\u00e9s ; Karim Wade envoy\u00e9 en prison sur la base d\u2019une proc\u00e9dure d\u2019exception. <em>\u2018\u2019Entendons-nous bien : il ne s\u2019agit pas de dire que ces gens \u00e9pingl\u00e9s sont coupables ; ils doivent b\u00e9n\u00e9ficier de pr\u00e9somptions d\u2019innocence. Mais une enqu\u00eate doit imp\u00e9rativement \u00eatre ouverte. Le chef de l\u2019\u00c9tat n\u2019a pas le choix, il y va de son image qu\u2019il va laisser \u00e0 la post\u00e9rit\u00e9\u2019\u2019.<\/em><\/p>\n<p>Selon M. Ciss\u00e9, il faut que tout le public et les leaders d\u2019opinion se mobilisent pour que cette ni\u00e8me affaire ne puisse pas passer par pertes et profits. <em>\u2018\u2019Nous allons exiger que la lumi\u00e8re soit faite sur l\u2019utilisation de ces fonds. Les autorit\u00e9s judiciaires doivent non seulement se saisir de cette affaire, mais aussi aller jusqu\u2019au bout\u2019\u2019<\/em>, s\u2019est-il r\u00e9p\u00e9t\u00e9. \u00c0 entendre le directeur ex\u00e9cutif de l\u2019ONG 3D, si les faits sont av\u00e9r\u00e9s, ce serait un acte criminel, compte tenu des nombreux d\u00e9g\u00e2ts caus\u00e9s par la Covid. Il d\u00e9clare : <em>\u2018\u2019Nous estimons que c\u2019est criminel de la part de ces pr\u00e9varicateurs pr\u00e9sum\u00e9s des ressources publiques. Combien de familles ont \u00e9t\u00e9 d\u00e9cim\u00e9es \u00e0 propos d\u2019un manque d\u2019oxyg\u00e8ne ou d\u2019autres types de soins ? On se rend compte que, pendant que certains mouraient par manque d\u2019oxyg\u00e8ne, d\u2019autres s\u2019enrichissaient \u00e0 coups de millions. C\u2019est ind\u00e9cent. C\u2019est d\u2019autant plus ind\u00e9cent que cet argent est le sacrifice de tous les S\u00e9n\u00e9galais. Je pense que les familles victimes de cette maladie doivent m\u00eame pouvoir saisir les juridictions contre ces gens qui sont pr\u00e9sum\u00e9s coupables de malversations.\u2019\u2019<\/em><\/p>\n<p><strong>Quand Macky Sall promettait : \u2018\u2019Je ne prot\u00e9gerai personne, je dis bien personne !\u2019\u2019 <\/strong><\/p>\n<p>Ce \u00e9ni\u00e8me scandale pr\u00e9sum\u00e9 est l\u2019occasion de rappeler tous les discours du pr\u00e9sident Macky Sall pr\u00f4nant l\u2019intransigeance de son r\u00e9gime vis-\u00e0-vis des faits de mal gouvernance, mais qui n\u2019ont presque jamais \u00e9t\u00e9 suivis d\u2019effets. D\u00e9j\u00e0, au lendemain de son \u00e9lection, dans son premier discours \u00e0 la Nation, le successeur d\u2019Abdoulaye Wade annon\u00e7ait la couleur. Il disait : <em>\u2018\u2019Cette occasion historique constitue, pour nous tous, un nouveau d\u00e9part pour une nouvelle \u00e8re de rupture, en profondeur, dans la mani\u00e8re de g\u00e9rer l\u2019\u00c9tat, aux plans institutionnel et \u00e9conomique. C\u2019est pourquoi je tiens \u00e0 ce que toutes les femmes et tous les hommes qui m\u2019accompagnent dans l\u2019ex\u00e9cution du contrat de confiance qui me lie au peuple, comprennent et acceptent que cette mission ne cr\u00e9e pas une cat\u00e9gorie de citoyens privil\u00e9gi\u00e9s, au-dessus des autres et de la loi.\u2019\u2019<\/em> Servir et non se servir. C\u2019est en ces termes que le pr\u00e9sident Sall s\u2019adressait \u00e0 ses hommes, le 3 avril 2012. <em>\u2018\u2019Gouverner autrement, disait-il, c\u2019est bannir les passe-droits, le favoritisme et les trafics d\u2019influence. C\u2019est mettre l\u2019int\u00e9r\u00eat public au-dessus de toutes autres consid\u00e9rations et traiter tous les citoyens avec la m\u00eame dignit\u00e9 et le m\u00eame respect\u2019\u2019.<\/em> S\u2019agissant de la gouvernance \u00e9conomique, Macky Sall promettait justement de renforcer davantage les diff\u00e9rents corps de contr\u00f4le. <em>\u2018\u2019Je compte restituer aux organes de v\u00e9rification et de contr\u00f4le de l\u2019\u00c9tat la pl\u00e9nitude de leurs attributions. Dans le m\u00eame sens, l\u2019assainissement de l\u2019environnement des affaires et la lutte contre la corruption et la concussion me tiennent particuli\u00e8rement \u00e0 c\u0153ur. \u00c0 tous ceux qui assument une part de responsabilit\u00e9 dans la gestion des deniers publics, je tiens \u00e0 pr\u00e9ciser que je ne prot\u00e9gerai personne, je dis bien personne. J\u2019engage fermement le gouvernement \u00e0 ne point d\u00e9roger \u00e0 cette r\u00e8gle\u2019\u2019<\/em>. Dix ans plus tard, ils sont nombreux, les S\u00e9n\u00e9galais, \u00e0 penser que le pr\u00e9sident Sall a compl\u00e8tement jet\u00e9 aux oubliettes ces engagements.<\/p>\n<p>En effet, au fil des ann\u00e9es, les rapports qui \u00e9pinglent les hommes du pr\u00e9sident se sont accumul\u00e9s sans qu\u2019aucune suite judiciaire ne leur soit r\u00e9serv\u00e9e. Il en fut ainsi des rapports de l\u2019Office national de lutte contre la fraude et la corruption (Ofnac). Il en est aujourd\u2019hui pareil pour le rapport tant comment\u00e9 de la redoutable et tr\u00e8s s\u00e9rieuse Cour des Comptes qui r\u00e9unit la cr\u00e8me de la magistrature s\u00e9n\u00e9galaise. Contrairement aux engagements du pr\u00e9sident Sall, beaucoup de S\u00e9n\u00e9galais demeurent convaincus que les passe-droits et autres protections dont jouissent les poulains de l\u2019actuel chef d\u2019\u00c9tat sont devenus la r\u00e8gle dans la gouvernance des affaires publiques. Il faut noter que dans cette affaire qui pue \u00e0 mille lieues la pr\u00e9varication, les autorit\u00e9s publiques se sont arrang\u00e9es pour contourner all\u00e8grement le Tr\u00e9sor public. La Cour des Comptes explique que dans le cadre de la mise en \u0153uvre du Pres (Programme de r\u00e9silience \u00e9conomique et sociale), trois proc\u00e9dures ont \u00e9t\u00e9 utilis\u00e9es pour le paiement des d\u00e9penses. En sus de la proc\u00e9dure normale qui passe par le biais des comptables directs du Tr\u00e9sor, il y a la proc\u00e9dure d\u00e9rogatoire \u00e0 travers des comptes de d\u00e9p\u00f4t et les paiements financ\u00e9s sur ressources ext\u00e9rieures. Outre les Dage qui sont directement concern\u00e9s, certains estiment que les ministres et directeurs g\u00e9n\u00e9raux devraient \u00e9galement \u00eatre poursuivis. Sous le r\u00e8gne du pr\u00e9sident Sall, on n\u2019a pas encore vu de ministres ou directeurs g\u00e9n\u00e9raux condamn\u00e9s pour des faits de malversations financi\u00e8res, comme ce fut le cas sous Wade avec certains directeurs g\u00e9n\u00e9raux comme Modibo Diop, ancien directeur de l\u2019Aser.<\/p>\n<p>&nbsp;<\/p>\n<p>&nbsp;<\/p>\n<div class='share-to-whatsapp-wrapper'><div class='share-on-whsp'>PARTAGER SUR : <\/div><a data-text='GOUVERNANCE DES DENIERS PUBLICS - Une culture de malversations !' data-link='https:\/\/www.nettali.com\/2022\/12\/19\/gouvernance-des-deniers-publics-une-culture-de-malversations\/' class='whatsapp-button whatsapp-share'>WhatsApp<\/a><div class='clear '><\/div><\/div>","protected":false},"excerpt":{"rendered":"<p>NETTALI.COM - Malgr\u00e9 les nombreuses promesses et engagements envers les S\u00e9n\u00e9galais, la culture de d\u00e9tournements et de malversations se poursuit de plus belle, au nez et \u00e0 la barbe des autorit\u00e9s judiciaires. C\u2019 est \u00e0 croire que les diff\u00e9rents r\u00e9gimes qui se suivent se ressemblent, du point de vue de la gouvernance n\u00e9buleuse des deniers [&hellip;]<\/p>\n","protected":false},"author":4,"featured_media":99983,"comment_status":"open","ping_status":"open","sticky":false,"template":"","format":"standard","meta":{"_et_pb_use_builder":"","_et_pb_old_content":""},"categories":[3],"tags":[],"yoast_head":"<!-- This site is optimized with the Yoast SEO Premium plugin v17.8 (Yoast SEO v17.8) - https:\/\/yoast.com\/wordpress\/plugins\/seo\/ -->\n<title>GOUVERNANCE DES DENIERS PUBLICS - Une culture de malversations ! | Nettali.com<\/title>\n<meta name=\"robots\" content=\"index, follow, max-snippet:-1, max-image-preview:large, max-video-preview:-1\" \/>\n<link rel=\"canonical\" href=\"https:\/\/www.nettali.com\/2022\/12\/19\/gouvernance-des-deniers-publics-une-culture-de-malversations\/\" \/>\n<meta property=\"og:locale\" content=\"fr_FR\" \/>\n<meta property=\"og:type\" content=\"article\" \/>\n<meta property=\"og:title\" content=\"GOUVERNANCE DES DENIERS PUBLICS - Une culture de malversations !\" \/>\n<meta property=\"og:description\" content=\"NETTALI.COM - Malgr\u00e9 les nombreuses promesses et engagements envers les S\u00e9n\u00e9galais, la culture de d\u00e9tournements et de malversations se poursuit de plus belle, au nez et \u00e0 la barbe des autorit\u00e9s judiciaires. C\u2019 est \u00e0 croire que les diff\u00e9rents r\u00e9gimes qui se suivent se ressemblent, du point de vue de la gouvernance n\u00e9buleuse des deniers [&hellip;]\" \/>\n<meta property=\"og:url\" content=\"https:\/\/www.nettali.com\/2022\/12\/19\/gouvernance-des-deniers-publics-une-culture-de-malversations\/\" \/>\n<meta property=\"og:site_name\" content=\"Nettali.com\" \/>\n<meta property=\"article:publisher\" content=\"https:\/\/www.facebook.com\/nettalicom\" \/>\n<meta property=\"article:published_time\" content=\"2022-12-19T07:59:24+00:00\" \/>\n<meta property=\"article:modified_time\" content=\"2022-12-19T21:41:06+00:00\" \/>\n<meta property=\"og:image\" content=\"https:\/\/www.nettali.com\/wp-content\/uploads\/2022\/12\/Capture-de\u0301cran-2022-12-19-a\u0300-07.59.00.png\" \/>\n\t<meta property=\"og:image:width\" content=\"779\" \/>\n\t<meta property=\"og:image:height\" content=\"464\" \/>\n<meta name=\"twitter:card\" content=\"summary_large_image\" \/>\n<meta name=\"twitter:label1\" content=\"\u00c9crit par\" \/>\n\t<meta name=\"twitter:data1\" content=\"Daouda\" \/>\n\t<meta name=\"twitter:label2\" content=\"Dur\u00e9e de lecture estim\u00e9e\" \/>\n\t<meta name=\"twitter:data2\" content=\"7 minutes\" \/>\n<script type=\"application\/ld+json\" class=\"yoast-schema-graph\">{\"@context\":\"https:\/\/schema.org\",\"@graph\":[{\"@type\":\"WebSite\",\"@id\":\"https:\/\/www.nettali.com\/#website\",\"url\":\"https:\/\/www.nettali.com\/\",\"name\":\"Nettali.com\",\"description\":\"Le rendez-vous critique du Net\",\"potentialAction\":[{\"@type\":\"SearchAction\",\"target\":{\"@type\":\"EntryPoint\",\"urlTemplate\":\"https:\/\/www.nettali.com\/?s={search_term_string}\"},\"query-input\":\"required name=search_term_string\"}],\"inLanguage\":\"fr-FR\"},{\"@type\":\"ImageObject\",\"@id\":\"https:\/\/www.nettali.com\/2022\/12\/19\/gouvernance-des-deniers-publics-une-culture-de-malversations\/#primaryimage\",\"inLanguage\":\"fr-FR\",\"url\":\"https:\/\/www.nettali.com\/wp-content\/uploads\/2022\/12\/Capture-de\\u0301cran-2022-12-19-a\\u0300-07.59.00.png\",\"contentUrl\":\"https:\/\/www.nettali.com\/wp-content\/uploads\/2022\/12\/Capture-de\\u0301cran-2022-12-19-a\\u0300-07.59.00.png\",\"width\":779,\"height\":464},{\"@type\":\"WebPage\",\"@id\":\"https:\/\/www.nettali.com\/2022\/12\/19\/gouvernance-des-deniers-publics-une-culture-de-malversations\/#webpage\",\"url\":\"https:\/\/www.nettali.com\/2022\/12\/19\/gouvernance-des-deniers-publics-une-culture-de-malversations\/\",\"name\":\"GOUVERNANCE DES DENIERS PUBLICS - Une culture de malversations ! | Nettali.com\",\"isPartOf\":{\"@id\":\"https:\/\/www.nettali.com\/#website\"},\"primaryImageOfPage\":{\"@id\":\"https:\/\/www.nettali.com\/2022\/12\/19\/gouvernance-des-deniers-publics-une-culture-de-malversations\/#primaryimage\"},\"datePublished\":\"2022-12-19T07:59:24+00:00\",\"dateModified\":\"2022-12-19T21:41:06+00:00\",\"author\":{\"@id\":\"https:\/\/www.nettali.com\/#\/schema\/person\/3317e0bb3aa1da309fbf7b2780901bf4\"},\"breadcrumb\":{\"@id\":\"https:\/\/www.nettali.com\/2022\/12\/19\/gouvernance-des-deniers-publics-une-culture-de-malversations\/#breadcrumb\"},\"inLanguage\":\"fr-FR\",\"potentialAction\":[{\"@type\":\"ReadAction\",\"target\":[\"https:\/\/www.nettali.com\/2022\/12\/19\/gouvernance-des-deniers-publics-une-culture-de-malversations\/\"]}]},{\"@type\":\"BreadcrumbList\",\"@id\":\"https:\/\/www.nettali.com\/2022\/12\/19\/gouvernance-des-deniers-publics-une-culture-de-malversations\/#breadcrumb\",\"itemListElement\":[{\"@type\":\"ListItem\",\"position\":1,\"name\":\"Accueil\",\"item\":\"https:\/\/www.nettali.com\/\"},{\"@type\":\"ListItem\",\"position\":2,\"name\":\"GOUVERNANCE DES DENIERS PUBLICS - Une culture de malversations !\"}]},{\"@type\":\"Person\",\"@id\":\"https:\/\/www.nettali.com\/#\/schema\/person\/3317e0bb3aa1da309fbf7b2780901bf4\",\"name\":\"Daouda\",\"image\":{\"@type\":\"ImageObject\",\"@id\":\"https:\/\/www.nettali.com\/#personlogo\",\"inLanguage\":\"fr-FR\",\"url\":\"https:\/\/secure.gravatar.com\/avatar\/8d143b5a49345098ddcfee1c49c2f47c?s=96&d=mm&r=g\",\"contentUrl\":\"https:\/\/secure.gravatar.com\/avatar\/8d143b5a49345098ddcfee1c49c2f47c?s=96&d=mm&r=g\",\"caption\":\"Daouda\"},\"sameAs\":[\"https:\/\/www.nettali.com\"]}]}<\/script>\n<!-- \/ Yoast SEO Premium plugin. -->","yoast_head_json":{"title":"GOUVERNANCE DES DENIERS PUBLICS - Une culture de malversations ! | Nettali.com","robots":{"index":"index","follow":"follow","max-snippet":"max-snippet:-1","max-image-preview":"max-image-preview:large","max-video-preview":"max-video-preview:-1"},"canonical":"https:\/\/www.nettali.com\/2022\/12\/19\/gouvernance-des-deniers-publics-une-culture-de-malversations\/","og_locale":"fr_FR","og_type":"article","og_title":"GOUVERNANCE DES DENIERS PUBLICS - Une culture de malversations !","og_description":"NETTALI.COM - Malgr\u00e9 les nombreuses promesses et engagements envers les S\u00e9n\u00e9galais, la culture de d\u00e9tournements et de malversations se poursuit de plus belle, au nez et \u00e0 la barbe des autorit\u00e9s judiciaires. C\u2019 est \u00e0 croire que les diff\u00e9rents r\u00e9gimes qui se suivent se ressemblent, du point de vue de la gouvernance n\u00e9buleuse des deniers [&hellip;]","og_url":"https:\/\/www.nettali.com\/2022\/12\/19\/gouvernance-des-deniers-publics-une-culture-de-malversations\/","og_site_name":"Nettali.com","article_publisher":"https:\/\/www.facebook.com\/nettalicom","article_published_time":"2022-12-19T07:59:24+00:00","article_modified_time":"2022-12-19T21:41:06+00:00","og_image":[{"width":779,"height":464,"url":"https:\/\/www.nettali.com\/wp-content\/uploads\/2022\/12\/Capture-de\u0301cran-2022-12-19-a\u0300-07.59.00.png","type":"image\/png"}],"twitter_card":"summary_large_image","twitter_misc":{"\u00c9crit par":"Daouda","Dur\u00e9e de lecture estim\u00e9e":"7 minutes"},"schema":{"@context":"https:\/\/schema.org","@graph":[{"@type":"WebSite","@id":"https:\/\/www.nettali.com\/#website","url":"https:\/\/www.nettali.com\/","name":"Nettali.com","description":"Le rendez-vous critique du Net","potentialAction":[{"@type":"SearchAction","target":{"@type":"EntryPoint","urlTemplate":"https:\/\/www.nettali.com\/?s={search_term_string}"},"query-input":"required name=search_term_string"}],"inLanguage":"fr-FR"},{"@type":"ImageObject","@id":"https:\/\/www.nettali.com\/2022\/12\/19\/gouvernance-des-deniers-publics-une-culture-de-malversations\/#primaryimage","inLanguage":"fr-FR","url":"https:\/\/www.nettali.com\/wp-content\/uploads\/2022\/12\/Capture-de\u0301cran-2022-12-19-a\u0300-07.59.00.png","contentUrl":"https:\/\/www.nettali.com\/wp-content\/uploads\/2022\/12\/Capture-de\u0301cran-2022-12-19-a\u0300-07.59.00.png","width":779,"height":464},{"@type":"WebPage","@id":"https:\/\/www.nettali.com\/2022\/12\/19\/gouvernance-des-deniers-publics-une-culture-de-malversations\/#webpage","url":"https:\/\/www.nettali.com\/2022\/12\/19\/gouvernance-des-deniers-publics-une-culture-de-malversations\/","name":"GOUVERNANCE DES DENIERS PUBLICS - Une culture de malversations ! | Nettali.com","isPartOf":{"@id":"https:\/\/www.nettali.com\/#website"},"primaryImageOfPage":{"@id":"https:\/\/www.nettali.com\/2022\/12\/19\/gouvernance-des-deniers-publics-une-culture-de-malversations\/#primaryimage"},"datePublished":"2022-12-19T07:59:24+00:00","dateModified":"2022-12-19T21:41:06+00:00","author":{"@id":"https:\/\/www.nettali.com\/#\/schema\/person\/3317e0bb3aa1da309fbf7b2780901bf4"},"breadcrumb":{"@id":"https:\/\/www.nettali.com\/2022\/12\/19\/gouvernance-des-deniers-publics-une-culture-de-malversations\/#breadcrumb"},"inLanguage":"fr-FR","potentialAction":[{"@type":"ReadAction","target":["https:\/\/www.nettali.com\/2022\/12\/19\/gouvernance-des-deniers-publics-une-culture-de-malversations\/"]}]},{"@type":"BreadcrumbList","@id":"https:\/\/www.nettali.com\/2022\/12\/19\/gouvernance-des-deniers-publics-une-culture-de-malversations\/#breadcrumb","itemListElement":[{"@type":"ListItem","position":1,"name":"Accueil","item":"https:\/\/www.nettali.com\/"},{"@type":"ListItem","position":2,"name":"GOUVERNANCE DES DENIERS PUBLICS - Une culture de malversations !"}]},{"@type":"Person","@id":"https:\/\/www.nettali.com\/#\/schema\/person\/3317e0bb3aa1da309fbf7b2780901bf4","name":"Daouda","image":{"@type":"ImageObject","@id":"https:\/\/www.nettali.com\/#personlogo","inLanguage":"fr-FR","url":"https:\/\/secure.gravatar.com\/avatar\/8d143b5a49345098ddcfee1c49c2f47c?s=96&d=mm&r=g","contentUrl":"https:\/\/secure.gravatar.com\/avatar\/8d143b5a49345098ddcfee1c49c2f47c?s=96&d=mm&r=g","caption":"Daouda"},"sameAs":["https:\/\/www.nettali.com"]}]}},"_links":{"self":[{"href":"https:\/\/www.nettali.com\/rest\/wp\/v2\/posts\/99980"}],"collection":[{"href":"https:\/\/www.nettali.com\/rest\/wp\/v2\/posts"}],"about":[{"href":"https:\/\/www.nettali.com\/rest\/wp\/v2\/types\/post"}],"author":[{"embeddable":true,"href":"https:\/\/www.nettali.com\/rest\/wp\/v2\/users\/4"}],"replies":[{"embeddable":true,"href":"https:\/\/www.nettali.com\/rest\/wp\/v2\/comments?post=99980"}],"version-history":[{"count":1,"href":"https:\/\/www.nettali.com\/rest\/wp\/v2\/posts\/99980\/revisions"}],"predecessor-version":[{"id":99984,"href":"https:\/\/www.nettali.com\/rest\/wp\/v2\/posts\/99980\/revisions\/99984"}],"wp:featuredmedia":[{"embeddable":true,"href":"https:\/\/www.nettali.com\/rest\/wp\/v2\/media\/99983"}],"wp:attachment":[{"href":"https:\/\/www.nettali.com\/rest\/wp\/v2\/media?parent=99980"}],"wp:term":[{"taxonomy":"category","embeddable":true,"href":"https:\/\/www.nettali.com\/rest\/wp\/v2\/categories?post=99980"},{"taxonomy":"post_tag","embeddable":true,"href":"https:\/\/www.nettali.com\/rest\/wp\/v2\/tags?post=99980"}],"curies":[{"name":"wp","href":"https:\/\/api.w.org\/{rel}","templated":true}]}}