{"id":99976,"date":"2022-12-19T08:07:59","date_gmt":"2022-12-19T08:07:59","guid":{"rendered":"https:\/\/www.nettali.com\/?p=99976"},"modified":"2022-12-19T08:07:59","modified_gmt":"2022-12-19T08:07:59","slug":"campagne-en-faveur-du-3eme-mandat","status":"publish","type":"post","link":"https:\/\/www.nettali.com\/2022\/12\/19\/campagne-en-faveur-du-3eme-mandat\/","title":{"rendered":"Campagne en faveur du 3\u00e8me mandat"},"content":{"rendered":"<p><strong>NETTALI.COM -<\/strong> C'est \u00e0 croire que c'est devenu un mot d'ordre dans les rangs de Benno. Il y a en effet\u00a0 par ces temps qui courent, un vent qui souffle en faveur de la 3\u00e8me candidature de Macky Sall. Si des appels individuels ont \u00e9t\u00e9 not\u00e9s ces derniers temps, il semble cette fois ci qu'ils prennent une allure de campagne. En tout cas une vient d\u2019\u00eatre ouverte dans le Saloum. avec un objectif clair, celui d'obtenir un troisi\u00e8me mandat pour Macky Sall.<\/p>\n<p>Le premier acte a \u00e9t\u00e9 pos\u00e9 par Pape Mademba Bit\u00e8ye, ce dimanche 18 d\u00e9cembre, au stade Lamine Gu\u00e8ye de Kaolack. Une grande mobilisation aux allures de<br \/>\nmeeting pour l\u2019\u00e9lection pr\u00e9sidentielle de 2024. C\u2019est dans cette ambiance que le directeur g\u00e9n\u00e9ral de la Senelec a annonc\u00e9 son soutien \u00e0 la 3e candidature du pr\u00e9sident Macky Sall.<\/p>\n<p>\"<em>La Constitution dit que nul ne peut faire plus de deux mandats cons\u00e9cutifs. Mais nous disons que nul ne peut emp\u00eacher la 3e candidature du pr\u00e9sident Macky Sall. Car c\u2019est nous qui en avons besoin, nous le lui r\u00e9clamons, afin qu\u2019il poursuive les belles r\u00e9alisations qu\u2019il a entam\u00e9es\u2026<\/em>\", a d\u00e9clar\u00e9 Bit\u00e8ye sous les<br \/>\napplaudissements des militants.<\/p>\n<p>Pour cette premi\u00e8re rencontre dans sa campagne de l\u00e9gitimation du \"3e mandat\", le DG de Senelec a pu compter sur le soutien du directeur de cabinet du pr\u00e9sident de la R\u00e9publique. Ce dernier s\u2019est lui aussi prononc\u00e9 en faveur d\u2019un 3e mandat de Macky Sall.<\/p>\n<p>\"<em>Nous avons d\u00e9j\u00e0 pris notre d\u00e9cision. C\u2019est nous qui constituons les instances du parti. Et nous avons valid\u00e9 sa candidature\u2026<\/em>\", a d\u00e9clar\u00e9 Abdoulaye Daouda Diallo. Les deux responsables souhaitent, ainsi, intensifier la mobilisation, afin de maintenir cette candidature\u2026 Leur dessein est d\u2019unir leurs forces et convaincre les populations d\u2019un nouveau quinquennat.<\/p>\n<p>Lorsque le Directeur de cabinet du pr\u00e9sident himself s'en m\u00eale, il faut vraiment \u00eatre fou pour continuer \u00e0 s'en tenir \u00e0 un \"<em>ni oui, ni non<\/em>\"<\/p>\n<p>D'ailleurs depuis l\u2019\u00e9tranger o\u00f9 il s\u00e9journait r\u00e9cemment, plus pr\u00e9cis\u00e9ment aux \u00c9tats-Unis, le pr\u00e9sident Sall avait abord\u00e9 le sujet. <em>\u00ab Il est clair qu\u2019aujourd\u2019hui, il n\u2019y a pas de d\u00e9bat juridique (pour savoir s\u2019il peut ou non se repr\u00e9senter). Maintenant, que je sois candidat ou non, c\u2019est ma d\u00e9cision. Quand je me d\u00e9ciderai, je le ferai savoir au peuple s\u00e9n\u00e9galais. \u00bb<\/em>\u00a0Telle est en tout cas la r\u00e9ponse de Norman servie par Macky Sall aux journalistes du New York Times.<\/p>\n<p>Une r\u00e9ponse en tout cas loin d'\u00eatre claire, surtout que plusieurs de ses proches dont Farba Ngom, Cheikh Kant\u00e9, Abdoulaye Diouf Sarr, Mame Mbaye Niang, Cheikh Seck de l'Assembl\u00e9e etc poussent ouvertement le pr\u00e9sident Sall \u00e0 briguer un troisi\u00e8me mandat juridiquement et moralement inacceptable, selon l\u2019opposition. A \"Jury du Dimanche\" du 18 d\u00e9cembre, Lamine Thiam de Wallu a fait savoir que la candidature de Macky Sall ne le g\u00eanait pas. Y aurait-il quelques liens avec la probable amnistie \u00e9voqu\u00e9e dans les chaumi\u00e8res ?<\/p>\n<p>Les appels favorables commencent d\u00e9cid\u00e9ment \u00e0 prosp\u00e9rer, \u00e0 tel point qu'en fait de doutes, il n'est plus permis d'en avoir.<\/p>\n<div class='share-to-whatsapp-wrapper'><div class='share-on-whsp'>PARTAGER SUR : <\/div><a data-text='Campagne en faveur du 3\u00e8me mandat' data-link='https:\/\/www.nettali.com\/2022\/12\/19\/campagne-en-faveur-du-3eme-mandat\/' class='whatsapp-button whatsapp-share'>WhatsApp<\/a><div class='clear '><\/div><\/div>","protected":false},"excerpt":{"rendered":"<p>NETTALI.COM - C'est \u00e0 croire que c'est devenu un mot d'ordre dans les rangs de Benno. Il y a en effet\u00a0 par ces temps qui courent, un vent qui souffle en faveur de la 3\u00e8me candidature de Macky Sall. Si des appels individuels ont \u00e9t\u00e9 not\u00e9s ces derniers temps, il semble cette fois ci qu'ils [&hellip;]<\/p>\n","protected":false},"author":2,"featured_media":99989,"comment_status":"open","ping_status":"open","sticky":false,"template":"","format":"standard","meta":{"_et_pb_use_builder":"","_et_pb_old_content":""},"categories":[34945],"tags":[],"yoast_head":"<!-- This site is optimized with the Yoast SEO Premium plugin v17.8 (Yoast SEO v17.8) - https:\/\/yoast.com\/wordpress\/plugins\/seo\/ -->\n<title>Campagne en faveur du 3\u00e8me mandat | Nettali.com<\/title>\n<meta name=\"robots\" content=\"index, follow, max-snippet:-1, max-image-preview:large, max-video-preview:-1\" \/>\n<link rel=\"canonical\" href=\"https:\/\/www.nettali.com\/2022\/12\/19\/campagne-en-faveur-du-3eme-mandat\/\" \/>\n<meta property=\"og:locale\" content=\"fr_FR\" \/>\n<meta property=\"og:type\" content=\"article\" \/>\n<meta property=\"og:title\" content=\"Campagne en faveur du 3\u00e8me mandat\" \/>\n<meta property=\"og:description\" content=\"NETTALI.COM - C&#039;est \u00e0 croire que c&#039;est devenu un mot d&#039;ordre dans les rangs de Benno. Il y a en effet\u00a0 par ces temps qui courent, un vent qui souffle en faveur de la 3\u00e8me candidature de Macky Sall. Si des appels individuels ont \u00e9t\u00e9 not\u00e9s ces derniers temps, il semble cette fois ci qu&#039;ils [&hellip;]\" \/>\n<meta property=\"og:url\" content=\"https:\/\/www.nettali.com\/2022\/12\/19\/campagne-en-faveur-du-3eme-mandat\/\" \/>\n<meta property=\"og:site_name\" content=\"Nettali.com\" \/>\n<meta property=\"article:publisher\" content=\"https:\/\/www.facebook.com\/nettalicom\" \/>\n<meta property=\"article:published_time\" content=\"2022-12-19T08:07:59+00:00\" \/>\n<meta property=\"og:image\" content=\"https:\/\/www.nettali.com\/wp-content\/uploads\/2022\/12\/137F0FD6-8DF7-4B1A-B05E-D6BD15ED9E08.jpeg\" \/>\n\t<meta property=\"og:image:width\" content=\"1080\" \/>\n\t<meta property=\"og:image:height\" content=\"720\" \/>\n<meta name=\"twitter:card\" content=\"summary_large_image\" \/>\n<meta name=\"twitter:label1\" content=\"\u00c9crit par\" \/>\n\t<meta name=\"twitter:data1\" content=\"CK\" \/>\n\t<meta name=\"twitter:label2\" content=\"Dur\u00e9e de lecture estim\u00e9e\" \/>\n\t<meta name=\"twitter:data2\" content=\"3 minutes\" \/>\n<script type=\"application\/ld+json\" class=\"yoast-schema-graph\">{\"@context\":\"https:\/\/schema.org\",\"@graph\":[{\"@type\":\"WebSite\",\"@id\":\"https:\/\/www.nettali.com\/#website\",\"url\":\"https:\/\/www.nettali.com\/\",\"name\":\"Nettali.com\",\"description\":\"Le rendez-vous critique du Net\",\"potentialAction\":[{\"@type\":\"SearchAction\",\"target\":{\"@type\":\"EntryPoint\",\"urlTemplate\":\"https:\/\/www.nettali.com\/?s={search_term_string}\"},\"query-input\":\"required name=search_term_string\"}],\"inLanguage\":\"fr-FR\"},{\"@type\":\"ImageObject\",\"@id\":\"https:\/\/www.nettali.com\/2022\/12\/19\/campagne-en-faveur-du-3eme-mandat\/#primaryimage\",\"inLanguage\":\"fr-FR\",\"url\":\"https:\/\/www.nettali.com\/wp-content\/uploads\/2022\/12\/137F0FD6-8DF7-4B1A-B05E-D6BD15ED9E08.jpeg\",\"contentUrl\":\"https:\/\/www.nettali.com\/wp-content\/uploads\/2022\/12\/137F0FD6-8DF7-4B1A-B05E-D6BD15ED9E08.jpeg\",\"width\":1080,\"height\":720},{\"@type\":\"WebPage\",\"@id\":\"https:\/\/www.nettali.com\/2022\/12\/19\/campagne-en-faveur-du-3eme-mandat\/#webpage\",\"url\":\"https:\/\/www.nettali.com\/2022\/12\/19\/campagne-en-faveur-du-3eme-mandat\/\",\"name\":\"Campagne en faveur du 3\\u00e8me mandat | Nettali.com\",\"isPartOf\":{\"@id\":\"https:\/\/www.nettali.com\/#website\"},\"primaryImageOfPage\":{\"@id\":\"https:\/\/www.nettali.com\/2022\/12\/19\/campagne-en-faveur-du-3eme-mandat\/#primaryimage\"},\"datePublished\":\"2022-12-19T08:07:59+00:00\",\"dateModified\":\"2022-12-19T08:07:59+00:00\",\"author\":{\"@id\":\"https:\/\/www.nettali.com\/#\/schema\/person\/d8ac7b7e27ddad43f1c0d2ef090d7f71\"},\"breadcrumb\":{\"@id\":\"https:\/\/www.nettali.com\/2022\/12\/19\/campagne-en-faveur-du-3eme-mandat\/#breadcrumb\"},\"inLanguage\":\"fr-FR\",\"potentialAction\":[{\"@type\":\"ReadAction\",\"target\":[\"https:\/\/www.nettali.com\/2022\/12\/19\/campagne-en-faveur-du-3eme-mandat\/\"]}]},{\"@type\":\"BreadcrumbList\",\"@id\":\"https:\/\/www.nettali.com\/2022\/12\/19\/campagne-en-faveur-du-3eme-mandat\/#breadcrumb\",\"itemListElement\":[{\"@type\":\"ListItem\",\"position\":1,\"name\":\"Accueil\",\"item\":\"https:\/\/www.nettali.com\/\"},{\"@type\":\"ListItem\",\"position\":2,\"name\":\"Campagne en faveur du 3\\u00e8me mandat\"}]},{\"@type\":\"Person\",\"@id\":\"https:\/\/www.nettali.com\/#\/schema\/person\/d8ac7b7e27ddad43f1c0d2ef090d7f71\",\"name\":\"CK\",\"image\":{\"@type\":\"ImageObject\",\"@id\":\"https:\/\/www.nettali.com\/#personlogo\",\"inLanguage\":\"fr-FR\",\"url\":\"https:\/\/secure.gravatar.com\/avatar\/1d8d5118b9327d94da7cd4ce7f17fec2?s=96&d=mm&r=g\",\"contentUrl\":\"https:\/\/secure.gravatar.com\/avatar\/1d8d5118b9327d94da7cd4ce7f17fec2?s=96&d=mm&r=g\",\"caption\":\"CK\"},\"sameAs\":[\"https:\/\/www.nettali.com\"]}]}<\/script>\n<!-- \/ Yoast SEO Premium plugin. -->","yoast_head_json":{"title":"Campagne en faveur du 3\u00e8me mandat | Nettali.com","robots":{"index":"index","follow":"follow","max-snippet":"max-snippet:-1","max-image-preview":"max-image-preview:large","max-video-preview":"max-video-preview:-1"},"canonical":"https:\/\/www.nettali.com\/2022\/12\/19\/campagne-en-faveur-du-3eme-mandat\/","og_locale":"fr_FR","og_type":"article","og_title":"Campagne en faveur du 3\u00e8me mandat","og_description":"NETTALI.COM - C'est \u00e0 croire que c'est devenu un mot d'ordre dans les rangs de Benno. Il y a en effet\u00a0 par ces temps qui courent, un vent qui souffle en faveur de la 3\u00e8me candidature de Macky Sall. Si des appels individuels ont \u00e9t\u00e9 not\u00e9s ces derniers temps, il semble cette fois ci qu'ils [&hellip;]","og_url":"https:\/\/www.nettali.com\/2022\/12\/19\/campagne-en-faveur-du-3eme-mandat\/","og_site_name":"Nettali.com","article_publisher":"https:\/\/www.facebook.com\/nettalicom","article_published_time":"2022-12-19T08:07:59+00:00","og_image":[{"width":1080,"height":720,"url":"https:\/\/www.nettali.com\/wp-content\/uploads\/2022\/12\/137F0FD6-8DF7-4B1A-B05E-D6BD15ED9E08.jpeg","type":"image\/jpeg"}],"twitter_card":"summary_large_image","twitter_misc":{"\u00c9crit par":"CK","Dur\u00e9e de lecture estim\u00e9e":"3 minutes"},"schema":{"@context":"https:\/\/schema.org","@graph":[{"@type":"WebSite","@id":"https:\/\/www.nettali.com\/#website","url":"https:\/\/www.nettali.com\/","name":"Nettali.com","description":"Le rendez-vous critique du Net","potentialAction":[{"@type":"SearchAction","target":{"@type":"EntryPoint","urlTemplate":"https:\/\/www.nettali.com\/?s={search_term_string}"},"query-input":"required name=search_term_string"}],"inLanguage":"fr-FR"},{"@type":"ImageObject","@id":"https:\/\/www.nettali.com\/2022\/12\/19\/campagne-en-faveur-du-3eme-mandat\/#primaryimage","inLanguage":"fr-FR","url":"https:\/\/www.nettali.com\/wp-content\/uploads\/2022\/12\/137F0FD6-8DF7-4B1A-B05E-D6BD15ED9E08.jpeg","contentUrl":"https:\/\/www.nettali.com\/wp-content\/uploads\/2022\/12\/137F0FD6-8DF7-4B1A-B05E-D6BD15ED9E08.jpeg","width":1080,"height":720},{"@type":"WebPage","@id":"https:\/\/www.nettali.com\/2022\/12\/19\/campagne-en-faveur-du-3eme-mandat\/#webpage","url":"https:\/\/www.nettali.com\/2022\/12\/19\/campagne-en-faveur-du-3eme-mandat\/","name":"Campagne en faveur du 3\u00e8me mandat | Nettali.com","isPartOf":{"@id":"https:\/\/www.nettali.com\/#website"},"primaryImageOfPage":{"@id":"https:\/\/www.nettali.com\/2022\/12\/19\/campagne-en-faveur-du-3eme-mandat\/#primaryimage"},"datePublished":"2022-12-19T08:07:59+00:00","dateModified":"2022-12-19T08:07:59+00:00","author":{"@id":"https:\/\/www.nettali.com\/#\/schema\/person\/d8ac7b7e27ddad43f1c0d2ef090d7f71"},"breadcrumb":{"@id":"https:\/\/www.nettali.com\/2022\/12\/19\/campagne-en-faveur-du-3eme-mandat\/#breadcrumb"},"inLanguage":"fr-FR","potentialAction":[{"@type":"ReadAction","target":["https:\/\/www.nettali.com\/2022\/12\/19\/campagne-en-faveur-du-3eme-mandat\/"]}]},{"@type":"BreadcrumbList","@id":"https:\/\/www.nettali.com\/2022\/12\/19\/campagne-en-faveur-du-3eme-mandat\/#breadcrumb","itemListElement":[{"@type":"ListItem","position":1,"name":"Accueil","item":"https:\/\/www.nettali.com\/"},{"@type":"ListItem","position":2,"name":"Campagne en faveur du 3\u00e8me mandat"}]},{"@type":"Person","@id":"https:\/\/www.nettali.com\/#\/schema\/person\/d8ac7b7e27ddad43f1c0d2ef090d7f71","name":"CK","image":{"@type":"ImageObject","@id":"https:\/\/www.nettali.com\/#personlogo","inLanguage":"fr-FR","url":"https:\/\/secure.gravatar.com\/avatar\/1d8d5118b9327d94da7cd4ce7f17fec2?s=96&d=mm&r=g","contentUrl":"https:\/\/secure.gravatar.com\/avatar\/1d8d5118b9327d94da7cd4ce7f17fec2?s=96&d=mm&r=g","caption":"CK"},"sameAs":["https:\/\/www.nettali.com"]}]}},"_links":{"self":[{"href":"https:\/\/www.nettali.com\/rest\/wp\/v2\/posts\/99976"}],"collection":[{"href":"https:\/\/www.nettali.com\/rest\/wp\/v2\/posts"}],"about":[{"href":"https:\/\/www.nettali.com\/rest\/wp\/v2\/types\/post"}],"author":[{"embeddable":true,"href":"https:\/\/www.nettali.com\/rest\/wp\/v2\/users\/2"}],"replies":[{"embeddable":true,"href":"https:\/\/www.nettali.com\/rest\/wp\/v2\/comments?post=99976"}],"version-history":[{"count":2,"href":"https:\/\/www.nettali.com\/rest\/wp\/v2\/posts\/99976\/revisions"}],"predecessor-version":[{"id":99988,"href":"https:\/\/www.nettali.com\/rest\/wp\/v2\/posts\/99976\/revisions\/99988"}],"wp:featuredmedia":[{"embeddable":true,"href":"https:\/\/www.nettali.com\/rest\/wp\/v2\/media\/99989"}],"wp:attachment":[{"href":"https:\/\/www.nettali.com\/rest\/wp\/v2\/media?parent=99976"}],"wp:term":[{"taxonomy":"category","embeddable":true,"href":"https:\/\/www.nettali.com\/rest\/wp\/v2\/categories?post=99976"},{"taxonomy":"post_tag","embeddable":true,"href":"https:\/\/www.nettali.com\/rest\/wp\/v2\/tags?post=99976"}],"curies":[{"name":"wp","href":"https:\/\/api.w.org\/{rel}","templated":true}]}}