{"id":99956,"date":"2022-12-19T08:10:34","date_gmt":"2022-12-19T08:10:34","guid":{"rendered":"https:\/\/www.nettali.com\/?p=99956"},"modified":"2022-12-22T08:47:50","modified_gmt":"2022-12-22T08:47:50","slug":"ledito-de-nettali-com-mais-qui-pour-arreter-farba-ngom","status":"publish","type":"post","link":"https:\/\/www.nettali.com\/2022\/12\/19\/ledito-de-nettali-com-mais-qui-pour-arreter-farba-ngom\/","title":{"rendered":"L'EDITO DE NETTALI.COM - Mais qui pour arr\u00eater Farba\u00a0Ngom !"},"content":{"rendered":"<p><strong>NETTALI.COM - Difficile de comprendre les S\u00e9n\u00e9galais, et pire de mesurer ce qui motive leur indignation. La gifle et le coup de pied donn\u00e9s \u00e0 la d\u00e9put\u00e9e de la majorit\u00e9 Amy Ndiaye Gniby, avaient soulev\u00e9 un toll\u00e9 dans l\u2019opinion, au point que d\u2019aucuns avaient condamn\u00e9 l\u2019acte. Des actes de violence \u00e9videmment graves qui ne devraient pas avoir lieu dans la rue et de surcro\u00eet dans un cadre de repr\u00e9sentation nationale tel que l\u2019h\u00e9micycle. Jusque-l\u00e0 tout va bien. Mais ce qui est \u00e9tonnant \u00e0 constater, c\u2019est le fait de noter que les propos de Farba Ngom sont <\/strong><strong>r\u00e9currents<\/strong><strong> et semblent ne plus choquer. Il y a certes eu des r\u00e9actions isol\u00e9es, mais pas de la m\u00eame ampleur que cette affaire Amy Ndiaye Gniby. <\/strong><\/p>\n<p>Les vid\u00e9os des accusations de Farba Ngom contre Aminata Tour\u00e9 ont circul\u00e9 sur les r\u00e9seaux sociaux, sans toutefois avoir le m\u00eame retentissement et les m\u00eames r\u00e9percussions. Farba Ngom fait valoir qu\u2019il distribue des enveloppes et en re\u00e7oit, mais les faits semblent si peu graves qu\u2019il s\u2019est permis de recommencer.<\/p>\n<p>Que Farba Ngom d\u00e9clare sur la 7 TV que Thierno Alassane Sall et lui-m\u00eame, avaient re\u00e7u, des enveloppes au cours d'une visite chez un quidam qu\u2019il ne veut pas nommer, peut donner \u00e0 r\u00e9fl\u00e9chir sur de suppos\u00e9es pratiques en cours et pas du tout catholiques et encore moins islamiques\u00a0! Il avait dans la foul\u00e9e menac\u00e9 de d\u00e9baller si jamais l\u2019ancien ministre venait \u00e0 r\u00e9futer les faits qu\u2019il d\u00e9crivait.<\/p>\n<p>R\u00e9ponse cinglante de Thierno Alassane Sall chez Babacar Fall \u00e0 l\u2019\u00e9mission \u00ab\u00a0<em>Faram Facce<\/em>\u00a0\u00bb sur la TFM. Farba Ngom a agi comme \u00ab\u00a0<em>quelqu\u2019un qui a une ceinture d\u2019explosifs qui saute juste pour faire sauter les autres avec lui<\/em>\u00a0\u00bb. Aussi, l\u2019ancien ministre avait-il d\u00e9cid\u00e9 de le \u00ab\u00a0laisser salir sa descendance\u00a0\u00bb si tel \u00e9tait le souhait de Farba Ngom. Et l\u2019ancien ministre n\u2019avait d\u2019ailleurs pas h\u00e9sit\u00e9 \u00e0 rappeler qu\u2019il \u00e9tait au c\u0153ur du syst\u00e8me et sait comment certains font avec les contrats pour s'enrichir. Il aurait eu, non pas des mallettes s\u2019il le souhaitait, mais plut\u00f4t des containers d\u2019argent, au lieu de se contenter d\u2019enveloppes. Thierno Alassane Sall avait m\u00eame estim\u00e9 que beaucoup de gens qui ont suivi son passage \u00e0 l\u2019Asecna, \u00e0 l\u2019Artp et son salaire qu\u2019il a baiss\u00e9, savent qui il est. Pas de quoi, \u00e0 son avis, s\u2019attarder sur le cas Farba qui ne faisait que d\u00e9lirer.<\/p>\n<p>Comment Farba Ngom a-t-il os\u00e9 prof\u00e9rer de tels propos au c\u0153ur de la r\u00e9publique ? Sa seule volont\u00e9 \u00e9tait, semble-t-il, de salir un ancien ministre qui avait os\u00e9 faire un affront au pr\u00e9sident Sall en refusant de signer un contrat au profit de Total avant de d\u00e9missionner.<\/p>\n<p>Et m\u00eame \u00e0 supposer que cette histoire de Farba Ngom ait \u00e9t\u00e9 vraie, voulait-il nous informer qu\u2019il gagne souvent de l\u2019argent par ces canaux douteux ? C'est lui-m\u00eame qui a fait des aveux, personne ne l'a accus\u00e9 de quoi que ce soit !<\/p>\n<p>Des d\u00e9clarations en tout cas troublantes qui heurtent fortement la morale. Et il est bien difficile de ne pas \u00e9tablir de lien puisque manifestement personne n\u2019a forc\u00e9 Ngom \u00e0 sortir de pareilles inepties. Sa proximit\u00e9 avec le pr\u00e9sident de la r\u00e9publique aurait pourtant d\u00fb l\u2019inciter \u00e0 plus de pudeur et de retenue.<\/p>\n<p>Mais comme il avait os\u00e9 prof\u00e9rer des propos aussi graves, faisant accr\u00e9diter un syst\u00e8me de corruption au c\u0153ur de la r\u00e9publique, avec lui au centre, sans cons\u00e9quence, Farba a continu\u00e9 de plus belle.<\/p>\n<p><strong>\u00a0<\/strong>Au four et au moulin \u00e0 l'h\u00e9micycle, l'on peut m\u00eame dire qu'il est le chef de file de la majorit\u00e9 avec une mission sp\u00e9cifique qui est de commettre de basses \u0153uvres.<\/p>\n<p>Ce jeudi 15 d\u00e9cembre, \u00e0 l'h\u00e9micycle, alors que les d\u00e9put\u00e9s de l'Assembl\u00e9e nationale se penchaient sur la motion de censure contre le Premier ministre Amadou Ba, Farba Ngom a r\u00e9it\u00e9r\u00e9 pareilles accusations contre Aminata Tour\u00e9 l\u2019ancienne Premi\u00e8re ministre, sans toutefois la nommer. \"J<em>'ai entendu une dame qui avait, \u00e0 une certaine \u00e9poque, dirig\u00e9 notre liste Benno Book Yaakaar. C'est moi Farba Ngom qui m'adresse \u00e0 elle, je sais beaucoup de choses. Je l'interpelle ici. Elle \u00e9tait Premi\u00e8re ministre et \u00e9tait venue dans ce lieu faire sa d\u00e9claration de politique g\u00e9n\u00e9rale. Un jeudi soir, apr\u00e8s le conseil des ministres, j'\u00e9tais all\u00e9 la voir. Mais demandez-lui comment j'\u00e9tais all\u00e9 la voir et avec quoi j'\u00e9tais all\u00e9 la voir ?<\/em>\", avait lanc\u00e9 tout de go Farba Ngom.<\/p>\n<p>Farba Ngom a aussi interpell\u00e9 Aminata Tour\u00e9 : \"<em>vous ne pouvez pas venir ici, essayer de montrer votre droiture et aussi pour tenter de prouver que vous \u00eates la plus honn\u00eate du S\u00e9n\u00e9gal. Ce qui transitait entre mes mains, je venais vous le remettre. Est-ce de la droiture cela ? Ce qui avait transit\u00e9 entre mes mains, vous savez ce que c'est et je sais aussi ce que c'est. Je ne fuis pas mes responsabilit\u00e9s, je les assume. Partout o\u00f9 on m'appellera, partout j'irai r\u00e9pondre. Vouloir prouver sa droiture, c'est trop tard !<\/em>\u00a0\", avait ajout\u00e9 le d\u00e9put\u00e9 Ngom.<\/p>\n<p>Sauf qu'il ne dit rien de bien clair. Il ne cite ni noms, ni de montants. Ce qui laisse entendre que, soit il bluffait, soit il mena\u00e7ait ou encore cherchait juste \u00e0 salir des personnes, sans toutefois apporter la preuve de ce qu'il avan\u00e7ait.<\/p>\n<p>Mais en prof\u00e9rant de telles accusations, il accr\u00e9ditait encore une fois de plus, l'existence d\u2019un syst\u00e8me de corruption et de distribution d'enveloppes au c\u0153ur de la R\u00e9publique ! Une mani\u00e8re de dire qu\u2019il est un corrupteur, de la m\u00eame fa\u00e7on qu\u2019il existe des corrompus qui jouent aux vertueux de nos jours.<\/p>\n<p>De quoi se demander qui va arr\u00eater Farba Ngom, un jour ? Des d\u00e9clarations qui auraient pourtant d\u00fb choquer le pr\u00e9sident Sall et m\u00eame les autorit\u00e9s judiciaires. Ce qui veut dire qu\u2019on est aujourd\u2019hui bien loin de la gestion sobre et vertueuse tant chant\u00e9e par le candidat Macky Sall. Que Farba ait le toupet de prof\u00e9rer et de prof\u00e9rer \u00e0 nouveau de telles accusations, montre que nous sommes tout simplement sous le r\u00e8gne de l\u2019impunit\u00e9. Du moins pour certains.<\/p>\n<p>Lors d\u2019une \u00e9mission sur la TFM, le d\u00e9put\u00e9 avait os\u00e9 dire \u00e0 A\u00efssatou Diop Fall qu\u2019il est \u00ab\u00a0<em>courtier et apporteur d\u2019affaires\u00a0\u00bb, pr\u00e9cisant avoir choisi d\u2019\u00eatre libre\u00a0\u00ab puisqu\u2019il aurait pu se battre comme tout le monde dans les march\u00e9s publics \u00bb, \u00a0mais que c\u2019est sa \u00ab\u00a0conscience qui ne lui permet pas de faire certaines choses.\u00a0\u00bb. Mais seulement, avait-il nuanc\u00e9 son jugement\u00a0:\u00a0\u00ab\u00a0Comment puis-je \u00eatre interm\u00e9diaire d\u2019une transaction fonci\u00e8re et ne pas percevoir de commission ? J\u2019exploite mes relations et si j\u2019arrange l\u2019affaire, je per\u00e7ois quelque chose et c\u2019est l\u00e9gal. Je n\u2019ai ni vol\u00e9, ni per\u00e7u de l\u2019argent indu. Jamais, on ne trouvera de l\u2019argent public dans mon compte.\u00a0\u00bb <\/em><\/p>\n<p><em>\u00a0<\/em><em>Quelle cr\u00e9dibilit\u00e9 accorder \u00e0 des propos venant d\u2019un tel personnage qui a avou\u00e9 avoir re\u00e7u des enveloppes et en avoir distribu\u00e9es\u00a0? C\u2019est l\u00e0 toute la question sur l\u2019origine de la fortune qu\u2019on lui pr\u00eate. <\/em><\/p>\n<p>Ngom semble en effet oublier que tr\u00e8s peu de personnes ont la possibilit\u00e9 de percevoir des commissions et encore moins faire du \"<em>courtage<\/em>\" \u00e0 un certain niveau de l\u2019Etat. Il faut vraiment \u00eatre au c\u0153ur du dispositif \u00e9tatique pour avoir acc\u00e8s \u00e0 certains rouages. Les relations dont il se targue, sont des relations \u00e9tatiques. Donc, il est du m\u00eame acabit que ceux-l\u00e0 qu\u2019il pointe du doigt et qui gagnent des march\u00e9s publics \u00e0 tour de bras.<\/p>\n<p>Difficile en effet de savoir comment il a r\u00e9ussi \u00e0 se faire voler ces centaines de millions \u00e0 son domicile. Il y a en tout cas \u00e0 se demander d\u2019o\u00f9 peut bien provenir cette fortune pour le d\u00e9put\u00e9 qu\u2019il est ? Une autre question que l\u2019on est aussi en droit de poser, c'est comment il a pu garder autant d\u2019argent \u00e0 son domicile alors que les banques poussent comme des champignons sur la place de Dakar ? Une affaire qui a fini par scandaliser bon nombre de S\u00e9n\u00e9galais, comme ce concert d'indignations not\u00e9 sur les r\u00e9seaux sociaux au travers desquelles, des internautes r\u00e9clament une action judiciaire.<\/p>\n<p>Il y a pourtant de cela quelques ann\u00e9es, plus exactement en novembre 2017, Farba Ngom avait \u00e9t\u00e9 interpell\u00e9 \u00e0 l'a\u00e9roport Roissy Charles de Gaulle \u00e0 Paris. Il d\u00e9tenait une importante somme d'argent en euros sup\u00e9rieures au montant fix\u00e9 par la loi fran\u00e7aise. Certaines sources de BBC avan\u00e7aient un montant de 38 000 euros (25 millions de de francs CFA) que le d\u00e9put\u00e9 n'aurait pas d\u00e9clar\u00e9s \u00e0 la douane. Or la loi fran\u00e7aise pr\u00e9voit que toute personne physique, et quel que soit son pays d'origine, est soumise \u00e0 d\u00e9claration en douane lorsqu'elle transf\u00e8re de l'\u00e9tranger vers la France 10 000 \u20ac ou plus.<\/p>\n<p>Apr\u00e8s avoir \u00e9t\u00e9 interrog\u00e9 par les douaniers, il avait \u00e9t\u00e9 rel\u00e2ch\u00e9 pour cause d'immunit\u00e9 parlementaire, mais le montant qu\u2019il d\u00e9tenait, avait \u00e9t\u00e9 confisqu\u00e9. S\u2019il avait ainsi pu quitter le S\u00e9n\u00e9gal sans contr\u00f4le, il n\u2019avait malheureusement pas eu cette m\u00eame baraka en France, pays qui applique la loi \u00e0 tout le monde.<\/p>\n<p>D\u2019aucuns d\u00e9signent Farba Ngom par le terme de \u00ab\u00a0<em>griot du pr\u00e9sident<\/em>\u00a0\u00bb. Ce qui fait de lui un proche d\u2019entre les proches du chef de l\u2019Etat. Qu\u2019il le dise ou pas, il est un homme puissant dans le dispositif du pr\u00e9sident Sall. Il est non seulement militant de la 1\u00e8re heure, mais \u00e9galement membre du secr\u00e9tariat ex\u00e9cutif de l\u2019APR et d\u00e9put\u00e9 de Benno Bokk Yaakaar. Signe particulier, il fait partie de ceux-l\u00e0 qui huilent la machine et les rouages politiques de cette coalition dirig\u00e9e par Macky Sall. A l\u2019Assembl\u00e9e, il est au four et au moulin. Il est dans les faits, le chef m\u00eame de la majorit\u00e9. Son comportement choque, mais Farba dit et fait ce qu\u2019il veut, sachant sans doute que rien ne va lui arriver. Il plombe sans aucun doute la gouvernance de Macky Sall qui doit en avoir bien conscience. Mais au pays de l\u2019impunit\u00e9\u2026<\/p>\n<p>C\u2019est pourquoi il a \u00e9t\u00e9 au d\u00e9but et \u00e0 la fin de l\u2019acte pos\u00e9 par Djibril Ngom. Comme il le revendique d'ailleurs. Farba Ngom n\u2019exprime d\u2019ailleurs aucun remord \u00e0 ce propos. Bien au contraire, selon ses propres termes, l\u2019acte de Djibril Ngom qui avait fui, aux plus forts moments du d\u00e9p\u00f4ts des listes des locales, avec la liste de Yewwi, est \u00ab\u00a0<em>un coup de ma\u00eetre<\/em>\u00a0\u00bb. Il a m\u00eame, figurez-vous, \u00ab\u00a0<em>lou\u00e9 le courage de celui-ci pour avoir ralli\u00e9 le camp de Macky Sall<\/em>\u00a0\u00bb. Pour l\u2019inconditionnel du Pr\u00e9sident Sall, il a surtout \u00e9t\u00e9 question dans cette confrontation avec Yaw, d\u2019avoir \u00ab<em>\u00a0r\u00e9ussi un coup politique<\/em>\u00a0\u00bb et \u00ab\u00a0<em>d\u2019avoir priv\u00e9 Yewi Askan Wi de liste dans le d\u00e9partement de Matam<\/em>\u00bb. Un aveu qui n\u2019honore vraiment pas les tenants du pouvoir.<\/p>\n<p>Difficile en tout cas de savoir comment on peut manquer \u00e0 ce point de scrupules et m\u00e9priser totalement la morale, au point d\u2019assimiler l\u2019acte commis par Djibril Ngom de \u00ab\u00a0<em>tactique politique ?<\/em>\u00a0\u00bb Djibril Ngom, n\u2019est-ce pas celui-l\u00e0 qui avait \u00e9t\u00e9 re\u00e7u par Macky Sall avec une enveloppe d\u2019argent visible \u00e0 ses pieds. C\u2019est du moins ce qui avait \u00e9t\u00e9 donn\u00e9 \u00e0 voir sur les images qui avaient circul\u00e9 et \u00e9taient partag\u00e9es sur les r\u00e9seaux sociaux. A la question d\u2019A\u00efssatou Diop de savoir s\u2019il a remis de l\u2019argent \u00e0 Djibril Ngom afin qu\u2019il quitte Sonko, Farba Ngom a tout simplement estim\u00e9 que ce dernier est un homme de principe, courageux et intelligent ; et c\u2019est pour cette raison qu\u2019il avait \u00e9t\u00e9 avec le leader de Pastef. Pour Farba Ngom, \u00ab i<em>l y\u2019a des actes qu\u2019on pose pour \u00e9liminer nos adversaires<\/em>\u00bb. On ignorait en tout cas jusqu\u2019ici, sous nos cieux, qu\u2019il y a des armes utilis\u00e9es pour \u00e9liminer les adversaires ! Il en d\u00e9livre des informations ce cher Farba, c'est pourquoi il devrait moins l'ouvrir.<\/p>\n<p>Au point o\u00f9 on en est, il semble bien qu\u2019\u00e0 travers les nombreux actes ill\u00e9gaux pos\u00e9s, que certains semblent tester la capacit\u00e9 d\u2019indignation des S\u00e9n\u00e9galais. Mais \u00e0 la v\u00e9rit\u00e9, beaucoup d\u2019actes malveillants peuvent aujourd\u2019hui sembler bien banals et finissent d\u00e9sormais par \u00eatre la norme.<\/p>\n<p>&nbsp;<\/p>\n<div class='share-to-whatsapp-wrapper'><div class='share-on-whsp'>PARTAGER SUR : <\/div><a data-text='L'EDITO DE NETTALI.COM - Mais qui pour arr\u00eater Farba\u00a0Ngom !' data-link='https:\/\/www.nettali.com\/2022\/12\/19\/ledito-de-nettali-com-mais-qui-pour-arreter-farba-ngom\/' class='whatsapp-button whatsapp-share'>WhatsApp<\/a><div class='clear '><\/div><\/div>","protected":false},"excerpt":{"rendered":"<p>NETTALI.COM - Difficile de comprendre les S\u00e9n\u00e9galais, et pire de mesurer ce qui motive leur indignation. La gifle et le coup de pied donn\u00e9s \u00e0 la d\u00e9put\u00e9e de la majorit\u00e9 Amy Ndiaye Gniby, avaient soulev\u00e9 un toll\u00e9 dans l\u2019opinion, au point que d\u2019aucuns avaient condamn\u00e9 l\u2019acte. Des actes de violence \u00e9videmment graves qui ne devraient [&hellip;]<\/p>\n","protected":false},"author":2,"featured_media":99992,"comment_status":"open","ping_status":"open","sticky":false,"template":"","format":"standard","meta":{"_et_pb_use_builder":"","_et_pb_old_content":""},"categories":[34931],"tags":[],"yoast_head":"<!-- This site is optimized with the Yoast SEO Premium plugin v17.8 (Yoast SEO v17.8) - https:\/\/yoast.com\/wordpress\/plugins\/seo\/ -->\n<title>L&#039;EDITO DE NETTALI.COM - Mais qui pour arr\u00eater Farba\u00a0Ngom ! | Nettali.com<\/title>\n<meta name=\"robots\" content=\"index, follow, max-snippet:-1, max-image-preview:large, max-video-preview:-1\" \/>\n<link rel=\"canonical\" href=\"https:\/\/www.nettali.com\/2022\/12\/19\/ledito-de-nettali-com-mais-qui-pour-arreter-farba-ngom\/\" \/>\n<meta property=\"og:locale\" content=\"fr_FR\" \/>\n<meta property=\"og:type\" content=\"article\" \/>\n<meta property=\"og:title\" content=\"L&#039;EDITO DE NETTALI.COM - Mais qui pour arr\u00eater Farba\u00a0Ngom !\" \/>\n<meta property=\"og:description\" content=\"NETTALI.COM - Difficile de comprendre les S\u00e9n\u00e9galais, et pire de mesurer ce qui motive leur indignation. La gifle et le coup de pied donn\u00e9s \u00e0 la d\u00e9put\u00e9e de la majorit\u00e9 Amy Ndiaye Gniby, avaient soulev\u00e9 un toll\u00e9 dans l\u2019opinion, au point que d\u2019aucuns avaient condamn\u00e9 l\u2019acte. Des actes de violence \u00e9videmment graves qui ne devraient [&hellip;]\" \/>\n<meta property=\"og:url\" content=\"https:\/\/www.nettali.com\/2022\/12\/19\/ledito-de-nettali-com-mais-qui-pour-arreter-farba-ngom\/\" \/>\n<meta property=\"og:site_name\" content=\"Nettali.com\" \/>\n<meta property=\"article:publisher\" content=\"https:\/\/www.facebook.com\/nettalicom\" \/>\n<meta property=\"article:published_time\" content=\"2022-12-19T08:10:34+00:00\" \/>\n<meta property=\"article:modified_time\" content=\"2022-12-22T08:47:50+00:00\" \/>\n<meta property=\"og:image\" content=\"https:\/\/www.nettali.com\/wp-content\/uploads\/2022\/12\/sall-ngom-toure.jpg\" \/>\n\t<meta property=\"og:image:width\" content=\"1280\" \/>\n\t<meta property=\"og:image:height\" content=\"600\" \/>\n<meta name=\"twitter:card\" content=\"summary_large_image\" \/>\n<meta name=\"twitter:label1\" content=\"\u00c9crit par\" \/>\n\t<meta name=\"twitter:data1\" content=\"CK\" \/>\n\t<meta name=\"twitter:label2\" content=\"Dur\u00e9e de lecture estim\u00e9e\" \/>\n\t<meta name=\"twitter:data2\" content=\"10 minutes\" \/>\n<script type=\"application\/ld+json\" class=\"yoast-schema-graph\">{\"@context\":\"https:\/\/schema.org\",\"@graph\":[{\"@type\":\"WebSite\",\"@id\":\"https:\/\/www.nettali.com\/#website\",\"url\":\"https:\/\/www.nettali.com\/\",\"name\":\"Nettali.com\",\"description\":\"Le rendez-vous critique du Net\",\"potentialAction\":[{\"@type\":\"SearchAction\",\"target\":{\"@type\":\"EntryPoint\",\"urlTemplate\":\"https:\/\/www.nettali.com\/?s={search_term_string}\"},\"query-input\":\"required name=search_term_string\"}],\"inLanguage\":\"fr-FR\"},{\"@type\":\"ImageObject\",\"@id\":\"https:\/\/www.nettali.com\/2022\/12\/19\/ledito-de-nettali-com-mais-qui-pour-arreter-farba-ngom\/#primaryimage\",\"inLanguage\":\"fr-FR\",\"url\":\"https:\/\/www.nettali.com\/wp-content\/uploads\/2022\/12\/sall-ngom-toure.jpg\",\"contentUrl\":\"https:\/\/www.nettali.com\/wp-content\/uploads\/2022\/12\/sall-ngom-toure.jpg\",\"width\":1280,\"height\":600},{\"@type\":\"WebPage\",\"@id\":\"https:\/\/www.nettali.com\/2022\/12\/19\/ledito-de-nettali-com-mais-qui-pour-arreter-farba-ngom\/#webpage\",\"url\":\"https:\/\/www.nettali.com\/2022\/12\/19\/ledito-de-nettali-com-mais-qui-pour-arreter-farba-ngom\/\",\"name\":\"L'EDITO DE NETTALI.COM - Mais qui pour arr\\u00eater Farba\\u00a0Ngom ! | Nettali.com\",\"isPartOf\":{\"@id\":\"https:\/\/www.nettali.com\/#website\"},\"primaryImageOfPage\":{\"@id\":\"https:\/\/www.nettali.com\/2022\/12\/19\/ledito-de-nettali-com-mais-qui-pour-arreter-farba-ngom\/#primaryimage\"},\"datePublished\":\"2022-12-19T08:10:34+00:00\",\"dateModified\":\"2022-12-22T08:47:50+00:00\",\"author\":{\"@id\":\"https:\/\/www.nettali.com\/#\/schema\/person\/d8ac7b7e27ddad43f1c0d2ef090d7f71\"},\"breadcrumb\":{\"@id\":\"https:\/\/www.nettali.com\/2022\/12\/19\/ledito-de-nettali-com-mais-qui-pour-arreter-farba-ngom\/#breadcrumb\"},\"inLanguage\":\"fr-FR\",\"potentialAction\":[{\"@type\":\"ReadAction\",\"target\":[\"https:\/\/www.nettali.com\/2022\/12\/19\/ledito-de-nettali-com-mais-qui-pour-arreter-farba-ngom\/\"]}]},{\"@type\":\"BreadcrumbList\",\"@id\":\"https:\/\/www.nettali.com\/2022\/12\/19\/ledito-de-nettali-com-mais-qui-pour-arreter-farba-ngom\/#breadcrumb\",\"itemListElement\":[{\"@type\":\"ListItem\",\"position\":1,\"name\":\"Accueil\",\"item\":\"https:\/\/www.nettali.com\/\"},{\"@type\":\"ListItem\",\"position\":2,\"name\":\"L'EDITO DE NETTALI.COM - Mais qui pour arr\\u00eater Farba\\u00a0Ngom !\"}]},{\"@type\":\"Person\",\"@id\":\"https:\/\/www.nettali.com\/#\/schema\/person\/d8ac7b7e27ddad43f1c0d2ef090d7f71\",\"name\":\"CK\",\"image\":{\"@type\":\"ImageObject\",\"@id\":\"https:\/\/www.nettali.com\/#personlogo\",\"inLanguage\":\"fr-FR\",\"url\":\"https:\/\/secure.gravatar.com\/avatar\/1d8d5118b9327d94da7cd4ce7f17fec2?s=96&d=mm&r=g\",\"contentUrl\":\"https:\/\/secure.gravatar.com\/avatar\/1d8d5118b9327d94da7cd4ce7f17fec2?s=96&d=mm&r=g\",\"caption\":\"CK\"},\"sameAs\":[\"https:\/\/www.nettali.com\"]}]}<\/script>\n<!-- \/ Yoast SEO Premium plugin. -->","yoast_head_json":{"title":"L'EDITO DE NETTALI.COM - Mais qui pour arr\u00eater Farba\u00a0Ngom ! | Nettali.com","robots":{"index":"index","follow":"follow","max-snippet":"max-snippet:-1","max-image-preview":"max-image-preview:large","max-video-preview":"max-video-preview:-1"},"canonical":"https:\/\/www.nettali.com\/2022\/12\/19\/ledito-de-nettali-com-mais-qui-pour-arreter-farba-ngom\/","og_locale":"fr_FR","og_type":"article","og_title":"L'EDITO DE NETTALI.COM - Mais qui pour arr\u00eater Farba\u00a0Ngom !","og_description":"NETTALI.COM - Difficile de comprendre les S\u00e9n\u00e9galais, et pire de mesurer ce qui motive leur indignation. La gifle et le coup de pied donn\u00e9s \u00e0 la d\u00e9put\u00e9e de la majorit\u00e9 Amy Ndiaye Gniby, avaient soulev\u00e9 un toll\u00e9 dans l\u2019opinion, au point que d\u2019aucuns avaient condamn\u00e9 l\u2019acte. Des actes de violence \u00e9videmment graves qui ne devraient [&hellip;]","og_url":"https:\/\/www.nettali.com\/2022\/12\/19\/ledito-de-nettali-com-mais-qui-pour-arreter-farba-ngom\/","og_site_name":"Nettali.com","article_publisher":"https:\/\/www.facebook.com\/nettalicom","article_published_time":"2022-12-19T08:10:34+00:00","article_modified_time":"2022-12-22T08:47:50+00:00","og_image":[{"width":1280,"height":600,"url":"https:\/\/www.nettali.com\/wp-content\/uploads\/2022\/12\/sall-ngom-toure.jpg","type":"image\/jpeg"}],"twitter_card":"summary_large_image","twitter_misc":{"\u00c9crit par":"CK","Dur\u00e9e de lecture estim\u00e9e":"10 minutes"},"schema":{"@context":"https:\/\/schema.org","@graph":[{"@type":"WebSite","@id":"https:\/\/www.nettali.com\/#website","url":"https:\/\/www.nettali.com\/","name":"Nettali.com","description":"Le rendez-vous critique du Net","potentialAction":[{"@type":"SearchAction","target":{"@type":"EntryPoint","urlTemplate":"https:\/\/www.nettali.com\/?s={search_term_string}"},"query-input":"required name=search_term_string"}],"inLanguage":"fr-FR"},{"@type":"ImageObject","@id":"https:\/\/www.nettali.com\/2022\/12\/19\/ledito-de-nettali-com-mais-qui-pour-arreter-farba-ngom\/#primaryimage","inLanguage":"fr-FR","url":"https:\/\/www.nettali.com\/wp-content\/uploads\/2022\/12\/sall-ngom-toure.jpg","contentUrl":"https:\/\/www.nettali.com\/wp-content\/uploads\/2022\/12\/sall-ngom-toure.jpg","width":1280,"height":600},{"@type":"WebPage","@id":"https:\/\/www.nettali.com\/2022\/12\/19\/ledito-de-nettali-com-mais-qui-pour-arreter-farba-ngom\/#webpage","url":"https:\/\/www.nettali.com\/2022\/12\/19\/ledito-de-nettali-com-mais-qui-pour-arreter-farba-ngom\/","name":"L'EDITO DE NETTALI.COM - Mais qui pour arr\u00eater Farba\u00a0Ngom ! | Nettali.com","isPartOf":{"@id":"https:\/\/www.nettali.com\/#website"},"primaryImageOfPage":{"@id":"https:\/\/www.nettali.com\/2022\/12\/19\/ledito-de-nettali-com-mais-qui-pour-arreter-farba-ngom\/#primaryimage"},"datePublished":"2022-12-19T08:10:34+00:00","dateModified":"2022-12-22T08:47:50+00:00","author":{"@id":"https:\/\/www.nettali.com\/#\/schema\/person\/d8ac7b7e27ddad43f1c0d2ef090d7f71"},"breadcrumb":{"@id":"https:\/\/www.nettali.com\/2022\/12\/19\/ledito-de-nettali-com-mais-qui-pour-arreter-farba-ngom\/#breadcrumb"},"inLanguage":"fr-FR","potentialAction":[{"@type":"ReadAction","target":["https:\/\/www.nettali.com\/2022\/12\/19\/ledito-de-nettali-com-mais-qui-pour-arreter-farba-ngom\/"]}]},{"@type":"BreadcrumbList","@id":"https:\/\/www.nettali.com\/2022\/12\/19\/ledito-de-nettali-com-mais-qui-pour-arreter-farba-ngom\/#breadcrumb","itemListElement":[{"@type":"ListItem","position":1,"name":"Accueil","item":"https:\/\/www.nettali.com\/"},{"@type":"ListItem","position":2,"name":"L'EDITO DE NETTALI.COM - Mais qui pour arr\u00eater Farba\u00a0Ngom !"}]},{"@type":"Person","@id":"https:\/\/www.nettali.com\/#\/schema\/person\/d8ac7b7e27ddad43f1c0d2ef090d7f71","name":"CK","image":{"@type":"ImageObject","@id":"https:\/\/www.nettali.com\/#personlogo","inLanguage":"fr-FR","url":"https:\/\/secure.gravatar.com\/avatar\/1d8d5118b9327d94da7cd4ce7f17fec2?s=96&d=mm&r=g","contentUrl":"https:\/\/secure.gravatar.com\/avatar\/1d8d5118b9327d94da7cd4ce7f17fec2?s=96&d=mm&r=g","caption":"CK"},"sameAs":["https:\/\/www.nettali.com"]}]}},"_links":{"self":[{"href":"https:\/\/www.nettali.com\/rest\/wp\/v2\/posts\/99956"}],"collection":[{"href":"https:\/\/www.nettali.com\/rest\/wp\/v2\/posts"}],"about":[{"href":"https:\/\/www.nettali.com\/rest\/wp\/v2\/types\/post"}],"author":[{"embeddable":true,"href":"https:\/\/www.nettali.com\/rest\/wp\/v2\/users\/2"}],"replies":[{"embeddable":true,"href":"https:\/\/www.nettali.com\/rest\/wp\/v2\/comments?post=99956"}],"version-history":[{"count":2,"href":"https:\/\/www.nettali.com\/rest\/wp\/v2\/posts\/99956\/revisions"}],"predecessor-version":[{"id":99958,"href":"https:\/\/www.nettali.com\/rest\/wp\/v2\/posts\/99956\/revisions\/99958"}],"wp:featuredmedia":[{"embeddable":true,"href":"https:\/\/www.nettali.com\/rest\/wp\/v2\/media\/99992"}],"wp:attachment":[{"href":"https:\/\/www.nettali.com\/rest\/wp\/v2\/media?parent=99956"}],"wp:term":[{"taxonomy":"category","embeddable":true,"href":"https:\/\/www.nettali.com\/rest\/wp\/v2\/categories?post=99956"},{"taxonomy":"post_tag","embeddable":true,"href":"https:\/\/www.nettali.com\/rest\/wp\/v2\/tags?post=99956"}],"curies":[{"name":"wp","href":"https:\/\/api.w.org\/{rel}","templated":true}]}}