{"id":99899,"date":"2022-12-19T21:01:40","date_gmt":"2022-12-19T21:01:40","guid":{"rendered":"https:\/\/www.nettali.com\/?p=99899"},"modified":"2022-12-19T21:01:59","modified_gmt":"2022-12-19T21:01:59","slug":"dans-les-failles-du-dage-de-la-sante","status":"publish","type":"post","link":"https:\/\/www.nettali.com\/2022\/12\/19\/dans-les-failles-du-dage-de-la-sante\/","title":{"rendered":"Dans les failles du Dage de la sant\u00e9 !"},"content":{"rendered":"<p><strong>NETTALI.COM -<\/strong> Des constats qui n'en finissent d\u00e9cid\u00e9ment pas sur le minist\u00e8re de la sant\u00e9, dirig\u00e9 \u00e0 l'\u00e9poque par Diouf Sarr et dont la directrice de la sant\u00e9 est l'actuelle ministre Khemesse Ngom Ndiaye.<\/p>\n<p>Pour quatorze r\u00e9gions, la collecte des donn\u00e9es financi\u00e8res fait ressortir un financement global de 2 178 863 663 FCFA. Un montant qui d\u00e9passe de loin\u00a0 le financement total re\u00e7u par les quatorze (14) r\u00e9gions m\u00e9dicales du DAGE qui s\u2019\u00e9tablit \u00e0 670 808 000 FCFA en 2020.<\/p>\n<p>Les r\u00e9gions de Dakar, de Louga, de Fatick et de Kaffrine sont les principales b\u00e9n\u00e9ficiaires des financements des partenaires. Des fonds des partenaires<br \/>\nqui ne sont pas retrouv\u00e9s dans les situations financi\u00e8res produites par la DAGE du MSAS. Les informations relatives aux financements sur ressources externes ne sont pas remont\u00e9es au niveau central, ce qui ne facilite pas la reddition des comptes.<\/p>\n<p>Un autre d\u00e9tail, l\u2019exploitation des pi\u00e8ces justificatives produites par le DAGE et les gouverneurs de r\u00e9gion, r\u00e9v\u00e8le que des paiements d\u2019un montant de<br \/>\n504 985 500 FCFA, ont \u00e9t\u00e9 effectu\u00e9s en 2020 et 2021 en l\u2019absence des arr\u00eat\u00e9s portant r\u00e9quisition des \u00e9tablissements h\u00f4teliers dans le cadre de la lutte contre la COVID-19.<\/p>\n<p>La question \u00e0 se poser d\u00e8s lors, est de savoir si le fonds de soutien mis \u00e0 la disposition des h\u00f4teliers par le ministre du Tourisme et destin\u00e9 \u00e0 les aider \u00e0 r\u00e9sister aux cons\u00e9quences de la pand\u00e9mie, ne comptait pas\u00a0 ? Qu'en ont-ils fait ?<\/p>\n<p>Monsieur Ousseynou NGOM, DAGE du MSAS d\u00e9clare avoir \u00ab <em>saisi les responsables des h\u00f4tels ainsi que les autorit\u00e9s administratives comp\u00e9tentes en vue de lui faire parvenir les r\u00e9quisitions pour les p\u00e9riodes concern\u00e9es.<\/em> \u00bb Des r\u00e9quisitions qui ne sont toutefois pas entre ses mains !<\/p>\n<p>Or, c\u2019est justement sur la pr\u00e9sentation des r\u00e9quisitions que les paiements auraient d\u00fb \u00eatre faits. Encore un d\u00e9tail, sans doute.<\/p>\n<div class='share-to-whatsapp-wrapper'><div class='share-on-whsp'>PARTAGER SUR : <\/div><a data-text='Dans les failles du Dage de la sant\u00e9 !' data-link='https:\/\/www.nettali.com\/2022\/12\/19\/dans-les-failles-du-dage-de-la-sante\/' class='whatsapp-button whatsapp-share'>WhatsApp<\/a><div class='clear '><\/div><\/div>","protected":false},"excerpt":{"rendered":"<p>NETTALI.COM - Des constats qui n'en finissent d\u00e9cid\u00e9ment pas sur le minist\u00e8re de la sant\u00e9, dirig\u00e9 \u00e0 l'\u00e9poque par Diouf Sarr et dont la directrice de la sant\u00e9 est l'actuelle ministre Khemesse Ngom Ndiaye. Pour quatorze r\u00e9gions, la collecte des donn\u00e9es financi\u00e8res fait ressortir un financement global de 2 178 863 663 FCFA. Un montant [&hellip;]<\/p>\n","protected":false},"author":2,"featured_media":99912,"comment_status":"open","ping_status":"open","sticky":false,"template":"","format":"standard","meta":{"_et_pb_use_builder":"","_et_pb_old_content":""},"categories":[34945],"tags":[],"yoast_head":"<!-- This site is optimized with the Yoast SEO Premium plugin v17.8 (Yoast SEO v17.8) - https:\/\/yoast.com\/wordpress\/plugins\/seo\/ -->\n<title>Dans les failles du Dage de la sant\u00e9 ! | Nettali.com<\/title>\n<meta name=\"robots\" content=\"index, follow, max-snippet:-1, max-image-preview:large, max-video-preview:-1\" \/>\n<link rel=\"canonical\" href=\"https:\/\/www.nettali.com\/2022\/12\/19\/dans-les-failles-du-dage-de-la-sante\/\" \/>\n<meta property=\"og:locale\" content=\"fr_FR\" \/>\n<meta property=\"og:type\" content=\"article\" \/>\n<meta property=\"og:title\" content=\"Dans les failles du Dage de la sant\u00e9 !\" \/>\n<meta property=\"og:description\" content=\"NETTALI.COM - Des constats qui n&#039;en finissent d\u00e9cid\u00e9ment pas sur le minist\u00e8re de la sant\u00e9, dirig\u00e9 \u00e0 l&#039;\u00e9poque par Diouf Sarr et dont la directrice de la sant\u00e9 est l&#039;actuelle ministre Khemesse Ngom Ndiaye. Pour quatorze r\u00e9gions, la collecte des donn\u00e9es financi\u00e8res fait ressortir un financement global de 2 178 863 663 FCFA. Un montant [&hellip;]\" \/>\n<meta property=\"og:url\" content=\"https:\/\/www.nettali.com\/2022\/12\/19\/dans-les-failles-du-dage-de-la-sante\/\" \/>\n<meta property=\"og:site_name\" content=\"Nettali.com\" \/>\n<meta property=\"article:publisher\" content=\"https:\/\/www.facebook.com\/nettalicom\" \/>\n<meta property=\"article:published_time\" content=\"2022-12-19T21:01:40+00:00\" \/>\n<meta property=\"article:modified_time\" content=\"2022-12-19T21:01:59+00:00\" \/>\n<meta property=\"og:image\" content=\"https:\/\/www.nettali.com\/wp-content\/uploads\/2022\/12\/PHOTO-2021-03-16-19-21-31.jpg\" \/>\n\t<meta property=\"og:image:width\" content=\"1080\" \/>\n\t<meta property=\"og:image:height\" content=\"720\" \/>\n<meta name=\"twitter:card\" content=\"summary_large_image\" \/>\n<meta name=\"twitter:label1\" content=\"\u00c9crit par\" \/>\n\t<meta name=\"twitter:data1\" content=\"CK\" \/>\n\t<meta name=\"twitter:label2\" content=\"Dur\u00e9e de lecture estim\u00e9e\" \/>\n\t<meta name=\"twitter:data2\" content=\"2 minutes\" \/>\n<script type=\"application\/ld+json\" class=\"yoast-schema-graph\">{\"@context\":\"https:\/\/schema.org\",\"@graph\":[{\"@type\":\"WebSite\",\"@id\":\"https:\/\/www.nettali.com\/#website\",\"url\":\"https:\/\/www.nettali.com\/\",\"name\":\"Nettali.com\",\"description\":\"Le rendez-vous critique du Net\",\"potentialAction\":[{\"@type\":\"SearchAction\",\"target\":{\"@type\":\"EntryPoint\",\"urlTemplate\":\"https:\/\/www.nettali.com\/?s={search_term_string}\"},\"query-input\":\"required name=search_term_string\"}],\"inLanguage\":\"fr-FR\"},{\"@type\":\"ImageObject\",\"@id\":\"https:\/\/www.nettali.com\/2022\/12\/19\/dans-les-failles-du-dage-de-la-sante\/#primaryimage\",\"inLanguage\":\"fr-FR\",\"url\":\"https:\/\/www.nettali.com\/wp-content\/uploads\/2022\/12\/PHOTO-2021-03-16-19-21-31.jpg\",\"contentUrl\":\"https:\/\/www.nettali.com\/wp-content\/uploads\/2022\/12\/PHOTO-2021-03-16-19-21-31.jpg\",\"width\":1080,\"height\":720},{\"@type\":\"WebPage\",\"@id\":\"https:\/\/www.nettali.com\/2022\/12\/19\/dans-les-failles-du-dage-de-la-sante\/#webpage\",\"url\":\"https:\/\/www.nettali.com\/2022\/12\/19\/dans-les-failles-du-dage-de-la-sante\/\",\"name\":\"Dans les failles du Dage de la sant\\u00e9 ! | Nettali.com\",\"isPartOf\":{\"@id\":\"https:\/\/www.nettali.com\/#website\"},\"primaryImageOfPage\":{\"@id\":\"https:\/\/www.nettali.com\/2022\/12\/19\/dans-les-failles-du-dage-de-la-sante\/#primaryimage\"},\"datePublished\":\"2022-12-19T21:01:40+00:00\",\"dateModified\":\"2022-12-19T21:01:59+00:00\",\"author\":{\"@id\":\"https:\/\/www.nettali.com\/#\/schema\/person\/d8ac7b7e27ddad43f1c0d2ef090d7f71\"},\"breadcrumb\":{\"@id\":\"https:\/\/www.nettali.com\/2022\/12\/19\/dans-les-failles-du-dage-de-la-sante\/#breadcrumb\"},\"inLanguage\":\"fr-FR\",\"potentialAction\":[{\"@type\":\"ReadAction\",\"target\":[\"https:\/\/www.nettali.com\/2022\/12\/19\/dans-les-failles-du-dage-de-la-sante\/\"]}]},{\"@type\":\"BreadcrumbList\",\"@id\":\"https:\/\/www.nettali.com\/2022\/12\/19\/dans-les-failles-du-dage-de-la-sante\/#breadcrumb\",\"itemListElement\":[{\"@type\":\"ListItem\",\"position\":1,\"name\":\"Accueil\",\"item\":\"https:\/\/www.nettali.com\/\"},{\"@type\":\"ListItem\",\"position\":2,\"name\":\"Dans les failles du Dage de la sant\\u00e9 !\"}]},{\"@type\":\"Person\",\"@id\":\"https:\/\/www.nettali.com\/#\/schema\/person\/d8ac7b7e27ddad43f1c0d2ef090d7f71\",\"name\":\"CK\",\"image\":{\"@type\":\"ImageObject\",\"@id\":\"https:\/\/www.nettali.com\/#personlogo\",\"inLanguage\":\"fr-FR\",\"url\":\"https:\/\/secure.gravatar.com\/avatar\/1d8d5118b9327d94da7cd4ce7f17fec2?s=96&d=mm&r=g\",\"contentUrl\":\"https:\/\/secure.gravatar.com\/avatar\/1d8d5118b9327d94da7cd4ce7f17fec2?s=96&d=mm&r=g\",\"caption\":\"CK\"},\"sameAs\":[\"https:\/\/www.nettali.com\"]}]}<\/script>\n<!-- \/ Yoast SEO Premium plugin. -->","yoast_head_json":{"title":"Dans les failles du Dage de la sant\u00e9 ! | Nettali.com","robots":{"index":"index","follow":"follow","max-snippet":"max-snippet:-1","max-image-preview":"max-image-preview:large","max-video-preview":"max-video-preview:-1"},"canonical":"https:\/\/www.nettali.com\/2022\/12\/19\/dans-les-failles-du-dage-de-la-sante\/","og_locale":"fr_FR","og_type":"article","og_title":"Dans les failles du Dage de la sant\u00e9 !","og_description":"NETTALI.COM - Des constats qui n'en finissent d\u00e9cid\u00e9ment pas sur le minist\u00e8re de la sant\u00e9, dirig\u00e9 \u00e0 l'\u00e9poque par Diouf Sarr et dont la directrice de la sant\u00e9 est l'actuelle ministre Khemesse Ngom Ndiaye. Pour quatorze r\u00e9gions, la collecte des donn\u00e9es financi\u00e8res fait ressortir un financement global de 2 178 863 663 FCFA. Un montant [&hellip;]","og_url":"https:\/\/www.nettali.com\/2022\/12\/19\/dans-les-failles-du-dage-de-la-sante\/","og_site_name":"Nettali.com","article_publisher":"https:\/\/www.facebook.com\/nettalicom","article_published_time":"2022-12-19T21:01:40+00:00","article_modified_time":"2022-12-19T21:01:59+00:00","og_image":[{"width":1080,"height":720,"url":"https:\/\/www.nettali.com\/wp-content\/uploads\/2022\/12\/PHOTO-2021-03-16-19-21-31.jpg","type":"image\/jpeg"}],"twitter_card":"summary_large_image","twitter_misc":{"\u00c9crit par":"CK","Dur\u00e9e de lecture estim\u00e9e":"2 minutes"},"schema":{"@context":"https:\/\/schema.org","@graph":[{"@type":"WebSite","@id":"https:\/\/www.nettali.com\/#website","url":"https:\/\/www.nettali.com\/","name":"Nettali.com","description":"Le rendez-vous critique du Net","potentialAction":[{"@type":"SearchAction","target":{"@type":"EntryPoint","urlTemplate":"https:\/\/www.nettali.com\/?s={search_term_string}"},"query-input":"required name=search_term_string"}],"inLanguage":"fr-FR"},{"@type":"ImageObject","@id":"https:\/\/www.nettali.com\/2022\/12\/19\/dans-les-failles-du-dage-de-la-sante\/#primaryimage","inLanguage":"fr-FR","url":"https:\/\/www.nettali.com\/wp-content\/uploads\/2022\/12\/PHOTO-2021-03-16-19-21-31.jpg","contentUrl":"https:\/\/www.nettali.com\/wp-content\/uploads\/2022\/12\/PHOTO-2021-03-16-19-21-31.jpg","width":1080,"height":720},{"@type":"WebPage","@id":"https:\/\/www.nettali.com\/2022\/12\/19\/dans-les-failles-du-dage-de-la-sante\/#webpage","url":"https:\/\/www.nettali.com\/2022\/12\/19\/dans-les-failles-du-dage-de-la-sante\/","name":"Dans les failles du Dage de la sant\u00e9 ! | Nettali.com","isPartOf":{"@id":"https:\/\/www.nettali.com\/#website"},"primaryImageOfPage":{"@id":"https:\/\/www.nettali.com\/2022\/12\/19\/dans-les-failles-du-dage-de-la-sante\/#primaryimage"},"datePublished":"2022-12-19T21:01:40+00:00","dateModified":"2022-12-19T21:01:59+00:00","author":{"@id":"https:\/\/www.nettali.com\/#\/schema\/person\/d8ac7b7e27ddad43f1c0d2ef090d7f71"},"breadcrumb":{"@id":"https:\/\/www.nettali.com\/2022\/12\/19\/dans-les-failles-du-dage-de-la-sante\/#breadcrumb"},"inLanguage":"fr-FR","potentialAction":[{"@type":"ReadAction","target":["https:\/\/www.nettali.com\/2022\/12\/19\/dans-les-failles-du-dage-de-la-sante\/"]}]},{"@type":"BreadcrumbList","@id":"https:\/\/www.nettali.com\/2022\/12\/19\/dans-les-failles-du-dage-de-la-sante\/#breadcrumb","itemListElement":[{"@type":"ListItem","position":1,"name":"Accueil","item":"https:\/\/www.nettali.com\/"},{"@type":"ListItem","position":2,"name":"Dans les failles du Dage de la sant\u00e9 !"}]},{"@type":"Person","@id":"https:\/\/www.nettali.com\/#\/schema\/person\/d8ac7b7e27ddad43f1c0d2ef090d7f71","name":"CK","image":{"@type":"ImageObject","@id":"https:\/\/www.nettali.com\/#personlogo","inLanguage":"fr-FR","url":"https:\/\/secure.gravatar.com\/avatar\/1d8d5118b9327d94da7cd4ce7f17fec2?s=96&d=mm&r=g","contentUrl":"https:\/\/secure.gravatar.com\/avatar\/1d8d5118b9327d94da7cd4ce7f17fec2?s=96&d=mm&r=g","caption":"CK"},"sameAs":["https:\/\/www.nettali.com"]}]}},"_links":{"self":[{"href":"https:\/\/www.nettali.com\/rest\/wp\/v2\/posts\/99899"}],"collection":[{"href":"https:\/\/www.nettali.com\/rest\/wp\/v2\/posts"}],"about":[{"href":"https:\/\/www.nettali.com\/rest\/wp\/v2\/types\/post"}],"author":[{"embeddable":true,"href":"https:\/\/www.nettali.com\/rest\/wp\/v2\/users\/2"}],"replies":[{"embeddable":true,"href":"https:\/\/www.nettali.com\/rest\/wp\/v2\/comments?post=99899"}],"version-history":[{"count":1,"href":"https:\/\/www.nettali.com\/rest\/wp\/v2\/posts\/99899\/revisions"}],"predecessor-version":[{"id":99900,"href":"https:\/\/www.nettali.com\/rest\/wp\/v2\/posts\/99899\/revisions\/99900"}],"wp:featuredmedia":[{"embeddable":true,"href":"https:\/\/www.nettali.com\/rest\/wp\/v2\/media\/99912"}],"wp:attachment":[{"href":"https:\/\/www.nettali.com\/rest\/wp\/v2\/media?parent=99899"}],"wp:term":[{"taxonomy":"category","embeddable":true,"href":"https:\/\/www.nettali.com\/rest\/wp\/v2\/categories?post=99899"},{"taxonomy":"post_tag","embeddable":true,"href":"https:\/\/www.nettali.com\/rest\/wp\/v2\/tags?post=99899"}],"curies":[{"name":"wp","href":"https:\/\/api.w.org\/{rel}","templated":true}]}}