{"id":99869,"date":"2022-12-17T17:24:43","date_gmt":"2022-12-17T17:24:43","guid":{"rendered":"https:\/\/www.nettali.com\/?p=99869"},"modified":"2022-12-17T17:24:43","modified_gmt":"2022-12-17T17:24:43","slug":"nettali-tv-rapport-cour-des-comptes-covid-les-dures-verites-de-mamoudou-ibra-kane","status":"publish","type":"post","link":"https:\/\/www.nettali.com\/2022\/12\/17\/nettali-tv-rapport-cour-des-comptes-covid-les-dures-verites-de-mamoudou-ibra-kane\/","title":{"rendered":"NETTALI TV - Rapport cour des comptes covid : les dures v\u00e9rit\u00e9s de Mamoudou Ibra Kane"},"content":{"rendered":"<p><strong>NETTALI TV - Le rapport de la Cour des comptes sur la gestion de la Covid-19 continue de faire couler beaucoup d\u2019encre et de salives. En effet, les v\u00e9rificateurs ont fait \u00e9tat de beaucoup d\u2019\u00e9carts, \u00e0 la limite des d\u00e9tournement de deniers publics, imputables \u00e0 certains ministres, principalement Abdoulaye Diouf Sarr et Mansour Faye. Mamoudou Ibra Kane, \u00e0 l\u2019occasion d\u2019une \u00e9dition sp\u00e9ciale sur Itv, a cri\u00e9 son indignation, demandant que les autoris\u00e9s suivent les recommandations de la Cour des comptes qui demandent l\u2019ouverture d\u2019une information judiciaire.<\/strong><\/p>\n<p><iframe loading=\"lazy\" title=\"YouTube video player\" src=\"https:\/\/www.youtube.com\/embed\/yY7qWW9JVXg\" width=\"560\" height=\"315\" frameborder=\"0\" allowfullscreen=\"allowfullscreen\"><\/iframe><\/p>\n<p>(Source : iTV)<\/p>\n<div class='share-to-whatsapp-wrapper'><div class='share-on-whsp'>PARTAGER SUR : <\/div><a data-text='NETTALI TV - Rapport cour des comptes covid : les dures v\u00e9rit\u00e9s de Mamoudou Ibra Kane' data-link='https:\/\/www.nettali.com\/2022\/12\/17\/nettali-tv-rapport-cour-des-comptes-covid-les-dures-verites-de-mamoudou-ibra-kane\/' class='whatsapp-button whatsapp-share'>WhatsApp<\/a><div class='clear '><\/div><\/div>","protected":false},"excerpt":{"rendered":"<p>NETTALI TV - Le rapport de la Cour des comptes sur la gestion de la Covid-19 continue de faire couler beaucoup d\u2019encre et de salives. En effet, les v\u00e9rificateurs ont fait \u00e9tat de beaucoup d\u2019\u00e9carts, \u00e0 la limite des d\u00e9tournement de deniers publics, imputables \u00e0 certains ministres, principalement Abdoulaye Diouf Sarr et Mansour Faye. Mamoudou [&hellip;]<\/p>\n","protected":false},"author":1,"featured_media":99870,"comment_status":"open","ping_status":"open","sticky":false,"template":"","format":"standard","meta":{"_et_pb_use_builder":"","_et_pb_old_content":""},"categories":[34941],"tags":[],"yoast_head":"<!-- This site is optimized with the Yoast SEO Premium plugin v17.8 (Yoast SEO v17.8) - https:\/\/yoast.com\/wordpress\/plugins\/seo\/ -->\n<title>NETTALI TV - Rapport cour des comptes covid : les dures v\u00e9rit\u00e9s de Mamoudou Ibra Kane | Nettali.com<\/title>\n<meta name=\"robots\" content=\"index, follow, max-snippet:-1, max-image-preview:large, max-video-preview:-1\" \/>\n<link rel=\"canonical\" href=\"https:\/\/www.nettali.com\/2022\/12\/17\/nettali-tv-rapport-cour-des-comptes-covid-les-dures-verites-de-mamoudou-ibra-kane\/\" \/>\n<meta property=\"og:locale\" content=\"fr_FR\" \/>\n<meta property=\"og:type\" content=\"article\" \/>\n<meta property=\"og:title\" content=\"NETTALI TV - Rapport cour des comptes covid : les dures v\u00e9rit\u00e9s de Mamoudou Ibra Kane\" \/>\n<meta property=\"og:description\" content=\"NETTALI TV - Le rapport de la Cour des comptes sur la gestion de la Covid-19 continue de faire couler beaucoup d\u2019encre et de salives. En effet, les v\u00e9rificateurs ont fait \u00e9tat de beaucoup d\u2019\u00e9carts, \u00e0 la limite des d\u00e9tournement de deniers publics, imputables \u00e0 certains ministres, principalement Abdoulaye Diouf Sarr et Mansour Faye. Mamoudou [&hellip;]\" \/>\n<meta property=\"og:url\" content=\"https:\/\/www.nettali.com\/2022\/12\/17\/nettali-tv-rapport-cour-des-comptes-covid-les-dures-verites-de-mamoudou-ibra-kane\/\" \/>\n<meta property=\"og:site_name\" content=\"Nettali.com\" \/>\n<meta property=\"article:publisher\" content=\"https:\/\/www.facebook.com\/nettalicom\" \/>\n<meta property=\"article:published_time\" content=\"2022-12-17T17:24:43+00:00\" \/>\n<meta property=\"og:image\" content=\"https:\/\/www.nettali.com\/wp-content\/uploads\/2022\/12\/Ibrahima_Kane.jpg\" \/>\n\t<meta property=\"og:image:width\" content=\"1348\" \/>\n\t<meta property=\"og:image:height\" content=\"760\" \/>\n<meta name=\"twitter:card\" content=\"summary_large_image\" \/>\n<meta name=\"twitter:label1\" content=\"\u00c9crit par\" \/>\n\t<meta name=\"twitter:data1\" content=\"admin\" \/>\n\t<meta name=\"twitter:label2\" content=\"Dur\u00e9e de lecture estim\u00e9e\" \/>\n\t<meta name=\"twitter:data2\" content=\"1 minute\" \/>\n<script type=\"application\/ld+json\" class=\"yoast-schema-graph\">{\"@context\":\"https:\/\/schema.org\",\"@graph\":[{\"@type\":\"WebSite\",\"@id\":\"https:\/\/www.nettali.com\/#website\",\"url\":\"https:\/\/www.nettali.com\/\",\"name\":\"Nettali.com\",\"description\":\"Le rendez-vous critique du Net\",\"potentialAction\":[{\"@type\":\"SearchAction\",\"target\":{\"@type\":\"EntryPoint\",\"urlTemplate\":\"https:\/\/www.nettali.com\/?s={search_term_string}\"},\"query-input\":\"required name=search_term_string\"}],\"inLanguage\":\"fr-FR\"},{\"@type\":\"ImageObject\",\"@id\":\"https:\/\/www.nettali.com\/2022\/12\/17\/nettali-tv-rapport-cour-des-comptes-covid-les-dures-verites-de-mamoudou-ibra-kane\/#primaryimage\",\"inLanguage\":\"fr-FR\",\"url\":\"https:\/\/www.nettali.com\/wp-content\/uploads\/2022\/12\/Ibrahima_Kane.jpg\",\"contentUrl\":\"https:\/\/www.nettali.com\/wp-content\/uploads\/2022\/12\/Ibrahima_Kane.jpg\",\"width\":1348,\"height\":760},{\"@type\":\"WebPage\",\"@id\":\"https:\/\/www.nettali.com\/2022\/12\/17\/nettali-tv-rapport-cour-des-comptes-covid-les-dures-verites-de-mamoudou-ibra-kane\/#webpage\",\"url\":\"https:\/\/www.nettali.com\/2022\/12\/17\/nettali-tv-rapport-cour-des-comptes-covid-les-dures-verites-de-mamoudou-ibra-kane\/\",\"name\":\"NETTALI TV - Rapport cour des comptes covid : les dures v\\u00e9rit\\u00e9s de Mamoudou Ibra Kane | Nettali.com\",\"isPartOf\":{\"@id\":\"https:\/\/www.nettali.com\/#website\"},\"primaryImageOfPage\":{\"@id\":\"https:\/\/www.nettali.com\/2022\/12\/17\/nettali-tv-rapport-cour-des-comptes-covid-les-dures-verites-de-mamoudou-ibra-kane\/#primaryimage\"},\"datePublished\":\"2022-12-17T17:24:43+00:00\",\"dateModified\":\"2022-12-17T17:24:43+00:00\",\"author\":{\"@id\":\"https:\/\/www.nettali.com\/#\/schema\/person\/b55afd6240f41be6e738915574d89224\"},\"breadcrumb\":{\"@id\":\"https:\/\/www.nettali.com\/2022\/12\/17\/nettali-tv-rapport-cour-des-comptes-covid-les-dures-verites-de-mamoudou-ibra-kane\/#breadcrumb\"},\"inLanguage\":\"fr-FR\",\"potentialAction\":[{\"@type\":\"ReadAction\",\"target\":[\"https:\/\/www.nettali.com\/2022\/12\/17\/nettali-tv-rapport-cour-des-comptes-covid-les-dures-verites-de-mamoudou-ibra-kane\/\"]}]},{\"@type\":\"BreadcrumbList\",\"@id\":\"https:\/\/www.nettali.com\/2022\/12\/17\/nettali-tv-rapport-cour-des-comptes-covid-les-dures-verites-de-mamoudou-ibra-kane\/#breadcrumb\",\"itemListElement\":[{\"@type\":\"ListItem\",\"position\":1,\"name\":\"Accueil\",\"item\":\"https:\/\/www.nettali.com\/\"},{\"@type\":\"ListItem\",\"position\":2,\"name\":\"NETTALI TV - Rapport cour des comptes covid : les dures v\\u00e9rit\\u00e9s de Mamoudou Ibra Kane\"}]},{\"@type\":\"Person\",\"@id\":\"https:\/\/www.nettali.com\/#\/schema\/person\/b55afd6240f41be6e738915574d89224\",\"name\":\"admin\",\"image\":{\"@type\":\"ImageObject\",\"@id\":\"https:\/\/www.nettali.com\/#personlogo\",\"inLanguage\":\"fr-FR\",\"url\":\"https:\/\/secure.gravatar.com\/avatar\/b5621150edb4e4deb0c6a17df4f9eefe?s=96&d=mm&r=g\",\"contentUrl\":\"https:\/\/secure.gravatar.com\/avatar\/b5621150edb4e4deb0c6a17df4f9eefe?s=96&d=mm&r=g\",\"caption\":\"admin\"}}]}<\/script>\n<!-- \/ Yoast SEO Premium plugin. -->","yoast_head_json":{"title":"NETTALI TV - Rapport cour des comptes covid : les dures v\u00e9rit\u00e9s de Mamoudou Ibra Kane | Nettali.com","robots":{"index":"index","follow":"follow","max-snippet":"max-snippet:-1","max-image-preview":"max-image-preview:large","max-video-preview":"max-video-preview:-1"},"canonical":"https:\/\/www.nettali.com\/2022\/12\/17\/nettali-tv-rapport-cour-des-comptes-covid-les-dures-verites-de-mamoudou-ibra-kane\/","og_locale":"fr_FR","og_type":"article","og_title":"NETTALI TV - Rapport cour des comptes covid : les dures v\u00e9rit\u00e9s de Mamoudou Ibra Kane","og_description":"NETTALI TV - Le rapport de la Cour des comptes sur la gestion de la Covid-19 continue de faire couler beaucoup d\u2019encre et de salives. En effet, les v\u00e9rificateurs ont fait \u00e9tat de beaucoup d\u2019\u00e9carts, \u00e0 la limite des d\u00e9tournement de deniers publics, imputables \u00e0 certains ministres, principalement Abdoulaye Diouf Sarr et Mansour Faye. Mamoudou [&hellip;]","og_url":"https:\/\/www.nettali.com\/2022\/12\/17\/nettali-tv-rapport-cour-des-comptes-covid-les-dures-verites-de-mamoudou-ibra-kane\/","og_site_name":"Nettali.com","article_publisher":"https:\/\/www.facebook.com\/nettalicom","article_published_time":"2022-12-17T17:24:43+00:00","og_image":[{"width":1348,"height":760,"url":"https:\/\/www.nettali.com\/wp-content\/uploads\/2022\/12\/Ibrahima_Kane.jpg","type":"image\/jpeg"}],"twitter_card":"summary_large_image","twitter_misc":{"\u00c9crit par":"admin","Dur\u00e9e de lecture estim\u00e9e":"1 minute"},"schema":{"@context":"https:\/\/schema.org","@graph":[{"@type":"WebSite","@id":"https:\/\/www.nettali.com\/#website","url":"https:\/\/www.nettali.com\/","name":"Nettali.com","description":"Le rendez-vous critique du Net","potentialAction":[{"@type":"SearchAction","target":{"@type":"EntryPoint","urlTemplate":"https:\/\/www.nettali.com\/?s={search_term_string}"},"query-input":"required name=search_term_string"}],"inLanguage":"fr-FR"},{"@type":"ImageObject","@id":"https:\/\/www.nettali.com\/2022\/12\/17\/nettali-tv-rapport-cour-des-comptes-covid-les-dures-verites-de-mamoudou-ibra-kane\/#primaryimage","inLanguage":"fr-FR","url":"https:\/\/www.nettali.com\/wp-content\/uploads\/2022\/12\/Ibrahima_Kane.jpg","contentUrl":"https:\/\/www.nettali.com\/wp-content\/uploads\/2022\/12\/Ibrahima_Kane.jpg","width":1348,"height":760},{"@type":"WebPage","@id":"https:\/\/www.nettali.com\/2022\/12\/17\/nettali-tv-rapport-cour-des-comptes-covid-les-dures-verites-de-mamoudou-ibra-kane\/#webpage","url":"https:\/\/www.nettali.com\/2022\/12\/17\/nettali-tv-rapport-cour-des-comptes-covid-les-dures-verites-de-mamoudou-ibra-kane\/","name":"NETTALI TV - Rapport cour des comptes covid : les dures v\u00e9rit\u00e9s de Mamoudou Ibra Kane | Nettali.com","isPartOf":{"@id":"https:\/\/www.nettali.com\/#website"},"primaryImageOfPage":{"@id":"https:\/\/www.nettali.com\/2022\/12\/17\/nettali-tv-rapport-cour-des-comptes-covid-les-dures-verites-de-mamoudou-ibra-kane\/#primaryimage"},"datePublished":"2022-12-17T17:24:43+00:00","dateModified":"2022-12-17T17:24:43+00:00","author":{"@id":"https:\/\/www.nettali.com\/#\/schema\/person\/b55afd6240f41be6e738915574d89224"},"breadcrumb":{"@id":"https:\/\/www.nettali.com\/2022\/12\/17\/nettali-tv-rapport-cour-des-comptes-covid-les-dures-verites-de-mamoudou-ibra-kane\/#breadcrumb"},"inLanguage":"fr-FR","potentialAction":[{"@type":"ReadAction","target":["https:\/\/www.nettali.com\/2022\/12\/17\/nettali-tv-rapport-cour-des-comptes-covid-les-dures-verites-de-mamoudou-ibra-kane\/"]}]},{"@type":"BreadcrumbList","@id":"https:\/\/www.nettali.com\/2022\/12\/17\/nettali-tv-rapport-cour-des-comptes-covid-les-dures-verites-de-mamoudou-ibra-kane\/#breadcrumb","itemListElement":[{"@type":"ListItem","position":1,"name":"Accueil","item":"https:\/\/www.nettali.com\/"},{"@type":"ListItem","position":2,"name":"NETTALI TV - Rapport cour des comptes covid : les dures v\u00e9rit\u00e9s de Mamoudou Ibra Kane"}]},{"@type":"Person","@id":"https:\/\/www.nettali.com\/#\/schema\/person\/b55afd6240f41be6e738915574d89224","name":"admin","image":{"@type":"ImageObject","@id":"https:\/\/www.nettali.com\/#personlogo","inLanguage":"fr-FR","url":"https:\/\/secure.gravatar.com\/avatar\/b5621150edb4e4deb0c6a17df4f9eefe?s=96&d=mm&r=g","contentUrl":"https:\/\/secure.gravatar.com\/avatar\/b5621150edb4e4deb0c6a17df4f9eefe?s=96&d=mm&r=g","caption":"admin"}}]}},"_links":{"self":[{"href":"https:\/\/www.nettali.com\/rest\/wp\/v2\/posts\/99869"}],"collection":[{"href":"https:\/\/www.nettali.com\/rest\/wp\/v2\/posts"}],"about":[{"href":"https:\/\/www.nettali.com\/rest\/wp\/v2\/types\/post"}],"author":[{"embeddable":true,"href":"https:\/\/www.nettali.com\/rest\/wp\/v2\/users\/1"}],"replies":[{"embeddable":true,"href":"https:\/\/www.nettali.com\/rest\/wp\/v2\/comments?post=99869"}],"version-history":[{"count":1,"href":"https:\/\/www.nettali.com\/rest\/wp\/v2\/posts\/99869\/revisions"}],"predecessor-version":[{"id":99871,"href":"https:\/\/www.nettali.com\/rest\/wp\/v2\/posts\/99869\/revisions\/99871"}],"wp:featuredmedia":[{"embeddable":true,"href":"https:\/\/www.nettali.com\/rest\/wp\/v2\/media\/99870"}],"wp:attachment":[{"href":"https:\/\/www.nettali.com\/rest\/wp\/v2\/media?parent=99869"}],"wp:term":[{"taxonomy":"category","embeddable":true,"href":"https:\/\/www.nettali.com\/rest\/wp\/v2\/categories?post=99869"},{"taxonomy":"post_tag","embeddable":true,"href":"https:\/\/www.nettali.com\/rest\/wp\/v2\/tags?post=99869"}],"curies":[{"name":"wp","href":"https:\/\/api.w.org\/{rel}","templated":true}]}}