{"id":99865,"date":"2022-12-17T16:30:17","date_gmt":"2022-12-17T16:30:17","guid":{"rendered":"https:\/\/www.nettali.com\/?p=99865"},"modified":"2022-12-17T16:33:44","modified_gmt":"2022-12-17T16:33:44","slug":"carriere-internationale-le-dilemme-de-sofiane-diop","status":"publish","type":"post","link":"https:\/\/www.nettali.com\/2022\/12\/17\/carriere-internationale-le-dilemme-de-sofiane-diop\/","title":{"rendered":"CARRI\u00c8RE INTERNATIONALE - Le dilemme de Sofiane Diop!"},"content":{"rendered":"<p><strong>NETTALI.COM - Dans un entretien accord\u00e9 \u00e0 Nice Matin, le jeune milieu de terrain de 22 ans Sofiane Diop a confi\u00e9 toute sa difficult\u00e9 de choisir entre l\u2019\u00e9quipe de France, le Maroc ou le S\u00e9n\u00e9gal.<\/strong><\/p>\n<p>France, le S\u00e9n\u00e9gal ou le Maroc ? N\u00e9 dans l\u2019Hexagone, Sofiane Diop, 22 ans, a aussi des origines s\u00e9n\u00e9galaises et marocaines. Le jeune milieu de terrain\u00a0a donc le choix entre jouer pour les Bleus, les Champions d\u2019Afrique en titre ou encore les Lions de l\u2019Atlas. Un choix pas des plus simples pour celui pass\u00e9 par toutes les s\u00e9lections de jeunes en \u00e9quipe de France, mais jamais appel\u00e9 en \u00e9quipe premi\u00e8re.<\/p>\n<p>Dans un entretien accord\u00e9 \u00e0 Nice Matin, le joueur form\u00e9 au Stade Rennais a promis de prendre une d\u00e9cision pour la suite de sa carri\u00e8re internationale l\u2019\u00e9t\u00e9 prochain.<\/p>\n<p>\"<em>La s\u00e9lection ? Je prendrai ma d\u00e9cision l\u2019\u00e9t\u00e9 prochain<\/em>\", assure-t-il d\u2019abord. Sofiane Diop a ensuite soulign\u00e9 toute la difficult\u00e9 qu\u2019il y a pour lui de choisir entre ces trois pays : \"<em>Mon p\u00e8re est S\u00e9n\u00e9galais, ma m\u00e8re Marocaine, et moi je suis n\u00e9 en France. Ce ne sont pas les meilleures dispositions pour faire un choix quand on parle du champion du monde en titre, du demi-finaliste de ce Mondial et du champion d\u2019Afrique<\/em>\".<\/p>\n<p>Il poursuit : \"<em>on n\u2019est pas \u00e0 l\u2019abri de faire des s\u00e9lections diff\u00e9rentes avec mes fr\u00e8res\u00a0(sourire).\u00a0Ce serait mentir de dire qu\u2019il n\u2019y a pas eu de discussions entre les F\u00e9d\u00e9rations et mes parents, mais je n\u2019ai pas envie de me polluer l\u2019esprit. Je veux faire abstraction de \u00e7a et rester focus sur mon club. J\u2019ai pour objectif de faire l\u2019Euro Espoirs avec la France \u00e0 la fin de saison, je prendrais ma d\u00e9cision ensuite. Elle n\u2019est pas prise pour l\u2019instant<\/em>\".<\/p>\n<div class='share-to-whatsapp-wrapper'><div class='share-on-whsp'>PARTAGER SUR : <\/div><a data-text='CARRI\u00c8RE INTERNATIONALE - Le dilemme de Sofiane Diop!' data-link='https:\/\/www.nettali.com\/2022\/12\/17\/carriere-internationale-le-dilemme-de-sofiane-diop\/' class='whatsapp-button whatsapp-share'>WhatsApp<\/a><div class='clear '><\/div><\/div>","protected":false},"excerpt":{"rendered":"<p>NETTALI.COM - Dans un entretien accord\u00e9 \u00e0 Nice Matin, le jeune milieu de terrain de 22 ans Sofiane Diop a confi\u00e9 toute sa difficult\u00e9 de choisir entre l\u2019\u00e9quipe de France, le Maroc ou le S\u00e9n\u00e9gal. France, le S\u00e9n\u00e9gal ou le Maroc ? N\u00e9 dans l\u2019Hexagone, Sofiane Diop, 22 ans, a aussi des origines s\u00e9n\u00e9galaises et [&hellip;]<\/p>\n","protected":false},"author":5,"featured_media":99866,"comment_status":"open","ping_status":"open","sticky":false,"template":"","format":"standard","meta":{"_et_pb_use_builder":"","_et_pb_old_content":""},"categories":[6],"tags":[],"yoast_head":"<!-- This site is optimized with the Yoast SEO Premium plugin v17.8 (Yoast SEO v17.8) - https:\/\/yoast.com\/wordpress\/plugins\/seo\/ -->\n<title>CARRI\u00c8RE INTERNATIONALE - Le dilemme de Sofiane Diop! | Nettali.com<\/title>\n<meta name=\"robots\" content=\"index, follow, max-snippet:-1, max-image-preview:large, max-video-preview:-1\" \/>\n<link rel=\"canonical\" href=\"https:\/\/www.nettali.com\/2022\/12\/17\/carriere-internationale-le-dilemme-de-sofiane-diop\/\" \/>\n<meta property=\"og:locale\" content=\"fr_FR\" \/>\n<meta property=\"og:type\" content=\"article\" \/>\n<meta property=\"og:title\" content=\"CARRI\u00c8RE INTERNATIONALE - Le dilemme de Sofiane Diop!\" \/>\n<meta property=\"og:description\" content=\"NETTALI.COM - Dans un entretien accord\u00e9 \u00e0 Nice Matin, le jeune milieu de terrain de 22 ans Sofiane Diop a confi\u00e9 toute sa difficult\u00e9 de choisir entre l\u2019\u00e9quipe de France, le Maroc ou le S\u00e9n\u00e9gal. France, le S\u00e9n\u00e9gal ou le Maroc ? N\u00e9 dans l\u2019Hexagone, Sofiane Diop, 22 ans, a aussi des origines s\u00e9n\u00e9galaises et [&hellip;]\" \/>\n<meta property=\"og:url\" content=\"https:\/\/www.nettali.com\/2022\/12\/17\/carriere-internationale-le-dilemme-de-sofiane-diop\/\" \/>\n<meta property=\"og:site_name\" content=\"Nettali.com\" \/>\n<meta property=\"article:publisher\" content=\"https:\/\/www.facebook.com\/nettalicom\" \/>\n<meta property=\"article:published_time\" content=\"2022-12-17T16:30:17+00:00\" \/>\n<meta property=\"article:modified_time\" content=\"2022-12-17T16:33:44+00:00\" \/>\n<meta property=\"og:image\" content=\"https:\/\/www.nettali.com\/wp-content\/uploads\/2022\/12\/Diop_UneH.jpg\" \/>\n\t<meta property=\"og:image:width\" content=\"1920\" \/>\n\t<meta property=\"og:image:height\" content=\"1080\" \/>\n<meta name=\"twitter:card\" content=\"summary_large_image\" \/>\n<meta name=\"twitter:label1\" content=\"\u00c9crit par\" \/>\n\t<meta name=\"twitter:data1\" content=\"Ibrahima\" \/>\n\t<meta name=\"twitter:label2\" content=\"Dur\u00e9e de lecture estim\u00e9e\" \/>\n\t<meta name=\"twitter:data2\" content=\"2 minutes\" \/>\n<script type=\"application\/ld+json\" class=\"yoast-schema-graph\">{\"@context\":\"https:\/\/schema.org\",\"@graph\":[{\"@type\":\"WebSite\",\"@id\":\"https:\/\/www.nettali.com\/#website\",\"url\":\"https:\/\/www.nettali.com\/\",\"name\":\"Nettali.com\",\"description\":\"Le rendez-vous critique du Net\",\"potentialAction\":[{\"@type\":\"SearchAction\",\"target\":{\"@type\":\"EntryPoint\",\"urlTemplate\":\"https:\/\/www.nettali.com\/?s={search_term_string}\"},\"query-input\":\"required name=search_term_string\"}],\"inLanguage\":\"fr-FR\"},{\"@type\":\"ImageObject\",\"@id\":\"https:\/\/www.nettali.com\/2022\/12\/17\/carriere-internationale-le-dilemme-de-sofiane-diop\/#primaryimage\",\"inLanguage\":\"fr-FR\",\"url\":\"https:\/\/www.nettali.com\/wp-content\/uploads\/2022\/12\/Diop_UneH.jpg\",\"contentUrl\":\"https:\/\/www.nettali.com\/wp-content\/uploads\/2022\/12\/Diop_UneH.jpg\",\"width\":1920,\"height\":1080},{\"@type\":\"WebPage\",\"@id\":\"https:\/\/www.nettali.com\/2022\/12\/17\/carriere-internationale-le-dilemme-de-sofiane-diop\/#webpage\",\"url\":\"https:\/\/www.nettali.com\/2022\/12\/17\/carriere-internationale-le-dilemme-de-sofiane-diop\/\",\"name\":\"CARRI\\u00c8RE INTERNATIONALE - Le dilemme de Sofiane Diop! | Nettali.com\",\"isPartOf\":{\"@id\":\"https:\/\/www.nettali.com\/#website\"},\"primaryImageOfPage\":{\"@id\":\"https:\/\/www.nettali.com\/2022\/12\/17\/carriere-internationale-le-dilemme-de-sofiane-diop\/#primaryimage\"},\"datePublished\":\"2022-12-17T16:30:17+00:00\",\"dateModified\":\"2022-12-17T16:33:44+00:00\",\"author\":{\"@id\":\"https:\/\/www.nettali.com\/#\/schema\/person\/bb147657c2986240405a608162b9bb23\"},\"breadcrumb\":{\"@id\":\"https:\/\/www.nettali.com\/2022\/12\/17\/carriere-internationale-le-dilemme-de-sofiane-diop\/#breadcrumb\"},\"inLanguage\":\"fr-FR\",\"potentialAction\":[{\"@type\":\"ReadAction\",\"target\":[\"https:\/\/www.nettali.com\/2022\/12\/17\/carriere-internationale-le-dilemme-de-sofiane-diop\/\"]}]},{\"@type\":\"BreadcrumbList\",\"@id\":\"https:\/\/www.nettali.com\/2022\/12\/17\/carriere-internationale-le-dilemme-de-sofiane-diop\/#breadcrumb\",\"itemListElement\":[{\"@type\":\"ListItem\",\"position\":1,\"name\":\"Accueil\",\"item\":\"https:\/\/www.nettali.com\/\"},{\"@type\":\"ListItem\",\"position\":2,\"name\":\"CARRI\\u00c8RE INTERNATIONALE - Le dilemme de Sofiane Diop!\"}]},{\"@type\":\"Person\",\"@id\":\"https:\/\/www.nettali.com\/#\/schema\/person\/bb147657c2986240405a608162b9bb23\",\"name\":\"Ibrahima\",\"image\":{\"@type\":\"ImageObject\",\"@id\":\"https:\/\/www.nettali.com\/#personlogo\",\"inLanguage\":\"fr-FR\",\"url\":\"https:\/\/secure.gravatar.com\/avatar\/26a8a81f09f0dd7624c9d5c36c9ba3a2?s=96&d=mm&r=g\",\"contentUrl\":\"https:\/\/secure.gravatar.com\/avatar\/26a8a81f09f0dd7624c9d5c36c9ba3a2?s=96&d=mm&r=g\",\"caption\":\"Ibrahima\"},\"sameAs\":[\"https:\/\/www.nettali.com\"]}]}<\/script>\n<!-- \/ Yoast SEO Premium plugin. -->","yoast_head_json":{"title":"CARRI\u00c8RE INTERNATIONALE - Le dilemme de Sofiane Diop! | Nettali.com","robots":{"index":"index","follow":"follow","max-snippet":"max-snippet:-1","max-image-preview":"max-image-preview:large","max-video-preview":"max-video-preview:-1"},"canonical":"https:\/\/www.nettali.com\/2022\/12\/17\/carriere-internationale-le-dilemme-de-sofiane-diop\/","og_locale":"fr_FR","og_type":"article","og_title":"CARRI\u00c8RE INTERNATIONALE - Le dilemme de Sofiane Diop!","og_description":"NETTALI.COM - Dans un entretien accord\u00e9 \u00e0 Nice Matin, le jeune milieu de terrain de 22 ans Sofiane Diop a confi\u00e9 toute sa difficult\u00e9 de choisir entre l\u2019\u00e9quipe de France, le Maroc ou le S\u00e9n\u00e9gal. France, le S\u00e9n\u00e9gal ou le Maroc ? N\u00e9 dans l\u2019Hexagone, Sofiane Diop, 22 ans, a aussi des origines s\u00e9n\u00e9galaises et [&hellip;]","og_url":"https:\/\/www.nettali.com\/2022\/12\/17\/carriere-internationale-le-dilemme-de-sofiane-diop\/","og_site_name":"Nettali.com","article_publisher":"https:\/\/www.facebook.com\/nettalicom","article_published_time":"2022-12-17T16:30:17+00:00","article_modified_time":"2022-12-17T16:33:44+00:00","og_image":[{"width":1920,"height":1080,"url":"https:\/\/www.nettali.com\/wp-content\/uploads\/2022\/12\/Diop_UneH.jpg","type":"image\/jpeg"}],"twitter_card":"summary_large_image","twitter_misc":{"\u00c9crit par":"Ibrahima","Dur\u00e9e de lecture estim\u00e9e":"2 minutes"},"schema":{"@context":"https:\/\/schema.org","@graph":[{"@type":"WebSite","@id":"https:\/\/www.nettali.com\/#website","url":"https:\/\/www.nettali.com\/","name":"Nettali.com","description":"Le rendez-vous critique du Net","potentialAction":[{"@type":"SearchAction","target":{"@type":"EntryPoint","urlTemplate":"https:\/\/www.nettali.com\/?s={search_term_string}"},"query-input":"required name=search_term_string"}],"inLanguage":"fr-FR"},{"@type":"ImageObject","@id":"https:\/\/www.nettali.com\/2022\/12\/17\/carriere-internationale-le-dilemme-de-sofiane-diop\/#primaryimage","inLanguage":"fr-FR","url":"https:\/\/www.nettali.com\/wp-content\/uploads\/2022\/12\/Diop_UneH.jpg","contentUrl":"https:\/\/www.nettali.com\/wp-content\/uploads\/2022\/12\/Diop_UneH.jpg","width":1920,"height":1080},{"@type":"WebPage","@id":"https:\/\/www.nettali.com\/2022\/12\/17\/carriere-internationale-le-dilemme-de-sofiane-diop\/#webpage","url":"https:\/\/www.nettali.com\/2022\/12\/17\/carriere-internationale-le-dilemme-de-sofiane-diop\/","name":"CARRI\u00c8RE INTERNATIONALE - Le dilemme de Sofiane Diop! | Nettali.com","isPartOf":{"@id":"https:\/\/www.nettali.com\/#website"},"primaryImageOfPage":{"@id":"https:\/\/www.nettali.com\/2022\/12\/17\/carriere-internationale-le-dilemme-de-sofiane-diop\/#primaryimage"},"datePublished":"2022-12-17T16:30:17+00:00","dateModified":"2022-12-17T16:33:44+00:00","author":{"@id":"https:\/\/www.nettali.com\/#\/schema\/person\/bb147657c2986240405a608162b9bb23"},"breadcrumb":{"@id":"https:\/\/www.nettali.com\/2022\/12\/17\/carriere-internationale-le-dilemme-de-sofiane-diop\/#breadcrumb"},"inLanguage":"fr-FR","potentialAction":[{"@type":"ReadAction","target":["https:\/\/www.nettali.com\/2022\/12\/17\/carriere-internationale-le-dilemme-de-sofiane-diop\/"]}]},{"@type":"BreadcrumbList","@id":"https:\/\/www.nettali.com\/2022\/12\/17\/carriere-internationale-le-dilemme-de-sofiane-diop\/#breadcrumb","itemListElement":[{"@type":"ListItem","position":1,"name":"Accueil","item":"https:\/\/www.nettali.com\/"},{"@type":"ListItem","position":2,"name":"CARRI\u00c8RE INTERNATIONALE - Le dilemme de Sofiane Diop!"}]},{"@type":"Person","@id":"https:\/\/www.nettali.com\/#\/schema\/person\/bb147657c2986240405a608162b9bb23","name":"Ibrahima","image":{"@type":"ImageObject","@id":"https:\/\/www.nettali.com\/#personlogo","inLanguage":"fr-FR","url":"https:\/\/secure.gravatar.com\/avatar\/26a8a81f09f0dd7624c9d5c36c9ba3a2?s=96&d=mm&r=g","contentUrl":"https:\/\/secure.gravatar.com\/avatar\/26a8a81f09f0dd7624c9d5c36c9ba3a2?s=96&d=mm&r=g","caption":"Ibrahima"},"sameAs":["https:\/\/www.nettali.com"]}]}},"_links":{"self":[{"href":"https:\/\/www.nettali.com\/rest\/wp\/v2\/posts\/99865"}],"collection":[{"href":"https:\/\/www.nettali.com\/rest\/wp\/v2\/posts"}],"about":[{"href":"https:\/\/www.nettali.com\/rest\/wp\/v2\/types\/post"}],"author":[{"embeddable":true,"href":"https:\/\/www.nettali.com\/rest\/wp\/v2\/users\/5"}],"replies":[{"embeddable":true,"href":"https:\/\/www.nettali.com\/rest\/wp\/v2\/comments?post=99865"}],"version-history":[{"count":2,"href":"https:\/\/www.nettali.com\/rest\/wp\/v2\/posts\/99865\/revisions"}],"predecessor-version":[{"id":99868,"href":"https:\/\/www.nettali.com\/rest\/wp\/v2\/posts\/99865\/revisions\/99868"}],"wp:featuredmedia":[{"embeddable":true,"href":"https:\/\/www.nettali.com\/rest\/wp\/v2\/media\/99866"}],"wp:attachment":[{"href":"https:\/\/www.nettali.com\/rest\/wp\/v2\/media?parent=99865"}],"wp:term":[{"taxonomy":"category","embeddable":true,"href":"https:\/\/www.nettali.com\/rest\/wp\/v2\/categories?post=99865"},{"taxonomy":"post_tag","embeddable":true,"href":"https:\/\/www.nettali.com\/rest\/wp\/v2\/tags?post=99865"}],"curies":[{"name":"wp","href":"https:\/\/api.w.org\/{rel}","templated":true}]}}