{"id":99861,"date":"2022-12-17T13:31:47","date_gmt":"2022-12-17T13:31:47","guid":{"rendered":"https:\/\/www.nettali.com\/?p=99861"},"modified":"2022-12-17T13:33:32","modified_gmt":"2022-12-17T13:33:32","slug":"finale-cdm-2022-zidane-decline-linvitation-de-la-fff","status":"publish","type":"post","link":"https:\/\/www.nettali.com\/2022\/12\/17\/finale-cdm-2022-zidane-decline-linvitation-de-la-fff\/","title":{"rendered":"FINALE CDM 2022 - Zidane d\u00e9cline l'invitation de la FFF"},"content":{"rendered":"<p><strong>NETTALI.COM - Invit\u00e9 par la f\u00e9d\u00e9ration fran\u00e7aise de football (FFF) \u00e0 se rendre au Qatar pour la finale du Mondial, Zinedine Zidane a pr\u00e9f\u00e9r\u00e9 d\u00e9cliner la proposition. Lui aussi invit\u00e9 mais par Emmanuel Macron, Michel Platini a \u00e9galement refus\u00e9 d'assister \u00e0 la finale face \u00e0 l'Argentine.<\/strong><\/p>\n<p>Ce dimanche (15h), face \u00e0 l'Argentine en finale de la Coupe du Monde 2022,\u00a0l'\u00e9quipe de France\u00a0a rendez-vous avec son histoire ! La s\u00e9lection tricolore peut d\u00e9crocher sa troisi\u00e8me \u00e9toile et devenir ainsi la quatri\u00e8me nation la plus titr\u00e9e de l'histoire (derri\u00e8re le Br\u00e9sil, l'Allemagne et l'Italie). Une rencontre qui se d\u00e9roulera sans deux des plus grandes l\u00e9gendes du football fran\u00e7ais...<\/p>\n<p><strong>Zinedine Zidane d\u00e9cline la proposition...<\/strong><\/p>\n<p>Malgr\u00e9 une invitation de la f\u00e9d\u00e9ration fran\u00e7aise de football (FFF), Zinedine Zidane a d\u00e9cid\u00e9 de ne pas se rendre au Lusail Stadium, d'apr\u00e8s\u00a0RMC Sport.\u00a0L'ancien num\u00e9ro 10 des Bleus a remerci\u00e9 No\u00ebl Le Gra\u00ebt pour sa proposition mais n'a pas souhait\u00e9 faire partie du voyage. Au total, la FFF a d\u00e9cid\u00e9 d'inviter une vingtaine d'ex-joueurs tricolores, tous vainqueurs d'une grande comp\u00e9tition avec l'\u00e9quipe de France (Euro 1984 et 2000, CDM 1998 et 2018), via le club des anciens internationaux (CIF). Roger Lemerre, Sidney Govou et Steve Savidan ont accept\u00e9 l'invitation.<\/p>\n<p>Le refus de Zinedine Zidane a-t-il \u00e0 voir avec les r\u00e9centes rumeurs autour d'une prolongation de Didier Deschamps\u00a0\u00e0 la t\u00eate des Bleus ? Sans club depuis son d\u00e9part du Real Madrid \u00e0 l'\u00e9t\u00e9 2021, l'entra\u00eeneur de 50 ans semblait n'attendre qu'une seule chose : que le poste de s\u00e9lectionneur se lib\u00e8re. Mais le nouveau parcours r\u00e9ussi des Bleus, sous les ordres de son ancien co\u00e9quipier, risque de mettre \u00e0 mal ses projets...<\/p>\n<p><strong>Michel Platini aussi !<\/strong><\/p>\n<p>Pas de Zinedine Zidane donc, ni de Michel Platini... Le triple Ballon d'Or n'a pas \u00e9t\u00e9 invit\u00e9 par la FFF mais directement par le pr\u00e9sident de la R\u00e9publique Emmanuel Macron ! Selon\u00a0Europe 1, l'ancien pr\u00e9sident de l'UEFA, aujourd'hui \u00e2g\u00e9 de 67 ans, a refus\u00e9 de se rendre au Qatar car il ne souhaite pas rencontrer des membres de la FIFA, qu'il juge responsable de sa chute. En juillet dernier,\u00a0Michel Platini a \u00e9t\u00e9 acquitt\u00e9\u00a0dans le proc\u00e8s du \"<em>FIFAgate<\/em>\" o\u00f9 il \u00e9tait accus\u00e9 de corruption.<\/p>\n<div class='share-to-whatsapp-wrapper'><div class='share-on-whsp'>PARTAGER SUR : <\/div><a data-text='FINALE CDM 2022 - Zidane d\u00e9cline l'invitation de la FFF' data-link='https:\/\/www.nettali.com\/2022\/12\/17\/finale-cdm-2022-zidane-decline-linvitation-de-la-fff\/' class='whatsapp-button whatsapp-share'>WhatsApp<\/a><div class='clear '><\/div><\/div>","protected":false},"excerpt":{"rendered":"<p>NETTALI.COM - Invit\u00e9 par la f\u00e9d\u00e9ration fran\u00e7aise de football (FFF) \u00e0 se rendre au Qatar pour la finale du Mondial, Zinedine Zidane a pr\u00e9f\u00e9r\u00e9 d\u00e9cliner la proposition. Lui aussi invit\u00e9 mais par Emmanuel Macron, Michel Platini a \u00e9galement refus\u00e9 d'assister \u00e0 la finale face \u00e0 l'Argentine. Ce dimanche (15h), face \u00e0 l'Argentine en finale de [&hellip;]<\/p>\n","protected":false},"author":5,"featured_media":99862,"comment_status":"open","ping_status":"open","sticky":false,"template":"","format":"standard","meta":{"_et_pb_use_builder":"","_et_pb_old_content":""},"categories":[6],"tags":[],"yoast_head":"<!-- This site is optimized with the Yoast SEO Premium plugin v17.8 (Yoast SEO v17.8) - https:\/\/yoast.com\/wordpress\/plugins\/seo\/ -->\n<title>FINALE CDM 2022 - Zidane d\u00e9cline l&#039;invitation de la FFF | Nettali.com<\/title>\n<meta name=\"robots\" content=\"index, follow, max-snippet:-1, max-image-preview:large, max-video-preview:-1\" \/>\n<link rel=\"canonical\" href=\"https:\/\/www.nettali.com\/2022\/12\/17\/finale-cdm-2022-zidane-decline-linvitation-de-la-fff\/\" \/>\n<meta property=\"og:locale\" content=\"fr_FR\" \/>\n<meta property=\"og:type\" content=\"article\" \/>\n<meta property=\"og:title\" content=\"FINALE CDM 2022 - Zidane d\u00e9cline l&#039;invitation de la FFF\" \/>\n<meta property=\"og:description\" content=\"NETTALI.COM - Invit\u00e9 par la f\u00e9d\u00e9ration fran\u00e7aise de football (FFF) \u00e0 se rendre au Qatar pour la finale du Mondial, Zinedine Zidane a pr\u00e9f\u00e9r\u00e9 d\u00e9cliner la proposition. Lui aussi invit\u00e9 mais par Emmanuel Macron, Michel Platini a \u00e9galement refus\u00e9 d&#039;assister \u00e0 la finale face \u00e0 l&#039;Argentine. Ce dimanche (15h), face \u00e0 l&#039;Argentine en finale de [&hellip;]\" \/>\n<meta property=\"og:url\" content=\"https:\/\/www.nettali.com\/2022\/12\/17\/finale-cdm-2022-zidane-decline-linvitation-de-la-fff\/\" \/>\n<meta property=\"og:site_name\" content=\"Nettali.com\" \/>\n<meta property=\"article:publisher\" content=\"https:\/\/www.facebook.com\/nettalicom\" \/>\n<meta property=\"article:published_time\" content=\"2022-12-17T13:31:47+00:00\" \/>\n<meta property=\"article:modified_time\" content=\"2022-12-17T13:33:32+00:00\" \/>\n<meta property=\"og:image\" content=\"https:\/\/www.nettali.com\/wp-content\/uploads\/2022\/12\/177212.jpeg\" \/>\n\t<meta property=\"og:image:width\" content=\"1200\" \/>\n\t<meta property=\"og:image:height\" content=\"675\" \/>\n<meta name=\"twitter:card\" content=\"summary_large_image\" \/>\n<meta name=\"twitter:label1\" content=\"\u00c9crit par\" \/>\n\t<meta name=\"twitter:data1\" content=\"Ibrahima\" \/>\n\t<meta name=\"twitter:label2\" content=\"Dur\u00e9e de lecture estim\u00e9e\" \/>\n\t<meta name=\"twitter:data2\" content=\"2 minutes\" \/>\n<script type=\"application\/ld+json\" class=\"yoast-schema-graph\">{\"@context\":\"https:\/\/schema.org\",\"@graph\":[{\"@type\":\"WebSite\",\"@id\":\"https:\/\/www.nettali.com\/#website\",\"url\":\"https:\/\/www.nettali.com\/\",\"name\":\"Nettali.com\",\"description\":\"Le rendez-vous critique du Net\",\"potentialAction\":[{\"@type\":\"SearchAction\",\"target\":{\"@type\":\"EntryPoint\",\"urlTemplate\":\"https:\/\/www.nettali.com\/?s={search_term_string}\"},\"query-input\":\"required name=search_term_string\"}],\"inLanguage\":\"fr-FR\"},{\"@type\":\"ImageObject\",\"@id\":\"https:\/\/www.nettali.com\/2022\/12\/17\/finale-cdm-2022-zidane-decline-linvitation-de-la-fff\/#primaryimage\",\"inLanguage\":\"fr-FR\",\"url\":\"https:\/\/www.nettali.com\/wp-content\/uploads\/2022\/12\/177212.jpeg\",\"contentUrl\":\"https:\/\/www.nettali.com\/wp-content\/uploads\/2022\/12\/177212.jpeg\",\"width\":1200,\"height\":675},{\"@type\":\"WebPage\",\"@id\":\"https:\/\/www.nettali.com\/2022\/12\/17\/finale-cdm-2022-zidane-decline-linvitation-de-la-fff\/#webpage\",\"url\":\"https:\/\/www.nettali.com\/2022\/12\/17\/finale-cdm-2022-zidane-decline-linvitation-de-la-fff\/\",\"name\":\"FINALE CDM 2022 - Zidane d\\u00e9cline l'invitation de la FFF | Nettali.com\",\"isPartOf\":{\"@id\":\"https:\/\/www.nettali.com\/#website\"},\"primaryImageOfPage\":{\"@id\":\"https:\/\/www.nettali.com\/2022\/12\/17\/finale-cdm-2022-zidane-decline-linvitation-de-la-fff\/#primaryimage\"},\"datePublished\":\"2022-12-17T13:31:47+00:00\",\"dateModified\":\"2022-12-17T13:33:32+00:00\",\"author\":{\"@id\":\"https:\/\/www.nettali.com\/#\/schema\/person\/bb147657c2986240405a608162b9bb23\"},\"breadcrumb\":{\"@id\":\"https:\/\/www.nettali.com\/2022\/12\/17\/finale-cdm-2022-zidane-decline-linvitation-de-la-fff\/#breadcrumb\"},\"inLanguage\":\"fr-FR\",\"potentialAction\":[{\"@type\":\"ReadAction\",\"target\":[\"https:\/\/www.nettali.com\/2022\/12\/17\/finale-cdm-2022-zidane-decline-linvitation-de-la-fff\/\"]}]},{\"@type\":\"BreadcrumbList\",\"@id\":\"https:\/\/www.nettali.com\/2022\/12\/17\/finale-cdm-2022-zidane-decline-linvitation-de-la-fff\/#breadcrumb\",\"itemListElement\":[{\"@type\":\"ListItem\",\"position\":1,\"name\":\"Accueil\",\"item\":\"https:\/\/www.nettali.com\/\"},{\"@type\":\"ListItem\",\"position\":2,\"name\":\"FINALE CDM 2022 - Zidane d\\u00e9cline l'invitation de la FFF\"}]},{\"@type\":\"Person\",\"@id\":\"https:\/\/www.nettali.com\/#\/schema\/person\/bb147657c2986240405a608162b9bb23\",\"name\":\"Ibrahima\",\"image\":{\"@type\":\"ImageObject\",\"@id\":\"https:\/\/www.nettali.com\/#personlogo\",\"inLanguage\":\"fr-FR\",\"url\":\"https:\/\/secure.gravatar.com\/avatar\/26a8a81f09f0dd7624c9d5c36c9ba3a2?s=96&d=mm&r=g\",\"contentUrl\":\"https:\/\/secure.gravatar.com\/avatar\/26a8a81f09f0dd7624c9d5c36c9ba3a2?s=96&d=mm&r=g\",\"caption\":\"Ibrahima\"},\"sameAs\":[\"https:\/\/www.nettali.com\"]}]}<\/script>\n<!-- \/ Yoast SEO Premium plugin. -->","yoast_head_json":{"title":"FINALE CDM 2022 - Zidane d\u00e9cline l'invitation de la FFF | Nettali.com","robots":{"index":"index","follow":"follow","max-snippet":"max-snippet:-1","max-image-preview":"max-image-preview:large","max-video-preview":"max-video-preview:-1"},"canonical":"https:\/\/www.nettali.com\/2022\/12\/17\/finale-cdm-2022-zidane-decline-linvitation-de-la-fff\/","og_locale":"fr_FR","og_type":"article","og_title":"FINALE CDM 2022 - Zidane d\u00e9cline l'invitation de la FFF","og_description":"NETTALI.COM - Invit\u00e9 par la f\u00e9d\u00e9ration fran\u00e7aise de football (FFF) \u00e0 se rendre au Qatar pour la finale du Mondial, Zinedine Zidane a pr\u00e9f\u00e9r\u00e9 d\u00e9cliner la proposition. Lui aussi invit\u00e9 mais par Emmanuel Macron, Michel Platini a \u00e9galement refus\u00e9 d'assister \u00e0 la finale face \u00e0 l'Argentine. Ce dimanche (15h), face \u00e0 l'Argentine en finale de [&hellip;]","og_url":"https:\/\/www.nettali.com\/2022\/12\/17\/finale-cdm-2022-zidane-decline-linvitation-de-la-fff\/","og_site_name":"Nettali.com","article_publisher":"https:\/\/www.facebook.com\/nettalicom","article_published_time":"2022-12-17T13:31:47+00:00","article_modified_time":"2022-12-17T13:33:32+00:00","og_image":[{"width":1200,"height":675,"url":"https:\/\/www.nettali.com\/wp-content\/uploads\/2022\/12\/177212.jpeg","type":"image\/jpeg"}],"twitter_card":"summary_large_image","twitter_misc":{"\u00c9crit par":"Ibrahima","Dur\u00e9e de lecture estim\u00e9e":"2 minutes"},"schema":{"@context":"https:\/\/schema.org","@graph":[{"@type":"WebSite","@id":"https:\/\/www.nettali.com\/#website","url":"https:\/\/www.nettali.com\/","name":"Nettali.com","description":"Le rendez-vous critique du Net","potentialAction":[{"@type":"SearchAction","target":{"@type":"EntryPoint","urlTemplate":"https:\/\/www.nettali.com\/?s={search_term_string}"},"query-input":"required name=search_term_string"}],"inLanguage":"fr-FR"},{"@type":"ImageObject","@id":"https:\/\/www.nettali.com\/2022\/12\/17\/finale-cdm-2022-zidane-decline-linvitation-de-la-fff\/#primaryimage","inLanguage":"fr-FR","url":"https:\/\/www.nettali.com\/wp-content\/uploads\/2022\/12\/177212.jpeg","contentUrl":"https:\/\/www.nettali.com\/wp-content\/uploads\/2022\/12\/177212.jpeg","width":1200,"height":675},{"@type":"WebPage","@id":"https:\/\/www.nettali.com\/2022\/12\/17\/finale-cdm-2022-zidane-decline-linvitation-de-la-fff\/#webpage","url":"https:\/\/www.nettali.com\/2022\/12\/17\/finale-cdm-2022-zidane-decline-linvitation-de-la-fff\/","name":"FINALE CDM 2022 - Zidane d\u00e9cline l'invitation de la FFF | Nettali.com","isPartOf":{"@id":"https:\/\/www.nettali.com\/#website"},"primaryImageOfPage":{"@id":"https:\/\/www.nettali.com\/2022\/12\/17\/finale-cdm-2022-zidane-decline-linvitation-de-la-fff\/#primaryimage"},"datePublished":"2022-12-17T13:31:47+00:00","dateModified":"2022-12-17T13:33:32+00:00","author":{"@id":"https:\/\/www.nettali.com\/#\/schema\/person\/bb147657c2986240405a608162b9bb23"},"breadcrumb":{"@id":"https:\/\/www.nettali.com\/2022\/12\/17\/finale-cdm-2022-zidane-decline-linvitation-de-la-fff\/#breadcrumb"},"inLanguage":"fr-FR","potentialAction":[{"@type":"ReadAction","target":["https:\/\/www.nettali.com\/2022\/12\/17\/finale-cdm-2022-zidane-decline-linvitation-de-la-fff\/"]}]},{"@type":"BreadcrumbList","@id":"https:\/\/www.nettali.com\/2022\/12\/17\/finale-cdm-2022-zidane-decline-linvitation-de-la-fff\/#breadcrumb","itemListElement":[{"@type":"ListItem","position":1,"name":"Accueil","item":"https:\/\/www.nettali.com\/"},{"@type":"ListItem","position":2,"name":"FINALE CDM 2022 - Zidane d\u00e9cline l'invitation de la FFF"}]},{"@type":"Person","@id":"https:\/\/www.nettali.com\/#\/schema\/person\/bb147657c2986240405a608162b9bb23","name":"Ibrahima","image":{"@type":"ImageObject","@id":"https:\/\/www.nettali.com\/#personlogo","inLanguage":"fr-FR","url":"https:\/\/secure.gravatar.com\/avatar\/26a8a81f09f0dd7624c9d5c36c9ba3a2?s=96&d=mm&r=g","contentUrl":"https:\/\/secure.gravatar.com\/avatar\/26a8a81f09f0dd7624c9d5c36c9ba3a2?s=96&d=mm&r=g","caption":"Ibrahima"},"sameAs":["https:\/\/www.nettali.com"]}]}},"_links":{"self":[{"href":"https:\/\/www.nettali.com\/rest\/wp\/v2\/posts\/99861"}],"collection":[{"href":"https:\/\/www.nettali.com\/rest\/wp\/v2\/posts"}],"about":[{"href":"https:\/\/www.nettali.com\/rest\/wp\/v2\/types\/post"}],"author":[{"embeddable":true,"href":"https:\/\/www.nettali.com\/rest\/wp\/v2\/users\/5"}],"replies":[{"embeddable":true,"href":"https:\/\/www.nettali.com\/rest\/wp\/v2\/comments?post=99861"}],"version-history":[{"count":1,"href":"https:\/\/www.nettali.com\/rest\/wp\/v2\/posts\/99861\/revisions"}],"predecessor-version":[{"id":99863,"href":"https:\/\/www.nettali.com\/rest\/wp\/v2\/posts\/99861\/revisions\/99863"}],"wp:featuredmedia":[{"embeddable":true,"href":"https:\/\/www.nettali.com\/rest\/wp\/v2\/media\/99862"}],"wp:attachment":[{"href":"https:\/\/www.nettali.com\/rest\/wp\/v2\/media?parent=99861"}],"wp:term":[{"taxonomy":"category","embeddable":true,"href":"https:\/\/www.nettali.com\/rest\/wp\/v2\/categories?post=99861"},{"taxonomy":"post_tag","embeddable":true,"href":"https:\/\/www.nettali.com\/rest\/wp\/v2\/tags?post=99861"}],"curies":[{"name":"wp","href":"https:\/\/api.w.org\/{rel}","templated":true}]}}