{"id":99830,"date":"2022-12-17T05:25:11","date_gmt":"2022-12-17T05:25:11","guid":{"rendered":"https:\/\/www.nettali.com\/?p=99830"},"modified":"2022-12-17T22:26:42","modified_gmt":"2022-12-17T22:26:42","slug":"marquinhos-au-fond-du-trou","status":"publish","type":"post","link":"https:\/\/www.nettali.com\/2022\/12\/17\/marquinhos-au-fond-du-trou\/","title":{"rendered":"Marquinhos au fond du trou..."},"content":{"rendered":"<p><strong>NETTALI.COM -<\/strong> La d\u00e9faite du Br\u00e9sil face \u00e0 la Croatie aux tirs au but, a d\u00e9cid\u00e9ment fait des ravages au plan mental, du c\u00f4t\u00e9 du Br\u00e9sil. Ce n'est pas seulement Neymar \"d\u00e9truit\" psychologiquement qui pense \u00e0 prendre une pause. Auteur du dernier tir au but manqu\u00e9 contre la Croatie (1-1, 2-4 tab), lors des quarts de finale de la Coupe du monde au Qatar, Marquinhos (28 ans, 76 s\u00e9lections et 5 buts), est lui aussi tr\u00e8s touch\u00e9 au moral. Le d\u00e9fenseur central du Br\u00e9sil ne s'est toujours pas remis de ce nouvel \u00e9chec avec la Sele\u00e7ao.<\/p>\n<p>\"<em>Il est triste, tr\u00e8s abattu. Il n\u2019a envie de rien faire<\/em>\", a indiqu\u00e9 un proche pour L'Equipe, affirmant n\u00e9anmoins qu'il \"<em>ne va pas craquer et surmonter tout <\/em><em>\u00e7a<\/em>\".<\/p>\n<p class=\"tagStyle_z4kqwb-o_O-style_1tcxgp3-o_O-style_48hmcm-o_O-style_19x1x3p\" data-mm-id=\"_7o0vco0ov\">Le joueur de 28 ans n'est clairement pas au mieux de sa forme. Toujours pr\u00e9sent \u00e0 Doha, pour tenter d'oublier cette d\u00e9sillusion, il a du mal \u00e0 passer autre chose. Il devrait toutefois retourner \u00e0 Paris, en d\u00e9but de semaine prochaine.<\/p>\n<p class=\"tagStyle_z4kqwb-o_O-style_1tcxgp3-o_O-style_48hmcm-o_O-style_19x1x3p\" data-mm-id=\"_7o0vco0ov\">Le PSG qui l'emploie, esp\u00e8re qu'il se rel\u00e8vera tr\u00e8s vite de cette \u00e9limination.<\/p>\n<p>&nbsp;<\/p>\n<div class='share-to-whatsapp-wrapper'><div class='share-on-whsp'>PARTAGER SUR : <\/div><a data-text='Marquinhos au fond du trou...' data-link='https:\/\/www.nettali.com\/2022\/12\/17\/marquinhos-au-fond-du-trou\/' class='whatsapp-button whatsapp-share'>WhatsApp<\/a><div class='clear '><\/div><\/div>","protected":false},"excerpt":{"rendered":"<p>NETTALI.COM - La d\u00e9faite du Br\u00e9sil face \u00e0 la Croatie aux tirs au but, a d\u00e9cid\u00e9ment fait des ravages au plan mental, du c\u00f4t\u00e9 du Br\u00e9sil. Ce n'est pas seulement Neymar \"d\u00e9truit\" psychologiquement qui pense \u00e0 prendre une pause. Auteur du dernier tir au but manqu\u00e9 contre la Croatie (1-1, 2-4 tab), lors des quarts [&hellip;]<\/p>\n","protected":false},"author":2,"featured_media":99884,"comment_status":"open","ping_status":"open","sticky":false,"template":"","format":"standard","meta":{"_et_pb_use_builder":"","_et_pb_old_content":""},"categories":[34945],"tags":[],"yoast_head":"<!-- This site is optimized with the Yoast SEO Premium plugin v17.8 (Yoast SEO v17.8) - https:\/\/yoast.com\/wordpress\/plugins\/seo\/ -->\n<title>Marquinhos au fond du trou... | Nettali.com<\/title>\n<meta name=\"robots\" content=\"index, follow, max-snippet:-1, max-image-preview:large, max-video-preview:-1\" \/>\n<link rel=\"canonical\" href=\"https:\/\/www.nettali.com\/2022\/12\/17\/marquinhos-au-fond-du-trou\/\" \/>\n<meta property=\"og:locale\" content=\"fr_FR\" \/>\n<meta property=\"og:type\" content=\"article\" \/>\n<meta property=\"og:title\" content=\"Marquinhos au fond du trou...\" \/>\n<meta property=\"og:description\" content=\"NETTALI.COM - La d\u00e9faite du Br\u00e9sil face \u00e0 la Croatie aux tirs au but, a d\u00e9cid\u00e9ment fait des ravages au plan mental, du c\u00f4t\u00e9 du Br\u00e9sil. Ce n&#039;est pas seulement Neymar &quot;d\u00e9truit&quot; psychologiquement qui pense \u00e0 prendre une pause. Auteur du dernier tir au but manqu\u00e9 contre la Croatie (1-1, 2-4 tab), lors des quarts [&hellip;]\" \/>\n<meta property=\"og:url\" content=\"https:\/\/www.nettali.com\/2022\/12\/17\/marquinhos-au-fond-du-trou\/\" \/>\n<meta property=\"og:site_name\" content=\"Nettali.com\" \/>\n<meta property=\"article:publisher\" content=\"https:\/\/www.facebook.com\/nettalicom\" \/>\n<meta property=\"article:published_time\" content=\"2022-12-17T05:25:11+00:00\" \/>\n<meta property=\"article:modified_time\" content=\"2022-12-17T22:26:42+00:00\" \/>\n<meta property=\"og:image\" content=\"https:\/\/www.nettali.com\/wp-content\/uploads\/2022\/12\/Marquinhos.jpeg\" \/>\n\t<meta property=\"og:image:width\" content=\"1200\" \/>\n\t<meta property=\"og:image:height\" content=\"640\" \/>\n<meta name=\"twitter:card\" content=\"summary_large_image\" \/>\n<meta name=\"twitter:label1\" content=\"\u00c9crit par\" \/>\n\t<meta name=\"twitter:data1\" content=\"CK\" \/>\n\t<meta name=\"twitter:label2\" content=\"Dur\u00e9e de lecture estim\u00e9e\" \/>\n\t<meta name=\"twitter:data2\" content=\"1 minute\" \/>\n<script type=\"application\/ld+json\" class=\"yoast-schema-graph\">{\"@context\":\"https:\/\/schema.org\",\"@graph\":[{\"@type\":\"WebSite\",\"@id\":\"https:\/\/www.nettali.com\/#website\",\"url\":\"https:\/\/www.nettali.com\/\",\"name\":\"Nettali.com\",\"description\":\"Le rendez-vous critique du Net\",\"potentialAction\":[{\"@type\":\"SearchAction\",\"target\":{\"@type\":\"EntryPoint\",\"urlTemplate\":\"https:\/\/www.nettali.com\/?s={search_term_string}\"},\"query-input\":\"required name=search_term_string\"}],\"inLanguage\":\"fr-FR\"},{\"@type\":\"ImageObject\",\"@id\":\"https:\/\/www.nettali.com\/2022\/12\/17\/marquinhos-au-fond-du-trou\/#primaryimage\",\"inLanguage\":\"fr-FR\",\"url\":\"https:\/\/www.nettali.com\/wp-content\/uploads\/2022\/12\/Marquinhos.jpeg\",\"contentUrl\":\"https:\/\/www.nettali.com\/wp-content\/uploads\/2022\/12\/Marquinhos.jpeg\",\"width\":1200,\"height\":640},{\"@type\":\"WebPage\",\"@id\":\"https:\/\/www.nettali.com\/2022\/12\/17\/marquinhos-au-fond-du-trou\/#webpage\",\"url\":\"https:\/\/www.nettali.com\/2022\/12\/17\/marquinhos-au-fond-du-trou\/\",\"name\":\"Marquinhos au fond du trou... | Nettali.com\",\"isPartOf\":{\"@id\":\"https:\/\/www.nettali.com\/#website\"},\"primaryImageOfPage\":{\"@id\":\"https:\/\/www.nettali.com\/2022\/12\/17\/marquinhos-au-fond-du-trou\/#primaryimage\"},\"datePublished\":\"2022-12-17T05:25:11+00:00\",\"dateModified\":\"2022-12-17T22:26:42+00:00\",\"author\":{\"@id\":\"https:\/\/www.nettali.com\/#\/schema\/person\/d8ac7b7e27ddad43f1c0d2ef090d7f71\"},\"breadcrumb\":{\"@id\":\"https:\/\/www.nettali.com\/2022\/12\/17\/marquinhos-au-fond-du-trou\/#breadcrumb\"},\"inLanguage\":\"fr-FR\",\"potentialAction\":[{\"@type\":\"ReadAction\",\"target\":[\"https:\/\/www.nettali.com\/2022\/12\/17\/marquinhos-au-fond-du-trou\/\"]}]},{\"@type\":\"BreadcrumbList\",\"@id\":\"https:\/\/www.nettali.com\/2022\/12\/17\/marquinhos-au-fond-du-trou\/#breadcrumb\",\"itemListElement\":[{\"@type\":\"ListItem\",\"position\":1,\"name\":\"Accueil\",\"item\":\"https:\/\/www.nettali.com\/\"},{\"@type\":\"ListItem\",\"position\":2,\"name\":\"Marquinhos au fond du trou...\"}]},{\"@type\":\"Person\",\"@id\":\"https:\/\/www.nettali.com\/#\/schema\/person\/d8ac7b7e27ddad43f1c0d2ef090d7f71\",\"name\":\"CK\",\"image\":{\"@type\":\"ImageObject\",\"@id\":\"https:\/\/www.nettali.com\/#personlogo\",\"inLanguage\":\"fr-FR\",\"url\":\"https:\/\/secure.gravatar.com\/avatar\/1d8d5118b9327d94da7cd4ce7f17fec2?s=96&d=mm&r=g\",\"contentUrl\":\"https:\/\/secure.gravatar.com\/avatar\/1d8d5118b9327d94da7cd4ce7f17fec2?s=96&d=mm&r=g\",\"caption\":\"CK\"},\"sameAs\":[\"https:\/\/www.nettali.com\"]}]}<\/script>\n<!-- \/ Yoast SEO Premium plugin. -->","yoast_head_json":{"title":"Marquinhos au fond du trou... | Nettali.com","robots":{"index":"index","follow":"follow","max-snippet":"max-snippet:-1","max-image-preview":"max-image-preview:large","max-video-preview":"max-video-preview:-1"},"canonical":"https:\/\/www.nettali.com\/2022\/12\/17\/marquinhos-au-fond-du-trou\/","og_locale":"fr_FR","og_type":"article","og_title":"Marquinhos au fond du trou...","og_description":"NETTALI.COM - La d\u00e9faite du Br\u00e9sil face \u00e0 la Croatie aux tirs au but, a d\u00e9cid\u00e9ment fait des ravages au plan mental, du c\u00f4t\u00e9 du Br\u00e9sil. Ce n'est pas seulement Neymar \"d\u00e9truit\" psychologiquement qui pense \u00e0 prendre une pause. Auteur du dernier tir au but manqu\u00e9 contre la Croatie (1-1, 2-4 tab), lors des quarts [&hellip;]","og_url":"https:\/\/www.nettali.com\/2022\/12\/17\/marquinhos-au-fond-du-trou\/","og_site_name":"Nettali.com","article_publisher":"https:\/\/www.facebook.com\/nettalicom","article_published_time":"2022-12-17T05:25:11+00:00","article_modified_time":"2022-12-17T22:26:42+00:00","og_image":[{"width":1200,"height":640,"url":"https:\/\/www.nettali.com\/wp-content\/uploads\/2022\/12\/Marquinhos.jpeg","type":"image\/jpeg"}],"twitter_card":"summary_large_image","twitter_misc":{"\u00c9crit par":"CK","Dur\u00e9e de lecture estim\u00e9e":"1 minute"},"schema":{"@context":"https:\/\/schema.org","@graph":[{"@type":"WebSite","@id":"https:\/\/www.nettali.com\/#website","url":"https:\/\/www.nettali.com\/","name":"Nettali.com","description":"Le rendez-vous critique du Net","potentialAction":[{"@type":"SearchAction","target":{"@type":"EntryPoint","urlTemplate":"https:\/\/www.nettali.com\/?s={search_term_string}"},"query-input":"required name=search_term_string"}],"inLanguage":"fr-FR"},{"@type":"ImageObject","@id":"https:\/\/www.nettali.com\/2022\/12\/17\/marquinhos-au-fond-du-trou\/#primaryimage","inLanguage":"fr-FR","url":"https:\/\/www.nettali.com\/wp-content\/uploads\/2022\/12\/Marquinhos.jpeg","contentUrl":"https:\/\/www.nettali.com\/wp-content\/uploads\/2022\/12\/Marquinhos.jpeg","width":1200,"height":640},{"@type":"WebPage","@id":"https:\/\/www.nettali.com\/2022\/12\/17\/marquinhos-au-fond-du-trou\/#webpage","url":"https:\/\/www.nettali.com\/2022\/12\/17\/marquinhos-au-fond-du-trou\/","name":"Marquinhos au fond du trou... | Nettali.com","isPartOf":{"@id":"https:\/\/www.nettali.com\/#website"},"primaryImageOfPage":{"@id":"https:\/\/www.nettali.com\/2022\/12\/17\/marquinhos-au-fond-du-trou\/#primaryimage"},"datePublished":"2022-12-17T05:25:11+00:00","dateModified":"2022-12-17T22:26:42+00:00","author":{"@id":"https:\/\/www.nettali.com\/#\/schema\/person\/d8ac7b7e27ddad43f1c0d2ef090d7f71"},"breadcrumb":{"@id":"https:\/\/www.nettali.com\/2022\/12\/17\/marquinhos-au-fond-du-trou\/#breadcrumb"},"inLanguage":"fr-FR","potentialAction":[{"@type":"ReadAction","target":["https:\/\/www.nettali.com\/2022\/12\/17\/marquinhos-au-fond-du-trou\/"]}]},{"@type":"BreadcrumbList","@id":"https:\/\/www.nettali.com\/2022\/12\/17\/marquinhos-au-fond-du-trou\/#breadcrumb","itemListElement":[{"@type":"ListItem","position":1,"name":"Accueil","item":"https:\/\/www.nettali.com\/"},{"@type":"ListItem","position":2,"name":"Marquinhos au fond du trou..."}]},{"@type":"Person","@id":"https:\/\/www.nettali.com\/#\/schema\/person\/d8ac7b7e27ddad43f1c0d2ef090d7f71","name":"CK","image":{"@type":"ImageObject","@id":"https:\/\/www.nettali.com\/#personlogo","inLanguage":"fr-FR","url":"https:\/\/secure.gravatar.com\/avatar\/1d8d5118b9327d94da7cd4ce7f17fec2?s=96&d=mm&r=g","contentUrl":"https:\/\/secure.gravatar.com\/avatar\/1d8d5118b9327d94da7cd4ce7f17fec2?s=96&d=mm&r=g","caption":"CK"},"sameAs":["https:\/\/www.nettali.com"]}]}},"_links":{"self":[{"href":"https:\/\/www.nettali.com\/rest\/wp\/v2\/posts\/99830"}],"collection":[{"href":"https:\/\/www.nettali.com\/rest\/wp\/v2\/posts"}],"about":[{"href":"https:\/\/www.nettali.com\/rest\/wp\/v2\/types\/post"}],"author":[{"embeddable":true,"href":"https:\/\/www.nettali.com\/rest\/wp\/v2\/users\/2"}],"replies":[{"embeddable":true,"href":"https:\/\/www.nettali.com\/rest\/wp\/v2\/comments?post=99830"}],"version-history":[{"count":3,"href":"https:\/\/www.nettali.com\/rest\/wp\/v2\/posts\/99830\/revisions"}],"predecessor-version":[{"id":99836,"href":"https:\/\/www.nettali.com\/rest\/wp\/v2\/posts\/99830\/revisions\/99836"}],"wp:featuredmedia":[{"embeddable":true,"href":"https:\/\/www.nettali.com\/rest\/wp\/v2\/media\/99884"}],"wp:attachment":[{"href":"https:\/\/www.nettali.com\/rest\/wp\/v2\/media?parent=99830"}],"wp:term":[{"taxonomy":"category","embeddable":true,"href":"https:\/\/www.nettali.com\/rest\/wp\/v2\/categories?post=99830"},{"taxonomy":"post_tag","embeddable":true,"href":"https:\/\/www.nettali.com\/rest\/wp\/v2\/tags?post=99830"}],"curies":[{"name":"wp","href":"https:\/\/api.w.org\/{rel}","templated":true}]}}