{"id":99814,"date":"2022-12-16T17:12:04","date_gmt":"2022-12-16T17:12:04","guid":{"rendered":"https:\/\/www.nettali.com\/?p=99814"},"modified":"2022-12-16T17:12:52","modified_gmt":"2022-12-16T17:12:52","slug":"espagne-sergio-busquets-dit-stop","status":"publish","type":"post","link":"https:\/\/www.nettali.com\/2022\/12\/16\/espagne-sergio-busquets-dit-stop\/","title":{"rendered":"ESPAGNE - Sergio Busquets dit stop!"},"content":{"rendered":"<p><strong>NETTALI.COM - Champion du monde en 2010 et champion d'Europe en 2012 avec la Roja, Sergio Busquets a annonc\u00e9 ve vendredi 16 d\u00e9cembre qu'il ne rev\u00eatirait plus le maillot de l'\u00e9quipe nationale.<\/strong><\/p>\n<p>Une nouvelle page de la Roja sz tourne. Le joueur de 34 ans a remport\u00e9 le prix le plus prestigieux du football en 2010, avant de remporter le championnat d'Europe deux ans plus tard.<\/p>\n<p>Au total, l'un des meilleurs repr\u00e9sentants du r\u00f4le de num\u00e9ro six que le football ait jamais connu a remport\u00e9 143 s\u00e9lections pour son pays en 15 ans. Il se retire apr\u00e8s avoir subi une d\u00e9faite en huiti\u00e8mes de finale contre le Maroc \u00e0 la Coupe du monde 2022 au Qatar.<\/p>\n<p>\"<em>Bonjour \u00e0 tous ! Je voudrais annoncer qu'apr\u00e8s presque 15 ans et 143 matchs, le moment est venu de faire mes adieux \u00e0 l'\u00e9quipe nationale. Je tiens \u00e0 remercier toutes les personnes qui m'ont accompagn\u00e9 sur ce long chemin. De Vicente del Bosque qui m'a donn\u00e9 l'opportunit\u00e9 de d\u00e9buter, \u00e0 Luis Enrique qui m'a fait profiter jusqu'\u00e0 la derni\u00e8re seconde. Remercier \u00e9galement la confiance de Julen Lopetegui, Fernando Hierro ou Robert Moreno, ainsi que tout leur staff<\/em>\", a \u00e9crit Busquets dans un long post sur Instagram.<\/p>\n<p>\"<em>Enfin, je ne peux que souhaiter toute la chance du monde \u00e0 mes co\u00e9quipiers et au nouvel entra\u00eeneur Luis de la Fuente. Maintenant, je serai un supporter de plus, je profiterai et soutiendrai inconditionnellement notre \u00e9quipe nationale. Merci \u00e9ternellement<\/em>\", a ajout\u00e9 le Barcelonais lanc\u00e9 par Pep Guardiola en 2008.<\/p>\n<div class='share-to-whatsapp-wrapper'><div class='share-on-whsp'>PARTAGER SUR : <\/div><a data-text='ESPAGNE - Sergio Busquets dit stop!' data-link='https:\/\/www.nettali.com\/2022\/12\/16\/espagne-sergio-busquets-dit-stop\/' class='whatsapp-button whatsapp-share'>WhatsApp<\/a><div class='clear '><\/div><\/div>","protected":false},"excerpt":{"rendered":"<p>NETTALI.COM - Champion du monde en 2010 et champion d'Europe en 2012 avec la Roja, Sergio Busquets a annonc\u00e9 ve vendredi 16 d\u00e9cembre qu'il ne rev\u00eatirait plus le maillot de l'\u00e9quipe nationale. Une nouvelle page de la Roja sz tourne. Le joueur de 34 ans a remport\u00e9 le prix le plus prestigieux du football en [&hellip;]<\/p>\n","protected":false},"author":5,"featured_media":99815,"comment_status":"open","ping_status":"open","sticky":false,"template":"","format":"standard","meta":{"_et_pb_use_builder":"","_et_pb_old_content":""},"categories":[6],"tags":[],"yoast_head":"<!-- This site is optimized with the Yoast SEO Premium plugin v17.8 (Yoast SEO v17.8) - https:\/\/yoast.com\/wordpress\/plugins\/seo\/ -->\n<title>ESPAGNE - Sergio Busquets dit stop! | Nettali.com<\/title>\n<meta name=\"robots\" content=\"index, follow, max-snippet:-1, max-image-preview:large, max-video-preview:-1\" \/>\n<link rel=\"canonical\" href=\"https:\/\/www.nettali.com\/2022\/12\/16\/espagne-sergio-busquets-dit-stop\/\" \/>\n<meta property=\"og:locale\" content=\"fr_FR\" \/>\n<meta property=\"og:type\" content=\"article\" \/>\n<meta property=\"og:title\" content=\"ESPAGNE - Sergio Busquets dit stop!\" \/>\n<meta property=\"og:description\" content=\"NETTALI.COM - Champion du monde en 2010 et champion d&#039;Europe en 2012 avec la Roja, Sergio Busquets a annonc\u00e9 ve vendredi 16 d\u00e9cembre qu&#039;il ne rev\u00eatirait plus le maillot de l&#039;\u00e9quipe nationale. Une nouvelle page de la Roja sz tourne. Le joueur de 34 ans a remport\u00e9 le prix le plus prestigieux du football en [&hellip;]\" \/>\n<meta property=\"og:url\" content=\"https:\/\/www.nettali.com\/2022\/12\/16\/espagne-sergio-busquets-dit-stop\/\" \/>\n<meta property=\"og:site_name\" content=\"Nettali.com\" \/>\n<meta property=\"article:publisher\" content=\"https:\/\/www.facebook.com\/nettalicom\" \/>\n<meta property=\"article:published_time\" content=\"2022-12-16T17:12:04+00:00\" \/>\n<meta property=\"article:modified_time\" content=\"2022-12-16T17:12:52+00:00\" \/>\n<meta property=\"og:image\" content=\"https:\/\/www.nettali.com\/wp-content\/uploads\/2022\/12\/sergio-busquets-spain-world-cup.jpg\" \/>\n\t<meta property=\"og:image:width\" content=\"1600\" \/>\n\t<meta property=\"og:image:height\" content=\"900\" \/>\n<meta name=\"twitter:card\" content=\"summary_large_image\" \/>\n<meta name=\"twitter:label1\" content=\"\u00c9crit par\" \/>\n\t<meta name=\"twitter:data1\" content=\"Ibrahima\" \/>\n\t<meta name=\"twitter:label2\" content=\"Dur\u00e9e de lecture estim\u00e9e\" \/>\n\t<meta name=\"twitter:data2\" content=\"2 minutes\" \/>\n<script type=\"application\/ld+json\" class=\"yoast-schema-graph\">{\"@context\":\"https:\/\/schema.org\",\"@graph\":[{\"@type\":\"WebSite\",\"@id\":\"https:\/\/www.nettali.com\/#website\",\"url\":\"https:\/\/www.nettali.com\/\",\"name\":\"Nettali.com\",\"description\":\"Le rendez-vous critique du Net\",\"potentialAction\":[{\"@type\":\"SearchAction\",\"target\":{\"@type\":\"EntryPoint\",\"urlTemplate\":\"https:\/\/www.nettali.com\/?s={search_term_string}\"},\"query-input\":\"required name=search_term_string\"}],\"inLanguage\":\"fr-FR\"},{\"@type\":\"ImageObject\",\"@id\":\"https:\/\/www.nettali.com\/2022\/12\/16\/espagne-sergio-busquets-dit-stop\/#primaryimage\",\"inLanguage\":\"fr-FR\",\"url\":\"https:\/\/www.nettali.com\/wp-content\/uploads\/2022\/12\/sergio-busquets-spain-world-cup.jpg\",\"contentUrl\":\"https:\/\/www.nettali.com\/wp-content\/uploads\/2022\/12\/sergio-busquets-spain-world-cup.jpg\",\"width\":1600,\"height\":900,\"caption\":\"2KPHW3T Spain's Sergio Busquets during the FIFA World Cup Group E match at the Al Bayt Stadium, Doha, Qatar. Picture date: Sunday November 27, 2022.\"},{\"@type\":\"WebPage\",\"@id\":\"https:\/\/www.nettali.com\/2022\/12\/16\/espagne-sergio-busquets-dit-stop\/#webpage\",\"url\":\"https:\/\/www.nettali.com\/2022\/12\/16\/espagne-sergio-busquets-dit-stop\/\",\"name\":\"ESPAGNE - Sergio Busquets dit stop! | Nettali.com\",\"isPartOf\":{\"@id\":\"https:\/\/www.nettali.com\/#website\"},\"primaryImageOfPage\":{\"@id\":\"https:\/\/www.nettali.com\/2022\/12\/16\/espagne-sergio-busquets-dit-stop\/#primaryimage\"},\"datePublished\":\"2022-12-16T17:12:04+00:00\",\"dateModified\":\"2022-12-16T17:12:52+00:00\",\"author\":{\"@id\":\"https:\/\/www.nettali.com\/#\/schema\/person\/bb147657c2986240405a608162b9bb23\"},\"breadcrumb\":{\"@id\":\"https:\/\/www.nettali.com\/2022\/12\/16\/espagne-sergio-busquets-dit-stop\/#breadcrumb\"},\"inLanguage\":\"fr-FR\",\"potentialAction\":[{\"@type\":\"ReadAction\",\"target\":[\"https:\/\/www.nettali.com\/2022\/12\/16\/espagne-sergio-busquets-dit-stop\/\"]}]},{\"@type\":\"BreadcrumbList\",\"@id\":\"https:\/\/www.nettali.com\/2022\/12\/16\/espagne-sergio-busquets-dit-stop\/#breadcrumb\",\"itemListElement\":[{\"@type\":\"ListItem\",\"position\":1,\"name\":\"Accueil\",\"item\":\"https:\/\/www.nettali.com\/\"},{\"@type\":\"ListItem\",\"position\":2,\"name\":\"ESPAGNE - Sergio Busquets dit stop!\"}]},{\"@type\":\"Person\",\"@id\":\"https:\/\/www.nettali.com\/#\/schema\/person\/bb147657c2986240405a608162b9bb23\",\"name\":\"Ibrahima\",\"image\":{\"@type\":\"ImageObject\",\"@id\":\"https:\/\/www.nettali.com\/#personlogo\",\"inLanguage\":\"fr-FR\",\"url\":\"https:\/\/secure.gravatar.com\/avatar\/26a8a81f09f0dd7624c9d5c36c9ba3a2?s=96&d=mm&r=g\",\"contentUrl\":\"https:\/\/secure.gravatar.com\/avatar\/26a8a81f09f0dd7624c9d5c36c9ba3a2?s=96&d=mm&r=g\",\"caption\":\"Ibrahima\"},\"sameAs\":[\"https:\/\/www.nettali.com\"]}]}<\/script>\n<!-- \/ Yoast SEO Premium plugin. -->","yoast_head_json":{"title":"ESPAGNE - Sergio Busquets dit stop! | Nettali.com","robots":{"index":"index","follow":"follow","max-snippet":"max-snippet:-1","max-image-preview":"max-image-preview:large","max-video-preview":"max-video-preview:-1"},"canonical":"https:\/\/www.nettali.com\/2022\/12\/16\/espagne-sergio-busquets-dit-stop\/","og_locale":"fr_FR","og_type":"article","og_title":"ESPAGNE - Sergio Busquets dit stop!","og_description":"NETTALI.COM - Champion du monde en 2010 et champion d'Europe en 2012 avec la Roja, Sergio Busquets a annonc\u00e9 ve vendredi 16 d\u00e9cembre qu'il ne rev\u00eatirait plus le maillot de l'\u00e9quipe nationale. Une nouvelle page de la Roja sz tourne. Le joueur de 34 ans a remport\u00e9 le prix le plus prestigieux du football en [&hellip;]","og_url":"https:\/\/www.nettali.com\/2022\/12\/16\/espagne-sergio-busquets-dit-stop\/","og_site_name":"Nettali.com","article_publisher":"https:\/\/www.facebook.com\/nettalicom","article_published_time":"2022-12-16T17:12:04+00:00","article_modified_time":"2022-12-16T17:12:52+00:00","og_image":[{"width":1600,"height":900,"url":"https:\/\/www.nettali.com\/wp-content\/uploads\/2022\/12\/sergio-busquets-spain-world-cup.jpg","type":"image\/jpeg"}],"twitter_card":"summary_large_image","twitter_misc":{"\u00c9crit par":"Ibrahima","Dur\u00e9e de lecture estim\u00e9e":"2 minutes"},"schema":{"@context":"https:\/\/schema.org","@graph":[{"@type":"WebSite","@id":"https:\/\/www.nettali.com\/#website","url":"https:\/\/www.nettali.com\/","name":"Nettali.com","description":"Le rendez-vous critique du Net","potentialAction":[{"@type":"SearchAction","target":{"@type":"EntryPoint","urlTemplate":"https:\/\/www.nettali.com\/?s={search_term_string}"},"query-input":"required name=search_term_string"}],"inLanguage":"fr-FR"},{"@type":"ImageObject","@id":"https:\/\/www.nettali.com\/2022\/12\/16\/espagne-sergio-busquets-dit-stop\/#primaryimage","inLanguage":"fr-FR","url":"https:\/\/www.nettali.com\/wp-content\/uploads\/2022\/12\/sergio-busquets-spain-world-cup.jpg","contentUrl":"https:\/\/www.nettali.com\/wp-content\/uploads\/2022\/12\/sergio-busquets-spain-world-cup.jpg","width":1600,"height":900,"caption":"2KPHW3T Spain's Sergio Busquets during the FIFA World Cup Group E match at the Al Bayt Stadium, Doha, Qatar. Picture date: Sunday November 27, 2022."},{"@type":"WebPage","@id":"https:\/\/www.nettali.com\/2022\/12\/16\/espagne-sergio-busquets-dit-stop\/#webpage","url":"https:\/\/www.nettali.com\/2022\/12\/16\/espagne-sergio-busquets-dit-stop\/","name":"ESPAGNE - Sergio Busquets dit stop! | Nettali.com","isPartOf":{"@id":"https:\/\/www.nettali.com\/#website"},"primaryImageOfPage":{"@id":"https:\/\/www.nettali.com\/2022\/12\/16\/espagne-sergio-busquets-dit-stop\/#primaryimage"},"datePublished":"2022-12-16T17:12:04+00:00","dateModified":"2022-12-16T17:12:52+00:00","author":{"@id":"https:\/\/www.nettali.com\/#\/schema\/person\/bb147657c2986240405a608162b9bb23"},"breadcrumb":{"@id":"https:\/\/www.nettali.com\/2022\/12\/16\/espagne-sergio-busquets-dit-stop\/#breadcrumb"},"inLanguage":"fr-FR","potentialAction":[{"@type":"ReadAction","target":["https:\/\/www.nettali.com\/2022\/12\/16\/espagne-sergio-busquets-dit-stop\/"]}]},{"@type":"BreadcrumbList","@id":"https:\/\/www.nettali.com\/2022\/12\/16\/espagne-sergio-busquets-dit-stop\/#breadcrumb","itemListElement":[{"@type":"ListItem","position":1,"name":"Accueil","item":"https:\/\/www.nettali.com\/"},{"@type":"ListItem","position":2,"name":"ESPAGNE - Sergio Busquets dit stop!"}]},{"@type":"Person","@id":"https:\/\/www.nettali.com\/#\/schema\/person\/bb147657c2986240405a608162b9bb23","name":"Ibrahima","image":{"@type":"ImageObject","@id":"https:\/\/www.nettali.com\/#personlogo","inLanguage":"fr-FR","url":"https:\/\/secure.gravatar.com\/avatar\/26a8a81f09f0dd7624c9d5c36c9ba3a2?s=96&d=mm&r=g","contentUrl":"https:\/\/secure.gravatar.com\/avatar\/26a8a81f09f0dd7624c9d5c36c9ba3a2?s=96&d=mm&r=g","caption":"Ibrahima"},"sameAs":["https:\/\/www.nettali.com"]}]}},"_links":{"self":[{"href":"https:\/\/www.nettali.com\/rest\/wp\/v2\/posts\/99814"}],"collection":[{"href":"https:\/\/www.nettali.com\/rest\/wp\/v2\/posts"}],"about":[{"href":"https:\/\/www.nettali.com\/rest\/wp\/v2\/types\/post"}],"author":[{"embeddable":true,"href":"https:\/\/www.nettali.com\/rest\/wp\/v2\/users\/5"}],"replies":[{"embeddable":true,"href":"https:\/\/www.nettali.com\/rest\/wp\/v2\/comments?post=99814"}],"version-history":[{"count":2,"href":"https:\/\/www.nettali.com\/rest\/wp\/v2\/posts\/99814\/revisions"}],"predecessor-version":[{"id":99817,"href":"https:\/\/www.nettali.com\/rest\/wp\/v2\/posts\/99814\/revisions\/99817"}],"wp:featuredmedia":[{"embeddable":true,"href":"https:\/\/www.nettali.com\/rest\/wp\/v2\/media\/99815"}],"wp:attachment":[{"href":"https:\/\/www.nettali.com\/rest\/wp\/v2\/media?parent=99814"}],"wp:term":[{"taxonomy":"category","embeddable":true,"href":"https:\/\/www.nettali.com\/rest\/wp\/v2\/categories?post=99814"},{"taxonomy":"post_tag","embeddable":true,"href":"https:\/\/www.nettali.com\/rest\/wp\/v2\/tags?post=99814"}],"curies":[{"name":"wp","href":"https:\/\/api.w.org\/{rel}","templated":true}]}}