{"id":99807,"date":"2022-12-16T10:33:22","date_gmt":"2022-12-16T10:33:22","guid":{"rendered":"https:\/\/www.nettali.com\/?p=99807"},"modified":"2022-12-16T10:34:13","modified_gmt":"2022-12-16T10:34:13","slug":"mercato-la-pepite-bresilienne-endrick-signe-au-real-madrid","status":"publish","type":"post","link":"https:\/\/www.nettali.com\/2022\/12\/16\/mercato-la-pepite-bresilienne-endrick-signe-au-real-madrid\/","title":{"rendered":"MERCATO - La p\u00e9pite br\u00e9silienne Endrick signe au Real Madrid"},"content":{"rendered":"<p><strong>NETTALI.COM - Le jeune attaquant br\u00e9silien Endrick, consid\u00e9r\u00e9 \u00e0 16 ans comme un des talents les plus prometteurs du football mondial, rejoindra le Real Madrid \u00e0 partir de juillet 2024 pour un montant encore \"confidentiel\", a annonc\u00e9 jeudi Palmeiras, son club formateur.<\/strong><\/p>\n<p>\"<em>Palmeiras, le Real Madrid et les repr\u00e9sentants de l\u2019attaquant Endrick ont trouv\u00e9 un accord pour le transfert du joueur au club espagnol en juillet 2024, quand il aura 18 ans<\/em>\", a expliqu\u00e9 le club de Sao Paulo sur Twitter.<\/p>\n<p>\"<em>Les termes du contrat et le montant du transfert sont confidentiels<\/em>\", a pr\u00e9cis\u00e9 Palmeiras.<\/p>\n<p>Selon la presse br\u00e9silienne, le club madril\u00e8ne aurait accept\u00e9 de d\u00e9bourser pas moins de 70 millions d\u2019euros pour s\u2019attacher les services de la future p\u00e9pite br\u00e9silienne.<\/p>\n<p>Endrick\u00a0va ainsi suivre les traces de ses compatriotes\u00a0Vinicius\u00a0et\u00a0Rodrygo, attaquants recrut\u00e9s encore mineurs par le Real pour des sommes astronomiques, pour ne rejoindre la capitale espagnole qu\u2019\u00e0 18 ans et ainsi respecter les r\u00e8gles des transferts internationaux de la Fifa.<\/p>\n<p>Rappelons que le prodige br\u00e9silien\u00a0a fait ses d\u00e9buts professionnels au mois d\u2019octobre dernier devenant rapidement le plus jeune joueur \u00e0 marquer en premi\u00e8re division br\u00e9silienne. Il \u00e9volue d\u00e9j\u00e0 avec les U20 du Br\u00e9sil.<\/p>\n<div class='share-to-whatsapp-wrapper'><div class='share-on-whsp'>PARTAGER SUR : <\/div><a data-text='MERCATO - La p\u00e9pite br\u00e9silienne Endrick signe au Real Madrid' data-link='https:\/\/www.nettali.com\/2022\/12\/16\/mercato-la-pepite-bresilienne-endrick-signe-au-real-madrid\/' class='whatsapp-button whatsapp-share'>WhatsApp<\/a><div class='clear '><\/div><\/div>","protected":false},"excerpt":{"rendered":"<p>NETTALI.COM - Le jeune attaquant br\u00e9silien Endrick, consid\u00e9r\u00e9 \u00e0 16 ans comme un des talents les plus prometteurs du football mondial, rejoindra le Real Madrid \u00e0 partir de juillet 2024 pour un montant encore \"confidentiel\", a annonc\u00e9 jeudi Palmeiras, son club formateur. \"Palmeiras, le Real Madrid et les repr\u00e9sentants de l\u2019attaquant Endrick ont trouv\u00e9 un [&hellip;]<\/p>\n","protected":false},"author":5,"featured_media":99809,"comment_status":"open","ping_status":"open","sticky":false,"template":"","format":"standard","meta":{"_et_pb_use_builder":"","_et_pb_old_content":""},"categories":[6],"tags":[],"yoast_head":"<!-- This site is optimized with the Yoast SEO Premium plugin v17.8 (Yoast SEO v17.8) - https:\/\/yoast.com\/wordpress\/plugins\/seo\/ -->\n<title>MERCATO - La p\u00e9pite br\u00e9silienne Endrick signe au Real Madrid | Nettali.com<\/title>\n<meta name=\"robots\" content=\"index, follow, max-snippet:-1, max-image-preview:large, max-video-preview:-1\" \/>\n<link rel=\"canonical\" href=\"https:\/\/www.nettali.com\/2022\/12\/16\/mercato-la-pepite-bresilienne-endrick-signe-au-real-madrid\/\" \/>\n<meta property=\"og:locale\" content=\"fr_FR\" \/>\n<meta property=\"og:type\" content=\"article\" \/>\n<meta property=\"og:title\" content=\"MERCATO - La p\u00e9pite br\u00e9silienne Endrick signe au Real Madrid\" \/>\n<meta property=\"og:description\" content=\"NETTALI.COM - Le jeune attaquant br\u00e9silien Endrick, consid\u00e9r\u00e9 \u00e0 16 ans comme un des talents les plus prometteurs du football mondial, rejoindra le Real Madrid \u00e0 partir de juillet 2024 pour un montant encore &quot;confidentiel&quot;, a annonc\u00e9 jeudi Palmeiras, son club formateur. &quot;Palmeiras, le Real Madrid et les repr\u00e9sentants de l\u2019attaquant Endrick ont trouv\u00e9 un [&hellip;]\" \/>\n<meta property=\"og:url\" content=\"https:\/\/www.nettali.com\/2022\/12\/16\/mercato-la-pepite-bresilienne-endrick-signe-au-real-madrid\/\" \/>\n<meta property=\"og:site_name\" content=\"Nettali.com\" \/>\n<meta property=\"article:publisher\" content=\"https:\/\/www.facebook.com\/nettalicom\" \/>\n<meta property=\"article:published_time\" content=\"2022-12-16T10:33:22+00:00\" \/>\n<meta property=\"article:modified_time\" content=\"2022-12-16T10:34:13+00:00\" \/>\n<meta property=\"og:image\" content=\"https:\/\/www.nettali.com\/wp-content\/uploads\/2022\/12\/Endrick-Palmeiras-2.jpg\" \/>\n\t<meta property=\"og:image:width\" content=\"2000\" \/>\n\t<meta property=\"og:image:height\" content=\"1333\" \/>\n<meta name=\"twitter:card\" content=\"summary_large_image\" \/>\n<meta name=\"twitter:label1\" content=\"\u00c9crit par\" \/>\n\t<meta name=\"twitter:data1\" content=\"Ibrahima\" \/>\n\t<meta name=\"twitter:label2\" content=\"Dur\u00e9e de lecture estim\u00e9e\" \/>\n\t<meta name=\"twitter:data2\" content=\"2 minutes\" \/>\n<script type=\"application\/ld+json\" class=\"yoast-schema-graph\">{\"@context\":\"https:\/\/schema.org\",\"@graph\":[{\"@type\":\"WebSite\",\"@id\":\"https:\/\/www.nettali.com\/#website\",\"url\":\"https:\/\/www.nettali.com\/\",\"name\":\"Nettali.com\",\"description\":\"Le rendez-vous critique du Net\",\"potentialAction\":[{\"@type\":\"SearchAction\",\"target\":{\"@type\":\"EntryPoint\",\"urlTemplate\":\"https:\/\/www.nettali.com\/?s={search_term_string}\"},\"query-input\":\"required name=search_term_string\"}],\"inLanguage\":\"fr-FR\"},{\"@type\":\"ImageObject\",\"@id\":\"https:\/\/www.nettali.com\/2022\/12\/16\/mercato-la-pepite-bresilienne-endrick-signe-au-real-madrid\/#primaryimage\",\"inLanguage\":\"fr-FR\",\"url\":\"https:\/\/www.nettali.com\/wp-content\/uploads\/2022\/12\/Endrick-Palmeiras-2.jpg\",\"contentUrl\":\"https:\/\/www.nettali.com\/wp-content\/uploads\/2022\/12\/Endrick-Palmeiras-2.jpg\",\"width\":2000,\"height\":1333},{\"@type\":\"WebPage\",\"@id\":\"https:\/\/www.nettali.com\/2022\/12\/16\/mercato-la-pepite-bresilienne-endrick-signe-au-real-madrid\/#webpage\",\"url\":\"https:\/\/www.nettali.com\/2022\/12\/16\/mercato-la-pepite-bresilienne-endrick-signe-au-real-madrid\/\",\"name\":\"MERCATO - La p\\u00e9pite br\\u00e9silienne Endrick signe au Real Madrid | Nettali.com\",\"isPartOf\":{\"@id\":\"https:\/\/www.nettali.com\/#website\"},\"primaryImageOfPage\":{\"@id\":\"https:\/\/www.nettali.com\/2022\/12\/16\/mercato-la-pepite-bresilienne-endrick-signe-au-real-madrid\/#primaryimage\"},\"datePublished\":\"2022-12-16T10:33:22+00:00\",\"dateModified\":\"2022-12-16T10:34:13+00:00\",\"author\":{\"@id\":\"https:\/\/www.nettali.com\/#\/schema\/person\/bb147657c2986240405a608162b9bb23\"},\"breadcrumb\":{\"@id\":\"https:\/\/www.nettali.com\/2022\/12\/16\/mercato-la-pepite-bresilienne-endrick-signe-au-real-madrid\/#breadcrumb\"},\"inLanguage\":\"fr-FR\",\"potentialAction\":[{\"@type\":\"ReadAction\",\"target\":[\"https:\/\/www.nettali.com\/2022\/12\/16\/mercato-la-pepite-bresilienne-endrick-signe-au-real-madrid\/\"]}]},{\"@type\":\"BreadcrumbList\",\"@id\":\"https:\/\/www.nettali.com\/2022\/12\/16\/mercato-la-pepite-bresilienne-endrick-signe-au-real-madrid\/#breadcrumb\",\"itemListElement\":[{\"@type\":\"ListItem\",\"position\":1,\"name\":\"Accueil\",\"item\":\"https:\/\/www.nettali.com\/\"},{\"@type\":\"ListItem\",\"position\":2,\"name\":\"MERCATO - La p\\u00e9pite br\\u00e9silienne Endrick signe au Real Madrid\"}]},{\"@type\":\"Person\",\"@id\":\"https:\/\/www.nettali.com\/#\/schema\/person\/bb147657c2986240405a608162b9bb23\",\"name\":\"Ibrahima\",\"image\":{\"@type\":\"ImageObject\",\"@id\":\"https:\/\/www.nettali.com\/#personlogo\",\"inLanguage\":\"fr-FR\",\"url\":\"https:\/\/secure.gravatar.com\/avatar\/26a8a81f09f0dd7624c9d5c36c9ba3a2?s=96&d=mm&r=g\",\"contentUrl\":\"https:\/\/secure.gravatar.com\/avatar\/26a8a81f09f0dd7624c9d5c36c9ba3a2?s=96&d=mm&r=g\",\"caption\":\"Ibrahima\"},\"sameAs\":[\"https:\/\/www.nettali.com\"]}]}<\/script>\n<!-- \/ Yoast SEO Premium plugin. -->","yoast_head_json":{"title":"MERCATO - La p\u00e9pite br\u00e9silienne Endrick signe au Real Madrid | Nettali.com","robots":{"index":"index","follow":"follow","max-snippet":"max-snippet:-1","max-image-preview":"max-image-preview:large","max-video-preview":"max-video-preview:-1"},"canonical":"https:\/\/www.nettali.com\/2022\/12\/16\/mercato-la-pepite-bresilienne-endrick-signe-au-real-madrid\/","og_locale":"fr_FR","og_type":"article","og_title":"MERCATO - La p\u00e9pite br\u00e9silienne Endrick signe au Real Madrid","og_description":"NETTALI.COM - Le jeune attaquant br\u00e9silien Endrick, consid\u00e9r\u00e9 \u00e0 16 ans comme un des talents les plus prometteurs du football mondial, rejoindra le Real Madrid \u00e0 partir de juillet 2024 pour un montant encore \"confidentiel\", a annonc\u00e9 jeudi Palmeiras, son club formateur. \"Palmeiras, le Real Madrid et les repr\u00e9sentants de l\u2019attaquant Endrick ont trouv\u00e9 un [&hellip;]","og_url":"https:\/\/www.nettali.com\/2022\/12\/16\/mercato-la-pepite-bresilienne-endrick-signe-au-real-madrid\/","og_site_name":"Nettali.com","article_publisher":"https:\/\/www.facebook.com\/nettalicom","article_published_time":"2022-12-16T10:33:22+00:00","article_modified_time":"2022-12-16T10:34:13+00:00","og_image":[{"width":2000,"height":1333,"url":"https:\/\/www.nettali.com\/wp-content\/uploads\/2022\/12\/Endrick-Palmeiras-2.jpg","type":"image\/jpeg"}],"twitter_card":"summary_large_image","twitter_misc":{"\u00c9crit par":"Ibrahima","Dur\u00e9e de lecture estim\u00e9e":"2 minutes"},"schema":{"@context":"https:\/\/schema.org","@graph":[{"@type":"WebSite","@id":"https:\/\/www.nettali.com\/#website","url":"https:\/\/www.nettali.com\/","name":"Nettali.com","description":"Le rendez-vous critique du Net","potentialAction":[{"@type":"SearchAction","target":{"@type":"EntryPoint","urlTemplate":"https:\/\/www.nettali.com\/?s={search_term_string}"},"query-input":"required name=search_term_string"}],"inLanguage":"fr-FR"},{"@type":"ImageObject","@id":"https:\/\/www.nettali.com\/2022\/12\/16\/mercato-la-pepite-bresilienne-endrick-signe-au-real-madrid\/#primaryimage","inLanguage":"fr-FR","url":"https:\/\/www.nettali.com\/wp-content\/uploads\/2022\/12\/Endrick-Palmeiras-2.jpg","contentUrl":"https:\/\/www.nettali.com\/wp-content\/uploads\/2022\/12\/Endrick-Palmeiras-2.jpg","width":2000,"height":1333},{"@type":"WebPage","@id":"https:\/\/www.nettali.com\/2022\/12\/16\/mercato-la-pepite-bresilienne-endrick-signe-au-real-madrid\/#webpage","url":"https:\/\/www.nettali.com\/2022\/12\/16\/mercato-la-pepite-bresilienne-endrick-signe-au-real-madrid\/","name":"MERCATO - La p\u00e9pite br\u00e9silienne Endrick signe au Real Madrid | Nettali.com","isPartOf":{"@id":"https:\/\/www.nettali.com\/#website"},"primaryImageOfPage":{"@id":"https:\/\/www.nettali.com\/2022\/12\/16\/mercato-la-pepite-bresilienne-endrick-signe-au-real-madrid\/#primaryimage"},"datePublished":"2022-12-16T10:33:22+00:00","dateModified":"2022-12-16T10:34:13+00:00","author":{"@id":"https:\/\/www.nettali.com\/#\/schema\/person\/bb147657c2986240405a608162b9bb23"},"breadcrumb":{"@id":"https:\/\/www.nettali.com\/2022\/12\/16\/mercato-la-pepite-bresilienne-endrick-signe-au-real-madrid\/#breadcrumb"},"inLanguage":"fr-FR","potentialAction":[{"@type":"ReadAction","target":["https:\/\/www.nettali.com\/2022\/12\/16\/mercato-la-pepite-bresilienne-endrick-signe-au-real-madrid\/"]}]},{"@type":"BreadcrumbList","@id":"https:\/\/www.nettali.com\/2022\/12\/16\/mercato-la-pepite-bresilienne-endrick-signe-au-real-madrid\/#breadcrumb","itemListElement":[{"@type":"ListItem","position":1,"name":"Accueil","item":"https:\/\/www.nettali.com\/"},{"@type":"ListItem","position":2,"name":"MERCATO - La p\u00e9pite br\u00e9silienne Endrick signe au Real Madrid"}]},{"@type":"Person","@id":"https:\/\/www.nettali.com\/#\/schema\/person\/bb147657c2986240405a608162b9bb23","name":"Ibrahima","image":{"@type":"ImageObject","@id":"https:\/\/www.nettali.com\/#personlogo","inLanguage":"fr-FR","url":"https:\/\/secure.gravatar.com\/avatar\/26a8a81f09f0dd7624c9d5c36c9ba3a2?s=96&d=mm&r=g","contentUrl":"https:\/\/secure.gravatar.com\/avatar\/26a8a81f09f0dd7624c9d5c36c9ba3a2?s=96&d=mm&r=g","caption":"Ibrahima"},"sameAs":["https:\/\/www.nettali.com"]}]}},"_links":{"self":[{"href":"https:\/\/www.nettali.com\/rest\/wp\/v2\/posts\/99807"}],"collection":[{"href":"https:\/\/www.nettali.com\/rest\/wp\/v2\/posts"}],"about":[{"href":"https:\/\/www.nettali.com\/rest\/wp\/v2\/types\/post"}],"author":[{"embeddable":true,"href":"https:\/\/www.nettali.com\/rest\/wp\/v2\/users\/5"}],"replies":[{"embeddable":true,"href":"https:\/\/www.nettali.com\/rest\/wp\/v2\/comments?post=99807"}],"version-history":[{"count":1,"href":"https:\/\/www.nettali.com\/rest\/wp\/v2\/posts\/99807\/revisions"}],"predecessor-version":[{"id":99810,"href":"https:\/\/www.nettali.com\/rest\/wp\/v2\/posts\/99807\/revisions\/99810"}],"wp:featuredmedia":[{"embeddable":true,"href":"https:\/\/www.nettali.com\/rest\/wp\/v2\/media\/99809"}],"wp:attachment":[{"href":"https:\/\/www.nettali.com\/rest\/wp\/v2\/media?parent=99807"}],"wp:term":[{"taxonomy":"category","embeddable":true,"href":"https:\/\/www.nettali.com\/rest\/wp\/v2\/categories?post=99807"},{"taxonomy":"post_tag","embeddable":true,"href":"https:\/\/www.nettali.com\/rest\/wp\/v2\/tags?post=99807"}],"curies":[{"name":"wp","href":"https:\/\/api.w.org\/{rel}","templated":true}]}}