{"id":99743,"date":"2022-12-15T08:40:58","date_gmt":"2022-12-15T08:40:58","guid":{"rendered":"https:\/\/www.nettali.com\/?p=99743"},"modified":"2022-12-15T19:40:16","modified_gmt":"2022-12-15T19:40:16","slug":"affaire-amy-ndiaye-gniby-les-deux-deputes-incrimines-a-la-cave","status":"publish","type":"post","link":"https:\/\/www.nettali.com\/2022\/12\/15\/affaire-amy-ndiaye-gniby-les-deux-deputes-incrimines-a-la-cave\/","title":{"rendered":"AFFAIRE AMY NDIAYE GNIBY- Les deux d\u00e9put\u00e9s d\u00e9pos\u00e9s \u00e0 l'aube \u00e0 la cave du tribunal"},"content":{"rendered":"<p><strong>NETTALI.COM- Comme annonc\u00e9, les deux d\u00e9put\u00e9s du Pur, Massata Samb et Mamadou Niang, ont \u00e9t\u00e9 d\u00e9f\u00e9r\u00e9s au parquet du tribunal de grande instance de Dakar. Les \u00e9l\u00e9ments de la Division des investigations criminelles (DIC) les ont d\u00e9pos\u00e9 tr\u00e8s t\u00f4t \u00e0 la cave du palais de justice de Dakar.<\/strong><\/p>\n<p>Les deux parlementaires sont \u00e0 la cave depuis du tribunal depuis l'aube de ce jeudi 15 d\u00e9cembre 2022. Ils attendent leur face-\u00e0-face avec le procureur.<\/p>\n<p>Les \u00e9l\u00e9ments de la Division des investigations criminelles (DIC), ont pris les dispositions pour les acheminer au palais de justice tr\u00e8s t\u00f4t, pour \u00e9viter des heurts avec des membres de la Dahira des Moustarchidines Wal Moustarchidaty. Ce mercredi, apr\u00e8s l'annonce de leur d\u00e9ferrement, plusieurs personnes avaient pris d'assaut le tribunal de Dakar, poussant les forces de d\u00e9fense et de s\u00e9curit\u00e9 \u00e0 appeler du renfort.<\/p>\n<p>Massata Samb et Mamadou Niang sont poursuivis pour coups et blessures volontaires ayant entra\u00een\u00e9 une Incapacit\u00e9 temporaire de travail (Itt) de 23 jours et menaces de mort sur leur coll\u00e8gue\u00a0 Amy Ndiaye Gniby.<\/p>\n<div class='share-to-whatsapp-wrapper'><div class='share-on-whsp'>PARTAGER SUR : <\/div><a data-text='AFFAIRE AMY NDIAYE GNIBY- Les deux d\u00e9put\u00e9s d\u00e9pos\u00e9s \u00e0 l'aube \u00e0 la cave du tribunal' data-link='https:\/\/www.nettali.com\/2022\/12\/15\/affaire-amy-ndiaye-gniby-les-deux-deputes-incrimines-a-la-cave\/' class='whatsapp-button whatsapp-share'>WhatsApp<\/a><div class='clear '><\/div><\/div>","protected":false},"excerpt":{"rendered":"<p>NETTALI.COM- Comme annonc\u00e9, les deux d\u00e9put\u00e9s du Pur, Massata Samb et Mamadou Niang, ont \u00e9t\u00e9 d\u00e9f\u00e9r\u00e9s au parquet du tribunal de grande instance de Dakar. Les \u00e9l\u00e9ments de la Division des investigations criminelles (DIC) les ont d\u00e9pos\u00e9 tr\u00e8s t\u00f4t \u00e0 la cave du palais de justice de Dakar. Les deux parlementaires sont \u00e0 la cave [&hellip;]<\/p>\n","protected":false},"author":6,"featured_media":99569,"comment_status":"open","ping_status":"open","sticky":false,"template":"","format":"standard","meta":{"_et_pb_use_builder":"","_et_pb_old_content":""},"categories":[3],"tags":[],"yoast_head":"<!-- This site is optimized with the Yoast SEO Premium plugin v17.8 (Yoast SEO v17.8) - https:\/\/yoast.com\/wordpress\/plugins\/seo\/ -->\n<title>AFFAIRE AMY NDIAYE GNIBY- Les deux d\u00e9put\u00e9s d\u00e9pos\u00e9s \u00e0 l&#039;aube \u00e0 la cave du tribunal | Nettali.com<\/title>\n<meta name=\"robots\" content=\"index, follow, max-snippet:-1, max-image-preview:large, max-video-preview:-1\" \/>\n<link rel=\"canonical\" href=\"https:\/\/www.nettali.com\/2022\/12\/15\/affaire-amy-ndiaye-gniby-les-deux-deputes-incrimines-a-la-cave\/\" \/>\n<meta property=\"og:locale\" content=\"fr_FR\" \/>\n<meta property=\"og:type\" content=\"article\" \/>\n<meta property=\"og:title\" content=\"AFFAIRE AMY NDIAYE GNIBY- Les deux d\u00e9put\u00e9s d\u00e9pos\u00e9s \u00e0 l&#039;aube \u00e0 la cave du tribunal\" \/>\n<meta property=\"og:description\" content=\"NETTALI.COM- Comme annonc\u00e9, les deux d\u00e9put\u00e9s du Pur, Massata Samb et Mamadou Niang, ont \u00e9t\u00e9 d\u00e9f\u00e9r\u00e9s au parquet du tribunal de grande instance de Dakar. Les \u00e9l\u00e9ments de la Division des investigations criminelles (DIC) les ont d\u00e9pos\u00e9 tr\u00e8s t\u00f4t \u00e0 la cave du palais de justice de Dakar. Les deux parlementaires sont \u00e0 la cave [&hellip;]\" \/>\n<meta property=\"og:url\" content=\"https:\/\/www.nettali.com\/2022\/12\/15\/affaire-amy-ndiaye-gniby-les-deux-deputes-incrimines-a-la-cave\/\" \/>\n<meta property=\"og:site_name\" content=\"Nettali.com\" \/>\n<meta property=\"article:publisher\" content=\"https:\/\/www.facebook.com\/nettalicom\" \/>\n<meta property=\"article:published_time\" content=\"2022-12-15T08:40:58+00:00\" \/>\n<meta property=\"article:modified_time\" content=\"2022-12-15T19:40:16+00:00\" \/>\n<meta property=\"og:image\" content=\"https:\/\/www.nettali.com\/wp-content\/uploads\/2022\/12\/amy-ndiaye.gif\" \/>\n\t<meta property=\"og:image:width\" content=\"739\" \/>\n\t<meta property=\"og:image:height\" content=\"415\" \/>\n<meta name=\"twitter:card\" content=\"summary_large_image\" \/>\n<meta name=\"twitter:label1\" content=\"\u00c9crit par\" \/>\n\t<meta name=\"twitter:data1\" content=\"Fatou\" \/>\n\t<meta name=\"twitter:label2\" content=\"Dur\u00e9e de lecture estim\u00e9e\" \/>\n\t<meta name=\"twitter:data2\" content=\"1 minute\" \/>\n<script type=\"application\/ld+json\" class=\"yoast-schema-graph\">{\"@context\":\"https:\/\/schema.org\",\"@graph\":[{\"@type\":\"WebSite\",\"@id\":\"https:\/\/www.nettali.com\/#website\",\"url\":\"https:\/\/www.nettali.com\/\",\"name\":\"Nettali.com\",\"description\":\"Le rendez-vous critique du Net\",\"potentialAction\":[{\"@type\":\"SearchAction\",\"target\":{\"@type\":\"EntryPoint\",\"urlTemplate\":\"https:\/\/www.nettali.com\/?s={search_term_string}\"},\"query-input\":\"required name=search_term_string\"}],\"inLanguage\":\"fr-FR\"},{\"@type\":\"ImageObject\",\"@id\":\"https:\/\/www.nettali.com\/2022\/12\/15\/affaire-amy-ndiaye-gniby-les-deux-deputes-incrimines-a-la-cave\/#primaryimage\",\"inLanguage\":\"fr-FR\",\"url\":\"https:\/\/www.nettali.com\/wp-content\/uploads\/2022\/12\/amy-ndiaye.gif\",\"contentUrl\":\"https:\/\/www.nettali.com\/wp-content\/uploads\/2022\/12\/amy-ndiaye.gif\",\"width\":739,\"height\":415},{\"@type\":\"WebPage\",\"@id\":\"https:\/\/www.nettali.com\/2022\/12\/15\/affaire-amy-ndiaye-gniby-les-deux-deputes-incrimines-a-la-cave\/#webpage\",\"url\":\"https:\/\/www.nettali.com\/2022\/12\/15\/affaire-amy-ndiaye-gniby-les-deux-deputes-incrimines-a-la-cave\/\",\"name\":\"AFFAIRE AMY NDIAYE GNIBY- Les deux d\\u00e9put\\u00e9s d\\u00e9pos\\u00e9s \\u00e0 l'aube \\u00e0 la cave du tribunal | Nettali.com\",\"isPartOf\":{\"@id\":\"https:\/\/www.nettali.com\/#website\"},\"primaryImageOfPage\":{\"@id\":\"https:\/\/www.nettali.com\/2022\/12\/15\/affaire-amy-ndiaye-gniby-les-deux-deputes-incrimines-a-la-cave\/#primaryimage\"},\"datePublished\":\"2022-12-15T08:40:58+00:00\",\"dateModified\":\"2022-12-15T19:40:16+00:00\",\"author\":{\"@id\":\"https:\/\/www.nettali.com\/#\/schema\/person\/418274a86bdf87caff7a3ef476bd0bbf\"},\"breadcrumb\":{\"@id\":\"https:\/\/www.nettali.com\/2022\/12\/15\/affaire-amy-ndiaye-gniby-les-deux-deputes-incrimines-a-la-cave\/#breadcrumb\"},\"inLanguage\":\"fr-FR\",\"potentialAction\":[{\"@type\":\"ReadAction\",\"target\":[\"https:\/\/www.nettali.com\/2022\/12\/15\/affaire-amy-ndiaye-gniby-les-deux-deputes-incrimines-a-la-cave\/\"]}]},{\"@type\":\"BreadcrumbList\",\"@id\":\"https:\/\/www.nettali.com\/2022\/12\/15\/affaire-amy-ndiaye-gniby-les-deux-deputes-incrimines-a-la-cave\/#breadcrumb\",\"itemListElement\":[{\"@type\":\"ListItem\",\"position\":1,\"name\":\"Accueil\",\"item\":\"https:\/\/www.nettali.com\/\"},{\"@type\":\"ListItem\",\"position\":2,\"name\":\"AFFAIRE AMY NDIAYE GNIBY- Les deux d\\u00e9put\\u00e9s d\\u00e9pos\\u00e9s \\u00e0 l'aube \\u00e0 la cave du tribunal\"}]},{\"@type\":\"Person\",\"@id\":\"https:\/\/www.nettali.com\/#\/schema\/person\/418274a86bdf87caff7a3ef476bd0bbf\",\"name\":\"Fatou\",\"image\":{\"@type\":\"ImageObject\",\"@id\":\"https:\/\/www.nettali.com\/#personlogo\",\"inLanguage\":\"fr-FR\",\"url\":\"https:\/\/secure.gravatar.com\/avatar\/5a9442a2bee7b4dcf167cab035858e9a?s=96&d=mm&r=g\",\"contentUrl\":\"https:\/\/secure.gravatar.com\/avatar\/5a9442a2bee7b4dcf167cab035858e9a?s=96&d=mm&r=g\",\"caption\":\"Fatou\"},\"sameAs\":[\"https:\/\/www.nettali.com\"]}]}<\/script>\n<!-- \/ Yoast SEO Premium plugin. -->","yoast_head_json":{"title":"AFFAIRE AMY NDIAYE GNIBY- Les deux d\u00e9put\u00e9s d\u00e9pos\u00e9s \u00e0 l'aube \u00e0 la cave du tribunal | Nettali.com","robots":{"index":"index","follow":"follow","max-snippet":"max-snippet:-1","max-image-preview":"max-image-preview:large","max-video-preview":"max-video-preview:-1"},"canonical":"https:\/\/www.nettali.com\/2022\/12\/15\/affaire-amy-ndiaye-gniby-les-deux-deputes-incrimines-a-la-cave\/","og_locale":"fr_FR","og_type":"article","og_title":"AFFAIRE AMY NDIAYE GNIBY- Les deux d\u00e9put\u00e9s d\u00e9pos\u00e9s \u00e0 l'aube \u00e0 la cave du tribunal","og_description":"NETTALI.COM- Comme annonc\u00e9, les deux d\u00e9put\u00e9s du Pur, Massata Samb et Mamadou Niang, ont \u00e9t\u00e9 d\u00e9f\u00e9r\u00e9s au parquet du tribunal de grande instance de Dakar. Les \u00e9l\u00e9ments de la Division des investigations criminelles (DIC) les ont d\u00e9pos\u00e9 tr\u00e8s t\u00f4t \u00e0 la cave du palais de justice de Dakar. Les deux parlementaires sont \u00e0 la cave [&hellip;]","og_url":"https:\/\/www.nettali.com\/2022\/12\/15\/affaire-amy-ndiaye-gniby-les-deux-deputes-incrimines-a-la-cave\/","og_site_name":"Nettali.com","article_publisher":"https:\/\/www.facebook.com\/nettalicom","article_published_time":"2022-12-15T08:40:58+00:00","article_modified_time":"2022-12-15T19:40:16+00:00","og_image":[{"width":739,"height":415,"url":"https:\/\/www.nettali.com\/wp-content\/uploads\/2022\/12\/amy-ndiaye.gif","type":"image\/gif"}],"twitter_card":"summary_large_image","twitter_misc":{"\u00c9crit par":"Fatou","Dur\u00e9e de lecture estim\u00e9e":"1 minute"},"schema":{"@context":"https:\/\/schema.org","@graph":[{"@type":"WebSite","@id":"https:\/\/www.nettali.com\/#website","url":"https:\/\/www.nettali.com\/","name":"Nettali.com","description":"Le rendez-vous critique du Net","potentialAction":[{"@type":"SearchAction","target":{"@type":"EntryPoint","urlTemplate":"https:\/\/www.nettali.com\/?s={search_term_string}"},"query-input":"required name=search_term_string"}],"inLanguage":"fr-FR"},{"@type":"ImageObject","@id":"https:\/\/www.nettali.com\/2022\/12\/15\/affaire-amy-ndiaye-gniby-les-deux-deputes-incrimines-a-la-cave\/#primaryimage","inLanguage":"fr-FR","url":"https:\/\/www.nettali.com\/wp-content\/uploads\/2022\/12\/amy-ndiaye.gif","contentUrl":"https:\/\/www.nettali.com\/wp-content\/uploads\/2022\/12\/amy-ndiaye.gif","width":739,"height":415},{"@type":"WebPage","@id":"https:\/\/www.nettali.com\/2022\/12\/15\/affaire-amy-ndiaye-gniby-les-deux-deputes-incrimines-a-la-cave\/#webpage","url":"https:\/\/www.nettali.com\/2022\/12\/15\/affaire-amy-ndiaye-gniby-les-deux-deputes-incrimines-a-la-cave\/","name":"AFFAIRE AMY NDIAYE GNIBY- Les deux d\u00e9put\u00e9s d\u00e9pos\u00e9s \u00e0 l'aube \u00e0 la cave du tribunal | Nettali.com","isPartOf":{"@id":"https:\/\/www.nettali.com\/#website"},"primaryImageOfPage":{"@id":"https:\/\/www.nettali.com\/2022\/12\/15\/affaire-amy-ndiaye-gniby-les-deux-deputes-incrimines-a-la-cave\/#primaryimage"},"datePublished":"2022-12-15T08:40:58+00:00","dateModified":"2022-12-15T19:40:16+00:00","author":{"@id":"https:\/\/www.nettali.com\/#\/schema\/person\/418274a86bdf87caff7a3ef476bd0bbf"},"breadcrumb":{"@id":"https:\/\/www.nettali.com\/2022\/12\/15\/affaire-amy-ndiaye-gniby-les-deux-deputes-incrimines-a-la-cave\/#breadcrumb"},"inLanguage":"fr-FR","potentialAction":[{"@type":"ReadAction","target":["https:\/\/www.nettali.com\/2022\/12\/15\/affaire-amy-ndiaye-gniby-les-deux-deputes-incrimines-a-la-cave\/"]}]},{"@type":"BreadcrumbList","@id":"https:\/\/www.nettali.com\/2022\/12\/15\/affaire-amy-ndiaye-gniby-les-deux-deputes-incrimines-a-la-cave\/#breadcrumb","itemListElement":[{"@type":"ListItem","position":1,"name":"Accueil","item":"https:\/\/www.nettali.com\/"},{"@type":"ListItem","position":2,"name":"AFFAIRE AMY NDIAYE GNIBY- Les deux d\u00e9put\u00e9s d\u00e9pos\u00e9s \u00e0 l'aube \u00e0 la cave du tribunal"}]},{"@type":"Person","@id":"https:\/\/www.nettali.com\/#\/schema\/person\/418274a86bdf87caff7a3ef476bd0bbf","name":"Fatou","image":{"@type":"ImageObject","@id":"https:\/\/www.nettali.com\/#personlogo","inLanguage":"fr-FR","url":"https:\/\/secure.gravatar.com\/avatar\/5a9442a2bee7b4dcf167cab035858e9a?s=96&d=mm&r=g","contentUrl":"https:\/\/secure.gravatar.com\/avatar\/5a9442a2bee7b4dcf167cab035858e9a?s=96&d=mm&r=g","caption":"Fatou"},"sameAs":["https:\/\/www.nettali.com"]}]}},"_links":{"self":[{"href":"https:\/\/www.nettali.com\/rest\/wp\/v2\/posts\/99743"}],"collection":[{"href":"https:\/\/www.nettali.com\/rest\/wp\/v2\/posts"}],"about":[{"href":"https:\/\/www.nettali.com\/rest\/wp\/v2\/types\/post"}],"author":[{"embeddable":true,"href":"https:\/\/www.nettali.com\/rest\/wp\/v2\/users\/6"}],"replies":[{"embeddable":true,"href":"https:\/\/www.nettali.com\/rest\/wp\/v2\/comments?post=99743"}],"version-history":[{"count":4,"href":"https:\/\/www.nettali.com\/rest\/wp\/v2\/posts\/99743\/revisions"}],"predecessor-version":[{"id":99751,"href":"https:\/\/www.nettali.com\/rest\/wp\/v2\/posts\/99743\/revisions\/99751"}],"wp:featuredmedia":[{"embeddable":true,"href":"https:\/\/www.nettali.com\/rest\/wp\/v2\/media\/99569"}],"wp:attachment":[{"href":"https:\/\/www.nettali.com\/rest\/wp\/v2\/media?parent=99743"}],"wp:term":[{"taxonomy":"category","embeddable":true,"href":"https:\/\/www.nettali.com\/rest\/wp\/v2\/categories?post=99743"},{"taxonomy":"post_tag","embeddable":true,"href":"https:\/\/www.nettali.com\/rest\/wp\/v2\/tags?post=99743"}],"curies":[{"name":"wp","href":"https:\/\/api.w.org\/{rel}","templated":true}]}}