{"id":99709,"date":"2022-12-14T16:34:58","date_gmt":"2022-12-14T16:34:58","guid":{"rendered":"https:\/\/www.nettali.com\/?p=99709"},"modified":"2022-12-14T16:35:34","modified_gmt":"2022-12-14T16:35:34","slug":"messi-la-finale-sera-mon-dernier-match-en","status":"publish","type":"post","link":"https:\/\/www.nettali.com\/2022\/12\/14\/messi-la-finale-sera-mon-dernier-match-en\/","title":{"rendered":"MESSI - \"La finale sera mon dernier match en...\""},"content":{"rendered":"<p><strong>NETTALI.COM - Dans la foul\u00e9e de la victoire de l'Argentine face \u00e0 la Croatie (3-0) en demi-finale du Mondial, Lionel Messi s'est confi\u00e9 \u00e0 la presse. Dans des propos rapport\u00e9s par nos confr\u00e8res de Marca, le g\u00e9nie argentin s'est d\u00e9j\u00e0 projet\u00e9 sur la finale, indiquant qu'il s'agirait du dernier match de sa carri\u00e8re en Coupe du monde. Et il se sent pr\u00eat \u00e0 relever le d\u00e9fi.<\/strong><\/p>\n<p>Il est en mission. A 35 ans, Lionel Messi touche presque du doigt le dernier grand r\u00eave de son immense carri\u00e8re : mener l'Albiceleste au titre mondial, comme Diego Maradona avant lui en 1986 et Mario Kempes en 1978. Apr\u00e8s la qualification de son \u00e9quipe mardi soir contre la Croatie (3-0) pour la finale de la Coupe du monde, la Pulga a \u00e9voqu\u00e9 le sujet sans tabou. Si avant la comp\u00e9tition, il avouait \u00e0 demi-mot que ce Mondial serait sans doute le dernier pour lui, le num\u00e9ro 10 argentin s'est montr\u00e9 plus d\u00e9finitif devant la presse, dans des propos rapport\u00e9s par nos confr\u00e8res espagnols de Marca. Pour lui, tout se joue dimanche.<\/p>\n<p>\"<em>Je suis fier de pouvoir terminer ma carri\u00e8re en Coupe du monde en disputant cette finale. C'est quelque chose d'excitant ce que je vis. Dimanche sera s\u00fbrement mon dernier match dans une Coupe du monde. Il reste de nombreuses ann\u00e9es avant la prochaine\u00a0(en 2026, il aura alors 39 ans, NDLR)\u00a0et je ne pense pas que je pourrai la disputer. Alors j'esp\u00e8re finir de la meilleure fa\u00e7on<\/em>\", a confi\u00e9 l'actuel meilleur buteur et meilleur passeur de le coupe du monde.<\/p>\n<p>Et quoi qu'il arrive lors de cette finale, l'h\u00e9ritier du \"<em>dieu<\/em>\" Maradona a d\u00e9j\u00e0 (en partie) r\u00e9ussi son pari : se donner l'opportunit\u00e9 d'accrocher le seul troph\u00e9e qui manque \u00e0 son immense palmar\u00e8s, et qui plus est pour tout un pays. Apr\u00e8s l'\u00e9chec sur la derni\u00e8re marche voici huit ans, l'Argentine voit plus que jamais son destin passer entre ses pieds, lui qui s'est montr\u00e9 d\u00e9cisif dans tous les matches couperets pour la premi\u00e8re fois de sa carri\u00e8re (buteur en 8e, buteur et passeur en quart et demie).<\/p>\n<p>Alors l'int\u00e9ress\u00e9 assume plus que jamais la pression et son r\u00f4le de guide, de patron.<br \/>\n\"<em>Je me sens bien. Je me sens fort pour affronter chaque match. Nous avons fait un tr\u00e8s gros sacrifice. Lors du dernier match que nous avons jou\u00e9\u00a0(le quart contre les Pays Bas, NDLR),\u00a0nous avons d\u00fb jouer une prolongation qui n'a pas \u00e9t\u00e9 facile du tout. Nous sommes arriv\u00e9s fatigu\u00e9s en demie, mais le groupe s'est remis en ordre de marche pour trouver des ressources insoup\u00e7onn\u00e9es. Nous avons jou\u00e9 un match tr\u00e8s s\u00e9rieux<\/em>\", s'est-il f\u00e9licit\u00e9.<\/p>\n<p>Et si Messi croit plus que jamais en son \u00e9toile ce serait la troisi\u00e8me sur le maillot argentin pour ce dernier match \u00e0 quitte ou double, c'est parce qu'il se sait bien entour\u00e9.<br \/>\n\"<em>Au-del\u00e0 de la force de groupe, cette \u00e9quipe est tr\u00e8s intelligente. Savoir lire les moments d'un match, c'est la cl\u00e9, Scaloni\u00a0(le s\u00e9lectionneur, NDLR)\u00a0l'avait d\u00e9j\u00e0 dit. C'est un groupe tr\u00e8s intelligent qui sait souffrir quand il le faut, qui sait avoir le ballon quand il le faut, quand presser, jouer plus bas<\/em>\", a-t-il fait remarquer.<br \/>\nL'Argentin de 35 ans r\u00eave de faire la diff\u00e9rence dimanche, mais si c'est un autre, peu importe, car il se sent comme un poisson dans l'eau dans ce collectif. Son adversaire en finale, France ou Maroc, est pr\u00e9venu. La Pulga est pr\u00eate.<\/p>\n<div class='share-to-whatsapp-wrapper'><div class='share-on-whsp'>PARTAGER SUR : <\/div><a data-text='MESSI - \"La finale sera mon dernier match en...\"' data-link='https:\/\/www.nettali.com\/2022\/12\/14\/messi-la-finale-sera-mon-dernier-match-en\/' class='whatsapp-button whatsapp-share'>WhatsApp<\/a><div class='clear '><\/div><\/div>","protected":false},"excerpt":{"rendered":"<p>NETTALI.COM - Dans la foul\u00e9e de la victoire de l'Argentine face \u00e0 la Croatie (3-0) en demi-finale du Mondial, Lionel Messi s'est confi\u00e9 \u00e0 la presse. Dans des propos rapport\u00e9s par nos confr\u00e8res de Marca, le g\u00e9nie argentin s'est d\u00e9j\u00e0 projet\u00e9 sur la finale, indiquant qu'il s'agirait du dernier match de sa carri\u00e8re en Coupe [&hellip;]<\/p>\n","protected":false},"author":5,"featured_media":99712,"comment_status":"open","ping_status":"open","sticky":false,"template":"","format":"standard","meta":{"_et_pb_use_builder":"","_et_pb_old_content":""},"categories":[6],"tags":[],"yoast_head":"<!-- This site is optimized with the Yoast SEO Premium plugin v17.8 (Yoast SEO v17.8) - https:\/\/yoast.com\/wordpress\/plugins\/seo\/ -->\n<title>MESSI - &quot;La finale sera mon dernier match en...&quot; | Nettali.com<\/title>\n<meta name=\"robots\" content=\"index, follow, max-snippet:-1, max-image-preview:large, max-video-preview:-1\" \/>\n<link rel=\"canonical\" href=\"https:\/\/www.nettali.com\/2022\/12\/14\/messi-la-finale-sera-mon-dernier-match-en\/\" \/>\n<meta property=\"og:locale\" content=\"fr_FR\" \/>\n<meta property=\"og:type\" content=\"article\" \/>\n<meta property=\"og:title\" content=\"MESSI - &quot;La finale sera mon dernier match en...&quot;\" \/>\n<meta property=\"og:description\" content=\"NETTALI.COM - Dans la foul\u00e9e de la victoire de l&#039;Argentine face \u00e0 la Croatie (3-0) en demi-finale du Mondial, Lionel Messi s&#039;est confi\u00e9 \u00e0 la presse. Dans des propos rapport\u00e9s par nos confr\u00e8res de Marca, le g\u00e9nie argentin s&#039;est d\u00e9j\u00e0 projet\u00e9 sur la finale, indiquant qu&#039;il s&#039;agirait du dernier match de sa carri\u00e8re en Coupe [&hellip;]\" \/>\n<meta property=\"og:url\" content=\"https:\/\/www.nettali.com\/2022\/12\/14\/messi-la-finale-sera-mon-dernier-match-en\/\" \/>\n<meta property=\"og:site_name\" content=\"Nettali.com\" \/>\n<meta property=\"article:publisher\" content=\"https:\/\/www.facebook.com\/nettalicom\" \/>\n<meta property=\"article:published_time\" content=\"2022-12-14T16:34:58+00:00\" \/>\n<meta property=\"article:modified_time\" content=\"2022-12-14T16:35:34+00:00\" \/>\n<meta property=\"og:image\" content=\"https:\/\/www.nettali.com\/wp-content\/uploads\/2022\/12\/3508032-71507808-2560-1440.jpg\" \/>\n\t<meta property=\"og:image:width\" content=\"1200\" \/>\n\t<meta property=\"og:image:height\" content=\"675\" \/>\n<meta name=\"twitter:card\" content=\"summary_large_image\" \/>\n<meta name=\"twitter:label1\" content=\"\u00c9crit par\" \/>\n\t<meta name=\"twitter:data1\" content=\"Ibrahima\" \/>\n\t<meta name=\"twitter:label2\" content=\"Dur\u00e9e de lecture estim\u00e9e\" \/>\n\t<meta name=\"twitter:data2\" content=\"3 minutes\" \/>\n<script type=\"application\/ld+json\" class=\"yoast-schema-graph\">{\"@context\":\"https:\/\/schema.org\",\"@graph\":[{\"@type\":\"WebSite\",\"@id\":\"https:\/\/www.nettali.com\/#website\",\"url\":\"https:\/\/www.nettali.com\/\",\"name\":\"Nettali.com\",\"description\":\"Le rendez-vous critique du Net\",\"potentialAction\":[{\"@type\":\"SearchAction\",\"target\":{\"@type\":\"EntryPoint\",\"urlTemplate\":\"https:\/\/www.nettali.com\/?s={search_term_string}\"},\"query-input\":\"required name=search_term_string\"}],\"inLanguage\":\"fr-FR\"},{\"@type\":\"ImageObject\",\"@id\":\"https:\/\/www.nettali.com\/2022\/12\/14\/messi-la-finale-sera-mon-dernier-match-en\/#primaryimage\",\"inLanguage\":\"fr-FR\",\"url\":\"https:\/\/www.nettali.com\/wp-content\/uploads\/2022\/12\/3508032-71507808-2560-1440.jpg\",\"contentUrl\":\"https:\/\/www.nettali.com\/wp-content\/uploads\/2022\/12\/3508032-71507808-2560-1440.jpg\",\"width\":1200,\"height\":675},{\"@type\":\"WebPage\",\"@id\":\"https:\/\/www.nettali.com\/2022\/12\/14\/messi-la-finale-sera-mon-dernier-match-en\/#webpage\",\"url\":\"https:\/\/www.nettali.com\/2022\/12\/14\/messi-la-finale-sera-mon-dernier-match-en\/\",\"name\":\"MESSI - \\\"La finale sera mon dernier match en...\\\" | Nettali.com\",\"isPartOf\":{\"@id\":\"https:\/\/www.nettali.com\/#website\"},\"primaryImageOfPage\":{\"@id\":\"https:\/\/www.nettali.com\/2022\/12\/14\/messi-la-finale-sera-mon-dernier-match-en\/#primaryimage\"},\"datePublished\":\"2022-12-14T16:34:58+00:00\",\"dateModified\":\"2022-12-14T16:35:34+00:00\",\"author\":{\"@id\":\"https:\/\/www.nettali.com\/#\/schema\/person\/bb147657c2986240405a608162b9bb23\"},\"breadcrumb\":{\"@id\":\"https:\/\/www.nettali.com\/2022\/12\/14\/messi-la-finale-sera-mon-dernier-match-en\/#breadcrumb\"},\"inLanguage\":\"fr-FR\",\"potentialAction\":[{\"@type\":\"ReadAction\",\"target\":[\"https:\/\/www.nettali.com\/2022\/12\/14\/messi-la-finale-sera-mon-dernier-match-en\/\"]}]},{\"@type\":\"BreadcrumbList\",\"@id\":\"https:\/\/www.nettali.com\/2022\/12\/14\/messi-la-finale-sera-mon-dernier-match-en\/#breadcrumb\",\"itemListElement\":[{\"@type\":\"ListItem\",\"position\":1,\"name\":\"Accueil\",\"item\":\"https:\/\/www.nettali.com\/\"},{\"@type\":\"ListItem\",\"position\":2,\"name\":\"MESSI - \\\"La finale sera mon dernier match en...\\\"\"}]},{\"@type\":\"Person\",\"@id\":\"https:\/\/www.nettali.com\/#\/schema\/person\/bb147657c2986240405a608162b9bb23\",\"name\":\"Ibrahima\",\"image\":{\"@type\":\"ImageObject\",\"@id\":\"https:\/\/www.nettali.com\/#personlogo\",\"inLanguage\":\"fr-FR\",\"url\":\"https:\/\/secure.gravatar.com\/avatar\/26a8a81f09f0dd7624c9d5c36c9ba3a2?s=96&d=mm&r=g\",\"contentUrl\":\"https:\/\/secure.gravatar.com\/avatar\/26a8a81f09f0dd7624c9d5c36c9ba3a2?s=96&d=mm&r=g\",\"caption\":\"Ibrahima\"},\"sameAs\":[\"https:\/\/www.nettali.com\"]}]}<\/script>\n<!-- \/ Yoast SEO Premium plugin. -->","yoast_head_json":{"title":"MESSI - \"La finale sera mon dernier match en...\" | Nettali.com","robots":{"index":"index","follow":"follow","max-snippet":"max-snippet:-1","max-image-preview":"max-image-preview:large","max-video-preview":"max-video-preview:-1"},"canonical":"https:\/\/www.nettali.com\/2022\/12\/14\/messi-la-finale-sera-mon-dernier-match-en\/","og_locale":"fr_FR","og_type":"article","og_title":"MESSI - \"La finale sera mon dernier match en...\"","og_description":"NETTALI.COM - Dans la foul\u00e9e de la victoire de l'Argentine face \u00e0 la Croatie (3-0) en demi-finale du Mondial, Lionel Messi s'est confi\u00e9 \u00e0 la presse. Dans des propos rapport\u00e9s par nos confr\u00e8res de Marca, le g\u00e9nie argentin s'est d\u00e9j\u00e0 projet\u00e9 sur la finale, indiquant qu'il s'agirait du dernier match de sa carri\u00e8re en Coupe [&hellip;]","og_url":"https:\/\/www.nettali.com\/2022\/12\/14\/messi-la-finale-sera-mon-dernier-match-en\/","og_site_name":"Nettali.com","article_publisher":"https:\/\/www.facebook.com\/nettalicom","article_published_time":"2022-12-14T16:34:58+00:00","article_modified_time":"2022-12-14T16:35:34+00:00","og_image":[{"width":1200,"height":675,"url":"https:\/\/www.nettali.com\/wp-content\/uploads\/2022\/12\/3508032-71507808-2560-1440.jpg","type":"image\/jpeg"}],"twitter_card":"summary_large_image","twitter_misc":{"\u00c9crit par":"Ibrahima","Dur\u00e9e de lecture estim\u00e9e":"3 minutes"},"schema":{"@context":"https:\/\/schema.org","@graph":[{"@type":"WebSite","@id":"https:\/\/www.nettali.com\/#website","url":"https:\/\/www.nettali.com\/","name":"Nettali.com","description":"Le rendez-vous critique du Net","potentialAction":[{"@type":"SearchAction","target":{"@type":"EntryPoint","urlTemplate":"https:\/\/www.nettali.com\/?s={search_term_string}"},"query-input":"required name=search_term_string"}],"inLanguage":"fr-FR"},{"@type":"ImageObject","@id":"https:\/\/www.nettali.com\/2022\/12\/14\/messi-la-finale-sera-mon-dernier-match-en\/#primaryimage","inLanguage":"fr-FR","url":"https:\/\/www.nettali.com\/wp-content\/uploads\/2022\/12\/3508032-71507808-2560-1440.jpg","contentUrl":"https:\/\/www.nettali.com\/wp-content\/uploads\/2022\/12\/3508032-71507808-2560-1440.jpg","width":1200,"height":675},{"@type":"WebPage","@id":"https:\/\/www.nettali.com\/2022\/12\/14\/messi-la-finale-sera-mon-dernier-match-en\/#webpage","url":"https:\/\/www.nettali.com\/2022\/12\/14\/messi-la-finale-sera-mon-dernier-match-en\/","name":"MESSI - \"La finale sera mon dernier match en...\" | Nettali.com","isPartOf":{"@id":"https:\/\/www.nettali.com\/#website"},"primaryImageOfPage":{"@id":"https:\/\/www.nettali.com\/2022\/12\/14\/messi-la-finale-sera-mon-dernier-match-en\/#primaryimage"},"datePublished":"2022-12-14T16:34:58+00:00","dateModified":"2022-12-14T16:35:34+00:00","author":{"@id":"https:\/\/www.nettali.com\/#\/schema\/person\/bb147657c2986240405a608162b9bb23"},"breadcrumb":{"@id":"https:\/\/www.nettali.com\/2022\/12\/14\/messi-la-finale-sera-mon-dernier-match-en\/#breadcrumb"},"inLanguage":"fr-FR","potentialAction":[{"@type":"ReadAction","target":["https:\/\/www.nettali.com\/2022\/12\/14\/messi-la-finale-sera-mon-dernier-match-en\/"]}]},{"@type":"BreadcrumbList","@id":"https:\/\/www.nettali.com\/2022\/12\/14\/messi-la-finale-sera-mon-dernier-match-en\/#breadcrumb","itemListElement":[{"@type":"ListItem","position":1,"name":"Accueil","item":"https:\/\/www.nettali.com\/"},{"@type":"ListItem","position":2,"name":"MESSI - \"La finale sera mon dernier match en...\""}]},{"@type":"Person","@id":"https:\/\/www.nettali.com\/#\/schema\/person\/bb147657c2986240405a608162b9bb23","name":"Ibrahima","image":{"@type":"ImageObject","@id":"https:\/\/www.nettali.com\/#personlogo","inLanguage":"fr-FR","url":"https:\/\/secure.gravatar.com\/avatar\/26a8a81f09f0dd7624c9d5c36c9ba3a2?s=96&d=mm&r=g","contentUrl":"https:\/\/secure.gravatar.com\/avatar\/26a8a81f09f0dd7624c9d5c36c9ba3a2?s=96&d=mm&r=g","caption":"Ibrahima"},"sameAs":["https:\/\/www.nettali.com"]}]}},"_links":{"self":[{"href":"https:\/\/www.nettali.com\/rest\/wp\/v2\/posts\/99709"}],"collection":[{"href":"https:\/\/www.nettali.com\/rest\/wp\/v2\/posts"}],"about":[{"href":"https:\/\/www.nettali.com\/rest\/wp\/v2\/types\/post"}],"author":[{"embeddable":true,"href":"https:\/\/www.nettali.com\/rest\/wp\/v2\/users\/5"}],"replies":[{"embeddable":true,"href":"https:\/\/www.nettali.com\/rest\/wp\/v2\/comments?post=99709"}],"version-history":[{"count":1,"href":"https:\/\/www.nettali.com\/rest\/wp\/v2\/posts\/99709\/revisions"}],"predecessor-version":[{"id":99713,"href":"https:\/\/www.nettali.com\/rest\/wp\/v2\/posts\/99709\/revisions\/99713"}],"wp:featuredmedia":[{"embeddable":true,"href":"https:\/\/www.nettali.com\/rest\/wp\/v2\/media\/99712"}],"wp:attachment":[{"href":"https:\/\/www.nettali.com\/rest\/wp\/v2\/media?parent=99709"}],"wp:term":[{"taxonomy":"category","embeddable":true,"href":"https:\/\/www.nettali.com\/rest\/wp\/v2\/categories?post=99709"},{"taxonomy":"post_tag","embeddable":true,"href":"https:\/\/www.nettali.com\/rest\/wp\/v2\/tags?post=99709"}],"curies":[{"name":"wp","href":"https:\/\/api.w.org\/{rel}","templated":true}]}}