{"id":99445,"date":"2022-12-11T20:31:45","date_gmt":"2022-12-11T20:31:45","guid":{"rendered":"https:\/\/www.nettali.com\/?p=99445"},"modified":"2022-12-11T20:31:45","modified_gmt":"2022-12-11T20:31:45","slug":"en-coulisses-maimouna-bousso-et-les-violences-verbales-repetees","status":"publish","type":"post","link":"https:\/\/www.nettali.com\/2022\/12\/11\/en-coulisses-maimouna-bousso-et-les-violences-verbales-repetees\/","title":{"rendered":"EN COULISSES - Maimouna Bousso et les \"violences verbales r\u00e9p\u00e9t\u00e9es\""},"content":{"rendered":"<p><strong>NETTALI.COM- <\/strong>Invit\u00e9e du Jury du Dimanche du 11 d\u00e9cembre sur I-Radio, Ma\u00efmouna Bousso de la coalition \"Yewwi Askan Wi\" est revenue sur l'affaire de violence sur la d\u00e9put\u00e9e Amy Ndiaye Gniby, alors que les d\u00e9put\u00e9es de la coalition \u00e0 laquelle elle appartient, avaient eu \u00e0 faire une premi\u00e8re une sortie.<\/p>\n<p>\u00ab N<em>ous avons pris de ses nouvelles. Nos premiers mots ont \u00e9t\u00e9 de prendre de ses nouvelles, d\u2019esp\u00e9rer qu\u2019elle se porte bien. On ne peut pas encourager qu\u2019un homme l\u00e8ve la main ou m\u00eame la voix sur une femme. Par contre, vouloir demander aux femmes de Yewwi de cautionner une attitude qui vise \u00e0 d\u00e9valoriser la femme\u2026\", a comment\u00e9 la porte-parole des femmes de Yewwi Askan Wi (Yaw). <\/em><\/p>\n<p><em>Avant de temp\u00e9rer son jugement : \"Soutenir le combat de la femme ne veut pas dire \u00eatre fumiste. Cela ne veut pas dire qu\u2019on doit soutenir syst\u00e9matiquement la femme m\u00eame si elle a tort. Les violences physiques ont \u00e9t\u00e9 caus\u00e9es par des r\u00e9p\u00e9titions de violences verbales<\/em> \".<\/p>\n<p>De quoi condamner la cause et la cons\u00e9quence de l'acte, si l'on d\u00e9crypte bien son raisonnement.<\/p>\n<p>&nbsp;<\/p>\n<div class='share-to-whatsapp-wrapper'><div class='share-on-whsp'>PARTAGER SUR : <\/div><a data-text='EN COULISSES - Maimouna Bousso et les \"violences verbales r\u00e9p\u00e9t\u00e9es\"' data-link='https:\/\/www.nettali.com\/2022\/12\/11\/en-coulisses-maimouna-bousso-et-les-violences-verbales-repetees\/' class='whatsapp-button whatsapp-share'>WhatsApp<\/a><div class='clear '><\/div><\/div>","protected":false},"excerpt":{"rendered":"<p>NETTALI.COM- Invit\u00e9e du Jury du Dimanche du 11 d\u00e9cembre sur I-Radio, Ma\u00efmouna Bousso de la coalition \"Yewwi Askan Wi\" est revenue sur l'affaire de violence sur la d\u00e9put\u00e9e Amy Ndiaye Gniby, alors que les d\u00e9put\u00e9es de la coalition \u00e0 laquelle elle appartient, avaient eu \u00e0 faire une premi\u00e8re une sortie. \u00ab Nous avons pris de [&hellip;]<\/p>\n","protected":false},"author":6,"featured_media":99453,"comment_status":"open","ping_status":"open","sticky":false,"template":"","format":"standard","meta":{"_et_pb_use_builder":"","_et_pb_old_content":""},"categories":[34945],"tags":[],"yoast_head":"<!-- This site is optimized with the Yoast SEO Premium plugin v17.8 (Yoast SEO v17.8) - https:\/\/yoast.com\/wordpress\/plugins\/seo\/ -->\n<title>EN COULISSES - Maimouna Bousso et les &quot;violences verbales r\u00e9p\u00e9t\u00e9es&quot; | Nettali.com<\/title>\n<meta name=\"robots\" content=\"index, follow, max-snippet:-1, max-image-preview:large, max-video-preview:-1\" \/>\n<link rel=\"canonical\" href=\"https:\/\/www.nettali.com\/2022\/12\/11\/en-coulisses-maimouna-bousso-et-les-violences-verbales-repetees\/\" \/>\n<meta property=\"og:locale\" content=\"fr_FR\" \/>\n<meta property=\"og:type\" content=\"article\" \/>\n<meta property=\"og:title\" content=\"EN COULISSES - Maimouna Bousso et les &quot;violences verbales r\u00e9p\u00e9t\u00e9es&quot;\" \/>\n<meta property=\"og:description\" content=\"NETTALI.COM- Invit\u00e9e du Jury du Dimanche du 11 d\u00e9cembre sur I-Radio, Ma\u00efmouna Bousso de la coalition &quot;Yewwi Askan Wi&quot; est revenue sur l&#039;affaire de violence sur la d\u00e9put\u00e9e Amy Ndiaye Gniby, alors que les d\u00e9put\u00e9es de la coalition \u00e0 laquelle elle appartient, avaient eu \u00e0 faire une premi\u00e8re une sortie. \u00ab Nous avons pris de [&hellip;]\" \/>\n<meta property=\"og:url\" content=\"https:\/\/www.nettali.com\/2022\/12\/11\/en-coulisses-maimouna-bousso-et-les-violences-verbales-repetees\/\" \/>\n<meta property=\"og:site_name\" content=\"Nettali.com\" \/>\n<meta property=\"article:publisher\" content=\"https:\/\/www.facebook.com\/nettalicom\" \/>\n<meta property=\"article:published_time\" content=\"2022-12-11T20:31:45+00:00\" \/>\n<meta property=\"og:image\" content=\"https:\/\/www.nettali.com\/wp-content\/uploads\/2022\/12\/maimouna-bousso.jpeg\" \/>\n\t<meta property=\"og:image:width\" content=\"755\" \/>\n\t<meta property=\"og:image:height\" content=\"449\" \/>\n<meta name=\"twitter:card\" content=\"summary_large_image\" \/>\n<meta name=\"twitter:label1\" content=\"\u00c9crit par\" \/>\n\t<meta name=\"twitter:data1\" content=\"Fatou\" \/>\n\t<meta name=\"twitter:label2\" content=\"Dur\u00e9e de lecture estim\u00e9e\" \/>\n\t<meta name=\"twitter:data2\" content=\"1 minute\" \/>\n<script type=\"application\/ld+json\" class=\"yoast-schema-graph\">{\"@context\":\"https:\/\/schema.org\",\"@graph\":[{\"@type\":\"WebSite\",\"@id\":\"https:\/\/www.nettali.com\/#website\",\"url\":\"https:\/\/www.nettali.com\/\",\"name\":\"Nettali.com\",\"description\":\"Le rendez-vous critique du Net\",\"potentialAction\":[{\"@type\":\"SearchAction\",\"target\":{\"@type\":\"EntryPoint\",\"urlTemplate\":\"https:\/\/www.nettali.com\/?s={search_term_string}\"},\"query-input\":\"required name=search_term_string\"}],\"inLanguage\":\"fr-FR\"},{\"@type\":\"ImageObject\",\"@id\":\"https:\/\/www.nettali.com\/2022\/12\/11\/en-coulisses-maimouna-bousso-et-les-violences-verbales-repetees\/#primaryimage\",\"inLanguage\":\"fr-FR\",\"url\":\"https:\/\/www.nettali.com\/wp-content\/uploads\/2022\/12\/maimouna-bousso.jpeg\",\"contentUrl\":\"https:\/\/www.nettali.com\/wp-content\/uploads\/2022\/12\/maimouna-bousso.jpeg\",\"width\":755,\"height\":449},{\"@type\":\"WebPage\",\"@id\":\"https:\/\/www.nettali.com\/2022\/12\/11\/en-coulisses-maimouna-bousso-et-les-violences-verbales-repetees\/#webpage\",\"url\":\"https:\/\/www.nettali.com\/2022\/12\/11\/en-coulisses-maimouna-bousso-et-les-violences-verbales-repetees\/\",\"name\":\"EN COULISSES - Maimouna Bousso et les \\\"violences verbales r\\u00e9p\\u00e9t\\u00e9es\\\" | Nettali.com\",\"isPartOf\":{\"@id\":\"https:\/\/www.nettali.com\/#website\"},\"primaryImageOfPage\":{\"@id\":\"https:\/\/www.nettali.com\/2022\/12\/11\/en-coulisses-maimouna-bousso-et-les-violences-verbales-repetees\/#primaryimage\"},\"datePublished\":\"2022-12-11T20:31:45+00:00\",\"dateModified\":\"2022-12-11T20:31:45+00:00\",\"author\":{\"@id\":\"https:\/\/www.nettali.com\/#\/schema\/person\/418274a86bdf87caff7a3ef476bd0bbf\"},\"breadcrumb\":{\"@id\":\"https:\/\/www.nettali.com\/2022\/12\/11\/en-coulisses-maimouna-bousso-et-les-violences-verbales-repetees\/#breadcrumb\"},\"inLanguage\":\"fr-FR\",\"potentialAction\":[{\"@type\":\"ReadAction\",\"target\":[\"https:\/\/www.nettali.com\/2022\/12\/11\/en-coulisses-maimouna-bousso-et-les-violences-verbales-repetees\/\"]}]},{\"@type\":\"BreadcrumbList\",\"@id\":\"https:\/\/www.nettali.com\/2022\/12\/11\/en-coulisses-maimouna-bousso-et-les-violences-verbales-repetees\/#breadcrumb\",\"itemListElement\":[{\"@type\":\"ListItem\",\"position\":1,\"name\":\"Accueil\",\"item\":\"https:\/\/www.nettali.com\/\"},{\"@type\":\"ListItem\",\"position\":2,\"name\":\"EN COULISSES - Maimouna Bousso et les \\\"violences verbales r\\u00e9p\\u00e9t\\u00e9es\\\"\"}]},{\"@type\":\"Person\",\"@id\":\"https:\/\/www.nettali.com\/#\/schema\/person\/418274a86bdf87caff7a3ef476bd0bbf\",\"name\":\"Fatou\",\"image\":{\"@type\":\"ImageObject\",\"@id\":\"https:\/\/www.nettali.com\/#personlogo\",\"inLanguage\":\"fr-FR\",\"url\":\"https:\/\/secure.gravatar.com\/avatar\/5a9442a2bee7b4dcf167cab035858e9a?s=96&d=mm&r=g\",\"contentUrl\":\"https:\/\/secure.gravatar.com\/avatar\/5a9442a2bee7b4dcf167cab035858e9a?s=96&d=mm&r=g\",\"caption\":\"Fatou\"},\"sameAs\":[\"https:\/\/www.nettali.com\"]}]}<\/script>\n<!-- \/ Yoast SEO Premium plugin. -->","yoast_head_json":{"title":"EN COULISSES - Maimouna Bousso et les \"violences verbales r\u00e9p\u00e9t\u00e9es\" | Nettali.com","robots":{"index":"index","follow":"follow","max-snippet":"max-snippet:-1","max-image-preview":"max-image-preview:large","max-video-preview":"max-video-preview:-1"},"canonical":"https:\/\/www.nettali.com\/2022\/12\/11\/en-coulisses-maimouna-bousso-et-les-violences-verbales-repetees\/","og_locale":"fr_FR","og_type":"article","og_title":"EN COULISSES - Maimouna Bousso et les \"violences verbales r\u00e9p\u00e9t\u00e9es\"","og_description":"NETTALI.COM- Invit\u00e9e du Jury du Dimanche du 11 d\u00e9cembre sur I-Radio, Ma\u00efmouna Bousso de la coalition \"Yewwi Askan Wi\" est revenue sur l'affaire de violence sur la d\u00e9put\u00e9e Amy Ndiaye Gniby, alors que les d\u00e9put\u00e9es de la coalition \u00e0 laquelle elle appartient, avaient eu \u00e0 faire une premi\u00e8re une sortie. \u00ab Nous avons pris de [&hellip;]","og_url":"https:\/\/www.nettali.com\/2022\/12\/11\/en-coulisses-maimouna-bousso-et-les-violences-verbales-repetees\/","og_site_name":"Nettali.com","article_publisher":"https:\/\/www.facebook.com\/nettalicom","article_published_time":"2022-12-11T20:31:45+00:00","og_image":[{"width":755,"height":449,"url":"https:\/\/www.nettali.com\/wp-content\/uploads\/2022\/12\/maimouna-bousso.jpeg","type":"image\/jpeg"}],"twitter_card":"summary_large_image","twitter_misc":{"\u00c9crit par":"Fatou","Dur\u00e9e de lecture estim\u00e9e":"1 minute"},"schema":{"@context":"https:\/\/schema.org","@graph":[{"@type":"WebSite","@id":"https:\/\/www.nettali.com\/#website","url":"https:\/\/www.nettali.com\/","name":"Nettali.com","description":"Le rendez-vous critique du Net","potentialAction":[{"@type":"SearchAction","target":{"@type":"EntryPoint","urlTemplate":"https:\/\/www.nettali.com\/?s={search_term_string}"},"query-input":"required name=search_term_string"}],"inLanguage":"fr-FR"},{"@type":"ImageObject","@id":"https:\/\/www.nettali.com\/2022\/12\/11\/en-coulisses-maimouna-bousso-et-les-violences-verbales-repetees\/#primaryimage","inLanguage":"fr-FR","url":"https:\/\/www.nettali.com\/wp-content\/uploads\/2022\/12\/maimouna-bousso.jpeg","contentUrl":"https:\/\/www.nettali.com\/wp-content\/uploads\/2022\/12\/maimouna-bousso.jpeg","width":755,"height":449},{"@type":"WebPage","@id":"https:\/\/www.nettali.com\/2022\/12\/11\/en-coulisses-maimouna-bousso-et-les-violences-verbales-repetees\/#webpage","url":"https:\/\/www.nettali.com\/2022\/12\/11\/en-coulisses-maimouna-bousso-et-les-violences-verbales-repetees\/","name":"EN COULISSES - Maimouna Bousso et les \"violences verbales r\u00e9p\u00e9t\u00e9es\" | Nettali.com","isPartOf":{"@id":"https:\/\/www.nettali.com\/#website"},"primaryImageOfPage":{"@id":"https:\/\/www.nettali.com\/2022\/12\/11\/en-coulisses-maimouna-bousso-et-les-violences-verbales-repetees\/#primaryimage"},"datePublished":"2022-12-11T20:31:45+00:00","dateModified":"2022-12-11T20:31:45+00:00","author":{"@id":"https:\/\/www.nettali.com\/#\/schema\/person\/418274a86bdf87caff7a3ef476bd0bbf"},"breadcrumb":{"@id":"https:\/\/www.nettali.com\/2022\/12\/11\/en-coulisses-maimouna-bousso-et-les-violences-verbales-repetees\/#breadcrumb"},"inLanguage":"fr-FR","potentialAction":[{"@type":"ReadAction","target":["https:\/\/www.nettali.com\/2022\/12\/11\/en-coulisses-maimouna-bousso-et-les-violences-verbales-repetees\/"]}]},{"@type":"BreadcrumbList","@id":"https:\/\/www.nettali.com\/2022\/12\/11\/en-coulisses-maimouna-bousso-et-les-violences-verbales-repetees\/#breadcrumb","itemListElement":[{"@type":"ListItem","position":1,"name":"Accueil","item":"https:\/\/www.nettali.com\/"},{"@type":"ListItem","position":2,"name":"EN COULISSES - Maimouna Bousso et les \"violences verbales r\u00e9p\u00e9t\u00e9es\""}]},{"@type":"Person","@id":"https:\/\/www.nettali.com\/#\/schema\/person\/418274a86bdf87caff7a3ef476bd0bbf","name":"Fatou","image":{"@type":"ImageObject","@id":"https:\/\/www.nettali.com\/#personlogo","inLanguage":"fr-FR","url":"https:\/\/secure.gravatar.com\/avatar\/5a9442a2bee7b4dcf167cab035858e9a?s=96&d=mm&r=g","contentUrl":"https:\/\/secure.gravatar.com\/avatar\/5a9442a2bee7b4dcf167cab035858e9a?s=96&d=mm&r=g","caption":"Fatou"},"sameAs":["https:\/\/www.nettali.com"]}]}},"_links":{"self":[{"href":"https:\/\/www.nettali.com\/rest\/wp\/v2\/posts\/99445"}],"collection":[{"href":"https:\/\/www.nettali.com\/rest\/wp\/v2\/posts"}],"about":[{"href":"https:\/\/www.nettali.com\/rest\/wp\/v2\/types\/post"}],"author":[{"embeddable":true,"href":"https:\/\/www.nettali.com\/rest\/wp\/v2\/users\/6"}],"replies":[{"embeddable":true,"href":"https:\/\/www.nettali.com\/rest\/wp\/v2\/comments?post=99445"}],"version-history":[{"count":5,"href":"https:\/\/www.nettali.com\/rest\/wp\/v2\/posts\/99445\/revisions"}],"predecessor-version":[{"id":99484,"href":"https:\/\/www.nettali.com\/rest\/wp\/v2\/posts\/99445\/revisions\/99484"}],"wp:featuredmedia":[{"embeddable":true,"href":"https:\/\/www.nettali.com\/rest\/wp\/v2\/media\/99453"}],"wp:attachment":[{"href":"https:\/\/www.nettali.com\/rest\/wp\/v2\/media?parent=99445"}],"wp:term":[{"taxonomy":"category","embeddable":true,"href":"https:\/\/www.nettali.com\/rest\/wp\/v2\/categories?post=99445"},{"taxonomy":"post_tag","embeddable":true,"href":"https:\/\/www.nettali.com\/rest\/wp\/v2\/tags?post=99445"}],"curies":[{"name":"wp","href":"https:\/\/api.w.org\/{rel}","templated":true}]}}