{"id":99372,"date":"2022-12-10T09:30:55","date_gmt":"2022-12-10T09:30:55","guid":{"rendered":"https:\/\/www.nettali.com\/?p=99372"},"modified":"2022-12-10T09:30:55","modified_gmt":"2022-12-10T09:30:55","slug":"forces-de-defense-1135-gendarmes-stagiaires-rejoignent-la-gendarmerie","status":"publish","type":"post","link":"https:\/\/www.nettali.com\/2022\/12\/10\/forces-de-defense-1135-gendarmes-stagiaires-rejoignent-la-gendarmerie\/","title":{"rendered":"FORCES DE D\u00c9FENSE - 1135 gendarmes stagiaires rejoignent la gendarmerie"},"content":{"rendered":"<p><strong>NETTALI.COM - La c\u00e9r\u00e9monie de sortie de la 13\u00e8me promotion des \u00e9l\u00e8ves-grades et de la 53\u00e8me promotion des \u00e9l\u00e8ves-gendarmes a eu lieu, ce vendredi . 1135 gendarmes stagiaires dont 989 \u00e9l\u00e8ves-gendarmes et 146 \u00e9l\u00e8ves-grad\u00e9s int\u00e8grent la mar\u00e9chauss\u00e9e.<\/strong><\/p>\n<p>L e ministre des Forces arm\u00e9es a pr\u00e9sid\u00e9, ce vendredi, la c\u00e9r\u00e9monie de sortie de la 13\u00e8me promotion des \u00e9l\u00e8ves-grad\u00e9s et de la 53\u00e8me promotion des \u00e9l\u00e8ves-gendarmes de la caserne G\u00e9n\u00e9ral Waly Faye, abritant la prestigieuse \u00e9cole des sous-officiers de la gendarmerie nationale (ESOGN), de Fatick. Cette c\u00e9r\u00e9monie, qui marque un temps fort dans la vie de la gendarmerie nationale, selon le ministre, met en exergue l\u2019importance cruciale que le chef supr\u00eame des Arm\u00e9es accorde \u00e0 la formation des militaires et au culte de l\u2019excellence dans leurs centres de formation militaire \u00e0 l\u2019horizon 2025. Elle est aussi, selon Me Sidiki Kaba, une grande f\u00eate de la famille militaire s\u2019inscrivant en droite ligne des traditions miliaires qui veulent que les \u00e9v\u00e9nements majeurs soient distingu\u00e9s de la plus grande solennit\u00e9, afin que soient r\u00e9affirm\u00e9es les grandes valeurs et principes qui fondent la r\u00e9putation de la gendarmerie nationale.<\/p>\n<p>C\u2019est aussi rassurant pour la nation, \u00e0 ses yeux, de compter, depuis hier, 989 \u00e9l\u00e8ves-gendarmes et 146 \u00e9l\u00e8ves-grad\u00e9s tr\u00e8s motiv\u00e9s, physiquement et moralement aptes \u00e0 \u00e9voluer dans un environnement de paix ou de crise, rassembl\u00e9s dans ce magnifique carr\u00e9 d\u2019armes et sur le point de s\u2019engager pour la d\u00e9fense et la protection des valeurs qui constituent le ciment de sa coh\u00e9sion. <em>\u2018\u2019La vision prospective du pr\u00e9sident de la R\u00e9publique, passe par la r\u00e9organisation et la refondation de notre instrument de d\u00e9fense. Ceci se traduit par la mont\u00e9e en puissance des effectifs, la cr\u00e9ation de nouvelles composantes et l\u2019acquisition de moyens logistiques permettant \u00e0 notre pays de disposer des forces tr\u00e8s professionnelles, capables de s\u2019adapter \u00e0 la fluctuation de la menace s\u00e9curitaire\u2019\u2019. \u2018\u2019Aujourd\u2019hui, poursuit le ministre, la question de la s\u00e9curit\u00e9 est devenue une pr\u00e9occupation majeure dans l\u2019agenda politique national, sous r\u00e9gional et international. Si la criminalit\u00e9 transnationale organis\u00e9e et le terrorisme continuent d\u2019\u00e9cumer la bande sah\u00e9lo-saharienne, en remettant en cause l\u2019existence des Etats, la d\u00e9linquance urbaine et la violence sont indubitablement de nos jours les menaces intra-\u00e9tatiques qui sapent les fondements de la d\u00e9mocratie, remettent en cause la coh\u00e9sion sociale, tout en portant gravement atteinte \u00e0 l\u2019int\u00e9grit\u00e9 des personnes et de leurs biens. Il revient d\u00e8s lors aux forces de s\u00e9curit\u00e9 et de d\u00e9fense en g\u00e9n\u00e9ral et \u00e0 la gendarmerie en particulier de prendre en compte ces d\u00e9fis, ce qui a jusqu\u2019ici pr\u00e9valu dans sa posture\u2019\u2019<\/em>.<\/p>\n<p>En effet, fid\u00e8le \u00e0 sa devise \u2018\u2019s\u2019instruire pour mieux servir\u2019\u2019, l\u2019\u00c9cole des sous-officiers de Fatick offre aux stagiaires une formation professionnelle, morale et physique de qualit\u00e9 les rendant aptes \u00e0 servir honorablement dans un environnement pluridisciplinaire et complexe. <em>\u2018\u2019Pour les stagiaires, faites-vous le serment d\u2019incarner toutes les hautes valeurs qui s\u2019attachent \u00e0 la carri\u00e8re que vous avez choisie. En d\u2019autres termes, cela signifie que vous devez adh\u00e9rer en permanence aux valeurs \u00e9thiques et d\u00e9ontologiques qui sous-tendent le m\u00e9tier de gendarme. Dans un contexte o\u00f9 le besoin en s\u00e9curit\u00e9 devient sans cesse important, en tant qu'acteurs de la s\u00e9curit\u00e9, il vous faut donc faire preuve de courage, d\u2019imagination et d\u2019esprit d\u2019anticipation pour \u00eatre, en permanence, \u00e0 m\u00eame d\u2019adapter votre posture aux exigences des nouvelles r\u00e9alit\u00e9s du contexte s\u00e9curitaire national et international. La vitalit\u00e9 d\u00e9mocratique de notre pays exige des forces de d\u00e9fense et de s\u00e9curit\u00e9, d\u2019\u00eatre \u00e0 la fois des remparts de l\u2019ordre r\u00e9publicain et des garants des libert\u00e9s fondamentales des citoyens. Gardez-vous de tout comportement d\u00e9viant et conformez-vous aux r\u00e8gles de discipline g\u00e9n\u00e9rale qui sont le socle cette de la Gendarmerie nationale\u2019\u2019<\/em>, a lanc\u00e9 aux sortants le ministre.<\/p>\n<div class='share-to-whatsapp-wrapper'><div class='share-on-whsp'>PARTAGER SUR : <\/div><a data-text='FORCES DE D\u00c9FENSE - 1135 gendarmes stagiaires rejoignent la gendarmerie' data-link='https:\/\/www.nettali.com\/2022\/12\/10\/forces-de-defense-1135-gendarmes-stagiaires-rejoignent-la-gendarmerie\/' class='whatsapp-button whatsapp-share'>WhatsApp<\/a><div class='clear '><\/div><\/div>","protected":false},"excerpt":{"rendered":"<p>NETTALI.COM - La c\u00e9r\u00e9monie de sortie de la 13\u00e8me promotion des \u00e9l\u00e8ves-grades et de la 53\u00e8me promotion des \u00e9l\u00e8ves-gendarmes a eu lieu, ce vendredi . 1135 gendarmes stagiaires dont 989 \u00e9l\u00e8ves-gendarmes et 146 \u00e9l\u00e8ves-grad\u00e9s int\u00e8grent la mar\u00e9chauss\u00e9e. L e ministre des Forces arm\u00e9es a pr\u00e9sid\u00e9, ce vendredi, la c\u00e9r\u00e9monie de sortie de la 13\u00e8me promotion [&hellip;]<\/p>\n","protected":false},"author":4,"featured_media":13952,"comment_status":"open","ping_status":"open","sticky":false,"template":"","format":"standard","meta":{"_et_pb_use_builder":"","_et_pb_old_content":""},"categories":[3],"tags":[],"yoast_head":"<!-- This site is optimized with the Yoast SEO Premium plugin v17.8 (Yoast SEO v17.8) - https:\/\/yoast.com\/wordpress\/plugins\/seo\/ -->\n<title>FORCES DE D\u00c9FENSE - 1135 gendarmes stagiaires rejoignent la gendarmerie | Nettali.com<\/title>\n<meta name=\"robots\" content=\"index, follow, max-snippet:-1, max-image-preview:large, max-video-preview:-1\" \/>\n<link rel=\"canonical\" href=\"https:\/\/www.nettali.com\/2022\/12\/10\/forces-de-defense-1135-gendarmes-stagiaires-rejoignent-la-gendarmerie\/\" \/>\n<meta property=\"og:locale\" content=\"fr_FR\" \/>\n<meta property=\"og:type\" content=\"article\" \/>\n<meta property=\"og:title\" content=\"FORCES DE D\u00c9FENSE - 1135 gendarmes stagiaires rejoignent la gendarmerie\" \/>\n<meta property=\"og:description\" content=\"NETTALI.COM - La c\u00e9r\u00e9monie de sortie de la 13\u00e8me promotion des \u00e9l\u00e8ves-grades et de la 53\u00e8me promotion des \u00e9l\u00e8ves-gendarmes a eu lieu, ce vendredi . 1135 gendarmes stagiaires dont 989 \u00e9l\u00e8ves-gendarmes et 146 \u00e9l\u00e8ves-grad\u00e9s int\u00e8grent la mar\u00e9chauss\u00e9e. L e ministre des Forces arm\u00e9es a pr\u00e9sid\u00e9, ce vendredi, la c\u00e9r\u00e9monie de sortie de la 13\u00e8me promotion [&hellip;]\" \/>\n<meta property=\"og:url\" content=\"https:\/\/www.nettali.com\/2022\/12\/10\/forces-de-defense-1135-gendarmes-stagiaires-rejoignent-la-gendarmerie\/\" \/>\n<meta property=\"og:site_name\" content=\"Nettali.com\" \/>\n<meta property=\"article:publisher\" content=\"https:\/\/www.facebook.com\/nettalicom\" \/>\n<meta property=\"article:published_time\" content=\"2022-12-10T09:30:55+00:00\" \/>\n<meta property=\"og:image\" content=\"https:\/\/www.nettali.com\/wp-content\/uploads\/2019\/07\/gendarmerie.jpg\" \/>\n\t<meta property=\"og:image:width\" content=\"520\" \/>\n\t<meta property=\"og:image:height\" content=\"245\" \/>\n<meta name=\"twitter:card\" content=\"summary_large_image\" \/>\n<meta name=\"twitter:label1\" content=\"\u00c9crit par\" \/>\n\t<meta name=\"twitter:data1\" content=\"Daouda\" \/>\n\t<meta name=\"twitter:label2\" content=\"Dur\u00e9e de lecture estim\u00e9e\" \/>\n\t<meta name=\"twitter:data2\" content=\"4 minutes\" \/>\n<script type=\"application\/ld+json\" class=\"yoast-schema-graph\">{\"@context\":\"https:\/\/schema.org\",\"@graph\":[{\"@type\":\"WebSite\",\"@id\":\"https:\/\/www.nettali.com\/#website\",\"url\":\"https:\/\/www.nettali.com\/\",\"name\":\"Nettali.com\",\"description\":\"Le rendez-vous critique du Net\",\"potentialAction\":[{\"@type\":\"SearchAction\",\"target\":{\"@type\":\"EntryPoint\",\"urlTemplate\":\"https:\/\/www.nettali.com\/?s={search_term_string}\"},\"query-input\":\"required name=search_term_string\"}],\"inLanguage\":\"fr-FR\"},{\"@type\":\"ImageObject\",\"@id\":\"https:\/\/www.nettali.com\/2022\/12\/10\/forces-de-defense-1135-gendarmes-stagiaires-rejoignent-la-gendarmerie\/#primaryimage\",\"inLanguage\":\"fr-FR\",\"url\":\"https:\/\/www.nettali.com\/wp-content\/uploads\/2019\/07\/gendarmerie.jpg\",\"contentUrl\":\"https:\/\/www.nettali.com\/wp-content\/uploads\/2019\/07\/gendarmerie.jpg\",\"width\":520,\"height\":245},{\"@type\":\"WebPage\",\"@id\":\"https:\/\/www.nettali.com\/2022\/12\/10\/forces-de-defense-1135-gendarmes-stagiaires-rejoignent-la-gendarmerie\/#webpage\",\"url\":\"https:\/\/www.nettali.com\/2022\/12\/10\/forces-de-defense-1135-gendarmes-stagiaires-rejoignent-la-gendarmerie\/\",\"name\":\"FORCES DE D\\u00c9FENSE - 1135 gendarmes stagiaires rejoignent la gendarmerie | Nettali.com\",\"isPartOf\":{\"@id\":\"https:\/\/www.nettali.com\/#website\"},\"primaryImageOfPage\":{\"@id\":\"https:\/\/www.nettali.com\/2022\/12\/10\/forces-de-defense-1135-gendarmes-stagiaires-rejoignent-la-gendarmerie\/#primaryimage\"},\"datePublished\":\"2022-12-10T09:30:55+00:00\",\"dateModified\":\"2022-12-10T09:30:55+00:00\",\"author\":{\"@id\":\"https:\/\/www.nettali.com\/#\/schema\/person\/3317e0bb3aa1da309fbf7b2780901bf4\"},\"breadcrumb\":{\"@id\":\"https:\/\/www.nettali.com\/2022\/12\/10\/forces-de-defense-1135-gendarmes-stagiaires-rejoignent-la-gendarmerie\/#breadcrumb\"},\"inLanguage\":\"fr-FR\",\"potentialAction\":[{\"@type\":\"ReadAction\",\"target\":[\"https:\/\/www.nettali.com\/2022\/12\/10\/forces-de-defense-1135-gendarmes-stagiaires-rejoignent-la-gendarmerie\/\"]}]},{\"@type\":\"BreadcrumbList\",\"@id\":\"https:\/\/www.nettali.com\/2022\/12\/10\/forces-de-defense-1135-gendarmes-stagiaires-rejoignent-la-gendarmerie\/#breadcrumb\",\"itemListElement\":[{\"@type\":\"ListItem\",\"position\":1,\"name\":\"Accueil\",\"item\":\"https:\/\/www.nettali.com\/\"},{\"@type\":\"ListItem\",\"position\":2,\"name\":\"FORCES DE D\\u00c9FENSE - 1135 gendarmes stagiaires rejoignent la gendarmerie\"}]},{\"@type\":\"Person\",\"@id\":\"https:\/\/www.nettali.com\/#\/schema\/person\/3317e0bb3aa1da309fbf7b2780901bf4\",\"name\":\"Daouda\",\"image\":{\"@type\":\"ImageObject\",\"@id\":\"https:\/\/www.nettali.com\/#personlogo\",\"inLanguage\":\"fr-FR\",\"url\":\"https:\/\/secure.gravatar.com\/avatar\/8d143b5a49345098ddcfee1c49c2f47c?s=96&d=mm&r=g\",\"contentUrl\":\"https:\/\/secure.gravatar.com\/avatar\/8d143b5a49345098ddcfee1c49c2f47c?s=96&d=mm&r=g\",\"caption\":\"Daouda\"},\"sameAs\":[\"https:\/\/www.nettali.com\"]}]}<\/script>\n<!-- \/ Yoast SEO Premium plugin. -->","yoast_head_json":{"title":"FORCES DE D\u00c9FENSE - 1135 gendarmes stagiaires rejoignent la gendarmerie | Nettali.com","robots":{"index":"index","follow":"follow","max-snippet":"max-snippet:-1","max-image-preview":"max-image-preview:large","max-video-preview":"max-video-preview:-1"},"canonical":"https:\/\/www.nettali.com\/2022\/12\/10\/forces-de-defense-1135-gendarmes-stagiaires-rejoignent-la-gendarmerie\/","og_locale":"fr_FR","og_type":"article","og_title":"FORCES DE D\u00c9FENSE - 1135 gendarmes stagiaires rejoignent la gendarmerie","og_description":"NETTALI.COM - La c\u00e9r\u00e9monie de sortie de la 13\u00e8me promotion des \u00e9l\u00e8ves-grades et de la 53\u00e8me promotion des \u00e9l\u00e8ves-gendarmes a eu lieu, ce vendredi . 1135 gendarmes stagiaires dont 989 \u00e9l\u00e8ves-gendarmes et 146 \u00e9l\u00e8ves-grad\u00e9s int\u00e8grent la mar\u00e9chauss\u00e9e. L e ministre des Forces arm\u00e9es a pr\u00e9sid\u00e9, ce vendredi, la c\u00e9r\u00e9monie de sortie de la 13\u00e8me promotion [&hellip;]","og_url":"https:\/\/www.nettali.com\/2022\/12\/10\/forces-de-defense-1135-gendarmes-stagiaires-rejoignent-la-gendarmerie\/","og_site_name":"Nettali.com","article_publisher":"https:\/\/www.facebook.com\/nettalicom","article_published_time":"2022-12-10T09:30:55+00:00","og_image":[{"width":520,"height":245,"url":"https:\/\/www.nettali.com\/wp-content\/uploads\/2019\/07\/gendarmerie.jpg","type":"image\/jpeg"}],"twitter_card":"summary_large_image","twitter_misc":{"\u00c9crit par":"Daouda","Dur\u00e9e de lecture estim\u00e9e":"4 minutes"},"schema":{"@context":"https:\/\/schema.org","@graph":[{"@type":"WebSite","@id":"https:\/\/www.nettali.com\/#website","url":"https:\/\/www.nettali.com\/","name":"Nettali.com","description":"Le rendez-vous critique du Net","potentialAction":[{"@type":"SearchAction","target":{"@type":"EntryPoint","urlTemplate":"https:\/\/www.nettali.com\/?s={search_term_string}"},"query-input":"required name=search_term_string"}],"inLanguage":"fr-FR"},{"@type":"ImageObject","@id":"https:\/\/www.nettali.com\/2022\/12\/10\/forces-de-defense-1135-gendarmes-stagiaires-rejoignent-la-gendarmerie\/#primaryimage","inLanguage":"fr-FR","url":"https:\/\/www.nettali.com\/wp-content\/uploads\/2019\/07\/gendarmerie.jpg","contentUrl":"https:\/\/www.nettali.com\/wp-content\/uploads\/2019\/07\/gendarmerie.jpg","width":520,"height":245},{"@type":"WebPage","@id":"https:\/\/www.nettali.com\/2022\/12\/10\/forces-de-defense-1135-gendarmes-stagiaires-rejoignent-la-gendarmerie\/#webpage","url":"https:\/\/www.nettali.com\/2022\/12\/10\/forces-de-defense-1135-gendarmes-stagiaires-rejoignent-la-gendarmerie\/","name":"FORCES DE D\u00c9FENSE - 1135 gendarmes stagiaires rejoignent la gendarmerie | Nettali.com","isPartOf":{"@id":"https:\/\/www.nettali.com\/#website"},"primaryImageOfPage":{"@id":"https:\/\/www.nettali.com\/2022\/12\/10\/forces-de-defense-1135-gendarmes-stagiaires-rejoignent-la-gendarmerie\/#primaryimage"},"datePublished":"2022-12-10T09:30:55+00:00","dateModified":"2022-12-10T09:30:55+00:00","author":{"@id":"https:\/\/www.nettali.com\/#\/schema\/person\/3317e0bb3aa1da309fbf7b2780901bf4"},"breadcrumb":{"@id":"https:\/\/www.nettali.com\/2022\/12\/10\/forces-de-defense-1135-gendarmes-stagiaires-rejoignent-la-gendarmerie\/#breadcrumb"},"inLanguage":"fr-FR","potentialAction":[{"@type":"ReadAction","target":["https:\/\/www.nettali.com\/2022\/12\/10\/forces-de-defense-1135-gendarmes-stagiaires-rejoignent-la-gendarmerie\/"]}]},{"@type":"BreadcrumbList","@id":"https:\/\/www.nettali.com\/2022\/12\/10\/forces-de-defense-1135-gendarmes-stagiaires-rejoignent-la-gendarmerie\/#breadcrumb","itemListElement":[{"@type":"ListItem","position":1,"name":"Accueil","item":"https:\/\/www.nettali.com\/"},{"@type":"ListItem","position":2,"name":"FORCES DE D\u00c9FENSE - 1135 gendarmes stagiaires rejoignent la gendarmerie"}]},{"@type":"Person","@id":"https:\/\/www.nettali.com\/#\/schema\/person\/3317e0bb3aa1da309fbf7b2780901bf4","name":"Daouda","image":{"@type":"ImageObject","@id":"https:\/\/www.nettali.com\/#personlogo","inLanguage":"fr-FR","url":"https:\/\/secure.gravatar.com\/avatar\/8d143b5a49345098ddcfee1c49c2f47c?s=96&d=mm&r=g","contentUrl":"https:\/\/secure.gravatar.com\/avatar\/8d143b5a49345098ddcfee1c49c2f47c?s=96&d=mm&r=g","caption":"Daouda"},"sameAs":["https:\/\/www.nettali.com"]}]}},"_links":{"self":[{"href":"https:\/\/www.nettali.com\/rest\/wp\/v2\/posts\/99372"}],"collection":[{"href":"https:\/\/www.nettali.com\/rest\/wp\/v2\/posts"}],"about":[{"href":"https:\/\/www.nettali.com\/rest\/wp\/v2\/types\/post"}],"author":[{"embeddable":true,"href":"https:\/\/www.nettali.com\/rest\/wp\/v2\/users\/4"}],"replies":[{"embeddable":true,"href":"https:\/\/www.nettali.com\/rest\/wp\/v2\/comments?post=99372"}],"version-history":[{"count":1,"href":"https:\/\/www.nettali.com\/rest\/wp\/v2\/posts\/99372\/revisions"}],"predecessor-version":[{"id":99373,"href":"https:\/\/www.nettali.com\/rest\/wp\/v2\/posts\/99372\/revisions\/99373"}],"wp:featuredmedia":[{"embeddable":true,"href":"https:\/\/www.nettali.com\/rest\/wp\/v2\/media\/13952"}],"wp:attachment":[{"href":"https:\/\/www.nettali.com\/rest\/wp\/v2\/media?parent=99372"}],"wp:term":[{"taxonomy":"category","embeddable":true,"href":"https:\/\/www.nettali.com\/rest\/wp\/v2\/categories?post=99372"},{"taxonomy":"post_tag","embeddable":true,"href":"https:\/\/www.nettali.com\/rest\/wp\/v2\/tags?post=99372"}],"curies":[{"name":"wp","href":"https:\/\/api.w.org\/{rel}","templated":true}]}}