{"id":99356,"date":"2022-12-10T08:43:46","date_gmt":"2022-12-10T08:43:46","guid":{"rendered":"https:\/\/www.nettali.com\/?p=99356"},"modified":"2022-12-10T08:44:22","modified_gmt":"2022-12-10T08:44:22","slug":"pays-bas-luis-van-gaal-sen-va","status":"publish","type":"post","link":"https:\/\/www.nettali.com\/2022\/12\/10\/pays-bas-luis-van-gaal-sen-va\/","title":{"rendered":"PAYS-BAS - Luis van Gaal s'en va !"},"content":{"rendered":"<p style=\"text-align: left\"><strong>NETTALI.COM - \u00c9limin\u00e9s par l'Argentine en quarts de finale de la coupe du monde 2022, les Pays-Bas se s\u00e9parent de Luis van Gaal. Interrog\u00e9 \u00e0 l'issue d'une rencontre plac\u00e9e sous le signe de la tension, le technicien batave a d'ailleurs confirm\u00e9 son d\u00e9part de la s\u00e9lection n\u00e9erlandaise.<\/strong><\/p>\n<p>\"<em>Les joueurs se sont battus jusqu\u2019\u00e0 la derni\u00e8re minute, ils ont tout laiss\u00e9 sur le terrain, je suis tr\u00e8s fier d\u2019eux. J\u2019ai vraiment appr\u00e9ci\u00e9 ce cycle en tant qu\u2019entra\u00eeneur. C\u2019est tr\u00e8s douloureux de voir comment nous avons \u00e9t\u00e9 \u00e9limin\u00e9s. Je ne peux pas m\u2019en vouloir, je pense que nous avons tout pr\u00e9par\u00e9. Mes joueurs se sont battus jusqu\u2019au bout et sont morts dans le vestiaire (...) Ils ont tout donn\u00e9<\/em>\", a laiss\u00e9 entendre Luis van Gaal.<\/p>\n<p>\"<em>Je ne continuerai pas en tant qu\u2019entra\u00eeneur de l\u2019\u00e9quipe nationale. C\u2019\u00e9tait mon dernier match de mon troisi\u00e8me mandat. Je quitte un excellent groupe, sur le plan personnel et footballistique, une \u00e9quipe soud\u00e9e avec beaucoup de comp\u00e9tences. Je suis entra\u00eeneur des Pays-Bas depuis 20 matches et nous n\u2019en avons pas perdu un seul, c\u2019est d\u00fb \u00e0 quelque chose<\/em>\",\u00a0dit-il.<\/p>\n<p>Pour rappel, Luis van Gaal sera remplac\u00e9 \u00e0 partir de janvier prochain par Ronald Koeman, dont la nomination a \u00e9t\u00e9 annonc\u00e9e il y a plusieurs mois.<\/p>\n<div class='share-to-whatsapp-wrapper'><div class='share-on-whsp'>PARTAGER SUR : <\/div><a data-text='PAYS-BAS - Luis van Gaal s'en va !' data-link='https:\/\/www.nettali.com\/2022\/12\/10\/pays-bas-luis-van-gaal-sen-va\/' class='whatsapp-button whatsapp-share'>WhatsApp<\/a><div class='clear '><\/div><\/div>","protected":false},"excerpt":{"rendered":"<p>NETTALI.COM - \u00c9limin\u00e9s par l'Argentine en quarts de finale de la coupe du monde 2022, les Pays-Bas se s\u00e9parent de Luis van Gaal. Interrog\u00e9 \u00e0 l'issue d'une rencontre plac\u00e9e sous le signe de la tension, le technicien batave a d'ailleurs confirm\u00e9 son d\u00e9part de la s\u00e9lection n\u00e9erlandaise. \"Les joueurs se sont battus jusqu\u2019\u00e0 la derni\u00e8re [&hellip;]<\/p>\n","protected":false},"author":5,"featured_media":99357,"comment_status":"open","ping_status":"open","sticky":false,"template":"","format":"standard","meta":{"_et_pb_use_builder":"","_et_pb_old_content":""},"categories":[6],"tags":[],"yoast_head":"<!-- This site is optimized with the Yoast SEO Premium plugin v17.8 (Yoast SEO v17.8) - https:\/\/yoast.com\/wordpress\/plugins\/seo\/ -->\n<title>PAYS-BAS - Luis van Gaal s&#039;en va ! | Nettali.com<\/title>\n<meta name=\"robots\" content=\"index, follow, max-snippet:-1, max-image-preview:large, max-video-preview:-1\" \/>\n<link rel=\"canonical\" href=\"https:\/\/www.nettali.com\/2022\/12\/10\/pays-bas-luis-van-gaal-sen-va\/\" \/>\n<meta property=\"og:locale\" content=\"fr_FR\" \/>\n<meta property=\"og:type\" content=\"article\" \/>\n<meta property=\"og:title\" content=\"PAYS-BAS - Luis van Gaal s&#039;en va !\" \/>\n<meta property=\"og:description\" content=\"NETTALI.COM - \u00c9limin\u00e9s par l&#039;Argentine en quarts de finale de la coupe du monde 2022, les Pays-Bas se s\u00e9parent de Luis van Gaal. Interrog\u00e9 \u00e0 l&#039;issue d&#039;une rencontre plac\u00e9e sous le signe de la tension, le technicien batave a d&#039;ailleurs confirm\u00e9 son d\u00e9part de la s\u00e9lection n\u00e9erlandaise. &quot;Les joueurs se sont battus jusqu\u2019\u00e0 la derni\u00e8re [&hellip;]\" \/>\n<meta property=\"og:url\" content=\"https:\/\/www.nettali.com\/2022\/12\/10\/pays-bas-luis-van-gaal-sen-va\/\" \/>\n<meta property=\"og:site_name\" content=\"Nettali.com\" \/>\n<meta property=\"article:publisher\" content=\"https:\/\/www.facebook.com\/nettalicom\" \/>\n<meta property=\"article:published_time\" content=\"2022-12-10T08:43:46+00:00\" \/>\n<meta property=\"article:modified_time\" content=\"2022-12-10T08:44:22+00:00\" \/>\n<meta property=\"og:image\" content=\"https:\/\/www.nettali.com\/wp-content\/uploads\/2022\/12\/Louis_van_Gaal_Netherlands_2022.jpg\" \/>\n\t<meta property=\"og:image:width\" content=\"1920\" \/>\n\t<meta property=\"og:image:height\" content=\"1080\" \/>\n<meta name=\"twitter:card\" content=\"summary_large_image\" \/>\n<meta name=\"twitter:label1\" content=\"\u00c9crit par\" \/>\n\t<meta name=\"twitter:data1\" content=\"Ibrahima\" \/>\n\t<meta name=\"twitter:label2\" content=\"Dur\u00e9e de lecture estim\u00e9e\" \/>\n\t<meta name=\"twitter:data2\" content=\"2 minutes\" \/>\n<script type=\"application\/ld+json\" class=\"yoast-schema-graph\">{\"@context\":\"https:\/\/schema.org\",\"@graph\":[{\"@type\":\"WebSite\",\"@id\":\"https:\/\/www.nettali.com\/#website\",\"url\":\"https:\/\/www.nettali.com\/\",\"name\":\"Nettali.com\",\"description\":\"Le rendez-vous critique du Net\",\"potentialAction\":[{\"@type\":\"SearchAction\",\"target\":{\"@type\":\"EntryPoint\",\"urlTemplate\":\"https:\/\/www.nettali.com\/?s={search_term_string}\"},\"query-input\":\"required name=search_term_string\"}],\"inLanguage\":\"fr-FR\"},{\"@type\":\"ImageObject\",\"@id\":\"https:\/\/www.nettali.com\/2022\/12\/10\/pays-bas-luis-van-gaal-sen-va\/#primaryimage\",\"inLanguage\":\"fr-FR\",\"url\":\"https:\/\/www.nettali.com\/wp-content\/uploads\/2022\/12\/Louis_van_Gaal_Netherlands_2022.jpg\",\"contentUrl\":\"https:\/\/www.nettali.com\/wp-content\/uploads\/2022\/12\/Louis_van_Gaal_Netherlands_2022.jpg\",\"width\":1920,\"height\":1080},{\"@type\":\"WebPage\",\"@id\":\"https:\/\/www.nettali.com\/2022\/12\/10\/pays-bas-luis-van-gaal-sen-va\/#webpage\",\"url\":\"https:\/\/www.nettali.com\/2022\/12\/10\/pays-bas-luis-van-gaal-sen-va\/\",\"name\":\"PAYS-BAS - Luis van Gaal s'en va ! | Nettali.com\",\"isPartOf\":{\"@id\":\"https:\/\/www.nettali.com\/#website\"},\"primaryImageOfPage\":{\"@id\":\"https:\/\/www.nettali.com\/2022\/12\/10\/pays-bas-luis-van-gaal-sen-va\/#primaryimage\"},\"datePublished\":\"2022-12-10T08:43:46+00:00\",\"dateModified\":\"2022-12-10T08:44:22+00:00\",\"author\":{\"@id\":\"https:\/\/www.nettali.com\/#\/schema\/person\/bb147657c2986240405a608162b9bb23\"},\"breadcrumb\":{\"@id\":\"https:\/\/www.nettali.com\/2022\/12\/10\/pays-bas-luis-van-gaal-sen-va\/#breadcrumb\"},\"inLanguage\":\"fr-FR\",\"potentialAction\":[{\"@type\":\"ReadAction\",\"target\":[\"https:\/\/www.nettali.com\/2022\/12\/10\/pays-bas-luis-van-gaal-sen-va\/\"]}]},{\"@type\":\"BreadcrumbList\",\"@id\":\"https:\/\/www.nettali.com\/2022\/12\/10\/pays-bas-luis-van-gaal-sen-va\/#breadcrumb\",\"itemListElement\":[{\"@type\":\"ListItem\",\"position\":1,\"name\":\"Accueil\",\"item\":\"https:\/\/www.nettali.com\/\"},{\"@type\":\"ListItem\",\"position\":2,\"name\":\"PAYS-BAS - Luis van Gaal s'en va !\"}]},{\"@type\":\"Person\",\"@id\":\"https:\/\/www.nettali.com\/#\/schema\/person\/bb147657c2986240405a608162b9bb23\",\"name\":\"Ibrahima\",\"image\":{\"@type\":\"ImageObject\",\"@id\":\"https:\/\/www.nettali.com\/#personlogo\",\"inLanguage\":\"fr-FR\",\"url\":\"https:\/\/secure.gravatar.com\/avatar\/26a8a81f09f0dd7624c9d5c36c9ba3a2?s=96&d=mm&r=g\",\"contentUrl\":\"https:\/\/secure.gravatar.com\/avatar\/26a8a81f09f0dd7624c9d5c36c9ba3a2?s=96&d=mm&r=g\",\"caption\":\"Ibrahima\"},\"sameAs\":[\"https:\/\/www.nettali.com\"]}]}<\/script>\n<!-- \/ Yoast SEO Premium plugin. -->","yoast_head_json":{"title":"PAYS-BAS - Luis van Gaal s'en va ! | Nettali.com","robots":{"index":"index","follow":"follow","max-snippet":"max-snippet:-1","max-image-preview":"max-image-preview:large","max-video-preview":"max-video-preview:-1"},"canonical":"https:\/\/www.nettali.com\/2022\/12\/10\/pays-bas-luis-van-gaal-sen-va\/","og_locale":"fr_FR","og_type":"article","og_title":"PAYS-BAS - Luis van Gaal s'en va !","og_description":"NETTALI.COM - \u00c9limin\u00e9s par l'Argentine en quarts de finale de la coupe du monde 2022, les Pays-Bas se s\u00e9parent de Luis van Gaal. Interrog\u00e9 \u00e0 l'issue d'une rencontre plac\u00e9e sous le signe de la tension, le technicien batave a d'ailleurs confirm\u00e9 son d\u00e9part de la s\u00e9lection n\u00e9erlandaise. \"Les joueurs se sont battus jusqu\u2019\u00e0 la derni\u00e8re [&hellip;]","og_url":"https:\/\/www.nettali.com\/2022\/12\/10\/pays-bas-luis-van-gaal-sen-va\/","og_site_name":"Nettali.com","article_publisher":"https:\/\/www.facebook.com\/nettalicom","article_published_time":"2022-12-10T08:43:46+00:00","article_modified_time":"2022-12-10T08:44:22+00:00","og_image":[{"width":1920,"height":1080,"url":"https:\/\/www.nettali.com\/wp-content\/uploads\/2022\/12\/Louis_van_Gaal_Netherlands_2022.jpg","type":"image\/jpeg"}],"twitter_card":"summary_large_image","twitter_misc":{"\u00c9crit par":"Ibrahima","Dur\u00e9e de lecture estim\u00e9e":"2 minutes"},"schema":{"@context":"https:\/\/schema.org","@graph":[{"@type":"WebSite","@id":"https:\/\/www.nettali.com\/#website","url":"https:\/\/www.nettali.com\/","name":"Nettali.com","description":"Le rendez-vous critique du Net","potentialAction":[{"@type":"SearchAction","target":{"@type":"EntryPoint","urlTemplate":"https:\/\/www.nettali.com\/?s={search_term_string}"},"query-input":"required name=search_term_string"}],"inLanguage":"fr-FR"},{"@type":"ImageObject","@id":"https:\/\/www.nettali.com\/2022\/12\/10\/pays-bas-luis-van-gaal-sen-va\/#primaryimage","inLanguage":"fr-FR","url":"https:\/\/www.nettali.com\/wp-content\/uploads\/2022\/12\/Louis_van_Gaal_Netherlands_2022.jpg","contentUrl":"https:\/\/www.nettali.com\/wp-content\/uploads\/2022\/12\/Louis_van_Gaal_Netherlands_2022.jpg","width":1920,"height":1080},{"@type":"WebPage","@id":"https:\/\/www.nettali.com\/2022\/12\/10\/pays-bas-luis-van-gaal-sen-va\/#webpage","url":"https:\/\/www.nettali.com\/2022\/12\/10\/pays-bas-luis-van-gaal-sen-va\/","name":"PAYS-BAS - Luis van Gaal s'en va ! | Nettali.com","isPartOf":{"@id":"https:\/\/www.nettali.com\/#website"},"primaryImageOfPage":{"@id":"https:\/\/www.nettali.com\/2022\/12\/10\/pays-bas-luis-van-gaal-sen-va\/#primaryimage"},"datePublished":"2022-12-10T08:43:46+00:00","dateModified":"2022-12-10T08:44:22+00:00","author":{"@id":"https:\/\/www.nettali.com\/#\/schema\/person\/bb147657c2986240405a608162b9bb23"},"breadcrumb":{"@id":"https:\/\/www.nettali.com\/2022\/12\/10\/pays-bas-luis-van-gaal-sen-va\/#breadcrumb"},"inLanguage":"fr-FR","potentialAction":[{"@type":"ReadAction","target":["https:\/\/www.nettali.com\/2022\/12\/10\/pays-bas-luis-van-gaal-sen-va\/"]}]},{"@type":"BreadcrumbList","@id":"https:\/\/www.nettali.com\/2022\/12\/10\/pays-bas-luis-van-gaal-sen-va\/#breadcrumb","itemListElement":[{"@type":"ListItem","position":1,"name":"Accueil","item":"https:\/\/www.nettali.com\/"},{"@type":"ListItem","position":2,"name":"PAYS-BAS - Luis van Gaal s'en va !"}]},{"@type":"Person","@id":"https:\/\/www.nettali.com\/#\/schema\/person\/bb147657c2986240405a608162b9bb23","name":"Ibrahima","image":{"@type":"ImageObject","@id":"https:\/\/www.nettali.com\/#personlogo","inLanguage":"fr-FR","url":"https:\/\/secure.gravatar.com\/avatar\/26a8a81f09f0dd7624c9d5c36c9ba3a2?s=96&d=mm&r=g","contentUrl":"https:\/\/secure.gravatar.com\/avatar\/26a8a81f09f0dd7624c9d5c36c9ba3a2?s=96&d=mm&r=g","caption":"Ibrahima"},"sameAs":["https:\/\/www.nettali.com"]}]}},"_links":{"self":[{"href":"https:\/\/www.nettali.com\/rest\/wp\/v2\/posts\/99356"}],"collection":[{"href":"https:\/\/www.nettali.com\/rest\/wp\/v2\/posts"}],"about":[{"href":"https:\/\/www.nettali.com\/rest\/wp\/v2\/types\/post"}],"author":[{"embeddable":true,"href":"https:\/\/www.nettali.com\/rest\/wp\/v2\/users\/5"}],"replies":[{"embeddable":true,"href":"https:\/\/www.nettali.com\/rest\/wp\/v2\/comments?post=99356"}],"version-history":[{"count":1,"href":"https:\/\/www.nettali.com\/rest\/wp\/v2\/posts\/99356\/revisions"}],"predecessor-version":[{"id":99358,"href":"https:\/\/www.nettali.com\/rest\/wp\/v2\/posts\/99356\/revisions\/99358"}],"wp:featuredmedia":[{"embeddable":true,"href":"https:\/\/www.nettali.com\/rest\/wp\/v2\/media\/99357"}],"wp:attachment":[{"href":"https:\/\/www.nettali.com\/rest\/wp\/v2\/media?parent=99356"}],"wp:term":[{"taxonomy":"category","embeddable":true,"href":"https:\/\/www.nettali.com\/rest\/wp\/v2\/categories?post=99356"},{"taxonomy":"post_tag","embeddable":true,"href":"https:\/\/www.nettali.com\/rest\/wp\/v2\/tags?post=99356"}],"curies":[{"name":"wp","href":"https:\/\/api.w.org\/{rel}","templated":true}]}}