{"id":99337,"date":"2022-12-09T19:16:47","date_gmt":"2022-12-09T19:16:47","guid":{"rendered":"https:\/\/www.nettali.com\/?p=99337"},"modified":"2022-12-09T19:17:51","modified_gmt":"2022-12-09T19:17:51","slug":"bresil-neymar-egale-pele","status":"publish","type":"post","link":"https:\/\/www.nettali.com\/2022\/12\/09\/bresil-neymar-egale-pele\/","title":{"rendered":"BR\u00c9SIL - Neymar \u00e9gale Pel\u00e9"},"content":{"rendered":"<p><strong>NETTALI.COM - Auteur de son 77\u00e8me but en s\u00e9lection ce vendredi face \u00e0 la Croatie (1-1, 2-4 tab) lors des quarts de finale de la Coupe du monde 2022, Neymar (30 ans) rejoint Pel\u00e9 au classement des meilleurs buteurs de l'histoire du Br\u00e9sil.<\/strong><\/p>\n<p>\u00c9limin\u00e9e du Mondial avec la Sele\u00e7ao, la star du PSG devra toutefois patienter pour battre ce record.<\/p>\n<p><strong>Le Top 5 des meilleurs buteurs du Br\u00e9sil :<\/strong><\/p>\n<p>1- Pel\u00e9 (77 buts)<\/p>\n<p>- Neymar (77 buts)<\/p>\n<p>3. Ronaldo (62 buts)<\/p>\n<p>4. Romario (56 buts)<\/p>\n<p>5. Zico (48 buts)<\/p>\n<div class='share-to-whatsapp-wrapper'><div class='share-on-whsp'>PARTAGER SUR : <\/div><a data-text='BR\u00c9SIL - Neymar \u00e9gale Pel\u00e9' data-link='https:\/\/www.nettali.com\/2022\/12\/09\/bresil-neymar-egale-pele\/' class='whatsapp-button whatsapp-share'>WhatsApp<\/a><div class='clear '><\/div><\/div>","protected":false},"excerpt":{"rendered":"<p>NETTALI.COM - Auteur de son 77\u00e8me but en s\u00e9lection ce vendredi face \u00e0 la Croatie (1-1, 2-4 tab) lors des quarts de finale de la Coupe du monde 2022, Neymar (30 ans) rejoint Pel\u00e9 au classement des meilleurs buteurs de l'histoire du Br\u00e9sil. \u00c9limin\u00e9e du Mondial avec la Sele\u00e7ao, la star du PSG devra toutefois [&hellip;]<\/p>\n","protected":false},"author":5,"featured_media":99338,"comment_status":"open","ping_status":"open","sticky":false,"template":"","format":"standard","meta":{"_et_pb_use_builder":"","_et_pb_old_content":""},"categories":[6],"tags":[],"yoast_head":"<!-- This site is optimized with the Yoast SEO Premium plugin v17.8 (Yoast SEO v17.8) - https:\/\/yoast.com\/wordpress\/plugins\/seo\/ -->\n<title>BR\u00c9SIL - Neymar \u00e9gale Pel\u00e9 | Nettali.com<\/title>\n<meta name=\"robots\" content=\"index, follow, max-snippet:-1, max-image-preview:large, max-video-preview:-1\" \/>\n<link rel=\"canonical\" href=\"https:\/\/www.nettali.com\/2022\/12\/09\/bresil-neymar-egale-pele\/\" \/>\n<meta property=\"og:locale\" content=\"fr_FR\" \/>\n<meta property=\"og:type\" content=\"article\" \/>\n<meta property=\"og:title\" content=\"BR\u00c9SIL - Neymar \u00e9gale Pel\u00e9\" \/>\n<meta property=\"og:description\" content=\"NETTALI.COM - Auteur de son 77\u00e8me but en s\u00e9lection ce vendredi face \u00e0 la Croatie (1-1, 2-4 tab) lors des quarts de finale de la Coupe du monde 2022, Neymar (30 ans) rejoint Pel\u00e9 au classement des meilleurs buteurs de l&#039;histoire du Br\u00e9sil. \u00c9limin\u00e9e du Mondial avec la Sele\u00e7ao, la star du PSG devra toutefois [&hellip;]\" \/>\n<meta property=\"og:url\" content=\"https:\/\/www.nettali.com\/2022\/12\/09\/bresil-neymar-egale-pele\/\" \/>\n<meta property=\"og:site_name\" content=\"Nettali.com\" \/>\n<meta property=\"article:publisher\" content=\"https:\/\/www.facebook.com\/nettalicom\" \/>\n<meta property=\"article:published_time\" content=\"2022-12-09T19:16:47+00:00\" \/>\n<meta property=\"article:modified_time\" content=\"2022-12-09T19:17:51+00:00\" \/>\n<meta property=\"og:image\" content=\"https:\/\/www.nettali.com\/wp-content\/uploads\/2022\/12\/cdm-neymar-met-le-bresil-a-ses-genoux-qatar-icon_spi_143_dk_brazil_korea-354444.jpg\" \/>\n\t<meta property=\"og:image:width\" content=\"480\" \/>\n\t<meta property=\"og:image:height\" content=\"327\" \/>\n<meta name=\"twitter:card\" content=\"summary_large_image\" \/>\n<meta name=\"twitter:label1\" content=\"\u00c9crit par\" \/>\n\t<meta name=\"twitter:data1\" content=\"Ibrahima\" \/>\n\t<meta name=\"twitter:label2\" content=\"Dur\u00e9e de lecture estim\u00e9e\" \/>\n\t<meta name=\"twitter:data2\" content=\"1 minute\" \/>\n<script type=\"application\/ld+json\" class=\"yoast-schema-graph\">{\"@context\":\"https:\/\/schema.org\",\"@graph\":[{\"@type\":\"WebSite\",\"@id\":\"https:\/\/www.nettali.com\/#website\",\"url\":\"https:\/\/www.nettali.com\/\",\"name\":\"Nettali.com\",\"description\":\"Le rendez-vous critique du Net\",\"potentialAction\":[{\"@type\":\"SearchAction\",\"target\":{\"@type\":\"EntryPoint\",\"urlTemplate\":\"https:\/\/www.nettali.com\/?s={search_term_string}\"},\"query-input\":\"required name=search_term_string\"}],\"inLanguage\":\"fr-FR\"},{\"@type\":\"ImageObject\",\"@id\":\"https:\/\/www.nettali.com\/2022\/12\/09\/bresil-neymar-egale-pele\/#primaryimage\",\"inLanguage\":\"fr-FR\",\"url\":\"https:\/\/www.nettali.com\/wp-content\/uploads\/2022\/12\/cdm-neymar-met-le-bresil-a-ses-genoux-qatar-icon_spi_143_dk_brazil_korea-354444.jpg\",\"contentUrl\":\"https:\/\/www.nettali.com\/wp-content\/uploads\/2022\/12\/cdm-neymar-met-le-bresil-a-ses-genoux-qatar-icon_spi_143_dk_brazil_korea-354444.jpg\",\"width\":480,\"height\":327},{\"@type\":\"WebPage\",\"@id\":\"https:\/\/www.nettali.com\/2022\/12\/09\/bresil-neymar-egale-pele\/#webpage\",\"url\":\"https:\/\/www.nettali.com\/2022\/12\/09\/bresil-neymar-egale-pele\/\",\"name\":\"BR\\u00c9SIL - Neymar \\u00e9gale Pel\\u00e9 | Nettali.com\",\"isPartOf\":{\"@id\":\"https:\/\/www.nettali.com\/#website\"},\"primaryImageOfPage\":{\"@id\":\"https:\/\/www.nettali.com\/2022\/12\/09\/bresil-neymar-egale-pele\/#primaryimage\"},\"datePublished\":\"2022-12-09T19:16:47+00:00\",\"dateModified\":\"2022-12-09T19:17:51+00:00\",\"author\":{\"@id\":\"https:\/\/www.nettali.com\/#\/schema\/person\/bb147657c2986240405a608162b9bb23\"},\"breadcrumb\":{\"@id\":\"https:\/\/www.nettali.com\/2022\/12\/09\/bresil-neymar-egale-pele\/#breadcrumb\"},\"inLanguage\":\"fr-FR\",\"potentialAction\":[{\"@type\":\"ReadAction\",\"target\":[\"https:\/\/www.nettali.com\/2022\/12\/09\/bresil-neymar-egale-pele\/\"]}]},{\"@type\":\"BreadcrumbList\",\"@id\":\"https:\/\/www.nettali.com\/2022\/12\/09\/bresil-neymar-egale-pele\/#breadcrumb\",\"itemListElement\":[{\"@type\":\"ListItem\",\"position\":1,\"name\":\"Accueil\",\"item\":\"https:\/\/www.nettali.com\/\"},{\"@type\":\"ListItem\",\"position\":2,\"name\":\"BR\\u00c9SIL - Neymar \\u00e9gale Pel\\u00e9\"}]},{\"@type\":\"Person\",\"@id\":\"https:\/\/www.nettali.com\/#\/schema\/person\/bb147657c2986240405a608162b9bb23\",\"name\":\"Ibrahima\",\"image\":{\"@type\":\"ImageObject\",\"@id\":\"https:\/\/www.nettali.com\/#personlogo\",\"inLanguage\":\"fr-FR\",\"url\":\"https:\/\/secure.gravatar.com\/avatar\/26a8a81f09f0dd7624c9d5c36c9ba3a2?s=96&d=mm&r=g\",\"contentUrl\":\"https:\/\/secure.gravatar.com\/avatar\/26a8a81f09f0dd7624c9d5c36c9ba3a2?s=96&d=mm&r=g\",\"caption\":\"Ibrahima\"},\"sameAs\":[\"https:\/\/www.nettali.com\"]}]}<\/script>\n<!-- \/ Yoast SEO Premium plugin. -->","yoast_head_json":{"title":"BR\u00c9SIL - Neymar \u00e9gale Pel\u00e9 | Nettali.com","robots":{"index":"index","follow":"follow","max-snippet":"max-snippet:-1","max-image-preview":"max-image-preview:large","max-video-preview":"max-video-preview:-1"},"canonical":"https:\/\/www.nettali.com\/2022\/12\/09\/bresil-neymar-egale-pele\/","og_locale":"fr_FR","og_type":"article","og_title":"BR\u00c9SIL - Neymar \u00e9gale Pel\u00e9","og_description":"NETTALI.COM - Auteur de son 77\u00e8me but en s\u00e9lection ce vendredi face \u00e0 la Croatie (1-1, 2-4 tab) lors des quarts de finale de la Coupe du monde 2022, Neymar (30 ans) rejoint Pel\u00e9 au classement des meilleurs buteurs de l'histoire du Br\u00e9sil. \u00c9limin\u00e9e du Mondial avec la Sele\u00e7ao, la star du PSG devra toutefois [&hellip;]","og_url":"https:\/\/www.nettali.com\/2022\/12\/09\/bresil-neymar-egale-pele\/","og_site_name":"Nettali.com","article_publisher":"https:\/\/www.facebook.com\/nettalicom","article_published_time":"2022-12-09T19:16:47+00:00","article_modified_time":"2022-12-09T19:17:51+00:00","og_image":[{"width":480,"height":327,"url":"https:\/\/www.nettali.com\/wp-content\/uploads\/2022\/12\/cdm-neymar-met-le-bresil-a-ses-genoux-qatar-icon_spi_143_dk_brazil_korea-354444.jpg","type":"image\/jpeg"}],"twitter_card":"summary_large_image","twitter_misc":{"\u00c9crit par":"Ibrahima","Dur\u00e9e de lecture estim\u00e9e":"1 minute"},"schema":{"@context":"https:\/\/schema.org","@graph":[{"@type":"WebSite","@id":"https:\/\/www.nettali.com\/#website","url":"https:\/\/www.nettali.com\/","name":"Nettali.com","description":"Le rendez-vous critique du Net","potentialAction":[{"@type":"SearchAction","target":{"@type":"EntryPoint","urlTemplate":"https:\/\/www.nettali.com\/?s={search_term_string}"},"query-input":"required name=search_term_string"}],"inLanguage":"fr-FR"},{"@type":"ImageObject","@id":"https:\/\/www.nettali.com\/2022\/12\/09\/bresil-neymar-egale-pele\/#primaryimage","inLanguage":"fr-FR","url":"https:\/\/www.nettali.com\/wp-content\/uploads\/2022\/12\/cdm-neymar-met-le-bresil-a-ses-genoux-qatar-icon_spi_143_dk_brazil_korea-354444.jpg","contentUrl":"https:\/\/www.nettali.com\/wp-content\/uploads\/2022\/12\/cdm-neymar-met-le-bresil-a-ses-genoux-qatar-icon_spi_143_dk_brazil_korea-354444.jpg","width":480,"height":327},{"@type":"WebPage","@id":"https:\/\/www.nettali.com\/2022\/12\/09\/bresil-neymar-egale-pele\/#webpage","url":"https:\/\/www.nettali.com\/2022\/12\/09\/bresil-neymar-egale-pele\/","name":"BR\u00c9SIL - Neymar \u00e9gale Pel\u00e9 | Nettali.com","isPartOf":{"@id":"https:\/\/www.nettali.com\/#website"},"primaryImageOfPage":{"@id":"https:\/\/www.nettali.com\/2022\/12\/09\/bresil-neymar-egale-pele\/#primaryimage"},"datePublished":"2022-12-09T19:16:47+00:00","dateModified":"2022-12-09T19:17:51+00:00","author":{"@id":"https:\/\/www.nettali.com\/#\/schema\/person\/bb147657c2986240405a608162b9bb23"},"breadcrumb":{"@id":"https:\/\/www.nettali.com\/2022\/12\/09\/bresil-neymar-egale-pele\/#breadcrumb"},"inLanguage":"fr-FR","potentialAction":[{"@type":"ReadAction","target":["https:\/\/www.nettali.com\/2022\/12\/09\/bresil-neymar-egale-pele\/"]}]},{"@type":"BreadcrumbList","@id":"https:\/\/www.nettali.com\/2022\/12\/09\/bresil-neymar-egale-pele\/#breadcrumb","itemListElement":[{"@type":"ListItem","position":1,"name":"Accueil","item":"https:\/\/www.nettali.com\/"},{"@type":"ListItem","position":2,"name":"BR\u00c9SIL - Neymar \u00e9gale Pel\u00e9"}]},{"@type":"Person","@id":"https:\/\/www.nettali.com\/#\/schema\/person\/bb147657c2986240405a608162b9bb23","name":"Ibrahima","image":{"@type":"ImageObject","@id":"https:\/\/www.nettali.com\/#personlogo","inLanguage":"fr-FR","url":"https:\/\/secure.gravatar.com\/avatar\/26a8a81f09f0dd7624c9d5c36c9ba3a2?s=96&d=mm&r=g","contentUrl":"https:\/\/secure.gravatar.com\/avatar\/26a8a81f09f0dd7624c9d5c36c9ba3a2?s=96&d=mm&r=g","caption":"Ibrahima"},"sameAs":["https:\/\/www.nettali.com"]}]}},"_links":{"self":[{"href":"https:\/\/www.nettali.com\/rest\/wp\/v2\/posts\/99337"}],"collection":[{"href":"https:\/\/www.nettali.com\/rest\/wp\/v2\/posts"}],"about":[{"href":"https:\/\/www.nettali.com\/rest\/wp\/v2\/types\/post"}],"author":[{"embeddable":true,"href":"https:\/\/www.nettali.com\/rest\/wp\/v2\/users\/5"}],"replies":[{"embeddable":true,"href":"https:\/\/www.nettali.com\/rest\/wp\/v2\/comments?post=99337"}],"version-history":[{"count":1,"href":"https:\/\/www.nettali.com\/rest\/wp\/v2\/posts\/99337\/revisions"}],"predecessor-version":[{"id":99339,"href":"https:\/\/www.nettali.com\/rest\/wp\/v2\/posts\/99337\/revisions\/99339"}],"wp:featuredmedia":[{"embeddable":true,"href":"https:\/\/www.nettali.com\/rest\/wp\/v2\/media\/99338"}],"wp:attachment":[{"href":"https:\/\/www.nettali.com\/rest\/wp\/v2\/media?parent=99337"}],"wp:term":[{"taxonomy":"category","embeddable":true,"href":"https:\/\/www.nettali.com\/rest\/wp\/v2\/categories?post=99337"},{"taxonomy":"post_tag","embeddable":true,"href":"https:\/\/www.nettali.com\/rest\/wp\/v2\/tags?post=99337"}],"curies":[{"name":"wp","href":"https:\/\/api.w.org\/{rel}","templated":true}]}}