{"id":99279,"date":"2022-12-09T08:25:49","date_gmt":"2022-12-09T08:25:49","guid":{"rendered":"https:\/\/www.nettali.com\/?p=99279"},"modified":"2022-12-10T09:23:32","modified_gmt":"2022-12-10T09:23:32","slug":"appui-budgetaire-le-senegal-sollicite-encore-un-secours-a-la-france","status":"publish","type":"post","link":"https:\/\/www.nettali.com\/2022\/12\/09\/appui-budgetaire-le-senegal-sollicite-encore-un-secours-a-la-france\/","title":{"rendered":"APPUI BUDGETAIRE\u2026 Le S\u00e9n\u00e9gal sollicite encore un secours \u00e0 la France"},"content":{"rendered":"<p><strong>NETTALI.COM - Apr\u00e8s deux ans de sevrage, la France et le S\u00e9n\u00e9gal ont tenu, hier, le 5e s\u00e9minaire intergouvernemental. Sentiment anti-fran\u00e7ais, appui budg\u00e9taire direct de l\u2019ordre de 100milliards F CFA ; la migration et la question des visas\u2026 Voil\u00e0, entre autres questions au c\u0153ur des discussions entre les deux gouvernements, en sus de la jeunesse, de la formation et de l\u2019insertion professionnelle qui \u00e9tait le th\u00e8me principal.<\/strong><\/p>\n<p>L e sentiment anti-fran\u00e7ais, \u00e7a n\u2019existe pas au S\u00e9n\u00e9gal. C\u2019est en tout cas la conviction du Premier ministre Amadou Ba, exprim\u00e9e hier \u00e0 Paris, lors de la conf\u00e9rence de presse tenue \u00e0 la fin des \u00e9changes entre les deux gouvernements, dans le cadre du 5e s\u00e9minaire intergouvernemental franco-s\u00e9n\u00e9galais. R\u00e9pondant \u00e0 la question d\u2019une cons\u0153ur, Amadou BA s\u2019est voulu on ne peut plus diplomatique. Il d\u00e9clare : <em>\u2018\u2019Au S\u00e9n\u00e9gal, nous n\u2019avons pas de sentiment anti-\u00e9tranger. C\u2019est peut-\u00eatre la chance que nous avons. Ce n\u2019est pas pour rien que les joueurs de nos \u00e9quipes nationales sont appel\u00e9s des Lions de la T\u00e9ranga, c\u2019est-\u00e0-dire des Lions de l\u2019hospitalit\u00e9. Cette hospitalit\u00e9 est dans notre ADN, nous n\u2019avons vraiment pas ces consid\u00e9rations. Aussi, l\u2019excellence des relations entre la France et le S\u00e9n\u00e9gal est connue de tous et respect\u00e9e par toutes les ob\u00e9diences\u2019\u2019. <\/em><\/p>\n<p>Cette pr\u00e9cision faite, Amadou Ba note qu\u2019il existe n\u00e9anmoins quelques difficult\u00e9s et que les deux gouvernements s\u2019emploient, ensemble, \u00e0 y trouver des rem\u00e8des appropri\u00e9s. <em>\u2018\u2019Maintenant, il y a quelques difficult\u00e9s, notamment au Sahel\u2026 Nous nous entendons bien sur la d\u00e9marche \u00e0 mettre en \u0153uvre pour qu\u2019il y ait un climat de paix, de la s\u00e9r\u00e9nit\u00e9, pour qu\u2019ensemble, non seulement les peuples s\u00e9n\u00e9galais et fran\u00e7ais, mais aussi les autres peuples de la sous-r\u00e9gion, qu\u2019on puisse aspirer \u00e0 la d\u00e9mocratie et \u00e0 l\u2019\u00e9mergence. Mais au S\u00e9n\u00e9gal, nous n\u2019avons pas du tout ce probl\u00e8me\u2019\u2019<\/em>, a assur\u00e9 le Premier ministre qui en veut pour preuve la tenue de ce 5e s\u00e9minaire intergouvernemental.<\/p>\n<p><em> \u2018\u2019Le seul probl\u00e8me entre nos deux pays, insiste-t-il, se tournant vers son homologue qui le fixe des yeux, c\u2019est qu\u2019il n\u2019y a pas de probl\u00e8me. Il n\u2019y en a aucun\u2019\u2019<\/em>, s\u2019est-il r\u00e9p\u00e9t\u00e9. Malgr\u00e9 ce discours qui tient \u00e0 minimiser, voire ignorer certaines critiques et r\u00e9criminations, les deux gouvernements semblent conscients des d\u00e9fis \u00e0 relever pour parer \u00e0 certaines \u00e9ventualit\u00e9s. Dans cette perspective, la jeunesse, qui \u00e9tait au c\u0153ur de ce 5e s\u00e9minaire intergouvernemental, va jouer un r\u00f4le important, a inform\u00e9 la Premi\u00e8re ministre fran\u00e7aise Elizabeth Borne. <em>\u2018\u2019Notre premi\u00e8re priorit\u00e9, dit-elle, c\u2019est la jeunesse, car c\u2019est bien elle qui construira l\u2019avenir de notre relation ; l\u2019avenir de la relation entre le continent africain et le continent europ\u00e9en\u2026 Agir pour notre jeunesse, c\u2019est aussi \u00e9couter ses aspirations et y r\u00e9pondre. Hier (avant-hier), un s\u00e9minaire a rassembl\u00e9 de jeunes S\u00e9n\u00e9galais et Fran\u00e7ais. Ils ont pu \u00e9changer au sujet de leurs espoirs, de leurs craintes et de leurs propositions. Ils nous ont fait part d\u2019une s\u00e9rie de recommandations dont nous allons nous saisir\u2019\u2019. <\/em><\/p>\n<p>De l\u2019avis de Mme Borne, des actions concr\u00e8tes sont ainsi en vue, pour \u00eatre \u00e0 la hauteur des aspirations des jeunes et des deux peuples. Dans cette optique, l\u2019\u00e9ducation, la formation, l\u2019insertion professionnelle, le sport et la culture vont \u00eatre des axes privil\u00e9gi\u00e9s. Le sentiment anti-fran\u00e7ais n\u2019existe pas au S\u00e9n\u00e9gal Dans le domaine de l\u2019\u00e9ducation, les deux gouvernements encouragent les \u00e9changes universitaires entre la France et le S\u00e9n\u00e9gal, promettent la mise en place d\u2019une \u00e9cole franco-s\u00e9n\u00e9galaise ; une possible hybridation des programmes scolaires, en sus du Campus franco-s\u00e9n\u00e9galais qui compte d\u00e9j\u00e0 1 200 \u00e9tudiants inscrits dans 25 formations dispens\u00e9es par 35 \u00e9tablissements fran\u00e7ais et s\u00e9n\u00e9galais. <em>\u2018\u2019Notre objectif, c\u2019est une proximit\u00e9 plus forte entre nos syst\u00e8mes \u00e9ducatifs\u2019\u2019,<\/em> a rench\u00e9ri Elizabeth Borne, qui informe qu\u2019un accord sur la formation professionnelle a par ailleurs \u00e9t\u00e9 sign\u00e9 mardi \u00e0 Dakar, entre le Campus franco-s\u00e9n\u00e9galais et une trentaine d\u2019entreprises fran\u00e7aises en mati\u00e8re de formation, d\u2019apprentissage et d\u2019employabilit\u00e9 des jeunes. Toujours au chapitre de la jeunesse, la France et le S\u00e9n\u00e9gal se sont entendus pour promouvoir l\u2019engagement citoyen.<\/p>\n<p>La France, soutient Borne, continuera \u00e0 appuyer les initiatives du Consortium Jeunesse S\u00e9n\u00e9gal. Car, selon elle, fortifier les relations entre les deux pays, les deux jeunesses, c\u2019est aussi favoriser toutes les initiatives des jeunes pour \u00e9changer, mieux se connaitre et se comprendre. Et cela passe notamment par la culture et le sport. \u2018<em>\u2019Le S\u00e9n\u00e9gal et la France, affirme la Premi\u00e8re ministre fran\u00e7aise, partagent une forte tradition de cr\u00e9ation artistique. Nous voulons favoriser la circulation des \u0153uvres, les partenariats entre nos mus\u00e9es, les projets d\u2019exposition, mais aussi des \u00e9changes en mati\u00e8re de productions audiovisuelle et musicale. Cela passe aussi par le sport. Comme l\u2019a rappel\u00e9 le Premier ministre Ba, deux \u00e9ch\u00e9ances importantes nous attendent avec les JO de Paris de 2024 et les JOJ au S\u00e9n\u00e9gal en 2026\u2019\u2019<\/em>. \u00c0 c\u00f4t\u00e9 de la th\u00e9matique principale qui tournait autour de la jeunesse, de la formation et de l\u2019insertion professionnelle, d\u2019autres th\u00e9matiques ont \u00e9galement \u00e9t\u00e9 abord\u00e9es par les deux gouvernements. Du c\u00f4t\u00e9 du Premier ministre s\u00e9n\u00e9galais, on semble surtout accorder une attention toute particuli\u00e8re \u00e0 l\u2019appui budg\u00e9taire promis par la France. A ce titre, le moins que l\u2019on puisse dire, c\u2019est que certains choix du gouvernement comme les subventions distribu\u00e9es \u00e0 tout va n\u2019ont pas manqu\u00e9 de produire des effets pervers. Et c\u2019est le Premier ministre lui-m\u00eame qui l\u2019avoue devant son homologue fran\u00e7ais \u00e0 qui il demande un secours. Amadou Ba : <em>\u2018\u2019Nous avons sollicit\u00e9 un soutien pour appuyer le S\u00e9n\u00e9gal dans sa gestion budg\u00e9taire et nous avons eu un \u00e9cho tr\u00e8s favorable. Les modalit\u00e9s pratiques vont \u00eatre mises en \u0153uvre par les ministres en charge des Finances.\u2019\u2019<\/em><\/p>\n<p>Une exp\u00e9rimentation de l\u2019hybridation des programmes scolaires en vue Lors de l\u2019\u00e9change avec les journalistes, le Premier ministre s\u00e9n\u00e9galais y est revenu en d\u00e9tail : <em>\u2018\u2019Nous avions besoin d\u2019un soutien budg\u00e9taire direct pour soutenir notre \u00e9conomie. On ne parle pas de pr\u00eats projets, mais d\u2019un soutien budg\u00e9taire direct. Et la France accepte de mettre \u00e0 notre disposition une enveloppe assez substantielle qui devrait permettre, \u00e0 mon avis, de soulager l\u2019\u00e9conomie s\u00e9n\u00e9galaise. On parle de 100 milliards F CFA, soit 150 millions d\u2019euros. Les modalit\u00e9s pratiques sont en discussion.\u2019\u2019<\/em> A entendre Amadou Ba, cette difficult\u00e9 de tr\u00e9sorerie qui a pouss\u00e9 \u00e0 solliciter \u00e0 nouveau la France s\u2019explique notamment par la politique des subventions de l\u2019\u00c9tat pour aider les populations \u00e0 faire face \u00e0 la crise. Le PM assume cette posture que certains pourraient qualifier gab\u00e9gique et de somptuaire pour un \u00c9tat qui vit de l\u2019aide \u00e9trang\u00e8re. <em>\u2018\u2019Nous avions beaucoup de projets qui avaient ralenti, compte tenu du fait que l\u2019option du gouvernement du S\u00e9n\u00e9gal a \u00e9t\u00e9 de soutenir les populations les plus d\u00e9munies \u00e0 travers une politique de subvention qui cr\u00e9e tout de suite un effet d\u2019\u00e9viction sur les autres d\u00e9penses et \u00e0 terme, peut cr\u00e9er aussi des probl\u00e8mes\u2026\u2019\u2019. <\/em><\/p>\n<p>Outre ces th\u00e9matiques, le s\u00e9minaire a aussi \u00e9t\u00e9 l\u2019occasion de discuter des questions d\u2019agriculture, de s\u00e9curit\u00e9, de transition \u00e9cologique et de migration. Sur cette derni\u00e8re question, la Premi\u00e8re ministre fran\u00e7aise, interpell\u00e9e sur les lenteurs dans la d\u00e9livrance des visas aux S\u00e9n\u00e9galais, confirme et tente de rassurer : <em>\u2018\u2019Il y a eu effectivement un allongement des d\u00e9lais pour l\u2019obtention des visas pour les citoyens s\u00e9n\u00e9galais qui veulent venir en France. Mais de fa\u00e7on g\u00e9n\u00e9rale, avec la covid-19, on a une d\u00e9sorganisation d\u2019un certain nombre de nos postes, mais on s\u2019emploie \u00e0 y rem\u00e9dier. On a d\u00e9j\u00e0 des r\u00e9sultats tr\u00e8s concrets pour retrouver une qualit\u00e9 de service \u00e0 la hauteur.\u2019\u2019<\/em> Sur ce m\u00eame chapitre, il est ressorti des propos du PM s\u00e9n\u00e9galais qu\u2019ils sont 15 000 \u00e9tudiants s\u00e9n\u00e9galais \u00e0 vivre sur le territoire fran\u00e7ais et que leurs conditions ont \u00e9galement \u00e9t\u00e9 pos\u00e9es sur la table. Un appui budg\u00e9taire de l\u2019ordre de 100 milliards F CFA promis par la France Dans un contexte marqu\u00e9 par l\u2019ins\u00e9curit\u00e9 au Sahel et dans la sous-r\u00e9gion, la question s\u00e9curitaire a \u00e9galement \u00e9t\u00e9 abord\u00e9e. A cet effet, alors que dans la sous-r\u00e9gion, ils sont nombreux \u00e0 remettre en cause l\u2019implication de la France, le PM s\u00e9n\u00e9galais, lui, a surtout salu\u00e9 le soutien de la France dans le cadre de la lutte contre le terrorisme. Dans la m\u00eame veine, il a confi\u00e9 que les \u00e9changes ont \u00e9galement mis l\u2019accent sur l\u2019agriculture, l\u2019agroalimentaire, le num\u00e9rique, le soutien au secteur priv\u00e9, l\u2019investissement\u2026<\/p>\n<p>Ce s\u00e9minaire, selon la Premi\u00e8re ministre fran\u00e7aise Elizabeth Borne, est un symbole fort de la relation qui unit la France et le S\u00e9n\u00e9gal. <em>\u2018\u2019Il n\u2019y a pas, souligne-t-elle, tant de pays avec qui la France tient des s\u00e9minaires intergouvernementaux. Et le S\u00e9n\u00e9gal est le seul pays d\u2019Afrique subsaharienne avec lequel nous le faisons. Cela t\u00e9moigne de la solidit\u00e9 des liens qui unissent nos deux pays et de l\u2019excellence des relations que nous entretenons au quotidien, des relations denses, dynamiques, empreintes d\u2019une confiance et d\u2019une amiti\u00e9 historique. Cela t\u00e9moigne aussi d\u2019un regard commun sur l\u2019avenir, sur les d\u00e9fis face \u00e0 nous et d\u2019une volont\u00e9 commune de les relever\u2019\u2019<\/em>.<\/p>\n<p>Au total, cinq feuilles de route ont \u00e9t\u00e9 adopt\u00e9es et six accords sign\u00e9s entre les deux gouvernements. <em>\u2018\u2019Ces accords marquent une convergence de vues et une amiti\u00e9 entre nos deux pays. Ils sont aussi le fruit de la dynamique port\u00e9e par les pr\u00e9sidents Emmanuel Macron et Macky Sall pour renforcer encore les liens entre la France et le S\u00e9n\u00e9gal\u2019\u2019,<\/em> s\u2019est f\u00e9licit\u00e9e la Premi\u00e8re ministre fran\u00e7aise. Sur la p\u00e9riode 2019-2023, a-telle rappel\u00e9, la France apporte une contribution \u00e0 hauteur de 1,5 milliard d\u2019euros \u00e0 la politique d\u2019\u00e9mergence du S\u00e9n\u00e9gal. Ce qui en fait le premier pays contributeur au d\u00e9veloppement pour le S\u00e9n\u00e9gal.<\/p>\n<div class='share-to-whatsapp-wrapper'><div class='share-on-whsp'>PARTAGER SUR : <\/div><a data-text='APPUI BUDGETAIRE\u2026 Le S\u00e9n\u00e9gal sollicite encore un secours \u00e0 la France' data-link='https:\/\/www.nettali.com\/2022\/12\/09\/appui-budgetaire-le-senegal-sollicite-encore-un-secours-a-la-france\/' class='whatsapp-button whatsapp-share'>WhatsApp<\/a><div class='clear '><\/div><\/div>","protected":false},"excerpt":{"rendered":"<p>NETTALI.COM - Apr\u00e8s deux ans de sevrage, la France et le S\u00e9n\u00e9gal ont tenu, hier, le 5e s\u00e9minaire intergouvernemental. Sentiment anti-fran\u00e7ais, appui budg\u00e9taire direct de l\u2019ordre de 100milliards F CFA ; la migration et la question des visas\u2026 Voil\u00e0, entre autres questions au c\u0153ur des discussions entre les deux gouvernements, en sus de la jeunesse, [&hellip;]<\/p>\n","protected":false},"author":4,"featured_media":6513,"comment_status":"open","ping_status":"open","sticky":false,"template":"","format":"standard","meta":{"_et_pb_use_builder":"","_et_pb_old_content":""},"categories":[4],"tags":[],"yoast_head":"<!-- This site is optimized with the Yoast SEO Premium plugin v17.8 (Yoast SEO v17.8) - https:\/\/yoast.com\/wordpress\/plugins\/seo\/ -->\n<title>APPUI BUDGETAIRE\u2026 Le S\u00e9n\u00e9gal sollicite encore un secours \u00e0 la France | Nettali.com<\/title>\n<meta name=\"robots\" content=\"index, follow, max-snippet:-1, max-image-preview:large, max-video-preview:-1\" \/>\n<link rel=\"canonical\" href=\"https:\/\/www.nettali.com\/2022\/12\/09\/appui-budgetaire-le-senegal-sollicite-encore-un-secours-a-la-france\/\" \/>\n<meta property=\"og:locale\" content=\"fr_FR\" \/>\n<meta property=\"og:type\" content=\"article\" \/>\n<meta property=\"og:title\" content=\"APPUI BUDGETAIRE\u2026 Le S\u00e9n\u00e9gal sollicite encore un secours \u00e0 la France\" \/>\n<meta property=\"og:description\" content=\"NETTALI.COM - Apr\u00e8s deux ans de sevrage, la France et le S\u00e9n\u00e9gal ont tenu, hier, le 5e s\u00e9minaire intergouvernemental. Sentiment anti-fran\u00e7ais, appui budg\u00e9taire direct de l\u2019ordre de 100milliards F CFA ; la migration et la question des visas\u2026 Voil\u00e0, entre autres questions au c\u0153ur des discussions entre les deux gouvernements, en sus de la jeunesse, [&hellip;]\" \/>\n<meta property=\"og:url\" content=\"https:\/\/www.nettali.com\/2022\/12\/09\/appui-budgetaire-le-senegal-sollicite-encore-un-secours-a-la-france\/\" \/>\n<meta property=\"og:site_name\" content=\"Nettali.com\" \/>\n<meta property=\"article:publisher\" content=\"https:\/\/www.facebook.com\/nettalicom\" \/>\n<meta property=\"article:published_time\" content=\"2022-12-09T08:25:49+00:00\" \/>\n<meta property=\"article:modified_time\" content=\"2022-12-10T09:23:32+00:00\" \/>\n<meta property=\"og:image\" content=\"https:\/\/www.nettali.com\/wp-content\/uploads\/2019\/04\/Macky-Macron.jpg\" \/>\n\t<meta property=\"og:image:width\" content=\"696\" \/>\n\t<meta property=\"og:image:height\" content=\"393\" \/>\n<meta name=\"twitter:card\" content=\"summary_large_image\" \/>\n<meta name=\"twitter:label1\" content=\"\u00c9crit par\" \/>\n\t<meta name=\"twitter:data1\" content=\"Daouda\" \/>\n\t<meta name=\"twitter:label2\" content=\"Dur\u00e9e de lecture estim\u00e9e\" \/>\n\t<meta name=\"twitter:data2\" content=\"8 minutes\" \/>\n<script type=\"application\/ld+json\" class=\"yoast-schema-graph\">{\"@context\":\"https:\/\/schema.org\",\"@graph\":[{\"@type\":\"WebSite\",\"@id\":\"https:\/\/www.nettali.com\/#website\",\"url\":\"https:\/\/www.nettali.com\/\",\"name\":\"Nettali.com\",\"description\":\"Le rendez-vous critique du Net\",\"potentialAction\":[{\"@type\":\"SearchAction\",\"target\":{\"@type\":\"EntryPoint\",\"urlTemplate\":\"https:\/\/www.nettali.com\/?s={search_term_string}\"},\"query-input\":\"required name=search_term_string\"}],\"inLanguage\":\"fr-FR\"},{\"@type\":\"ImageObject\",\"@id\":\"https:\/\/www.nettali.com\/2022\/12\/09\/appui-budgetaire-le-senegal-sollicite-encore-un-secours-a-la-france\/#primaryimage\",\"inLanguage\":\"fr-FR\",\"url\":\"https:\/\/www.nettali.com\/wp-content\/uploads\/2019\/04\/Macky-Macron.jpg\",\"contentUrl\":\"https:\/\/www.nettali.com\/wp-content\/uploads\/2019\/04\/Macky-Macron.jpg\",\"width\":696,\"height\":393},{\"@type\":\"WebPage\",\"@id\":\"https:\/\/www.nettali.com\/2022\/12\/09\/appui-budgetaire-le-senegal-sollicite-encore-un-secours-a-la-france\/#webpage\",\"url\":\"https:\/\/www.nettali.com\/2022\/12\/09\/appui-budgetaire-le-senegal-sollicite-encore-un-secours-a-la-france\/\",\"name\":\"APPUI BUDGETAIRE\\u2026 Le S\\u00e9n\\u00e9gal sollicite encore un secours \\u00e0 la France | Nettali.com\",\"isPartOf\":{\"@id\":\"https:\/\/www.nettali.com\/#website\"},\"primaryImageOfPage\":{\"@id\":\"https:\/\/www.nettali.com\/2022\/12\/09\/appui-budgetaire-le-senegal-sollicite-encore-un-secours-a-la-france\/#primaryimage\"},\"datePublished\":\"2022-12-09T08:25:49+00:00\",\"dateModified\":\"2022-12-10T09:23:32+00:00\",\"author\":{\"@id\":\"https:\/\/www.nettali.com\/#\/schema\/person\/3317e0bb3aa1da309fbf7b2780901bf4\"},\"breadcrumb\":{\"@id\":\"https:\/\/www.nettali.com\/2022\/12\/09\/appui-budgetaire-le-senegal-sollicite-encore-un-secours-a-la-france\/#breadcrumb\"},\"inLanguage\":\"fr-FR\",\"potentialAction\":[{\"@type\":\"ReadAction\",\"target\":[\"https:\/\/www.nettali.com\/2022\/12\/09\/appui-budgetaire-le-senegal-sollicite-encore-un-secours-a-la-france\/\"]}]},{\"@type\":\"BreadcrumbList\",\"@id\":\"https:\/\/www.nettali.com\/2022\/12\/09\/appui-budgetaire-le-senegal-sollicite-encore-un-secours-a-la-france\/#breadcrumb\",\"itemListElement\":[{\"@type\":\"ListItem\",\"position\":1,\"name\":\"Accueil\",\"item\":\"https:\/\/www.nettali.com\/\"},{\"@type\":\"ListItem\",\"position\":2,\"name\":\"APPUI BUDGETAIRE\\u2026 Le S\\u00e9n\\u00e9gal sollicite encore un secours \\u00e0 la France\"}]},{\"@type\":\"Person\",\"@id\":\"https:\/\/www.nettali.com\/#\/schema\/person\/3317e0bb3aa1da309fbf7b2780901bf4\",\"name\":\"Daouda\",\"image\":{\"@type\":\"ImageObject\",\"@id\":\"https:\/\/www.nettali.com\/#personlogo\",\"inLanguage\":\"fr-FR\",\"url\":\"https:\/\/secure.gravatar.com\/avatar\/8d143b5a49345098ddcfee1c49c2f47c?s=96&d=mm&r=g\",\"contentUrl\":\"https:\/\/secure.gravatar.com\/avatar\/8d143b5a49345098ddcfee1c49c2f47c?s=96&d=mm&r=g\",\"caption\":\"Daouda\"},\"sameAs\":[\"https:\/\/www.nettali.com\"]}]}<\/script>\n<!-- \/ Yoast SEO Premium plugin. -->","yoast_head_json":{"title":"APPUI BUDGETAIRE\u2026 Le S\u00e9n\u00e9gal sollicite encore un secours \u00e0 la France | Nettali.com","robots":{"index":"index","follow":"follow","max-snippet":"max-snippet:-1","max-image-preview":"max-image-preview:large","max-video-preview":"max-video-preview:-1"},"canonical":"https:\/\/www.nettali.com\/2022\/12\/09\/appui-budgetaire-le-senegal-sollicite-encore-un-secours-a-la-france\/","og_locale":"fr_FR","og_type":"article","og_title":"APPUI BUDGETAIRE\u2026 Le S\u00e9n\u00e9gal sollicite encore un secours \u00e0 la France","og_description":"NETTALI.COM - Apr\u00e8s deux ans de sevrage, la France et le S\u00e9n\u00e9gal ont tenu, hier, le 5e s\u00e9minaire intergouvernemental. Sentiment anti-fran\u00e7ais, appui budg\u00e9taire direct de l\u2019ordre de 100milliards F CFA ; la migration et la question des visas\u2026 Voil\u00e0, entre autres questions au c\u0153ur des discussions entre les deux gouvernements, en sus de la jeunesse, [&hellip;]","og_url":"https:\/\/www.nettali.com\/2022\/12\/09\/appui-budgetaire-le-senegal-sollicite-encore-un-secours-a-la-france\/","og_site_name":"Nettali.com","article_publisher":"https:\/\/www.facebook.com\/nettalicom","article_published_time":"2022-12-09T08:25:49+00:00","article_modified_time":"2022-12-10T09:23:32+00:00","og_image":[{"width":696,"height":393,"url":"https:\/\/www.nettali.com\/wp-content\/uploads\/2019\/04\/Macky-Macron.jpg","type":"image\/jpeg"}],"twitter_card":"summary_large_image","twitter_misc":{"\u00c9crit par":"Daouda","Dur\u00e9e de lecture estim\u00e9e":"8 minutes"},"schema":{"@context":"https:\/\/schema.org","@graph":[{"@type":"WebSite","@id":"https:\/\/www.nettali.com\/#website","url":"https:\/\/www.nettali.com\/","name":"Nettali.com","description":"Le rendez-vous critique du Net","potentialAction":[{"@type":"SearchAction","target":{"@type":"EntryPoint","urlTemplate":"https:\/\/www.nettali.com\/?s={search_term_string}"},"query-input":"required name=search_term_string"}],"inLanguage":"fr-FR"},{"@type":"ImageObject","@id":"https:\/\/www.nettali.com\/2022\/12\/09\/appui-budgetaire-le-senegal-sollicite-encore-un-secours-a-la-france\/#primaryimage","inLanguage":"fr-FR","url":"https:\/\/www.nettali.com\/wp-content\/uploads\/2019\/04\/Macky-Macron.jpg","contentUrl":"https:\/\/www.nettali.com\/wp-content\/uploads\/2019\/04\/Macky-Macron.jpg","width":696,"height":393},{"@type":"WebPage","@id":"https:\/\/www.nettali.com\/2022\/12\/09\/appui-budgetaire-le-senegal-sollicite-encore-un-secours-a-la-france\/#webpage","url":"https:\/\/www.nettali.com\/2022\/12\/09\/appui-budgetaire-le-senegal-sollicite-encore-un-secours-a-la-france\/","name":"APPUI BUDGETAIRE\u2026 Le S\u00e9n\u00e9gal sollicite encore un secours \u00e0 la France | Nettali.com","isPartOf":{"@id":"https:\/\/www.nettali.com\/#website"},"primaryImageOfPage":{"@id":"https:\/\/www.nettali.com\/2022\/12\/09\/appui-budgetaire-le-senegal-sollicite-encore-un-secours-a-la-france\/#primaryimage"},"datePublished":"2022-12-09T08:25:49+00:00","dateModified":"2022-12-10T09:23:32+00:00","author":{"@id":"https:\/\/www.nettali.com\/#\/schema\/person\/3317e0bb3aa1da309fbf7b2780901bf4"},"breadcrumb":{"@id":"https:\/\/www.nettali.com\/2022\/12\/09\/appui-budgetaire-le-senegal-sollicite-encore-un-secours-a-la-france\/#breadcrumb"},"inLanguage":"fr-FR","potentialAction":[{"@type":"ReadAction","target":["https:\/\/www.nettali.com\/2022\/12\/09\/appui-budgetaire-le-senegal-sollicite-encore-un-secours-a-la-france\/"]}]},{"@type":"BreadcrumbList","@id":"https:\/\/www.nettali.com\/2022\/12\/09\/appui-budgetaire-le-senegal-sollicite-encore-un-secours-a-la-france\/#breadcrumb","itemListElement":[{"@type":"ListItem","position":1,"name":"Accueil","item":"https:\/\/www.nettali.com\/"},{"@type":"ListItem","position":2,"name":"APPUI BUDGETAIRE\u2026 Le S\u00e9n\u00e9gal sollicite encore un secours \u00e0 la France"}]},{"@type":"Person","@id":"https:\/\/www.nettali.com\/#\/schema\/person\/3317e0bb3aa1da309fbf7b2780901bf4","name":"Daouda","image":{"@type":"ImageObject","@id":"https:\/\/www.nettali.com\/#personlogo","inLanguage":"fr-FR","url":"https:\/\/secure.gravatar.com\/avatar\/8d143b5a49345098ddcfee1c49c2f47c?s=96&d=mm&r=g","contentUrl":"https:\/\/secure.gravatar.com\/avatar\/8d143b5a49345098ddcfee1c49c2f47c?s=96&d=mm&r=g","caption":"Daouda"},"sameAs":["https:\/\/www.nettali.com"]}]}},"_links":{"self":[{"href":"https:\/\/www.nettali.com\/rest\/wp\/v2\/posts\/99279"}],"collection":[{"href":"https:\/\/www.nettali.com\/rest\/wp\/v2\/posts"}],"about":[{"href":"https:\/\/www.nettali.com\/rest\/wp\/v2\/types\/post"}],"author":[{"embeddable":true,"href":"https:\/\/www.nettali.com\/rest\/wp\/v2\/users\/4"}],"replies":[{"embeddable":true,"href":"https:\/\/www.nettali.com\/rest\/wp\/v2\/comments?post=99279"}],"version-history":[{"count":1,"href":"https:\/\/www.nettali.com\/rest\/wp\/v2\/posts\/99279\/revisions"}],"predecessor-version":[{"id":99282,"href":"https:\/\/www.nettali.com\/rest\/wp\/v2\/posts\/99279\/revisions\/99282"}],"wp:featuredmedia":[{"embeddable":true,"href":"https:\/\/www.nettali.com\/rest\/wp\/v2\/media\/6513"}],"wp:attachment":[{"href":"https:\/\/www.nettali.com\/rest\/wp\/v2\/media?parent=99279"}],"wp:term":[{"taxonomy":"category","embeddable":true,"href":"https:\/\/www.nettali.com\/rest\/wp\/v2\/categories?post=99279"},{"taxonomy":"post_tag","embeddable":true,"href":"https:\/\/www.nettali.com\/rest\/wp\/v2\/tags?post=99279"}],"curies":[{"name":"wp","href":"https:\/\/api.w.org\/{rel}","templated":true}]}}