{"id":99238,"date":"2022-12-08T13:41:10","date_gmt":"2022-12-08T13:41:10","guid":{"rendered":"https:\/\/www.nettali.com\/?p=99238"},"modified":"2022-12-08T13:41:10","modified_gmt":"2022-12-08T13:41:10","slug":"celine-dion-larmes-aux-yeux-revele-la-maladie-dont-elle-souffre","status":"publish","type":"post","link":"https:\/\/www.nettali.com\/2022\/12\/08\/celine-dion-larmes-aux-yeux-revele-la-maladie-dont-elle-souffre\/","title":{"rendered":"C\u00e9line Dion, larmes aux yeux, r\u00e9v\u00e8le la maladie dont elle souffre"},"content":{"rendered":"<div class=\"article__chapo u-padding-top--24px js-ga-insert-point\"><strong>NETTALI.COM - Dans une d\u00e9claration tr\u00e8s solennelle et poignante, C\u00e9line Dion explique en toute transparence le mal dont elle est atteinte et qui la tient \u00e9loign\u00e9e de son public ch\u00e9ri depuis des mois. Des mots douloureux pour l'artiste qui ne cache pas son \u00e9motion.<\/strong><\/div>\n<div class=\"article__bloc article__bloc--texte article__bloc--2\">\n<div class=\"rich-text s-article\">\n<p>\u00c0 coeur ouvert, les yeux brillants par les larmes,\u00a0C\u00e9line Dion\u00a0s'est exprim\u00e9e comme jamais sur Instagram. La chanteuse de 54 ans a diffus\u00e9 un message bouleversant aux internautes, s'expliquant sans fard sur\u00a0son \u00e9tat de sant\u00e9 qu'on savait inqui\u00e9tant. Elle a ainsi donn\u00e9 la raison pr\u00e9cise de son absence et des annulations de ses concerts. Des mots, en anglais et en fran\u00e7ais pour r\u00e9pondre aux interrogations de ses fans du monde entier, qui suscitent d\u00e9j\u00e0 de nombreuses r\u00e9actions \u00e9mues.<\/p>\n<p>Les cheveux tir\u00e9s, le visage grave et la voix pos\u00e9e, C\u00e9line a pris la parole pour expliquer en d\u00e9tails son absence. Proche de son public dont elle est si reconnaissante, elle a commenc\u00e9 par s'excuser d'avoir mis du temps \u00e0 parler, elle qui a si h\u00e2te de retrouver le public et l'effervescence de la sc\u00e8ne : \"<em>Comme vous le savez, j'ai toujours \u00e9t\u00e9 un livre ouvert. Mais jusqu'\u00e0 maintenant, je n'\u00e9tais pas pr\u00eate \u00e0 parler de ce que j'ai travers\u00e9<\/em>.\" Un suspense auquel l'artiste canadienne met rapidement un terme : \"<em>J'\u00e9prouve des probl\u00e8mes de sant\u00e9 depuis tr\u00e8s longtemps et ce n'est pas facile pour moi d'y faire face. R\u00e9cemment j'ai \u00e9t\u00e9 diagnostiqu\u00e9e avec un trouble neurologique tr\u00e8s rare dit en anglais Stiff person syndrome (syndrome de l'homme raide), qui atteint environ une personne sur un million. On ne sait pas encore tout de cette maladie rare, mais on sait maintenant que c'est la cause des spasmes musculaires dont je souffre<\/em>.\"<\/p>\n<div class=\"article__bloc article__bloc--texte article__bloc--4\">\n<div class=\"rich-text s-article\">\n<h2>FACE \u00c0 LA MALADIE, UNE D\u00c9CISION IN\u00c9LUCTABLE<\/h2>\n<p>Une fois cette d\u00e9claration faite, C\u00e9line Dion d\u00e9taille comment la maladie l'emp\u00eache de vivre sa vie normale d'antan. Elle a des difficult\u00e9s pour marcher et ne peut plus utiliser ses cordes vocales pour chanter comme elle le souhaiterait. Ainsi, elle se doit reporter sa\u00a0tourn\u00e9e Courage en Europe en f\u00e9vrier 2023\u00a0:\u00a0<em>\"\u00c7a m'attriste \u00e9norm\u00e9ment de devoir vous dire que je ne sais pas pr\u00eate \u00e0 recommencer la tourn\u00e9e en Europe en f\u00e9vrier.<\/em>\" \"<em>Les spectacles pr\u00e9vus du 26 ao\u00fbt au 4 octobre 2023 restent toutefois \u00e0 l'affiche. Elle jouera notamment du 1 au 10 septembre 2023 au Paris la D\u00e9fense Arena<\/em>\", pr\u00e9cise\u00a0<em>Le Parisien<\/em>.<\/p>\n<p>Faisant une pause dans sa d\u00e9claration durant laquelle on peut mesurer la gravit\u00e9 de sa situation, elle se veut malgr\u00e9 tout rassurante : \"<em>J'ai \u00e0 mes c\u00f4t\u00e9s une excellente \u00e9quipe de m\u00e9decins qui me traitent pour que j'aille mieux. Et ce sont mes enfants qui me donnent le courage et l'espoir de continuer<\/em>.\" Maman des jumeaux\u00a0Nelson et Eddy (12 ans)\u00a0et de\u00a0Ren\u00e9-Charles, bient\u00f4t 23 ans, la veuve de\u00a0Ren\u00e9 Ang\u00e9lil, elle se donne au maximum, comme on peut l'imaginer, pour surmonter cette \u00e9preuve : \"<em>Aussi, je m'entra\u00eene tous les jours avec mon th\u00e9rapeute en m\u00e9decine sportive pour regagner de la force et de l'endurance pour me permettre de performer de nouveau. Mais je dois admettre que c'est un combat continuel. (...) Pour vous retrouver, je n'ai pas d'autre choix que de me concentrer sur ma sant\u00e9.\u00a0<\/em>\" Elle ach\u00e8ve son discours avec des mots plein de tendresse pour ses fans. Une allocution solennelle pour mettre fin aux\u00a0nombreuses sp\u00e9culations\u00a0mais qui provoque une vague d'\u00e9moi.<\/p>\n<\/div>\n<\/div>\n<div class=\"article__bloc article__bloc--sh4re u-visible@big-tablet tracking-scroll tracking-scroll-scroll-triggered\" data-tracking-action=\"end-of-article\" data-tracking-label=\"article\"><\/div>\n<\/div>\n<\/div>\n<div class='share-to-whatsapp-wrapper'><div class='share-on-whsp'>PARTAGER SUR : <\/div><a data-text='C\u00e9line Dion, larmes aux yeux, r\u00e9v\u00e8le la maladie dont elle souffre' data-link='https:\/\/www.nettali.com\/2022\/12\/08\/celine-dion-larmes-aux-yeux-revele-la-maladie-dont-elle-souffre\/' class='whatsapp-button whatsapp-share'>WhatsApp<\/a><div class='clear '><\/div><\/div>","protected":false},"excerpt":{"rendered":"<p>NETTALI.COM - Dans une d\u00e9claration tr\u00e8s solennelle et poignante, C\u00e9line Dion explique en toute transparence le mal dont elle est atteinte et qui la tient \u00e9loign\u00e9e de son public ch\u00e9ri depuis des mois. Des mots douloureux pour l'artiste qui ne cache pas son \u00e9motion. \u00c0 coeur ouvert, les yeux brillants par les larmes,\u00a0C\u00e9line Dion\u00a0s'est exprim\u00e9e [&hellip;]<\/p>\n","protected":false},"author":4,"featured_media":99240,"comment_status":"open","ping_status":"open","sticky":false,"template":"","format":"standard","meta":{"_et_pb_use_builder":"","_et_pb_old_content":""},"categories":[29],"tags":[],"yoast_head":"<!-- This site is optimized with the Yoast SEO Premium plugin v17.8 (Yoast SEO v17.8) - https:\/\/yoast.com\/wordpress\/plugins\/seo\/ -->\n<title>C\u00e9line Dion, larmes aux yeux, r\u00e9v\u00e8le la maladie dont elle souffre | Nettali.com<\/title>\n<meta name=\"robots\" content=\"index, follow, max-snippet:-1, max-image-preview:large, max-video-preview:-1\" \/>\n<link rel=\"canonical\" href=\"https:\/\/www.nettali.com\/2022\/12\/08\/celine-dion-larmes-aux-yeux-revele-la-maladie-dont-elle-souffre\/\" \/>\n<meta property=\"og:locale\" content=\"fr_FR\" \/>\n<meta property=\"og:type\" content=\"article\" \/>\n<meta property=\"og:title\" content=\"C\u00e9line Dion, larmes aux yeux, r\u00e9v\u00e8le la maladie dont elle souffre\" \/>\n<meta property=\"og:description\" content=\"NETTALI.COM - Dans une d\u00e9claration tr\u00e8s solennelle et poignante, C\u00e9line Dion explique en toute transparence le mal dont elle est atteinte et qui la tient \u00e9loign\u00e9e de son public ch\u00e9ri depuis des mois. Des mots douloureux pour l&#039;artiste qui ne cache pas son \u00e9motion. \u00c0 coeur ouvert, les yeux brillants par les larmes,\u00a0C\u00e9line Dion\u00a0s&#039;est exprim\u00e9e [&hellip;]\" \/>\n<meta property=\"og:url\" content=\"https:\/\/www.nettali.com\/2022\/12\/08\/celine-dion-larmes-aux-yeux-revele-la-maladie-dont-elle-souffre\/\" \/>\n<meta property=\"og:site_name\" content=\"Nettali.com\" \/>\n<meta property=\"article:publisher\" content=\"https:\/\/www.facebook.com\/nettalicom\" \/>\n<meta property=\"article:published_time\" content=\"2022-12-08T13:41:10+00:00\" \/>\n<meta property=\"og:image\" content=\"https:\/\/www.nettali.com\/wp-content\/uploads\/2022\/12\/Celine-Dion-au-plus-mal-decouvrez-la-raison-pour-laquelle-Vanessa-Paradis-lui-a-fait-vivre-un-veritable-enfer-sans-le-vouloir.jpeg\" \/>\n\t<meta property=\"og:image:width\" content=\"1200\" \/>\n\t<meta property=\"og:image:height\" content=\"900\" \/>\n<meta name=\"twitter:card\" content=\"summary_large_image\" \/>\n<meta name=\"twitter:label1\" content=\"\u00c9crit par\" \/>\n\t<meta name=\"twitter:data1\" content=\"Daouda\" \/>\n\t<meta name=\"twitter:label2\" content=\"Dur\u00e9e de lecture estim\u00e9e\" \/>\n\t<meta name=\"twitter:data2\" content=\"3 minutes\" \/>\n<script type=\"application\/ld+json\" class=\"yoast-schema-graph\">{\"@context\":\"https:\/\/schema.org\",\"@graph\":[{\"@type\":\"WebSite\",\"@id\":\"https:\/\/www.nettali.com\/#website\",\"url\":\"https:\/\/www.nettali.com\/\",\"name\":\"Nettali.com\",\"description\":\"Le rendez-vous critique du Net\",\"potentialAction\":[{\"@type\":\"SearchAction\",\"target\":{\"@type\":\"EntryPoint\",\"urlTemplate\":\"https:\/\/www.nettali.com\/?s={search_term_string}\"},\"query-input\":\"required name=search_term_string\"}],\"inLanguage\":\"fr-FR\"},{\"@type\":\"ImageObject\",\"@id\":\"https:\/\/www.nettali.com\/2022\/12\/08\/celine-dion-larmes-aux-yeux-revele-la-maladie-dont-elle-souffre\/#primaryimage\",\"inLanguage\":\"fr-FR\",\"url\":\"https:\/\/www.nettali.com\/wp-content\/uploads\/2022\/12\/Celine-Dion-au-plus-mal-decouvrez-la-raison-pour-laquelle-Vanessa-Paradis-lui-a-fait-vivre-un-veritable-enfer-sans-le-vouloir.jpeg\",\"contentUrl\":\"https:\/\/www.nettali.com\/wp-content\/uploads\/2022\/12\/Celine-Dion-au-plus-mal-decouvrez-la-raison-pour-laquelle-Vanessa-Paradis-lui-a-fait-vivre-un-veritable-enfer-sans-le-vouloir.jpeg\",\"width\":1200,\"height\":900},{\"@type\":\"WebPage\",\"@id\":\"https:\/\/www.nettali.com\/2022\/12\/08\/celine-dion-larmes-aux-yeux-revele-la-maladie-dont-elle-souffre\/#webpage\",\"url\":\"https:\/\/www.nettali.com\/2022\/12\/08\/celine-dion-larmes-aux-yeux-revele-la-maladie-dont-elle-souffre\/\",\"name\":\"C\\u00e9line Dion, larmes aux yeux, r\\u00e9v\\u00e8le la maladie dont elle souffre | Nettali.com\",\"isPartOf\":{\"@id\":\"https:\/\/www.nettali.com\/#website\"},\"primaryImageOfPage\":{\"@id\":\"https:\/\/www.nettali.com\/2022\/12\/08\/celine-dion-larmes-aux-yeux-revele-la-maladie-dont-elle-souffre\/#primaryimage\"},\"datePublished\":\"2022-12-08T13:41:10+00:00\",\"dateModified\":\"2022-12-08T13:41:10+00:00\",\"author\":{\"@id\":\"https:\/\/www.nettali.com\/#\/schema\/person\/3317e0bb3aa1da309fbf7b2780901bf4\"},\"breadcrumb\":{\"@id\":\"https:\/\/www.nettali.com\/2022\/12\/08\/celine-dion-larmes-aux-yeux-revele-la-maladie-dont-elle-souffre\/#breadcrumb\"},\"inLanguage\":\"fr-FR\",\"potentialAction\":[{\"@type\":\"ReadAction\",\"target\":[\"https:\/\/www.nettali.com\/2022\/12\/08\/celine-dion-larmes-aux-yeux-revele-la-maladie-dont-elle-souffre\/\"]}]},{\"@type\":\"BreadcrumbList\",\"@id\":\"https:\/\/www.nettali.com\/2022\/12\/08\/celine-dion-larmes-aux-yeux-revele-la-maladie-dont-elle-souffre\/#breadcrumb\",\"itemListElement\":[{\"@type\":\"ListItem\",\"position\":1,\"name\":\"Accueil\",\"item\":\"https:\/\/www.nettali.com\/\"},{\"@type\":\"ListItem\",\"position\":2,\"name\":\"C\\u00e9line Dion, larmes aux yeux, r\\u00e9v\\u00e8le la maladie dont elle souffre\"}]},{\"@type\":\"Person\",\"@id\":\"https:\/\/www.nettali.com\/#\/schema\/person\/3317e0bb3aa1da309fbf7b2780901bf4\",\"name\":\"Daouda\",\"image\":{\"@type\":\"ImageObject\",\"@id\":\"https:\/\/www.nettali.com\/#personlogo\",\"inLanguage\":\"fr-FR\",\"url\":\"https:\/\/secure.gravatar.com\/avatar\/8d143b5a49345098ddcfee1c49c2f47c?s=96&d=mm&r=g\",\"contentUrl\":\"https:\/\/secure.gravatar.com\/avatar\/8d143b5a49345098ddcfee1c49c2f47c?s=96&d=mm&r=g\",\"caption\":\"Daouda\"},\"sameAs\":[\"https:\/\/www.nettali.com\"]}]}<\/script>\n<!-- \/ Yoast SEO Premium plugin. -->","yoast_head_json":{"title":"C\u00e9line Dion, larmes aux yeux, r\u00e9v\u00e8le la maladie dont elle souffre | Nettali.com","robots":{"index":"index","follow":"follow","max-snippet":"max-snippet:-1","max-image-preview":"max-image-preview:large","max-video-preview":"max-video-preview:-1"},"canonical":"https:\/\/www.nettali.com\/2022\/12\/08\/celine-dion-larmes-aux-yeux-revele-la-maladie-dont-elle-souffre\/","og_locale":"fr_FR","og_type":"article","og_title":"C\u00e9line Dion, larmes aux yeux, r\u00e9v\u00e8le la maladie dont elle souffre","og_description":"NETTALI.COM - Dans une d\u00e9claration tr\u00e8s solennelle et poignante, C\u00e9line Dion explique en toute transparence le mal dont elle est atteinte et qui la tient \u00e9loign\u00e9e de son public ch\u00e9ri depuis des mois. Des mots douloureux pour l'artiste qui ne cache pas son \u00e9motion. \u00c0 coeur ouvert, les yeux brillants par les larmes,\u00a0C\u00e9line Dion\u00a0s'est exprim\u00e9e [&hellip;]","og_url":"https:\/\/www.nettali.com\/2022\/12\/08\/celine-dion-larmes-aux-yeux-revele-la-maladie-dont-elle-souffre\/","og_site_name":"Nettali.com","article_publisher":"https:\/\/www.facebook.com\/nettalicom","article_published_time":"2022-12-08T13:41:10+00:00","og_image":[{"width":1200,"height":900,"url":"https:\/\/www.nettali.com\/wp-content\/uploads\/2022\/12\/Celine-Dion-au-plus-mal-decouvrez-la-raison-pour-laquelle-Vanessa-Paradis-lui-a-fait-vivre-un-veritable-enfer-sans-le-vouloir.jpeg","type":"image\/jpeg"}],"twitter_card":"summary_large_image","twitter_misc":{"\u00c9crit par":"Daouda","Dur\u00e9e de lecture estim\u00e9e":"3 minutes"},"schema":{"@context":"https:\/\/schema.org","@graph":[{"@type":"WebSite","@id":"https:\/\/www.nettali.com\/#website","url":"https:\/\/www.nettali.com\/","name":"Nettali.com","description":"Le rendez-vous critique du Net","potentialAction":[{"@type":"SearchAction","target":{"@type":"EntryPoint","urlTemplate":"https:\/\/www.nettali.com\/?s={search_term_string}"},"query-input":"required name=search_term_string"}],"inLanguage":"fr-FR"},{"@type":"ImageObject","@id":"https:\/\/www.nettali.com\/2022\/12\/08\/celine-dion-larmes-aux-yeux-revele-la-maladie-dont-elle-souffre\/#primaryimage","inLanguage":"fr-FR","url":"https:\/\/www.nettali.com\/wp-content\/uploads\/2022\/12\/Celine-Dion-au-plus-mal-decouvrez-la-raison-pour-laquelle-Vanessa-Paradis-lui-a-fait-vivre-un-veritable-enfer-sans-le-vouloir.jpeg","contentUrl":"https:\/\/www.nettali.com\/wp-content\/uploads\/2022\/12\/Celine-Dion-au-plus-mal-decouvrez-la-raison-pour-laquelle-Vanessa-Paradis-lui-a-fait-vivre-un-veritable-enfer-sans-le-vouloir.jpeg","width":1200,"height":900},{"@type":"WebPage","@id":"https:\/\/www.nettali.com\/2022\/12\/08\/celine-dion-larmes-aux-yeux-revele-la-maladie-dont-elle-souffre\/#webpage","url":"https:\/\/www.nettali.com\/2022\/12\/08\/celine-dion-larmes-aux-yeux-revele-la-maladie-dont-elle-souffre\/","name":"C\u00e9line Dion, larmes aux yeux, r\u00e9v\u00e8le la maladie dont elle souffre | Nettali.com","isPartOf":{"@id":"https:\/\/www.nettali.com\/#website"},"primaryImageOfPage":{"@id":"https:\/\/www.nettali.com\/2022\/12\/08\/celine-dion-larmes-aux-yeux-revele-la-maladie-dont-elle-souffre\/#primaryimage"},"datePublished":"2022-12-08T13:41:10+00:00","dateModified":"2022-12-08T13:41:10+00:00","author":{"@id":"https:\/\/www.nettali.com\/#\/schema\/person\/3317e0bb3aa1da309fbf7b2780901bf4"},"breadcrumb":{"@id":"https:\/\/www.nettali.com\/2022\/12\/08\/celine-dion-larmes-aux-yeux-revele-la-maladie-dont-elle-souffre\/#breadcrumb"},"inLanguage":"fr-FR","potentialAction":[{"@type":"ReadAction","target":["https:\/\/www.nettali.com\/2022\/12\/08\/celine-dion-larmes-aux-yeux-revele-la-maladie-dont-elle-souffre\/"]}]},{"@type":"BreadcrumbList","@id":"https:\/\/www.nettali.com\/2022\/12\/08\/celine-dion-larmes-aux-yeux-revele-la-maladie-dont-elle-souffre\/#breadcrumb","itemListElement":[{"@type":"ListItem","position":1,"name":"Accueil","item":"https:\/\/www.nettali.com\/"},{"@type":"ListItem","position":2,"name":"C\u00e9line Dion, larmes aux yeux, r\u00e9v\u00e8le la maladie dont elle souffre"}]},{"@type":"Person","@id":"https:\/\/www.nettali.com\/#\/schema\/person\/3317e0bb3aa1da309fbf7b2780901bf4","name":"Daouda","image":{"@type":"ImageObject","@id":"https:\/\/www.nettali.com\/#personlogo","inLanguage":"fr-FR","url":"https:\/\/secure.gravatar.com\/avatar\/8d143b5a49345098ddcfee1c49c2f47c?s=96&d=mm&r=g","contentUrl":"https:\/\/secure.gravatar.com\/avatar\/8d143b5a49345098ddcfee1c49c2f47c?s=96&d=mm&r=g","caption":"Daouda"},"sameAs":["https:\/\/www.nettali.com"]}]}},"_links":{"self":[{"href":"https:\/\/www.nettali.com\/rest\/wp\/v2\/posts\/99238"}],"collection":[{"href":"https:\/\/www.nettali.com\/rest\/wp\/v2\/posts"}],"about":[{"href":"https:\/\/www.nettali.com\/rest\/wp\/v2\/types\/post"}],"author":[{"embeddable":true,"href":"https:\/\/www.nettali.com\/rest\/wp\/v2\/users\/4"}],"replies":[{"embeddable":true,"href":"https:\/\/www.nettali.com\/rest\/wp\/v2\/comments?post=99238"}],"version-history":[{"count":1,"href":"https:\/\/www.nettali.com\/rest\/wp\/v2\/posts\/99238\/revisions"}],"predecessor-version":[{"id":99241,"href":"https:\/\/www.nettali.com\/rest\/wp\/v2\/posts\/99238\/revisions\/99241"}],"wp:featuredmedia":[{"embeddable":true,"href":"https:\/\/www.nettali.com\/rest\/wp\/v2\/media\/99240"}],"wp:attachment":[{"href":"https:\/\/www.nettali.com\/rest\/wp\/v2\/media?parent=99238"}],"wp:term":[{"taxonomy":"category","embeddable":true,"href":"https:\/\/www.nettali.com\/rest\/wp\/v2\/categories?post=99238"},{"taxonomy":"post_tag","embeddable":true,"href":"https:\/\/www.nettali.com\/rest\/wp\/v2\/tags?post=99238"}],"curies":[{"name":"wp","href":"https:\/\/api.w.org\/{rel}","templated":true}]}}