{"id":99212,"date":"2022-12-08T14:35:59","date_gmt":"2022-12-08T14:35:59","guid":{"rendered":"https:\/\/www.nettali.com\/?p=99212"},"modified":"2022-12-08T14:37:28","modified_gmt":"2022-12-08T14:37:28","slug":"incidents-de-tchiky-les-3-gardes-du-corps-de-ousmane-sonko-recouvrent-la-liberte","status":"publish","type":"post","link":"https:\/\/www.nettali.com\/2022\/12\/08\/incidents-de-tchiky-les-3-gardes-du-corps-de-ousmane-sonko-recouvrent-la-liberte\/","title":{"rendered":"INCIDENTS DE TCHIKY - Les 3 gardes du corps de Sonko recouvrent la libert\u00e9"},"content":{"rendered":"<p><strong>NETTALI.COM - Ousmane Sonko retrouve ses trois gardes du corps. Ces derniers, condamn\u00e9s \u00e0 un mois de prison ferme,\u00a0 hument d\u00e9sormais l\u2019air de la libert\u00e9. Ils ont purg\u00e9 l\u2019int\u00e9gralit\u00e9 de la peine qui leur a \u00e9t\u00e9 inflig\u00e9e.<\/strong><\/p>\n<p>Lamine Sakho, Modou Diop et Diakhat\u00e9 Diop, les trois gardes du corps d'Ousmane Sonko, qui avaient \u00e9t\u00e9 condamn\u00e9s dans l\u2019affaire de Tchiky (village situ\u00e9 dans le d\u00e9partement de Mbour), ont recouvr\u00e9 la libert\u00e9. Condamn\u00e9s \u00e0 un mois ferme par le tribunal de grande instance de Mbour, le 15 novembre dernier, ils ont fini de purger leur peine puisqu\u2019ils avaient \u00e9t\u00e9 plac\u00e9s sous mandat de d\u00e9p\u00f4t le 8 novembre dernier.<\/p>\n<p>A l\u2019issue du proc\u00e8s, deux autres gardes du corps du maire de Ziguinchor avaient \u00e9t\u00e9 relax\u00e9s purement et simplement et un jeune militant de l\u2019Alliance pour la r\u00e9publique (Apr) impliqu\u00e9 dans les violences politiques avait \u00e9cop\u00e9 de deux mois de prison ferme.<\/p>\n<p>Les faits remontent au 30 octobre dernier. Ce jour-l\u00e0, des affrontements ont oppos\u00e9 la garde du leader de Pastef \u00e0 certains habitants du village de Tchick. Bilan : trois bless\u00e9s. Munies de leurs certificats m\u00e9dicaux, les victimes avaient saisi la justice.<\/p>\n<p>Lors du proc\u00e8s, le parquet avait requis 2 ans dont 1 an ferme contre les \u00e9l\u00e9ments de la s\u00e9curit\u00e9 d'Ousmane Sonko et un an dont six mois ferme contre le militant de l\u2019Apr. Mais, en rendant sa sentence, le juge n\u2019avait pas suivi le parquet dans son r\u00e9quisitoire.<\/p>\n<div class='share-to-whatsapp-wrapper'><div class='share-on-whsp'>PARTAGER SUR : <\/div><a data-text='INCIDENTS DE TCHIKY - Les 3 gardes du corps de Sonko recouvrent la libert\u00e9' data-link='https:\/\/www.nettali.com\/2022\/12\/08\/incidents-de-tchiky-les-3-gardes-du-corps-de-ousmane-sonko-recouvrent-la-liberte\/' class='whatsapp-button whatsapp-share'>WhatsApp<\/a><div class='clear '><\/div><\/div>","protected":false},"excerpt":{"rendered":"<p>NETTALI.COM - Ousmane Sonko retrouve ses trois gardes du corps. Ces derniers, condamn\u00e9s \u00e0 un mois de prison ferme,\u00a0 hument d\u00e9sormais l\u2019air de la libert\u00e9. Ils ont purg\u00e9 l\u2019int\u00e9gralit\u00e9 de la peine qui leur a \u00e9t\u00e9 inflig\u00e9e. Lamine Sakho, Modou Diop et Diakhat\u00e9 Diop, les trois gardes du corps d'Ousmane Sonko, qui avaient \u00e9t\u00e9 condamn\u00e9s [&hellip;]<\/p>\n","protected":false},"author":6,"featured_media":99254,"comment_status":"open","ping_status":"open","sticky":false,"template":"","format":"standard","meta":{"_et_pb_use_builder":"","_et_pb_old_content":""},"categories":[3],"tags":[],"yoast_head":"<!-- This site is optimized with the Yoast SEO Premium plugin v17.8 (Yoast SEO v17.8) - https:\/\/yoast.com\/wordpress\/plugins\/seo\/ -->\n<title>INCIDENTS DE TCHIKY - Les 3 gardes du corps de Sonko recouvrent la libert\u00e9 | Nettali.com<\/title>\n<meta name=\"robots\" content=\"index, follow, max-snippet:-1, max-image-preview:large, max-video-preview:-1\" \/>\n<link rel=\"canonical\" href=\"https:\/\/www.nettali.com\/2022\/12\/08\/incidents-de-tchiky-les-3-gardes-du-corps-de-ousmane-sonko-recouvrent-la-liberte\/\" \/>\n<meta property=\"og:locale\" content=\"fr_FR\" \/>\n<meta property=\"og:type\" content=\"article\" \/>\n<meta property=\"og:title\" content=\"INCIDENTS DE TCHIKY - Les 3 gardes du corps de Sonko recouvrent la libert\u00e9\" \/>\n<meta property=\"og:description\" content=\"NETTALI.COM - Ousmane Sonko retrouve ses trois gardes du corps. Ces derniers, condamn\u00e9s \u00e0 un mois de prison ferme,\u00a0 hument d\u00e9sormais l\u2019air de la libert\u00e9. Ils ont purg\u00e9 l\u2019int\u00e9gralit\u00e9 de la peine qui leur a \u00e9t\u00e9 inflig\u00e9e. Lamine Sakho, Modou Diop et Diakhat\u00e9 Diop, les trois gardes du corps d&#039;Ousmane Sonko, qui avaient \u00e9t\u00e9 condamn\u00e9s [&hellip;]\" \/>\n<meta property=\"og:url\" content=\"https:\/\/www.nettali.com\/2022\/12\/08\/incidents-de-tchiky-les-3-gardes-du-corps-de-ousmane-sonko-recouvrent-la-liberte\/\" \/>\n<meta property=\"og:site_name\" content=\"Nettali.com\" \/>\n<meta property=\"article:publisher\" content=\"https:\/\/www.facebook.com\/nettalicom\" \/>\n<meta property=\"article:published_time\" content=\"2022-12-08T14:35:59+00:00\" \/>\n<meta property=\"article:modified_time\" content=\"2022-12-08T14:37:28+00:00\" \/>\n<meta property=\"og:image\" content=\"https:\/\/www.nettali.com\/wp-content\/uploads\/2022\/12\/FB_IMG_1670510121202.jpg\" \/>\n\t<meta property=\"og:image:width\" content=\"720\" \/>\n\t<meta property=\"og:image:height\" content=\"960\" \/>\n<meta name=\"twitter:card\" content=\"summary_large_image\" \/>\n<meta name=\"twitter:label1\" content=\"\u00c9crit par\" \/>\n\t<meta name=\"twitter:data1\" content=\"Fatou\" \/>\n\t<meta name=\"twitter:label2\" content=\"Dur\u00e9e de lecture estim\u00e9e\" \/>\n\t<meta name=\"twitter:data2\" content=\"2 minutes\" \/>\n<script type=\"application\/ld+json\" class=\"yoast-schema-graph\">{\"@context\":\"https:\/\/schema.org\",\"@graph\":[{\"@type\":\"WebSite\",\"@id\":\"https:\/\/www.nettali.com\/#website\",\"url\":\"https:\/\/www.nettali.com\/\",\"name\":\"Nettali.com\",\"description\":\"Le rendez-vous critique du Net\",\"potentialAction\":[{\"@type\":\"SearchAction\",\"target\":{\"@type\":\"EntryPoint\",\"urlTemplate\":\"https:\/\/www.nettali.com\/?s={search_term_string}\"},\"query-input\":\"required name=search_term_string\"}],\"inLanguage\":\"fr-FR\"},{\"@type\":\"ImageObject\",\"@id\":\"https:\/\/www.nettali.com\/2022\/12\/08\/incidents-de-tchiky-les-3-gardes-du-corps-de-ousmane-sonko-recouvrent-la-liberte\/#primaryimage\",\"inLanguage\":\"fr-FR\",\"url\":\"https:\/\/www.nettali.com\/wp-content\/uploads\/2022\/12\/FB_IMG_1670510121202.jpg\",\"contentUrl\":\"https:\/\/www.nettali.com\/wp-content\/uploads\/2022\/12\/FB_IMG_1670510121202.jpg\",\"width\":720,\"height\":960},{\"@type\":\"WebPage\",\"@id\":\"https:\/\/www.nettali.com\/2022\/12\/08\/incidents-de-tchiky-les-3-gardes-du-corps-de-ousmane-sonko-recouvrent-la-liberte\/#webpage\",\"url\":\"https:\/\/www.nettali.com\/2022\/12\/08\/incidents-de-tchiky-les-3-gardes-du-corps-de-ousmane-sonko-recouvrent-la-liberte\/\",\"name\":\"INCIDENTS DE TCHIKY - Les 3 gardes du corps de Sonko recouvrent la libert\\u00e9 | Nettali.com\",\"isPartOf\":{\"@id\":\"https:\/\/www.nettali.com\/#website\"},\"primaryImageOfPage\":{\"@id\":\"https:\/\/www.nettali.com\/2022\/12\/08\/incidents-de-tchiky-les-3-gardes-du-corps-de-ousmane-sonko-recouvrent-la-liberte\/#primaryimage\"},\"datePublished\":\"2022-12-08T14:35:59+00:00\",\"dateModified\":\"2022-12-08T14:37:28+00:00\",\"author\":{\"@id\":\"https:\/\/www.nettali.com\/#\/schema\/person\/418274a86bdf87caff7a3ef476bd0bbf\"},\"breadcrumb\":{\"@id\":\"https:\/\/www.nettali.com\/2022\/12\/08\/incidents-de-tchiky-les-3-gardes-du-corps-de-ousmane-sonko-recouvrent-la-liberte\/#breadcrumb\"},\"inLanguage\":\"fr-FR\",\"potentialAction\":[{\"@type\":\"ReadAction\",\"target\":[\"https:\/\/www.nettali.com\/2022\/12\/08\/incidents-de-tchiky-les-3-gardes-du-corps-de-ousmane-sonko-recouvrent-la-liberte\/\"]}]},{\"@type\":\"BreadcrumbList\",\"@id\":\"https:\/\/www.nettali.com\/2022\/12\/08\/incidents-de-tchiky-les-3-gardes-du-corps-de-ousmane-sonko-recouvrent-la-liberte\/#breadcrumb\",\"itemListElement\":[{\"@type\":\"ListItem\",\"position\":1,\"name\":\"Accueil\",\"item\":\"https:\/\/www.nettali.com\/\"},{\"@type\":\"ListItem\",\"position\":2,\"name\":\"INCIDENTS DE TCHIKY - Les 3 gardes du corps de Sonko recouvrent la libert\\u00e9\"}]},{\"@type\":\"Person\",\"@id\":\"https:\/\/www.nettali.com\/#\/schema\/person\/418274a86bdf87caff7a3ef476bd0bbf\",\"name\":\"Fatou\",\"image\":{\"@type\":\"ImageObject\",\"@id\":\"https:\/\/www.nettali.com\/#personlogo\",\"inLanguage\":\"fr-FR\",\"url\":\"https:\/\/secure.gravatar.com\/avatar\/5a9442a2bee7b4dcf167cab035858e9a?s=96&d=mm&r=g\",\"contentUrl\":\"https:\/\/secure.gravatar.com\/avatar\/5a9442a2bee7b4dcf167cab035858e9a?s=96&d=mm&r=g\",\"caption\":\"Fatou\"},\"sameAs\":[\"https:\/\/www.nettali.com\"]}]}<\/script>\n<!-- \/ Yoast SEO Premium plugin. -->","yoast_head_json":{"title":"INCIDENTS DE TCHIKY - Les 3 gardes du corps de Sonko recouvrent la libert\u00e9 | Nettali.com","robots":{"index":"index","follow":"follow","max-snippet":"max-snippet:-1","max-image-preview":"max-image-preview:large","max-video-preview":"max-video-preview:-1"},"canonical":"https:\/\/www.nettali.com\/2022\/12\/08\/incidents-de-tchiky-les-3-gardes-du-corps-de-ousmane-sonko-recouvrent-la-liberte\/","og_locale":"fr_FR","og_type":"article","og_title":"INCIDENTS DE TCHIKY - Les 3 gardes du corps de Sonko recouvrent la libert\u00e9","og_description":"NETTALI.COM - Ousmane Sonko retrouve ses trois gardes du corps. Ces derniers, condamn\u00e9s \u00e0 un mois de prison ferme,\u00a0 hument d\u00e9sormais l\u2019air de la libert\u00e9. Ils ont purg\u00e9 l\u2019int\u00e9gralit\u00e9 de la peine qui leur a \u00e9t\u00e9 inflig\u00e9e. Lamine Sakho, Modou Diop et Diakhat\u00e9 Diop, les trois gardes du corps d'Ousmane Sonko, qui avaient \u00e9t\u00e9 condamn\u00e9s [&hellip;]","og_url":"https:\/\/www.nettali.com\/2022\/12\/08\/incidents-de-tchiky-les-3-gardes-du-corps-de-ousmane-sonko-recouvrent-la-liberte\/","og_site_name":"Nettali.com","article_publisher":"https:\/\/www.facebook.com\/nettalicom","article_published_time":"2022-12-08T14:35:59+00:00","article_modified_time":"2022-12-08T14:37:28+00:00","og_image":[{"width":720,"height":960,"url":"https:\/\/www.nettali.com\/wp-content\/uploads\/2022\/12\/FB_IMG_1670510121202.jpg","type":"image\/jpeg"}],"twitter_card":"summary_large_image","twitter_misc":{"\u00c9crit par":"Fatou","Dur\u00e9e de lecture estim\u00e9e":"2 minutes"},"schema":{"@context":"https:\/\/schema.org","@graph":[{"@type":"WebSite","@id":"https:\/\/www.nettali.com\/#website","url":"https:\/\/www.nettali.com\/","name":"Nettali.com","description":"Le rendez-vous critique du Net","potentialAction":[{"@type":"SearchAction","target":{"@type":"EntryPoint","urlTemplate":"https:\/\/www.nettali.com\/?s={search_term_string}"},"query-input":"required name=search_term_string"}],"inLanguage":"fr-FR"},{"@type":"ImageObject","@id":"https:\/\/www.nettali.com\/2022\/12\/08\/incidents-de-tchiky-les-3-gardes-du-corps-de-ousmane-sonko-recouvrent-la-liberte\/#primaryimage","inLanguage":"fr-FR","url":"https:\/\/www.nettali.com\/wp-content\/uploads\/2022\/12\/FB_IMG_1670510121202.jpg","contentUrl":"https:\/\/www.nettali.com\/wp-content\/uploads\/2022\/12\/FB_IMG_1670510121202.jpg","width":720,"height":960},{"@type":"WebPage","@id":"https:\/\/www.nettali.com\/2022\/12\/08\/incidents-de-tchiky-les-3-gardes-du-corps-de-ousmane-sonko-recouvrent-la-liberte\/#webpage","url":"https:\/\/www.nettali.com\/2022\/12\/08\/incidents-de-tchiky-les-3-gardes-du-corps-de-ousmane-sonko-recouvrent-la-liberte\/","name":"INCIDENTS DE TCHIKY - Les 3 gardes du corps de Sonko recouvrent la libert\u00e9 | Nettali.com","isPartOf":{"@id":"https:\/\/www.nettali.com\/#website"},"primaryImageOfPage":{"@id":"https:\/\/www.nettali.com\/2022\/12\/08\/incidents-de-tchiky-les-3-gardes-du-corps-de-ousmane-sonko-recouvrent-la-liberte\/#primaryimage"},"datePublished":"2022-12-08T14:35:59+00:00","dateModified":"2022-12-08T14:37:28+00:00","author":{"@id":"https:\/\/www.nettali.com\/#\/schema\/person\/418274a86bdf87caff7a3ef476bd0bbf"},"breadcrumb":{"@id":"https:\/\/www.nettali.com\/2022\/12\/08\/incidents-de-tchiky-les-3-gardes-du-corps-de-ousmane-sonko-recouvrent-la-liberte\/#breadcrumb"},"inLanguage":"fr-FR","potentialAction":[{"@type":"ReadAction","target":["https:\/\/www.nettali.com\/2022\/12\/08\/incidents-de-tchiky-les-3-gardes-du-corps-de-ousmane-sonko-recouvrent-la-liberte\/"]}]},{"@type":"BreadcrumbList","@id":"https:\/\/www.nettali.com\/2022\/12\/08\/incidents-de-tchiky-les-3-gardes-du-corps-de-ousmane-sonko-recouvrent-la-liberte\/#breadcrumb","itemListElement":[{"@type":"ListItem","position":1,"name":"Accueil","item":"https:\/\/www.nettali.com\/"},{"@type":"ListItem","position":2,"name":"INCIDENTS DE TCHIKY - Les 3 gardes du corps de Sonko recouvrent la libert\u00e9"}]},{"@type":"Person","@id":"https:\/\/www.nettali.com\/#\/schema\/person\/418274a86bdf87caff7a3ef476bd0bbf","name":"Fatou","image":{"@type":"ImageObject","@id":"https:\/\/www.nettali.com\/#personlogo","inLanguage":"fr-FR","url":"https:\/\/secure.gravatar.com\/avatar\/5a9442a2bee7b4dcf167cab035858e9a?s=96&d=mm&r=g","contentUrl":"https:\/\/secure.gravatar.com\/avatar\/5a9442a2bee7b4dcf167cab035858e9a?s=96&d=mm&r=g","caption":"Fatou"},"sameAs":["https:\/\/www.nettali.com"]}]}},"_links":{"self":[{"href":"https:\/\/www.nettali.com\/rest\/wp\/v2\/posts\/99212"}],"collection":[{"href":"https:\/\/www.nettali.com\/rest\/wp\/v2\/posts"}],"about":[{"href":"https:\/\/www.nettali.com\/rest\/wp\/v2\/types\/post"}],"author":[{"embeddable":true,"href":"https:\/\/www.nettali.com\/rest\/wp\/v2\/users\/6"}],"replies":[{"embeddable":true,"href":"https:\/\/www.nettali.com\/rest\/wp\/v2\/comments?post=99212"}],"version-history":[{"count":4,"href":"https:\/\/www.nettali.com\/rest\/wp\/v2\/posts\/99212\/revisions"}],"predecessor-version":[{"id":99256,"href":"https:\/\/www.nettali.com\/rest\/wp\/v2\/posts\/99212\/revisions\/99256"}],"wp:featuredmedia":[{"embeddable":true,"href":"https:\/\/www.nettali.com\/rest\/wp\/v2\/media\/99254"}],"wp:attachment":[{"href":"https:\/\/www.nettali.com\/rest\/wp\/v2\/media?parent=99212"}],"wp:term":[{"taxonomy":"category","embeddable":true,"href":"https:\/\/www.nettali.com\/rest\/wp\/v2\/categories?post=99212"},{"taxonomy":"post_tag","embeddable":true,"href":"https:\/\/www.nettali.com\/rest\/wp\/v2\/tags?post=99212"}],"curies":[{"name":"wp","href":"https:\/\/api.w.org\/{rel}","templated":true}]}}