{"id":99178,"date":"2022-12-08T09:15:56","date_gmt":"2022-12-08T09:15:56","guid":{"rendered":"https:\/\/www.nettali.com\/?p=99178"},"modified":"2022-12-08T09:16:31","modified_gmt":"2022-12-08T09:16:31","slug":"mac-de-velingara-un-detenu-meurt-a-la-suite-dune-bagarre","status":"publish","type":"post","link":"https:\/\/www.nettali.com\/2022\/12\/08\/mac-de-velingara-un-detenu-meurt-a-la-suite-dune-bagarre\/","title":{"rendered":"MAC DE V\u00c9LINGARA - Un d\u00e9tenu meurt \u00e0 la suite d\u2019une bagarre"},"content":{"rendered":"<p><strong>NETTALI.COM - D\u00e9tenu \u00e0 la Maison d\u2019arr\u00eat et de correction (Mac) de V\u00e9lingara, Souar\u00e9 K\u00e9b\u00e9, \u00e2g\u00e9 de 25 ans, est d\u00e9c\u00e9d\u00e9, ce mardi 6 d\u00e9cembre. D\u2019apr\u00e8s le certificat de d\u00e9c\u00e8s remis \u00e0 sa famille, le jeune gar\u00e7on aurait perdu la vie suite \u00e0 \"<em>un malaise<\/em>\".<\/strong><\/p>\n<p>Selon le journal\u00a0Le Quotidien qui donne l\u2019information, la veille de son d\u00e9c\u00e8s, Souar\u00e9 K\u00e9b\u00e9 s\u2019est battu avec un autre d\u00e9tenu, dans la cour de la prison.<\/p>\n<p>A en croire sa famille, les gardes p\u00e9nitentiaires n\u2019ont pas donn\u00e9 plus d\u2019\u00e9clairages sur la nature du coup re\u00e7u. Toutefois, les matons ont d\u00e9clar\u00e9 qu\u2019apr\u00e8s la bagarre et le coup qu\u2019il a re\u00e7u, Souar\u00e9 a march\u00e9 de la Mac au centre de sant\u00e9, \u00e0 pr\u00e8s de 300 m de distance. Et qu\u2019il serait plus fort physiquement que son adversaire.<\/p>\n<p>Pein\u00e9e, la famille K\u00e9b\u00e9 a d\u00e9cid\u00e9 de s\u2019en remettre \u00e0 la volont\u00e9 divine et a rassur\u00e9 ne pas intenter de poursuites, ni exiger une autopsie.<\/p>\n<p>Cependant, le d\u00e9tenu protagoniste de la bagarre et qui serait du m\u00eame \u00e2ge que la victime, risque de voir prolonger son s\u00e9jour carc\u00e9ral. Il a \u00e9t\u00e9 cueilli \u00e0 la Mac par les gendarmes qui l\u2019ont entendu et remis en prison.<\/p>\n<p>Souar\u00e9 K\u00e9b\u00e9 a \u00e9t\u00e9 inhum\u00e9 au cimeti\u00e8re musulman de V\u00e9lingara, apr\u00e8s autorisation du procureur de la R\u00e9publique pr\u00e8s le tribunal de grande instance de Kolda, renseignent nos confr\u00e8res.<\/p>\n<div class='share-to-whatsapp-wrapper'><div class='share-on-whsp'>PARTAGER SUR : <\/div><a data-text='MAC DE V\u00c9LINGARA - Un d\u00e9tenu meurt \u00e0 la suite d\u2019une bagarre' data-link='https:\/\/www.nettali.com\/2022\/12\/08\/mac-de-velingara-un-detenu-meurt-a-la-suite-dune-bagarre\/' class='whatsapp-button whatsapp-share'>WhatsApp<\/a><div class='clear '><\/div><\/div>","protected":false},"excerpt":{"rendered":"<p>NETTALI.COM - D\u00e9tenu \u00e0 la Maison d\u2019arr\u00eat et de correction (Mac) de V\u00e9lingara, Souar\u00e9 K\u00e9b\u00e9, \u00e2g\u00e9 de 25 ans, est d\u00e9c\u00e9d\u00e9, ce mardi 6 d\u00e9cembre. D\u2019apr\u00e8s le certificat de d\u00e9c\u00e8s remis \u00e0 sa famille, le jeune gar\u00e7on aurait perdu la vie suite \u00e0 \"un malaise\". Selon le journal\u00a0Le Quotidien qui donne l\u2019information, la veille de [&hellip;]<\/p>\n","protected":false},"author":5,"featured_media":99179,"comment_status":"open","ping_status":"open","sticky":false,"template":"","format":"standard","meta":{"_et_pb_use_builder":"","_et_pb_old_content":""},"categories":[3],"tags":[],"yoast_head":"<!-- This site is optimized with the Yoast SEO Premium plugin v17.8 (Yoast SEO v17.8) - https:\/\/yoast.com\/wordpress\/plugins\/seo\/ -->\n<title>MAC DE V\u00c9LINGARA - Un d\u00e9tenu meurt \u00e0 la suite d\u2019une bagarre | Nettali.com<\/title>\n<meta name=\"robots\" content=\"index, follow, max-snippet:-1, max-image-preview:large, max-video-preview:-1\" \/>\n<link rel=\"canonical\" href=\"https:\/\/www.nettali.com\/2022\/12\/08\/mac-de-velingara-un-detenu-meurt-a-la-suite-dune-bagarre\/\" \/>\n<meta property=\"og:locale\" content=\"fr_FR\" \/>\n<meta property=\"og:type\" content=\"article\" \/>\n<meta property=\"og:title\" content=\"MAC DE V\u00c9LINGARA - Un d\u00e9tenu meurt \u00e0 la suite d\u2019une bagarre\" \/>\n<meta property=\"og:description\" content=\"NETTALI.COM - D\u00e9tenu \u00e0 la Maison d\u2019arr\u00eat et de correction (Mac) de V\u00e9lingara, Souar\u00e9 K\u00e9b\u00e9, \u00e2g\u00e9 de 25 ans, est d\u00e9c\u00e9d\u00e9, ce mardi 6 d\u00e9cembre. D\u2019apr\u00e8s le certificat de d\u00e9c\u00e8s remis \u00e0 sa famille, le jeune gar\u00e7on aurait perdu la vie suite \u00e0 &quot;un malaise&quot;. Selon le journal\u00a0Le Quotidien qui donne l\u2019information, la veille de [&hellip;]\" \/>\n<meta property=\"og:url\" content=\"https:\/\/www.nettali.com\/2022\/12\/08\/mac-de-velingara-un-detenu-meurt-a-la-suite-dune-bagarre\/\" \/>\n<meta property=\"og:site_name\" content=\"Nettali.com\" \/>\n<meta property=\"article:publisher\" content=\"https:\/\/www.facebook.com\/nettalicom\" \/>\n<meta property=\"article:published_time\" content=\"2022-12-08T09:15:56+00:00\" \/>\n<meta property=\"article:modified_time\" content=\"2022-12-08T09:16:31+00:00\" \/>\n<meta property=\"og:image\" content=\"https:\/\/www.nettali.com\/wp-content\/uploads\/2022\/12\/PMI-696x522-1.jpg\" \/>\n\t<meta property=\"og:image:width\" content=\"696\" \/>\n\t<meta property=\"og:image:height\" content=\"522\" \/>\n<meta name=\"twitter:card\" content=\"summary_large_image\" \/>\n<meta name=\"twitter:label1\" content=\"\u00c9crit par\" \/>\n\t<meta name=\"twitter:data1\" content=\"Ibrahima\" \/>\n\t<meta name=\"twitter:label2\" content=\"Dur\u00e9e de lecture estim\u00e9e\" \/>\n\t<meta name=\"twitter:data2\" content=\"2 minutes\" \/>\n<script type=\"application\/ld+json\" class=\"yoast-schema-graph\">{\"@context\":\"https:\/\/schema.org\",\"@graph\":[{\"@type\":\"WebSite\",\"@id\":\"https:\/\/www.nettali.com\/#website\",\"url\":\"https:\/\/www.nettali.com\/\",\"name\":\"Nettali.com\",\"description\":\"Le rendez-vous critique du Net\",\"potentialAction\":[{\"@type\":\"SearchAction\",\"target\":{\"@type\":\"EntryPoint\",\"urlTemplate\":\"https:\/\/www.nettali.com\/?s={search_term_string}\"},\"query-input\":\"required name=search_term_string\"}],\"inLanguage\":\"fr-FR\"},{\"@type\":\"ImageObject\",\"@id\":\"https:\/\/www.nettali.com\/2022\/12\/08\/mac-de-velingara-un-detenu-meurt-a-la-suite-dune-bagarre\/#primaryimage\",\"inLanguage\":\"fr-FR\",\"url\":\"https:\/\/www.nettali.com\/wp-content\/uploads\/2022\/12\/PMI-696x522-1.jpg\",\"contentUrl\":\"https:\/\/www.nettali.com\/wp-content\/uploads\/2022\/12\/PMI-696x522-1.jpg\",\"width\":696,\"height\":522},{\"@type\":\"WebPage\",\"@id\":\"https:\/\/www.nettali.com\/2022\/12\/08\/mac-de-velingara-un-detenu-meurt-a-la-suite-dune-bagarre\/#webpage\",\"url\":\"https:\/\/www.nettali.com\/2022\/12\/08\/mac-de-velingara-un-detenu-meurt-a-la-suite-dune-bagarre\/\",\"name\":\"MAC DE V\\u00c9LINGARA - Un d\\u00e9tenu meurt \\u00e0 la suite d\\u2019une bagarre | Nettali.com\",\"isPartOf\":{\"@id\":\"https:\/\/www.nettali.com\/#website\"},\"primaryImageOfPage\":{\"@id\":\"https:\/\/www.nettali.com\/2022\/12\/08\/mac-de-velingara-un-detenu-meurt-a-la-suite-dune-bagarre\/#primaryimage\"},\"datePublished\":\"2022-12-08T09:15:56+00:00\",\"dateModified\":\"2022-12-08T09:16:31+00:00\",\"author\":{\"@id\":\"https:\/\/www.nettali.com\/#\/schema\/person\/bb147657c2986240405a608162b9bb23\"},\"breadcrumb\":{\"@id\":\"https:\/\/www.nettali.com\/2022\/12\/08\/mac-de-velingara-un-detenu-meurt-a-la-suite-dune-bagarre\/#breadcrumb\"},\"inLanguage\":\"fr-FR\",\"potentialAction\":[{\"@type\":\"ReadAction\",\"target\":[\"https:\/\/www.nettali.com\/2022\/12\/08\/mac-de-velingara-un-detenu-meurt-a-la-suite-dune-bagarre\/\"]}]},{\"@type\":\"BreadcrumbList\",\"@id\":\"https:\/\/www.nettali.com\/2022\/12\/08\/mac-de-velingara-un-detenu-meurt-a-la-suite-dune-bagarre\/#breadcrumb\",\"itemListElement\":[{\"@type\":\"ListItem\",\"position\":1,\"name\":\"Accueil\",\"item\":\"https:\/\/www.nettali.com\/\"},{\"@type\":\"ListItem\",\"position\":2,\"name\":\"MAC DE V\\u00c9LINGARA - Un d\\u00e9tenu meurt \\u00e0 la suite d\\u2019une bagarre\"}]},{\"@type\":\"Person\",\"@id\":\"https:\/\/www.nettali.com\/#\/schema\/person\/bb147657c2986240405a608162b9bb23\",\"name\":\"Ibrahima\",\"image\":{\"@type\":\"ImageObject\",\"@id\":\"https:\/\/www.nettali.com\/#personlogo\",\"inLanguage\":\"fr-FR\",\"url\":\"https:\/\/secure.gravatar.com\/avatar\/26a8a81f09f0dd7624c9d5c36c9ba3a2?s=96&d=mm&r=g\",\"contentUrl\":\"https:\/\/secure.gravatar.com\/avatar\/26a8a81f09f0dd7624c9d5c36c9ba3a2?s=96&d=mm&r=g\",\"caption\":\"Ibrahima\"},\"sameAs\":[\"https:\/\/www.nettali.com\"]}]}<\/script>\n<!-- \/ Yoast SEO Premium plugin. -->","yoast_head_json":{"title":"MAC DE V\u00c9LINGARA - Un d\u00e9tenu meurt \u00e0 la suite d\u2019une bagarre | Nettali.com","robots":{"index":"index","follow":"follow","max-snippet":"max-snippet:-1","max-image-preview":"max-image-preview:large","max-video-preview":"max-video-preview:-1"},"canonical":"https:\/\/www.nettali.com\/2022\/12\/08\/mac-de-velingara-un-detenu-meurt-a-la-suite-dune-bagarre\/","og_locale":"fr_FR","og_type":"article","og_title":"MAC DE V\u00c9LINGARA - Un d\u00e9tenu meurt \u00e0 la suite d\u2019une bagarre","og_description":"NETTALI.COM - D\u00e9tenu \u00e0 la Maison d\u2019arr\u00eat et de correction (Mac) de V\u00e9lingara, Souar\u00e9 K\u00e9b\u00e9, \u00e2g\u00e9 de 25 ans, est d\u00e9c\u00e9d\u00e9, ce mardi 6 d\u00e9cembre. D\u2019apr\u00e8s le certificat de d\u00e9c\u00e8s remis \u00e0 sa famille, le jeune gar\u00e7on aurait perdu la vie suite \u00e0 \"un malaise\". Selon le journal\u00a0Le Quotidien qui donne l\u2019information, la veille de [&hellip;]","og_url":"https:\/\/www.nettali.com\/2022\/12\/08\/mac-de-velingara-un-detenu-meurt-a-la-suite-dune-bagarre\/","og_site_name":"Nettali.com","article_publisher":"https:\/\/www.facebook.com\/nettalicom","article_published_time":"2022-12-08T09:15:56+00:00","article_modified_time":"2022-12-08T09:16:31+00:00","og_image":[{"width":696,"height":522,"url":"https:\/\/www.nettali.com\/wp-content\/uploads\/2022\/12\/PMI-696x522-1.jpg","type":"image\/jpeg"}],"twitter_card":"summary_large_image","twitter_misc":{"\u00c9crit par":"Ibrahima","Dur\u00e9e de lecture estim\u00e9e":"2 minutes"},"schema":{"@context":"https:\/\/schema.org","@graph":[{"@type":"WebSite","@id":"https:\/\/www.nettali.com\/#website","url":"https:\/\/www.nettali.com\/","name":"Nettali.com","description":"Le rendez-vous critique du Net","potentialAction":[{"@type":"SearchAction","target":{"@type":"EntryPoint","urlTemplate":"https:\/\/www.nettali.com\/?s={search_term_string}"},"query-input":"required name=search_term_string"}],"inLanguage":"fr-FR"},{"@type":"ImageObject","@id":"https:\/\/www.nettali.com\/2022\/12\/08\/mac-de-velingara-un-detenu-meurt-a-la-suite-dune-bagarre\/#primaryimage","inLanguage":"fr-FR","url":"https:\/\/www.nettali.com\/wp-content\/uploads\/2022\/12\/PMI-696x522-1.jpg","contentUrl":"https:\/\/www.nettali.com\/wp-content\/uploads\/2022\/12\/PMI-696x522-1.jpg","width":696,"height":522},{"@type":"WebPage","@id":"https:\/\/www.nettali.com\/2022\/12\/08\/mac-de-velingara-un-detenu-meurt-a-la-suite-dune-bagarre\/#webpage","url":"https:\/\/www.nettali.com\/2022\/12\/08\/mac-de-velingara-un-detenu-meurt-a-la-suite-dune-bagarre\/","name":"MAC DE V\u00c9LINGARA - Un d\u00e9tenu meurt \u00e0 la suite d\u2019une bagarre | Nettali.com","isPartOf":{"@id":"https:\/\/www.nettali.com\/#website"},"primaryImageOfPage":{"@id":"https:\/\/www.nettali.com\/2022\/12\/08\/mac-de-velingara-un-detenu-meurt-a-la-suite-dune-bagarre\/#primaryimage"},"datePublished":"2022-12-08T09:15:56+00:00","dateModified":"2022-12-08T09:16:31+00:00","author":{"@id":"https:\/\/www.nettali.com\/#\/schema\/person\/bb147657c2986240405a608162b9bb23"},"breadcrumb":{"@id":"https:\/\/www.nettali.com\/2022\/12\/08\/mac-de-velingara-un-detenu-meurt-a-la-suite-dune-bagarre\/#breadcrumb"},"inLanguage":"fr-FR","potentialAction":[{"@type":"ReadAction","target":["https:\/\/www.nettali.com\/2022\/12\/08\/mac-de-velingara-un-detenu-meurt-a-la-suite-dune-bagarre\/"]}]},{"@type":"BreadcrumbList","@id":"https:\/\/www.nettali.com\/2022\/12\/08\/mac-de-velingara-un-detenu-meurt-a-la-suite-dune-bagarre\/#breadcrumb","itemListElement":[{"@type":"ListItem","position":1,"name":"Accueil","item":"https:\/\/www.nettali.com\/"},{"@type":"ListItem","position":2,"name":"MAC DE V\u00c9LINGARA - Un d\u00e9tenu meurt \u00e0 la suite d\u2019une bagarre"}]},{"@type":"Person","@id":"https:\/\/www.nettali.com\/#\/schema\/person\/bb147657c2986240405a608162b9bb23","name":"Ibrahima","image":{"@type":"ImageObject","@id":"https:\/\/www.nettali.com\/#personlogo","inLanguage":"fr-FR","url":"https:\/\/secure.gravatar.com\/avatar\/26a8a81f09f0dd7624c9d5c36c9ba3a2?s=96&d=mm&r=g","contentUrl":"https:\/\/secure.gravatar.com\/avatar\/26a8a81f09f0dd7624c9d5c36c9ba3a2?s=96&d=mm&r=g","caption":"Ibrahima"},"sameAs":["https:\/\/www.nettali.com"]}]}},"_links":{"self":[{"href":"https:\/\/www.nettali.com\/rest\/wp\/v2\/posts\/99178"}],"collection":[{"href":"https:\/\/www.nettali.com\/rest\/wp\/v2\/posts"}],"about":[{"href":"https:\/\/www.nettali.com\/rest\/wp\/v2\/types\/post"}],"author":[{"embeddable":true,"href":"https:\/\/www.nettali.com\/rest\/wp\/v2\/users\/5"}],"replies":[{"embeddable":true,"href":"https:\/\/www.nettali.com\/rest\/wp\/v2\/comments?post=99178"}],"version-history":[{"count":1,"href":"https:\/\/www.nettali.com\/rest\/wp\/v2\/posts\/99178\/revisions"}],"predecessor-version":[{"id":99180,"href":"https:\/\/www.nettali.com\/rest\/wp\/v2\/posts\/99178\/revisions\/99180"}],"wp:featuredmedia":[{"embeddable":true,"href":"https:\/\/www.nettali.com\/rest\/wp\/v2\/media\/99179"}],"wp:attachment":[{"href":"https:\/\/www.nettali.com\/rest\/wp\/v2\/media?parent=99178"}],"wp:term":[{"taxonomy":"category","embeddable":true,"href":"https:\/\/www.nettali.com\/rest\/wp\/v2\/categories?post=99178"},{"taxonomy":"post_tag","embeddable":true,"href":"https:\/\/www.nettali.com\/rest\/wp\/v2\/tags?post=99178"}],"curies":[{"name":"wp","href":"https:\/\/api.w.org\/{rel}","templated":true}]}}