{"id":99173,"date":"2022-12-08T08:36:09","date_gmt":"2022-12-08T08:36:09","guid":{"rendered":"https:\/\/www.nettali.com\/?p=99173"},"modified":"2022-12-08T08:42:42","modified_gmt":"2022-12-08T08:42:42","slug":"adji-sarr-a-sonko-tot-ou-tard-on-se-reverra","status":"publish","type":"post","link":"https:\/\/www.nettali.com\/2022\/12\/08\/adji-sarr-a-sonko-tot-ou-tard-on-se-reverra\/","title":{"rendered":"ADJI SARR A SONKO - \" t\u00f4t ou tard, on se reverra...\""},"content":{"rendered":"<p><strong>NETTALI.COM - Au lendemain de son face \u00e0 face avec le Doyen des juges, dans le cadre d'une confrontation avec le leader de Pastef qui l'aurait viol\u00e9, selon ses dires, Adji Sarr a fait une vid\u00e9o pour s'en prendre au leader de Pastef. Il l'a trait\u00e9 d'homme irresponsable, de mari infid\u00e8le, soutenant qu'il l'a viol\u00e9 \u00e0 plusieurs reprises. A Ousmane Sonko, il dira qu'elle n'est plus la petite fille qu'il manipulait et mena\u00e7ait et que t\u00f4t ou tard, ils se reverront...<\/strong><\/p>\n<p><iframe loading=\"lazy\" title=\"Adji SARR d\u00e9truit Ousmane SONKO dans une nouvelle d\u00e9claration &quot;Gani Dama Yarou&quot;\" width=\"1080\" height=\"608\" src=\"https:\/\/www.youtube.com\/embed\/3Z1cz5BTRUE?start=3&feature=oembed\" frameborder=\"0\" allow=\"accelerometer; autoplay; clipboard-write; encrypted-media; gyroscope; picture-in-picture\" allowfullscreen><\/iframe><\/p>\n<p><em>\"Deux ans que je suis dans une prison \u00e0 t\u2019attendre. Deux ans que tu fais le tour du pays, en accusant de nobles personnes. Ousmane Sonko, je veux que tu saches que je ne connais pas les gens que tu accuses, mais, c\u2019est toi que je connais. Toi qui venais au Sweat Beaut\u00e9. J\u2019ai \u00e9t\u00e9 surprise par ton comportement, dans le bureau du juge. Tu parlais, tellement \u00e0 voix basse que j\u2019avais du mal \u00e0 t\u2019entendre. T\u00f4t ou tard, on va se retrouver. Ousmane Sonko, tu es irresponsable. Tu ne peux pas me mettre \u00e0 mal avec mes parents. Mon p\u00e8re est un homme responsable. Il n\u2019a pas encore \u00e9t\u00e9 convoqu\u00e9 pour avoir viol\u00e9 une fille, ni pour avoir br\u00fbl\u00e9 un pays. Mon p\u00e8re aussi n\u2019a jamais laiss\u00e9 sa famille la nuit, pour aller trouver la fille d\u2019un autre. Mon p\u00e8re n\u2019a jamais insult\u00e9 un homme religieux. L\u2019irresponsabilit\u00e9 dont tu traites ma famille a commenc\u00e9 avec toi. Tu m\u2019avais dit que tu allais m\u2019utiliser pour br\u00fbler le pays et avoir ce que tu veux. Mais, saches que la fille que tu manipulais n\u2019est plus la m\u00eame. J\u2019ai grandi\u2019<\/em>\u2019, d\u00e9clare Adji Sarr. Elle a termin\u00e9 son speech, en r\u00e9clamant \u2018\u2019un proc\u00e8s public\u2019\u2019.<\/p>\n<div class='share-to-whatsapp-wrapper'><div class='share-on-whsp'>PARTAGER SUR : <\/div><a data-text='ADJI SARR A SONKO - \" t\u00f4t ou tard, on se reverra...\"' data-link='https:\/\/www.nettali.com\/2022\/12\/08\/adji-sarr-a-sonko-tot-ou-tard-on-se-reverra\/' class='whatsapp-button whatsapp-share'>WhatsApp<\/a><div class='clear '><\/div><\/div>","protected":false},"excerpt":{"rendered":"<p>NETTALI.COM - Au lendemain de son face \u00e0 face avec le Doyen des juges, dans le cadre d'une confrontation avec le leader de Pastef qui l'aurait viol\u00e9, selon ses dires, Adji Sarr a fait une vid\u00e9o pour s'en prendre au leader de Pastef. Il l'a trait\u00e9 d'homme irresponsable, de mari infid\u00e8le, soutenant qu'il l'a viol\u00e9 [&hellip;]<\/p>\n","protected":false},"author":4,"featured_media":99174,"comment_status":"open","ping_status":"open","sticky":false,"template":"","format":"standard","meta":{"_et_pb_use_builder":"","_et_pb_old_content":""},"categories":[34941,15],"tags":[],"yoast_head":"<!-- This site is optimized with the Yoast SEO Premium plugin v17.8 (Yoast SEO v17.8) - https:\/\/yoast.com\/wordpress\/plugins\/seo\/ -->\n<title>ADJI SARR A SONKO - &quot; t\u00f4t ou tard, on se reverra...&quot; | Nettali.com<\/title>\n<meta name=\"robots\" content=\"index, follow, max-snippet:-1, max-image-preview:large, max-video-preview:-1\" \/>\n<link rel=\"canonical\" href=\"https:\/\/www.nettali.com\/2022\/12\/08\/adji-sarr-a-sonko-tot-ou-tard-on-se-reverra\/\" \/>\n<meta property=\"og:locale\" content=\"fr_FR\" \/>\n<meta property=\"og:type\" content=\"article\" \/>\n<meta property=\"og:title\" content=\"ADJI SARR A SONKO - &quot; t\u00f4t ou tard, on se reverra...&quot;\" \/>\n<meta property=\"og:description\" content=\"NETTALI.COM - Au lendemain de son face \u00e0 face avec le Doyen des juges, dans le cadre d&#039;une confrontation avec le leader de Pastef qui l&#039;aurait viol\u00e9, selon ses dires, Adji Sarr a fait une vid\u00e9o pour s&#039;en prendre au leader de Pastef. Il l&#039;a trait\u00e9 d&#039;homme irresponsable, de mari infid\u00e8le, soutenant qu&#039;il l&#039;a viol\u00e9 [&hellip;]\" \/>\n<meta property=\"og:url\" content=\"https:\/\/www.nettali.com\/2022\/12\/08\/adji-sarr-a-sonko-tot-ou-tard-on-se-reverra\/\" \/>\n<meta property=\"og:site_name\" content=\"Nettali.com\" \/>\n<meta property=\"article:publisher\" content=\"https:\/\/www.facebook.com\/nettalicom\" \/>\n<meta property=\"article:published_time\" content=\"2022-12-08T08:36:09+00:00\" \/>\n<meta property=\"article:modified_time\" content=\"2022-12-08T08:42:42+00:00\" \/>\n<meta property=\"og:image\" content=\"https:\/\/www.nettali.com\/wp-content\/uploads\/2022\/12\/adji-sarr-4.png\" \/>\n\t<meta property=\"og:image:width\" content=\"990\" \/>\n\t<meta property=\"og:image:height\" content=\"633\" \/>\n<meta name=\"twitter:card\" content=\"summary_large_image\" \/>\n<meta name=\"twitter:label1\" content=\"\u00c9crit par\" \/>\n\t<meta name=\"twitter:data1\" content=\"Daouda\" \/>\n\t<meta name=\"twitter:label2\" content=\"Dur\u00e9e de lecture estim\u00e9e\" \/>\n\t<meta name=\"twitter:data2\" content=\"2 minutes\" \/>\n<script type=\"application\/ld+json\" class=\"yoast-schema-graph\">{\"@context\":\"https:\/\/schema.org\",\"@graph\":[{\"@type\":\"WebSite\",\"@id\":\"https:\/\/www.nettali.com\/#website\",\"url\":\"https:\/\/www.nettali.com\/\",\"name\":\"Nettali.com\",\"description\":\"Le rendez-vous critique du Net\",\"potentialAction\":[{\"@type\":\"SearchAction\",\"target\":{\"@type\":\"EntryPoint\",\"urlTemplate\":\"https:\/\/www.nettali.com\/?s={search_term_string}\"},\"query-input\":\"required name=search_term_string\"}],\"inLanguage\":\"fr-FR\"},{\"@type\":\"ImageObject\",\"@id\":\"https:\/\/www.nettali.com\/2022\/12\/08\/adji-sarr-a-sonko-tot-ou-tard-on-se-reverra\/#primaryimage\",\"inLanguage\":\"fr-FR\",\"url\":\"https:\/\/www.nettali.com\/wp-content\/uploads\/2022\/12\/adji-sarr-4.png\",\"contentUrl\":\"https:\/\/www.nettali.com\/wp-content\/uploads\/2022\/12\/adji-sarr-4.png\",\"width\":990,\"height\":633},{\"@type\":\"WebPage\",\"@id\":\"https:\/\/www.nettali.com\/2022\/12\/08\/adji-sarr-a-sonko-tot-ou-tard-on-se-reverra\/#webpage\",\"url\":\"https:\/\/www.nettali.com\/2022\/12\/08\/adji-sarr-a-sonko-tot-ou-tard-on-se-reverra\/\",\"name\":\"ADJI SARR A SONKO - \\\" t\\u00f4t ou tard, on se reverra...\\\" | Nettali.com\",\"isPartOf\":{\"@id\":\"https:\/\/www.nettali.com\/#website\"},\"primaryImageOfPage\":{\"@id\":\"https:\/\/www.nettali.com\/2022\/12\/08\/adji-sarr-a-sonko-tot-ou-tard-on-se-reverra\/#primaryimage\"},\"datePublished\":\"2022-12-08T08:36:09+00:00\",\"dateModified\":\"2022-12-08T08:42:42+00:00\",\"author\":{\"@id\":\"https:\/\/www.nettali.com\/#\/schema\/person\/3317e0bb3aa1da309fbf7b2780901bf4\"},\"breadcrumb\":{\"@id\":\"https:\/\/www.nettali.com\/2022\/12\/08\/adji-sarr-a-sonko-tot-ou-tard-on-se-reverra\/#breadcrumb\"},\"inLanguage\":\"fr-FR\",\"potentialAction\":[{\"@type\":\"ReadAction\",\"target\":[\"https:\/\/www.nettali.com\/2022\/12\/08\/adji-sarr-a-sonko-tot-ou-tard-on-se-reverra\/\"]}]},{\"@type\":\"BreadcrumbList\",\"@id\":\"https:\/\/www.nettali.com\/2022\/12\/08\/adji-sarr-a-sonko-tot-ou-tard-on-se-reverra\/#breadcrumb\",\"itemListElement\":[{\"@type\":\"ListItem\",\"position\":1,\"name\":\"Accueil\",\"item\":\"https:\/\/www.nettali.com\/\"},{\"@type\":\"ListItem\",\"position\":2,\"name\":\"ADJI SARR A SONKO - \\\" t\\u00f4t ou tard, on se reverra...\\\"\"}]},{\"@type\":\"Person\",\"@id\":\"https:\/\/www.nettali.com\/#\/schema\/person\/3317e0bb3aa1da309fbf7b2780901bf4\",\"name\":\"Daouda\",\"image\":{\"@type\":\"ImageObject\",\"@id\":\"https:\/\/www.nettali.com\/#personlogo\",\"inLanguage\":\"fr-FR\",\"url\":\"https:\/\/secure.gravatar.com\/avatar\/8d143b5a49345098ddcfee1c49c2f47c?s=96&d=mm&r=g\",\"contentUrl\":\"https:\/\/secure.gravatar.com\/avatar\/8d143b5a49345098ddcfee1c49c2f47c?s=96&d=mm&r=g\",\"caption\":\"Daouda\"},\"sameAs\":[\"https:\/\/www.nettali.com\"]}]}<\/script>\n<!-- \/ Yoast SEO Premium plugin. -->","yoast_head_json":{"title":"ADJI SARR A SONKO - \" t\u00f4t ou tard, on se reverra...\" | Nettali.com","robots":{"index":"index","follow":"follow","max-snippet":"max-snippet:-1","max-image-preview":"max-image-preview:large","max-video-preview":"max-video-preview:-1"},"canonical":"https:\/\/www.nettali.com\/2022\/12\/08\/adji-sarr-a-sonko-tot-ou-tard-on-se-reverra\/","og_locale":"fr_FR","og_type":"article","og_title":"ADJI SARR A SONKO - \" t\u00f4t ou tard, on se reverra...\"","og_description":"NETTALI.COM - Au lendemain de son face \u00e0 face avec le Doyen des juges, dans le cadre d'une confrontation avec le leader de Pastef qui l'aurait viol\u00e9, selon ses dires, Adji Sarr a fait une vid\u00e9o pour s'en prendre au leader de Pastef. Il l'a trait\u00e9 d'homme irresponsable, de mari infid\u00e8le, soutenant qu'il l'a viol\u00e9 [&hellip;]","og_url":"https:\/\/www.nettali.com\/2022\/12\/08\/adji-sarr-a-sonko-tot-ou-tard-on-se-reverra\/","og_site_name":"Nettali.com","article_publisher":"https:\/\/www.facebook.com\/nettalicom","article_published_time":"2022-12-08T08:36:09+00:00","article_modified_time":"2022-12-08T08:42:42+00:00","og_image":[{"width":990,"height":633,"url":"https:\/\/www.nettali.com\/wp-content\/uploads\/2022\/12\/adji-sarr-4.png","type":"image\/png"}],"twitter_card":"summary_large_image","twitter_misc":{"\u00c9crit par":"Daouda","Dur\u00e9e de lecture estim\u00e9e":"2 minutes"},"schema":{"@context":"https:\/\/schema.org","@graph":[{"@type":"WebSite","@id":"https:\/\/www.nettali.com\/#website","url":"https:\/\/www.nettali.com\/","name":"Nettali.com","description":"Le rendez-vous critique du Net","potentialAction":[{"@type":"SearchAction","target":{"@type":"EntryPoint","urlTemplate":"https:\/\/www.nettali.com\/?s={search_term_string}"},"query-input":"required name=search_term_string"}],"inLanguage":"fr-FR"},{"@type":"ImageObject","@id":"https:\/\/www.nettali.com\/2022\/12\/08\/adji-sarr-a-sonko-tot-ou-tard-on-se-reverra\/#primaryimage","inLanguage":"fr-FR","url":"https:\/\/www.nettali.com\/wp-content\/uploads\/2022\/12\/adji-sarr-4.png","contentUrl":"https:\/\/www.nettali.com\/wp-content\/uploads\/2022\/12\/adji-sarr-4.png","width":990,"height":633},{"@type":"WebPage","@id":"https:\/\/www.nettali.com\/2022\/12\/08\/adji-sarr-a-sonko-tot-ou-tard-on-se-reverra\/#webpage","url":"https:\/\/www.nettali.com\/2022\/12\/08\/adji-sarr-a-sonko-tot-ou-tard-on-se-reverra\/","name":"ADJI SARR A SONKO - \" t\u00f4t ou tard, on se reverra...\" | Nettali.com","isPartOf":{"@id":"https:\/\/www.nettali.com\/#website"},"primaryImageOfPage":{"@id":"https:\/\/www.nettali.com\/2022\/12\/08\/adji-sarr-a-sonko-tot-ou-tard-on-se-reverra\/#primaryimage"},"datePublished":"2022-12-08T08:36:09+00:00","dateModified":"2022-12-08T08:42:42+00:00","author":{"@id":"https:\/\/www.nettali.com\/#\/schema\/person\/3317e0bb3aa1da309fbf7b2780901bf4"},"breadcrumb":{"@id":"https:\/\/www.nettali.com\/2022\/12\/08\/adji-sarr-a-sonko-tot-ou-tard-on-se-reverra\/#breadcrumb"},"inLanguage":"fr-FR","potentialAction":[{"@type":"ReadAction","target":["https:\/\/www.nettali.com\/2022\/12\/08\/adji-sarr-a-sonko-tot-ou-tard-on-se-reverra\/"]}]},{"@type":"BreadcrumbList","@id":"https:\/\/www.nettali.com\/2022\/12\/08\/adji-sarr-a-sonko-tot-ou-tard-on-se-reverra\/#breadcrumb","itemListElement":[{"@type":"ListItem","position":1,"name":"Accueil","item":"https:\/\/www.nettali.com\/"},{"@type":"ListItem","position":2,"name":"ADJI SARR A SONKO - \" t\u00f4t ou tard, on se reverra...\""}]},{"@type":"Person","@id":"https:\/\/www.nettali.com\/#\/schema\/person\/3317e0bb3aa1da309fbf7b2780901bf4","name":"Daouda","image":{"@type":"ImageObject","@id":"https:\/\/www.nettali.com\/#personlogo","inLanguage":"fr-FR","url":"https:\/\/secure.gravatar.com\/avatar\/8d143b5a49345098ddcfee1c49c2f47c?s=96&d=mm&r=g","contentUrl":"https:\/\/secure.gravatar.com\/avatar\/8d143b5a49345098ddcfee1c49c2f47c?s=96&d=mm&r=g","caption":"Daouda"},"sameAs":["https:\/\/www.nettali.com"]}]}},"_links":{"self":[{"href":"https:\/\/www.nettali.com\/rest\/wp\/v2\/posts\/99173"}],"collection":[{"href":"https:\/\/www.nettali.com\/rest\/wp\/v2\/posts"}],"about":[{"href":"https:\/\/www.nettali.com\/rest\/wp\/v2\/types\/post"}],"author":[{"embeddable":true,"href":"https:\/\/www.nettali.com\/rest\/wp\/v2\/users\/4"}],"replies":[{"embeddable":true,"href":"https:\/\/www.nettali.com\/rest\/wp\/v2\/comments?post=99173"}],"version-history":[{"count":3,"href":"https:\/\/www.nettali.com\/rest\/wp\/v2\/posts\/99173\/revisions"}],"predecessor-version":[{"id":99177,"href":"https:\/\/www.nettali.com\/rest\/wp\/v2\/posts\/99173\/revisions\/99177"}],"wp:featuredmedia":[{"embeddable":true,"href":"https:\/\/www.nettali.com\/rest\/wp\/v2\/media\/99174"}],"wp:attachment":[{"href":"https:\/\/www.nettali.com\/rest\/wp\/v2\/media?parent=99173"}],"wp:term":[{"taxonomy":"category","embeddable":true,"href":"https:\/\/www.nettali.com\/rest\/wp\/v2\/categories?post=99173"},{"taxonomy":"post_tag","embeddable":true,"href":"https:\/\/www.nettali.com\/rest\/wp\/v2\/tags?post=99173"}],"curies":[{"name":"wp","href":"https:\/\/api.w.org\/{rel}","templated":true}]}}