{"id":99171,"date":"2022-12-08T08:09:41","date_gmt":"2022-12-08T08:09:41","guid":{"rendered":"https:\/\/www.nettali.com\/?p=99171"},"modified":"2022-12-09T09:03:59","modified_gmt":"2022-12-09T09:03:59","slug":"affaire-sonko-adji-sarr-le-doyen-des-juges-convoque-le-capitaine-toure","status":"publish","type":"post","link":"https:\/\/www.nettali.com\/2022\/12\/08\/affaire-sonko-adji-sarr-le-doyen-des-juges-convoque-le-capitaine-toure\/","title":{"rendered":"AFFAIRE SONKO-ADJI SARR \u2013 Le Doyen des juges convoque le capitaine Tour\u00e9"},"content":{"rendered":"<p><strong>NETTALI.COM - Le dossier d'instruction dans l'affaire de viol opposant Adji Sarr \u00e0 Ousmane, avance \u00e0 vitesse grand V. Apr\u00e8s la confrontation entre Adji Sarr et Ousmane Sonko, le Doyen des juges, Oumar Maham Diallo, n'a pas perdu de temps pour convoquer le capitaine Seydina Oumar Tour\u00e9, ex-agent de la Section de recherches qui a particip\u00e9 \u00e0 l\u2019enqu\u00eate pr\u00e9liminaire.<\/strong><\/p>\n<p>Le Doyen des juges acc\u00e9l\u00e8re la cadence dans le cadre de l\u2019instruction de l\u2019affaire Ousmane Sonko-Adji Sarr. \u00a0Cette derni\u00e8re, rappelons-le, accuse le pr\u00e9sident de Pastef de viol et menaces de mort.<\/p>\n<p>En effet, apr\u00e8s la confrontation entre Adji Sarr et Ousmane Sonko, il a convoqu\u00e9, lundi prochain, l\u2019ancien agent de la Section de recherches de Colobane Seydina Oumar Tour\u00e9, qui avait particip\u00e9 \u00e0 l\u2019enqu\u00eate pr\u00e9liminaire avant d'\u00eatre finalement radi\u00e9.<\/p>\n<p>A noter aussi que Seydina Oumar Tour\u00e9 figure aussi sur la liste des personnes dont les avocats de Ousmane Sonko r\u00e9clamaient l\u2019audition. Le capitaine Tour\u00e9 est l\u2019auteur du premier proc\u00e8s-verbal d\u2019enqu\u00eate de l\u2019affaire Sweet Beauty.<\/p>\n<p>&nbsp;<\/p>\n<div class='share-to-whatsapp-wrapper'><div class='share-on-whsp'>PARTAGER SUR : <\/div><a data-text='AFFAIRE SONKO-ADJI SARR \u2013 Le Doyen des juges convoque le capitaine Tour\u00e9' data-link='https:\/\/www.nettali.com\/2022\/12\/08\/affaire-sonko-adji-sarr-le-doyen-des-juges-convoque-le-capitaine-toure\/' class='whatsapp-button whatsapp-share'>WhatsApp<\/a><div class='clear '><\/div><\/div>","protected":false},"excerpt":{"rendered":"<p>NETTALI.COM - Le dossier d'instruction dans l'affaire de viol opposant Adji Sarr \u00e0 Ousmane, avance \u00e0 vitesse grand V. Apr\u00e8s la confrontation entre Adji Sarr et Ousmane Sonko, le Doyen des juges, Oumar Maham Diallo, n'a pas perdu de temps pour convoquer le capitaine Seydina Oumar Tour\u00e9, ex-agent de la Section de recherches qui a [&hellip;]<\/p>\n","protected":false},"author":4,"featured_media":66192,"comment_status":"open","ping_status":"open","sticky":false,"template":"","format":"standard","meta":{"_et_pb_use_builder":"","_et_pb_old_content":""},"categories":[3],"tags":[],"yoast_head":"<!-- This site is optimized with the Yoast SEO Premium plugin v17.8 (Yoast SEO v17.8) - https:\/\/yoast.com\/wordpress\/plugins\/seo\/ -->\n<title>AFFAIRE SONKO-ADJI SARR \u2013 Le Doyen des juges convoque le capitaine Tour\u00e9 | Nettali.com<\/title>\n<meta name=\"robots\" content=\"index, follow, max-snippet:-1, max-image-preview:large, max-video-preview:-1\" \/>\n<link rel=\"canonical\" href=\"https:\/\/www.nettali.com\/2022\/12\/08\/affaire-sonko-adji-sarr-le-doyen-des-juges-convoque-le-capitaine-toure\/\" \/>\n<meta property=\"og:locale\" content=\"fr_FR\" \/>\n<meta property=\"og:type\" content=\"article\" \/>\n<meta property=\"og:title\" content=\"AFFAIRE SONKO-ADJI SARR \u2013 Le Doyen des juges convoque le capitaine Tour\u00e9\" \/>\n<meta property=\"og:description\" content=\"NETTALI.COM - Le dossier d&#039;instruction dans l&#039;affaire de viol opposant Adji Sarr \u00e0 Ousmane, avance \u00e0 vitesse grand V. Apr\u00e8s la confrontation entre Adji Sarr et Ousmane Sonko, le Doyen des juges, Oumar Maham Diallo, n&#039;a pas perdu de temps pour convoquer le capitaine Seydina Oumar Tour\u00e9, ex-agent de la Section de recherches qui a [&hellip;]\" \/>\n<meta property=\"og:url\" content=\"https:\/\/www.nettali.com\/2022\/12\/08\/affaire-sonko-adji-sarr-le-doyen-des-juges-convoque-le-capitaine-toure\/\" \/>\n<meta property=\"og:site_name\" content=\"Nettali.com\" \/>\n<meta property=\"article:publisher\" content=\"https:\/\/www.facebook.com\/nettalicom\" \/>\n<meta property=\"article:published_time\" content=\"2022-12-08T08:09:41+00:00\" \/>\n<meta property=\"article:modified_time\" content=\"2022-12-09T09:03:59+00:00\" \/>\n<meta property=\"og:image\" content=\"https:\/\/www.nettali.com\/wp-content\/uploads\/2021\/06\/Capitaine-Toure.jpeg\" \/>\n\t<meta property=\"og:image:width\" content=\"1024\" \/>\n\t<meta property=\"og:image:height\" content=\"768\" \/>\n<meta name=\"twitter:card\" content=\"summary_large_image\" \/>\n<meta name=\"twitter:label1\" content=\"\u00c9crit par\" \/>\n\t<meta name=\"twitter:data1\" content=\"Daouda\" \/>\n\t<meta name=\"twitter:label2\" content=\"Dur\u00e9e de lecture estim\u00e9e\" \/>\n\t<meta name=\"twitter:data2\" content=\"1 minute\" \/>\n<script type=\"application\/ld+json\" class=\"yoast-schema-graph\">{\"@context\":\"https:\/\/schema.org\",\"@graph\":[{\"@type\":\"WebSite\",\"@id\":\"https:\/\/www.nettali.com\/#website\",\"url\":\"https:\/\/www.nettali.com\/\",\"name\":\"Nettali.com\",\"description\":\"Le rendez-vous critique du Net\",\"potentialAction\":[{\"@type\":\"SearchAction\",\"target\":{\"@type\":\"EntryPoint\",\"urlTemplate\":\"https:\/\/www.nettali.com\/?s={search_term_string}\"},\"query-input\":\"required name=search_term_string\"}],\"inLanguage\":\"fr-FR\"},{\"@type\":\"ImageObject\",\"@id\":\"https:\/\/www.nettali.com\/2022\/12\/08\/affaire-sonko-adji-sarr-le-doyen-des-juges-convoque-le-capitaine-toure\/#primaryimage\",\"inLanguage\":\"fr-FR\",\"url\":\"https:\/\/www.nettali.com\/wp-content\/uploads\/2021\/06\/Capitaine-Toure.jpeg\",\"contentUrl\":\"https:\/\/www.nettali.com\/wp-content\/uploads\/2021\/06\/Capitaine-Toure.jpeg\",\"width\":1024,\"height\":768},{\"@type\":\"WebPage\",\"@id\":\"https:\/\/www.nettali.com\/2022\/12\/08\/affaire-sonko-adji-sarr-le-doyen-des-juges-convoque-le-capitaine-toure\/#webpage\",\"url\":\"https:\/\/www.nettali.com\/2022\/12\/08\/affaire-sonko-adji-sarr-le-doyen-des-juges-convoque-le-capitaine-toure\/\",\"name\":\"AFFAIRE SONKO-ADJI SARR \\u2013 Le Doyen des juges convoque le capitaine Tour\\u00e9 | Nettali.com\",\"isPartOf\":{\"@id\":\"https:\/\/www.nettali.com\/#website\"},\"primaryImageOfPage\":{\"@id\":\"https:\/\/www.nettali.com\/2022\/12\/08\/affaire-sonko-adji-sarr-le-doyen-des-juges-convoque-le-capitaine-toure\/#primaryimage\"},\"datePublished\":\"2022-12-08T08:09:41+00:00\",\"dateModified\":\"2022-12-09T09:03:59+00:00\",\"author\":{\"@id\":\"https:\/\/www.nettali.com\/#\/schema\/person\/3317e0bb3aa1da309fbf7b2780901bf4\"},\"breadcrumb\":{\"@id\":\"https:\/\/www.nettali.com\/2022\/12\/08\/affaire-sonko-adji-sarr-le-doyen-des-juges-convoque-le-capitaine-toure\/#breadcrumb\"},\"inLanguage\":\"fr-FR\",\"potentialAction\":[{\"@type\":\"ReadAction\",\"target\":[\"https:\/\/www.nettali.com\/2022\/12\/08\/affaire-sonko-adji-sarr-le-doyen-des-juges-convoque-le-capitaine-toure\/\"]}]},{\"@type\":\"BreadcrumbList\",\"@id\":\"https:\/\/www.nettali.com\/2022\/12\/08\/affaire-sonko-adji-sarr-le-doyen-des-juges-convoque-le-capitaine-toure\/#breadcrumb\",\"itemListElement\":[{\"@type\":\"ListItem\",\"position\":1,\"name\":\"Accueil\",\"item\":\"https:\/\/www.nettali.com\/\"},{\"@type\":\"ListItem\",\"position\":2,\"name\":\"AFFAIRE SONKO-ADJI SARR \\u2013 Le Doyen des juges convoque le capitaine Tour\\u00e9\"}]},{\"@type\":\"Person\",\"@id\":\"https:\/\/www.nettali.com\/#\/schema\/person\/3317e0bb3aa1da309fbf7b2780901bf4\",\"name\":\"Daouda\",\"image\":{\"@type\":\"ImageObject\",\"@id\":\"https:\/\/www.nettali.com\/#personlogo\",\"inLanguage\":\"fr-FR\",\"url\":\"https:\/\/secure.gravatar.com\/avatar\/8d143b5a49345098ddcfee1c49c2f47c?s=96&d=mm&r=g\",\"contentUrl\":\"https:\/\/secure.gravatar.com\/avatar\/8d143b5a49345098ddcfee1c49c2f47c?s=96&d=mm&r=g\",\"caption\":\"Daouda\"},\"sameAs\":[\"https:\/\/www.nettali.com\"]}]}<\/script>\n<!-- \/ Yoast SEO Premium plugin. -->","yoast_head_json":{"title":"AFFAIRE SONKO-ADJI SARR \u2013 Le Doyen des juges convoque le capitaine Tour\u00e9 | Nettali.com","robots":{"index":"index","follow":"follow","max-snippet":"max-snippet:-1","max-image-preview":"max-image-preview:large","max-video-preview":"max-video-preview:-1"},"canonical":"https:\/\/www.nettali.com\/2022\/12\/08\/affaire-sonko-adji-sarr-le-doyen-des-juges-convoque-le-capitaine-toure\/","og_locale":"fr_FR","og_type":"article","og_title":"AFFAIRE SONKO-ADJI SARR \u2013 Le Doyen des juges convoque le capitaine Tour\u00e9","og_description":"NETTALI.COM - Le dossier d'instruction dans l'affaire de viol opposant Adji Sarr \u00e0 Ousmane, avance \u00e0 vitesse grand V. Apr\u00e8s la confrontation entre Adji Sarr et Ousmane Sonko, le Doyen des juges, Oumar Maham Diallo, n'a pas perdu de temps pour convoquer le capitaine Seydina Oumar Tour\u00e9, ex-agent de la Section de recherches qui a [&hellip;]","og_url":"https:\/\/www.nettali.com\/2022\/12\/08\/affaire-sonko-adji-sarr-le-doyen-des-juges-convoque-le-capitaine-toure\/","og_site_name":"Nettali.com","article_publisher":"https:\/\/www.facebook.com\/nettalicom","article_published_time":"2022-12-08T08:09:41+00:00","article_modified_time":"2022-12-09T09:03:59+00:00","og_image":[{"width":1024,"height":768,"url":"https:\/\/www.nettali.com\/wp-content\/uploads\/2021\/06\/Capitaine-Toure.jpeg","type":"image\/jpeg"}],"twitter_card":"summary_large_image","twitter_misc":{"\u00c9crit par":"Daouda","Dur\u00e9e de lecture estim\u00e9e":"1 minute"},"schema":{"@context":"https:\/\/schema.org","@graph":[{"@type":"WebSite","@id":"https:\/\/www.nettali.com\/#website","url":"https:\/\/www.nettali.com\/","name":"Nettali.com","description":"Le rendez-vous critique du Net","potentialAction":[{"@type":"SearchAction","target":{"@type":"EntryPoint","urlTemplate":"https:\/\/www.nettali.com\/?s={search_term_string}"},"query-input":"required name=search_term_string"}],"inLanguage":"fr-FR"},{"@type":"ImageObject","@id":"https:\/\/www.nettali.com\/2022\/12\/08\/affaire-sonko-adji-sarr-le-doyen-des-juges-convoque-le-capitaine-toure\/#primaryimage","inLanguage":"fr-FR","url":"https:\/\/www.nettali.com\/wp-content\/uploads\/2021\/06\/Capitaine-Toure.jpeg","contentUrl":"https:\/\/www.nettali.com\/wp-content\/uploads\/2021\/06\/Capitaine-Toure.jpeg","width":1024,"height":768},{"@type":"WebPage","@id":"https:\/\/www.nettali.com\/2022\/12\/08\/affaire-sonko-adji-sarr-le-doyen-des-juges-convoque-le-capitaine-toure\/#webpage","url":"https:\/\/www.nettali.com\/2022\/12\/08\/affaire-sonko-adji-sarr-le-doyen-des-juges-convoque-le-capitaine-toure\/","name":"AFFAIRE SONKO-ADJI SARR \u2013 Le Doyen des juges convoque le capitaine Tour\u00e9 | Nettali.com","isPartOf":{"@id":"https:\/\/www.nettali.com\/#website"},"primaryImageOfPage":{"@id":"https:\/\/www.nettali.com\/2022\/12\/08\/affaire-sonko-adji-sarr-le-doyen-des-juges-convoque-le-capitaine-toure\/#primaryimage"},"datePublished":"2022-12-08T08:09:41+00:00","dateModified":"2022-12-09T09:03:59+00:00","author":{"@id":"https:\/\/www.nettali.com\/#\/schema\/person\/3317e0bb3aa1da309fbf7b2780901bf4"},"breadcrumb":{"@id":"https:\/\/www.nettali.com\/2022\/12\/08\/affaire-sonko-adji-sarr-le-doyen-des-juges-convoque-le-capitaine-toure\/#breadcrumb"},"inLanguage":"fr-FR","potentialAction":[{"@type":"ReadAction","target":["https:\/\/www.nettali.com\/2022\/12\/08\/affaire-sonko-adji-sarr-le-doyen-des-juges-convoque-le-capitaine-toure\/"]}]},{"@type":"BreadcrumbList","@id":"https:\/\/www.nettali.com\/2022\/12\/08\/affaire-sonko-adji-sarr-le-doyen-des-juges-convoque-le-capitaine-toure\/#breadcrumb","itemListElement":[{"@type":"ListItem","position":1,"name":"Accueil","item":"https:\/\/www.nettali.com\/"},{"@type":"ListItem","position":2,"name":"AFFAIRE SONKO-ADJI SARR \u2013 Le Doyen des juges convoque le capitaine Tour\u00e9"}]},{"@type":"Person","@id":"https:\/\/www.nettali.com\/#\/schema\/person\/3317e0bb3aa1da309fbf7b2780901bf4","name":"Daouda","image":{"@type":"ImageObject","@id":"https:\/\/www.nettali.com\/#personlogo","inLanguage":"fr-FR","url":"https:\/\/secure.gravatar.com\/avatar\/8d143b5a49345098ddcfee1c49c2f47c?s=96&d=mm&r=g","contentUrl":"https:\/\/secure.gravatar.com\/avatar\/8d143b5a49345098ddcfee1c49c2f47c?s=96&d=mm&r=g","caption":"Daouda"},"sameAs":["https:\/\/www.nettali.com"]}]}},"_links":{"self":[{"href":"https:\/\/www.nettali.com\/rest\/wp\/v2\/posts\/99171"}],"collection":[{"href":"https:\/\/www.nettali.com\/rest\/wp\/v2\/posts"}],"about":[{"href":"https:\/\/www.nettali.com\/rest\/wp\/v2\/types\/post"}],"author":[{"embeddable":true,"href":"https:\/\/www.nettali.com\/rest\/wp\/v2\/users\/4"}],"replies":[{"embeddable":true,"href":"https:\/\/www.nettali.com\/rest\/wp\/v2\/comments?post=99171"}],"version-history":[{"count":4,"href":"https:\/\/www.nettali.com\/rest\/wp\/v2\/posts\/99171\/revisions"}],"predecessor-version":[{"id":99183,"href":"https:\/\/www.nettali.com\/rest\/wp\/v2\/posts\/99171\/revisions\/99183"}],"wp:featuredmedia":[{"embeddable":true,"href":"https:\/\/www.nettali.com\/rest\/wp\/v2\/media\/66192"}],"wp:attachment":[{"href":"https:\/\/www.nettali.com\/rest\/wp\/v2\/media?parent=99171"}],"wp:term":[{"taxonomy":"category","embeddable":true,"href":"https:\/\/www.nettali.com\/rest\/wp\/v2\/categories?post=99171"},{"taxonomy":"post_tag","embeddable":true,"href":"https:\/\/www.nettali.com\/rest\/wp\/v2\/tags?post=99171"}],"curies":[{"name":"wp","href":"https:\/\/api.w.org\/{rel}","templated":true}]}}