{"id":99169,"date":"2022-12-08T07:42:19","date_gmt":"2022-12-08T07:42:19","guid":{"rendered":"https:\/\/www.nettali.com\/?p=99169"},"modified":"2022-12-08T07:42:19","modified_gmt":"2022-12-08T07:42:19","slug":"collectivites-territoriales-les-nouvelles-exigences-de-macky-sall","status":"publish","type":"post","link":"https:\/\/www.nettali.com\/2022\/12\/08\/collectivites-territoriales-les-nouvelles-exigences-de-macky-sall\/","title":{"rendered":"COLLECTIVIT\u00c9S TERRITORIALES - Les nouvelles exigences de Macky Sall"},"content":{"rendered":"<p><strong>NETTALI.COM - Le pr\u00e9sident de la R\u00e9publique a fait plusieurs recommandations au gouvernement, concernant les collectivit\u00e9s territoriales, notamment l\u2019application rigoureuse du contr\u00f4le de l\u00e9galit\u00e9 de leurs actes et la r\u00e9\u00e9valuation des indemnit\u00e9s des d\u00e9l\u00e9gu\u00e9s de quartier.<\/strong><\/p>\n<p><em>\u201cLe chef de l\u2019Etat a invit\u00e9 le ministre de l\u2019Int\u00e9rieur et le ministre charg\u00e9 des Collectivit\u00e9s territoriales \u00e0 veiller (\u2026) \u00e0 une application rigoureuse du contr\u00f4le de l\u00e9galit\u00e9 des actes des collectivit\u00e9s territoriales et \u00e0 une prise en charge optimale des comp\u00e9tences [qui leur sont] transf\u00e9r\u00e9es par l\u2019Etat\u201d<\/em>, lit-on dans le communiqu\u00e9 du Conseil des ministres de ce mercredi 7 d\u00e9cembre.<\/p>\n<p>Ces comp\u00e9tences doivent s\u2019exercer <em>\u201cavec les fonds publics allou\u00e9s chaque ann\u00e9e\u201d<\/em> par l\u2019Etat \u00e0 ces structures, a-t-il rappel\u00e9.<\/p>\n<p>Macky Sall a demand\u00e9 aussi au ministre concern\u00e9 de s\u2019atteler \u00e0 <em>\u201cla valorisation des r\u00f4les, ainsi qu\u2019\u00e0 la r\u00e9\u00e9valuation des indemnit\u00e9s des d\u00e9l\u00e9gu\u00e9s de quartier, en relation avec les maires\u201d.\u00a0<\/em><\/p>\n<p><em>\u201cLe chef de l\u2019Etat a rappel\u00e9 au ministre des Collectivit\u00e9s territoriales l\u2019imp\u00e9ratif de stabiliser, dans chaque commune, la liste des quartiers officiels, et de veiller, \u00e0 l\u2019image des chefs de village, \u00e0 la reconsid\u00e9ration des missions\u201d<\/em> de ceux qui dirigent les quartiers.<\/p>\n<p>Selon le texte, il a donn\u00e9 la consigne \u00e0 leur ministre de tutelle de proc\u00e9der, avec l\u2019ensemble des partenaires concern\u00e9s, \u00e0 <em>\u201cl\u2019\u00e9valuation du niveau de mobilisation et des impacts sectoriels des ressources budg\u00e9taires allou\u00e9es aux collectivit\u00e9s territoriales\u201d<\/em>.<\/p>\n<p>Macky Sall a \u00e9voqu\u00e9 <em>\u201cla n\u00e9cessit\u00e9 d\u2019\u00e9valuer les comp\u00e9tences et l\u2019action\u201d des conseils d\u00e9partementaux, \u201cpr\u00e8s de dix ans apr\u00e8s leur cr\u00e9ation\u201d.\u00a0<\/em><\/p>\n<p>Il a parl\u00e9 aux membres du gouvernement de <em>\u201cl\u2019urgence d\u2019accentuer la formation des \u00e9lus territoriaux et de professionnaliser les m\u00e9tiers dans les collectivit\u00e9s territoriales, avec le concours du Centre national de la fonction publique territoriale et de la formation\u201d.\u00a0<\/em><\/p>\n<p><em>\u201cLe pr\u00e9sident de la R\u00e9publique a demand\u00e9 au gouvernement de consolider le dialogue permanent et constructif avec les collectivit\u00e9s territoriales et les d\u00e9membrements territoriaux de l\u2019Etat\u201d<\/em>, lit-on dans le texte.<\/p>\n<p>Macky Sall annonce qu\u2019il va rencontrer les \u00e9lus territoriaux, dimanche prochain, \u00e0 l\u2019occasion de la Journ\u00e9e nationale de la d\u00e9centralisation.<\/p>\n<p>Selon le communiqu\u00e9 du Conseil des ministres, les bureaux de l\u2019Association des maires du S\u00e9n\u00e9gal et de l\u2019Association des d\u00e9partements du S\u00e9n\u00e9gal seront renouvel\u00e9s lors de la c\u00e9l\u00e9bration de cette journ\u00e9e d\u00e9di\u00e9e \u00e0 la d\u00e9centralisation.<\/p>\n<div class='share-to-whatsapp-wrapper'><div class='share-on-whsp'>PARTAGER SUR : <\/div><a data-text='COLLECTIVIT\u00c9S TERRITORIALES - Les nouvelles exigences de Macky Sall' data-link='https:\/\/www.nettali.com\/2022\/12\/08\/collectivites-territoriales-les-nouvelles-exigences-de-macky-sall\/' class='whatsapp-button whatsapp-share'>WhatsApp<\/a><div class='clear '><\/div><\/div>","protected":false},"excerpt":{"rendered":"<p>NETTALI.COM - Le pr\u00e9sident de la R\u00e9publique a fait plusieurs recommandations au gouvernement, concernant les collectivit\u00e9s territoriales, notamment l\u2019application rigoureuse du contr\u00f4le de l\u00e9galit\u00e9 de leurs actes et la r\u00e9\u00e9valuation des indemnit\u00e9s des d\u00e9l\u00e9gu\u00e9s de quartier. \u201cLe chef de l\u2019Etat a invit\u00e9 le ministre de l\u2019Int\u00e9rieur et le ministre charg\u00e9 des Collectivit\u00e9s territoriales \u00e0 veiller [&hellip;]<\/p>\n","protected":false},"author":4,"featured_media":96395,"comment_status":"open","ping_status":"open","sticky":false,"template":"","format":"standard","meta":{"_et_pb_use_builder":"","_et_pb_old_content":""},"categories":[2],"tags":[],"yoast_head":"<!-- This site is optimized with the Yoast SEO Premium plugin v17.8 (Yoast SEO v17.8) - https:\/\/yoast.com\/wordpress\/plugins\/seo\/ -->\n<title>COLLECTIVIT\u00c9S TERRITORIALES - Les nouvelles exigences de Macky Sall | Nettali.com<\/title>\n<meta name=\"robots\" content=\"index, follow, max-snippet:-1, max-image-preview:large, max-video-preview:-1\" \/>\n<link rel=\"canonical\" href=\"https:\/\/www.nettali.com\/2022\/12\/08\/collectivites-territoriales-les-nouvelles-exigences-de-macky-sall\/\" \/>\n<meta property=\"og:locale\" content=\"fr_FR\" \/>\n<meta property=\"og:type\" content=\"article\" \/>\n<meta property=\"og:title\" content=\"COLLECTIVIT\u00c9S TERRITORIALES - Les nouvelles exigences de Macky Sall\" \/>\n<meta property=\"og:description\" content=\"NETTALI.COM - Le pr\u00e9sident de la R\u00e9publique a fait plusieurs recommandations au gouvernement, concernant les collectivit\u00e9s territoriales, notamment l\u2019application rigoureuse du contr\u00f4le de l\u00e9galit\u00e9 de leurs actes et la r\u00e9\u00e9valuation des indemnit\u00e9s des d\u00e9l\u00e9gu\u00e9s de quartier. \u201cLe chef de l\u2019Etat a invit\u00e9 le ministre de l\u2019Int\u00e9rieur et le ministre charg\u00e9 des Collectivit\u00e9s territoriales \u00e0 veiller [&hellip;]\" \/>\n<meta property=\"og:url\" content=\"https:\/\/www.nettali.com\/2022\/12\/08\/collectivites-territoriales-les-nouvelles-exigences-de-macky-sall\/\" \/>\n<meta property=\"og:site_name\" content=\"Nettali.com\" \/>\n<meta property=\"article:publisher\" content=\"https:\/\/www.facebook.com\/nettalicom\" \/>\n<meta property=\"article:published_time\" content=\"2022-12-08T07:42:19+00:00\" \/>\n<meta property=\"og:image\" content=\"https:\/\/www.nettali.com\/wp-content\/uploads\/2022\/10\/Macky-Sall-e1666620637697.jpeg\" \/>\n\t<meta property=\"og:image:width\" content=\"1225\" \/>\n\t<meta property=\"og:image:height\" content=\"684\" \/>\n<meta name=\"twitter:card\" content=\"summary_large_image\" \/>\n<meta name=\"twitter:label1\" content=\"\u00c9crit par\" \/>\n\t<meta name=\"twitter:data1\" content=\"Daouda\" \/>\n\t<meta name=\"twitter:label2\" content=\"Dur\u00e9e de lecture estim\u00e9e\" \/>\n\t<meta name=\"twitter:data2\" content=\"2 minutes\" \/>\n<script type=\"application\/ld+json\" class=\"yoast-schema-graph\">{\"@context\":\"https:\/\/schema.org\",\"@graph\":[{\"@type\":\"WebSite\",\"@id\":\"https:\/\/www.nettali.com\/#website\",\"url\":\"https:\/\/www.nettali.com\/\",\"name\":\"Nettali.com\",\"description\":\"Le rendez-vous critique du Net\",\"potentialAction\":[{\"@type\":\"SearchAction\",\"target\":{\"@type\":\"EntryPoint\",\"urlTemplate\":\"https:\/\/www.nettali.com\/?s={search_term_string}\"},\"query-input\":\"required name=search_term_string\"}],\"inLanguage\":\"fr-FR\"},{\"@type\":\"ImageObject\",\"@id\":\"https:\/\/www.nettali.com\/2022\/12\/08\/collectivites-territoriales-les-nouvelles-exigences-de-macky-sall\/#primaryimage\",\"inLanguage\":\"fr-FR\",\"url\":\"https:\/\/www.nettali.com\/wp-content\/uploads\/2022\/10\/Macky-Sall-e1666620637697.jpeg\",\"contentUrl\":\"https:\/\/www.nettali.com\/wp-content\/uploads\/2022\/10\/Macky-Sall-e1666620637697.jpeg\",\"width\":1225,\"height\":684},{\"@type\":\"WebPage\",\"@id\":\"https:\/\/www.nettali.com\/2022\/12\/08\/collectivites-territoriales-les-nouvelles-exigences-de-macky-sall\/#webpage\",\"url\":\"https:\/\/www.nettali.com\/2022\/12\/08\/collectivites-territoriales-les-nouvelles-exigences-de-macky-sall\/\",\"name\":\"COLLECTIVIT\\u00c9S TERRITORIALES - Les nouvelles exigences de Macky Sall | Nettali.com\",\"isPartOf\":{\"@id\":\"https:\/\/www.nettali.com\/#website\"},\"primaryImageOfPage\":{\"@id\":\"https:\/\/www.nettali.com\/2022\/12\/08\/collectivites-territoriales-les-nouvelles-exigences-de-macky-sall\/#primaryimage\"},\"datePublished\":\"2022-12-08T07:42:19+00:00\",\"dateModified\":\"2022-12-08T07:42:19+00:00\",\"author\":{\"@id\":\"https:\/\/www.nettali.com\/#\/schema\/person\/3317e0bb3aa1da309fbf7b2780901bf4\"},\"breadcrumb\":{\"@id\":\"https:\/\/www.nettali.com\/2022\/12\/08\/collectivites-territoriales-les-nouvelles-exigences-de-macky-sall\/#breadcrumb\"},\"inLanguage\":\"fr-FR\",\"potentialAction\":[{\"@type\":\"ReadAction\",\"target\":[\"https:\/\/www.nettali.com\/2022\/12\/08\/collectivites-territoriales-les-nouvelles-exigences-de-macky-sall\/\"]}]},{\"@type\":\"BreadcrumbList\",\"@id\":\"https:\/\/www.nettali.com\/2022\/12\/08\/collectivites-territoriales-les-nouvelles-exigences-de-macky-sall\/#breadcrumb\",\"itemListElement\":[{\"@type\":\"ListItem\",\"position\":1,\"name\":\"Accueil\",\"item\":\"https:\/\/www.nettali.com\/\"},{\"@type\":\"ListItem\",\"position\":2,\"name\":\"COLLECTIVIT\\u00c9S TERRITORIALES - Les nouvelles exigences de Macky Sall\"}]},{\"@type\":\"Person\",\"@id\":\"https:\/\/www.nettali.com\/#\/schema\/person\/3317e0bb3aa1da309fbf7b2780901bf4\",\"name\":\"Daouda\",\"image\":{\"@type\":\"ImageObject\",\"@id\":\"https:\/\/www.nettali.com\/#personlogo\",\"inLanguage\":\"fr-FR\",\"url\":\"https:\/\/secure.gravatar.com\/avatar\/8d143b5a49345098ddcfee1c49c2f47c?s=96&d=mm&r=g\",\"contentUrl\":\"https:\/\/secure.gravatar.com\/avatar\/8d143b5a49345098ddcfee1c49c2f47c?s=96&d=mm&r=g\",\"caption\":\"Daouda\"},\"sameAs\":[\"https:\/\/www.nettali.com\"]}]}<\/script>\n<!-- \/ Yoast SEO Premium plugin. -->","yoast_head_json":{"title":"COLLECTIVIT\u00c9S TERRITORIALES - Les nouvelles exigences de Macky Sall | Nettali.com","robots":{"index":"index","follow":"follow","max-snippet":"max-snippet:-1","max-image-preview":"max-image-preview:large","max-video-preview":"max-video-preview:-1"},"canonical":"https:\/\/www.nettali.com\/2022\/12\/08\/collectivites-territoriales-les-nouvelles-exigences-de-macky-sall\/","og_locale":"fr_FR","og_type":"article","og_title":"COLLECTIVIT\u00c9S TERRITORIALES - Les nouvelles exigences de Macky Sall","og_description":"NETTALI.COM - Le pr\u00e9sident de la R\u00e9publique a fait plusieurs recommandations au gouvernement, concernant les collectivit\u00e9s territoriales, notamment l\u2019application rigoureuse du contr\u00f4le de l\u00e9galit\u00e9 de leurs actes et la r\u00e9\u00e9valuation des indemnit\u00e9s des d\u00e9l\u00e9gu\u00e9s de quartier. \u201cLe chef de l\u2019Etat a invit\u00e9 le ministre de l\u2019Int\u00e9rieur et le ministre charg\u00e9 des Collectivit\u00e9s territoriales \u00e0 veiller [&hellip;]","og_url":"https:\/\/www.nettali.com\/2022\/12\/08\/collectivites-territoriales-les-nouvelles-exigences-de-macky-sall\/","og_site_name":"Nettali.com","article_publisher":"https:\/\/www.facebook.com\/nettalicom","article_published_time":"2022-12-08T07:42:19+00:00","og_image":[{"width":1225,"height":684,"url":"https:\/\/www.nettali.com\/wp-content\/uploads\/2022\/10\/Macky-Sall-e1666620637697.jpeg","type":"image\/jpeg"}],"twitter_card":"summary_large_image","twitter_misc":{"\u00c9crit par":"Daouda","Dur\u00e9e de lecture estim\u00e9e":"2 minutes"},"schema":{"@context":"https:\/\/schema.org","@graph":[{"@type":"WebSite","@id":"https:\/\/www.nettali.com\/#website","url":"https:\/\/www.nettali.com\/","name":"Nettali.com","description":"Le rendez-vous critique du Net","potentialAction":[{"@type":"SearchAction","target":{"@type":"EntryPoint","urlTemplate":"https:\/\/www.nettali.com\/?s={search_term_string}"},"query-input":"required name=search_term_string"}],"inLanguage":"fr-FR"},{"@type":"ImageObject","@id":"https:\/\/www.nettali.com\/2022\/12\/08\/collectivites-territoriales-les-nouvelles-exigences-de-macky-sall\/#primaryimage","inLanguage":"fr-FR","url":"https:\/\/www.nettali.com\/wp-content\/uploads\/2022\/10\/Macky-Sall-e1666620637697.jpeg","contentUrl":"https:\/\/www.nettali.com\/wp-content\/uploads\/2022\/10\/Macky-Sall-e1666620637697.jpeg","width":1225,"height":684},{"@type":"WebPage","@id":"https:\/\/www.nettali.com\/2022\/12\/08\/collectivites-territoriales-les-nouvelles-exigences-de-macky-sall\/#webpage","url":"https:\/\/www.nettali.com\/2022\/12\/08\/collectivites-territoriales-les-nouvelles-exigences-de-macky-sall\/","name":"COLLECTIVIT\u00c9S TERRITORIALES - Les nouvelles exigences de Macky Sall | Nettali.com","isPartOf":{"@id":"https:\/\/www.nettali.com\/#website"},"primaryImageOfPage":{"@id":"https:\/\/www.nettali.com\/2022\/12\/08\/collectivites-territoriales-les-nouvelles-exigences-de-macky-sall\/#primaryimage"},"datePublished":"2022-12-08T07:42:19+00:00","dateModified":"2022-12-08T07:42:19+00:00","author":{"@id":"https:\/\/www.nettali.com\/#\/schema\/person\/3317e0bb3aa1da309fbf7b2780901bf4"},"breadcrumb":{"@id":"https:\/\/www.nettali.com\/2022\/12\/08\/collectivites-territoriales-les-nouvelles-exigences-de-macky-sall\/#breadcrumb"},"inLanguage":"fr-FR","potentialAction":[{"@type":"ReadAction","target":["https:\/\/www.nettali.com\/2022\/12\/08\/collectivites-territoriales-les-nouvelles-exigences-de-macky-sall\/"]}]},{"@type":"BreadcrumbList","@id":"https:\/\/www.nettali.com\/2022\/12\/08\/collectivites-territoriales-les-nouvelles-exigences-de-macky-sall\/#breadcrumb","itemListElement":[{"@type":"ListItem","position":1,"name":"Accueil","item":"https:\/\/www.nettali.com\/"},{"@type":"ListItem","position":2,"name":"COLLECTIVIT\u00c9S TERRITORIALES - Les nouvelles exigences de Macky Sall"}]},{"@type":"Person","@id":"https:\/\/www.nettali.com\/#\/schema\/person\/3317e0bb3aa1da309fbf7b2780901bf4","name":"Daouda","image":{"@type":"ImageObject","@id":"https:\/\/www.nettali.com\/#personlogo","inLanguage":"fr-FR","url":"https:\/\/secure.gravatar.com\/avatar\/8d143b5a49345098ddcfee1c49c2f47c?s=96&d=mm&r=g","contentUrl":"https:\/\/secure.gravatar.com\/avatar\/8d143b5a49345098ddcfee1c49c2f47c?s=96&d=mm&r=g","caption":"Daouda"},"sameAs":["https:\/\/www.nettali.com"]}]}},"_links":{"self":[{"href":"https:\/\/www.nettali.com\/rest\/wp\/v2\/posts\/99169"}],"collection":[{"href":"https:\/\/www.nettali.com\/rest\/wp\/v2\/posts"}],"about":[{"href":"https:\/\/www.nettali.com\/rest\/wp\/v2\/types\/post"}],"author":[{"embeddable":true,"href":"https:\/\/www.nettali.com\/rest\/wp\/v2\/users\/4"}],"replies":[{"embeddable":true,"href":"https:\/\/www.nettali.com\/rest\/wp\/v2\/comments?post=99169"}],"version-history":[{"count":1,"href":"https:\/\/www.nettali.com\/rest\/wp\/v2\/posts\/99169\/revisions"}],"predecessor-version":[{"id":99170,"href":"https:\/\/www.nettali.com\/rest\/wp\/v2\/posts\/99169\/revisions\/99170"}],"wp:featuredmedia":[{"embeddable":true,"href":"https:\/\/www.nettali.com\/rest\/wp\/v2\/media\/96395"}],"wp:attachment":[{"href":"https:\/\/www.nettali.com\/rest\/wp\/v2\/media?parent=99169"}],"wp:term":[{"taxonomy":"category","embeddable":true,"href":"https:\/\/www.nettali.com\/rest\/wp\/v2\/categories?post=99169"},{"taxonomy":"post_tag","embeddable":true,"href":"https:\/\/www.nettali.com\/rest\/wp\/v2\/tags?post=99169"}],"curies":[{"name":"wp","href":"https:\/\/api.w.org\/{rel}","templated":true}]}}