{"id":99167,"date":"2022-12-08T07:38:11","date_gmt":"2022-12-08T07:38:11","guid":{"rendered":"https:\/\/www.nettali.com\/?p=99167"},"modified":"2022-12-08T07:38:11","modified_gmt":"2022-12-08T07:38:11","slug":"la-cap-exige-de-nouveau-la-liberation-du-journaliste-pape-ale-niang","status":"publish","type":"post","link":"https:\/\/www.nettali.com\/2022\/12\/08\/la-cap-exige-de-nouveau-la-liberation-du-journaliste-pape-ale-niang\/","title":{"rendered":"La CAP exige de nouveau la lib\u00e9ration du journaliste Pape Al\u00e9 Niang"},"content":{"rendered":"<p><strong>NETTALI.COM - La Coordination des associations de presse (CAP) a tenu, mercredi, \u00e0 Dakar, un nouveau \"conseil des m\u00e9dias\", au cours duquel les professionnels des m\u00e9dias ont exig\u00e9 la lib\u00e9ration de leur confr\u00e8re Pape Al\u00e9 Niang.<\/strong><\/p>\n<p>De nombreux journalistes et techniciens des m\u00e9dias, ainsi que des militants de la soci\u00e9t\u00e9 civile, ont pris \u00e0 ce rassemblement, \u00e0 la Maison de la presse Babacar-Tour\u00e9.<\/p>\n<p>Le patron du site d\u2019information Dakar Matin, tr\u00e8s critique envers les dirigeants actuels du S\u00e9n\u00e9gal, a \u00e9t\u00e9 arr\u00eat\u00e9 le 6 novembre dernier.<\/p>\n<p>Il est accus\u00e9 de \u201cdivulgation d\u2019informations (\u2026) de nature \u00e0 nuire \u00e0 la d\u00e9fense nationale\u201d, \u201crecel de documents administratifs et militaires\" et \"diffusion de fausses nouvelles\u201d.<\/p>\n<p>Inculp\u00e9 depuis le 9 novembre, le journaliste est plac\u00e9 en d\u00e9tention pr\u00e9ventive \u00e0 la prison de S\u00e9bikhotane, dans le d\u00e9partement de Rufisque (ouest). Il risque une peine maximale de cinq ans de prison.<\/p>\n<p>Pape Al\u00e9 Niang observe une gr\u00e8ve de la faim depuis vendredi dernier.<\/p>\n<p>Selon plusieurs m\u00e9dias, il sera auditionn\u00e9 vendredi prochain par un juge d'instruction.<\/p>\n<p>Maguette Ndong, le secr\u00e9taire g\u00e9n\u00e9ral adjoint du Syndicat des professionnels de l\u2019information et de la communication du S\u00e9n\u00e9gal (SYNPICS), estime qu\u2019il est temps de \u201cse remobiliser pour que l\u2019Etat lib\u00e8re Pape Al\u00e9 Niang\u201d, afin qu'\"il puisse rejoindre sa famille\".<\/p>\n<p>Ndong a annonc\u00e9 le lancement d\u2019une p\u00e9tition visant \u00e0 obtenir la lib\u00e9ration du journaliste. \u201cUne centaine de personnes, parmi lesquelles d\u2019anciens journalistes et de grands \u00e9crivains, l\u2019ont d\u00e9j\u00e0 sign\u00e9e\u201d, a-t-il dit.<\/p>\n<p>Alassane Seck, le pr\u00e9sident de la Ligue s\u00e9n\u00e9galaise des droits humains (LSDH), souhaite que Pape Al\u00e9 Niang suspende sa gr\u00e8ve de la faim, d\u2019autant plus qu\u2019une audition par un juge d'instruction est pr\u00e9vue vendredi.<\/p>\n<p>\u201cLa LSDH lui renouvelle son soutien et reste disponible pour l\u2019accompagner, s\u2019il y a un proc\u00e8s\u201d, a assur\u00e9 M. Seck.<\/p>\n<p>Selon Cir\u00e9 Cl\u00e9dor Ly, l\u2019un de ses avocats, Niang a \u00e9t\u00e9 arr\u00eat\u00e9 apr\u00e8s avoir publi\u00e9 une vid\u00e9o relayant le contenu d\u2019un rapport interne de la Gendarmerie nationale sur le dossier judiciaire opposant Ousmane Sonko, le chef de l\u2019opposition, \u00e0 Adji Sarr.<\/p>\n<p>M. Sonko, inculp\u00e9 de viol \u00e0 la suite d'une plainte de la jeune dame, est plac\u00e9 sous contr\u00f4le judiciaire depuis pr\u00e8s de deux ans.<\/p>\n<div class='share-to-whatsapp-wrapper'><div class='share-on-whsp'>PARTAGER SUR : <\/div><a data-text='La CAP exige de nouveau la lib\u00e9ration du journaliste Pape Al\u00e9 Niang' data-link='https:\/\/www.nettali.com\/2022\/12\/08\/la-cap-exige-de-nouveau-la-liberation-du-journaliste-pape-ale-niang\/' class='whatsapp-button whatsapp-share'>WhatsApp<\/a><div class='clear '><\/div><\/div>","protected":false},"excerpt":{"rendered":"<p>NETTALI.COM - La Coordination des associations de presse (CAP) a tenu, mercredi, \u00e0 Dakar, un nouveau \"conseil des m\u00e9dias\", au cours duquel les professionnels des m\u00e9dias ont exig\u00e9 la lib\u00e9ration de leur confr\u00e8re Pape Al\u00e9 Niang. De nombreux journalistes et techniciens des m\u00e9dias, ainsi que des militants de la soci\u00e9t\u00e9 civile, ont pris \u00e0 ce [&hellip;]<\/p>\n","protected":false},"author":4,"featured_media":97163,"comment_status":"open","ping_status":"open","sticky":false,"template":"","format":"standard","meta":{"_et_pb_use_builder":"","_et_pb_old_content":""},"categories":[3],"tags":[],"yoast_head":"<!-- This site is optimized with the Yoast SEO Premium plugin v17.8 (Yoast SEO v17.8) - https:\/\/yoast.com\/wordpress\/plugins\/seo\/ -->\n<title>La CAP exige de nouveau la lib\u00e9ration du journaliste Pape Al\u00e9 Niang | Nettali.com<\/title>\n<meta name=\"robots\" content=\"index, follow, max-snippet:-1, max-image-preview:large, max-video-preview:-1\" \/>\n<link rel=\"canonical\" href=\"https:\/\/www.nettali.com\/2022\/12\/08\/la-cap-exige-de-nouveau-la-liberation-du-journaliste-pape-ale-niang\/\" \/>\n<meta property=\"og:locale\" content=\"fr_FR\" \/>\n<meta property=\"og:type\" content=\"article\" \/>\n<meta property=\"og:title\" content=\"La CAP exige de nouveau la lib\u00e9ration du journaliste Pape Al\u00e9 Niang\" \/>\n<meta property=\"og:description\" content=\"NETTALI.COM - La Coordination des associations de presse (CAP) a tenu, mercredi, \u00e0 Dakar, un nouveau &quot;conseil des m\u00e9dias&quot;, au cours duquel les professionnels des m\u00e9dias ont exig\u00e9 la lib\u00e9ration de leur confr\u00e8re Pape Al\u00e9 Niang. De nombreux journalistes et techniciens des m\u00e9dias, ainsi que des militants de la soci\u00e9t\u00e9 civile, ont pris \u00e0 ce [&hellip;]\" \/>\n<meta property=\"og:url\" content=\"https:\/\/www.nettali.com\/2022\/12\/08\/la-cap-exige-de-nouveau-la-liberation-du-journaliste-pape-ale-niang\/\" \/>\n<meta property=\"og:site_name\" content=\"Nettali.com\" \/>\n<meta property=\"article:publisher\" content=\"https:\/\/www.facebook.com\/nettalicom\" \/>\n<meta property=\"article:published_time\" content=\"2022-12-08T07:38:11+00:00\" \/>\n<meta property=\"og:image\" content=\"https:\/\/www.nettali.com\/wp-content\/uploads\/2022\/11\/pape-ale-niang.jpeg\" \/>\n\t<meta property=\"og:image:width\" content=\"696\" \/>\n\t<meta property=\"og:image:height\" content=\"392\" \/>\n<meta name=\"twitter:card\" content=\"summary_large_image\" \/>\n<meta name=\"twitter:label1\" content=\"\u00c9crit par\" \/>\n\t<meta name=\"twitter:data1\" content=\"Daouda\" \/>\n\t<meta name=\"twitter:label2\" content=\"Dur\u00e9e de lecture estim\u00e9e\" \/>\n\t<meta name=\"twitter:data2\" content=\"2 minutes\" \/>\n<script type=\"application\/ld+json\" class=\"yoast-schema-graph\">{\"@context\":\"https:\/\/schema.org\",\"@graph\":[{\"@type\":\"WebSite\",\"@id\":\"https:\/\/www.nettali.com\/#website\",\"url\":\"https:\/\/www.nettali.com\/\",\"name\":\"Nettali.com\",\"description\":\"Le rendez-vous critique du Net\",\"potentialAction\":[{\"@type\":\"SearchAction\",\"target\":{\"@type\":\"EntryPoint\",\"urlTemplate\":\"https:\/\/www.nettali.com\/?s={search_term_string}\"},\"query-input\":\"required name=search_term_string\"}],\"inLanguage\":\"fr-FR\"},{\"@type\":\"ImageObject\",\"@id\":\"https:\/\/www.nettali.com\/2022\/12\/08\/la-cap-exige-de-nouveau-la-liberation-du-journaliste-pape-ale-niang\/#primaryimage\",\"inLanguage\":\"fr-FR\",\"url\":\"https:\/\/www.nettali.com\/wp-content\/uploads\/2022\/11\/pape-ale-niang.jpeg\",\"contentUrl\":\"https:\/\/www.nettali.com\/wp-content\/uploads\/2022\/11\/pape-ale-niang.jpeg\",\"width\":696,\"height\":392},{\"@type\":\"WebPage\",\"@id\":\"https:\/\/www.nettali.com\/2022\/12\/08\/la-cap-exige-de-nouveau-la-liberation-du-journaliste-pape-ale-niang\/#webpage\",\"url\":\"https:\/\/www.nettali.com\/2022\/12\/08\/la-cap-exige-de-nouveau-la-liberation-du-journaliste-pape-ale-niang\/\",\"name\":\"La CAP exige de nouveau la lib\\u00e9ration du journaliste Pape Al\\u00e9 Niang | Nettali.com\",\"isPartOf\":{\"@id\":\"https:\/\/www.nettali.com\/#website\"},\"primaryImageOfPage\":{\"@id\":\"https:\/\/www.nettali.com\/2022\/12\/08\/la-cap-exige-de-nouveau-la-liberation-du-journaliste-pape-ale-niang\/#primaryimage\"},\"datePublished\":\"2022-12-08T07:38:11+00:00\",\"dateModified\":\"2022-12-08T07:38:11+00:00\",\"author\":{\"@id\":\"https:\/\/www.nettali.com\/#\/schema\/person\/3317e0bb3aa1da309fbf7b2780901bf4\"},\"breadcrumb\":{\"@id\":\"https:\/\/www.nettali.com\/2022\/12\/08\/la-cap-exige-de-nouveau-la-liberation-du-journaliste-pape-ale-niang\/#breadcrumb\"},\"inLanguage\":\"fr-FR\",\"potentialAction\":[{\"@type\":\"ReadAction\",\"target\":[\"https:\/\/www.nettali.com\/2022\/12\/08\/la-cap-exige-de-nouveau-la-liberation-du-journaliste-pape-ale-niang\/\"]}]},{\"@type\":\"BreadcrumbList\",\"@id\":\"https:\/\/www.nettali.com\/2022\/12\/08\/la-cap-exige-de-nouveau-la-liberation-du-journaliste-pape-ale-niang\/#breadcrumb\",\"itemListElement\":[{\"@type\":\"ListItem\",\"position\":1,\"name\":\"Accueil\",\"item\":\"https:\/\/www.nettali.com\/\"},{\"@type\":\"ListItem\",\"position\":2,\"name\":\"La CAP exige de nouveau la lib\\u00e9ration du journaliste Pape Al\\u00e9 Niang\"}]},{\"@type\":\"Person\",\"@id\":\"https:\/\/www.nettali.com\/#\/schema\/person\/3317e0bb3aa1da309fbf7b2780901bf4\",\"name\":\"Daouda\",\"image\":{\"@type\":\"ImageObject\",\"@id\":\"https:\/\/www.nettali.com\/#personlogo\",\"inLanguage\":\"fr-FR\",\"url\":\"https:\/\/secure.gravatar.com\/avatar\/8d143b5a49345098ddcfee1c49c2f47c?s=96&d=mm&r=g\",\"contentUrl\":\"https:\/\/secure.gravatar.com\/avatar\/8d143b5a49345098ddcfee1c49c2f47c?s=96&d=mm&r=g\",\"caption\":\"Daouda\"},\"sameAs\":[\"https:\/\/www.nettali.com\"]}]}<\/script>\n<!-- \/ Yoast SEO Premium plugin. -->","yoast_head_json":{"title":"La CAP exige de nouveau la lib\u00e9ration du journaliste Pape Al\u00e9 Niang | Nettali.com","robots":{"index":"index","follow":"follow","max-snippet":"max-snippet:-1","max-image-preview":"max-image-preview:large","max-video-preview":"max-video-preview:-1"},"canonical":"https:\/\/www.nettali.com\/2022\/12\/08\/la-cap-exige-de-nouveau-la-liberation-du-journaliste-pape-ale-niang\/","og_locale":"fr_FR","og_type":"article","og_title":"La CAP exige de nouveau la lib\u00e9ration du journaliste Pape Al\u00e9 Niang","og_description":"NETTALI.COM - La Coordination des associations de presse (CAP) a tenu, mercredi, \u00e0 Dakar, un nouveau \"conseil des m\u00e9dias\", au cours duquel les professionnels des m\u00e9dias ont exig\u00e9 la lib\u00e9ration de leur confr\u00e8re Pape Al\u00e9 Niang. De nombreux journalistes et techniciens des m\u00e9dias, ainsi que des militants de la soci\u00e9t\u00e9 civile, ont pris \u00e0 ce [&hellip;]","og_url":"https:\/\/www.nettali.com\/2022\/12\/08\/la-cap-exige-de-nouveau-la-liberation-du-journaliste-pape-ale-niang\/","og_site_name":"Nettali.com","article_publisher":"https:\/\/www.facebook.com\/nettalicom","article_published_time":"2022-12-08T07:38:11+00:00","og_image":[{"width":696,"height":392,"url":"https:\/\/www.nettali.com\/wp-content\/uploads\/2022\/11\/pape-ale-niang.jpeg","type":"image\/jpeg"}],"twitter_card":"summary_large_image","twitter_misc":{"\u00c9crit par":"Daouda","Dur\u00e9e de lecture estim\u00e9e":"2 minutes"},"schema":{"@context":"https:\/\/schema.org","@graph":[{"@type":"WebSite","@id":"https:\/\/www.nettali.com\/#website","url":"https:\/\/www.nettali.com\/","name":"Nettali.com","description":"Le rendez-vous critique du Net","potentialAction":[{"@type":"SearchAction","target":{"@type":"EntryPoint","urlTemplate":"https:\/\/www.nettali.com\/?s={search_term_string}"},"query-input":"required name=search_term_string"}],"inLanguage":"fr-FR"},{"@type":"ImageObject","@id":"https:\/\/www.nettali.com\/2022\/12\/08\/la-cap-exige-de-nouveau-la-liberation-du-journaliste-pape-ale-niang\/#primaryimage","inLanguage":"fr-FR","url":"https:\/\/www.nettali.com\/wp-content\/uploads\/2022\/11\/pape-ale-niang.jpeg","contentUrl":"https:\/\/www.nettali.com\/wp-content\/uploads\/2022\/11\/pape-ale-niang.jpeg","width":696,"height":392},{"@type":"WebPage","@id":"https:\/\/www.nettali.com\/2022\/12\/08\/la-cap-exige-de-nouveau-la-liberation-du-journaliste-pape-ale-niang\/#webpage","url":"https:\/\/www.nettali.com\/2022\/12\/08\/la-cap-exige-de-nouveau-la-liberation-du-journaliste-pape-ale-niang\/","name":"La CAP exige de nouveau la lib\u00e9ration du journaliste Pape Al\u00e9 Niang | Nettali.com","isPartOf":{"@id":"https:\/\/www.nettali.com\/#website"},"primaryImageOfPage":{"@id":"https:\/\/www.nettali.com\/2022\/12\/08\/la-cap-exige-de-nouveau-la-liberation-du-journaliste-pape-ale-niang\/#primaryimage"},"datePublished":"2022-12-08T07:38:11+00:00","dateModified":"2022-12-08T07:38:11+00:00","author":{"@id":"https:\/\/www.nettali.com\/#\/schema\/person\/3317e0bb3aa1da309fbf7b2780901bf4"},"breadcrumb":{"@id":"https:\/\/www.nettali.com\/2022\/12\/08\/la-cap-exige-de-nouveau-la-liberation-du-journaliste-pape-ale-niang\/#breadcrumb"},"inLanguage":"fr-FR","potentialAction":[{"@type":"ReadAction","target":["https:\/\/www.nettali.com\/2022\/12\/08\/la-cap-exige-de-nouveau-la-liberation-du-journaliste-pape-ale-niang\/"]}]},{"@type":"BreadcrumbList","@id":"https:\/\/www.nettali.com\/2022\/12\/08\/la-cap-exige-de-nouveau-la-liberation-du-journaliste-pape-ale-niang\/#breadcrumb","itemListElement":[{"@type":"ListItem","position":1,"name":"Accueil","item":"https:\/\/www.nettali.com\/"},{"@type":"ListItem","position":2,"name":"La CAP exige de nouveau la lib\u00e9ration du journaliste Pape Al\u00e9 Niang"}]},{"@type":"Person","@id":"https:\/\/www.nettali.com\/#\/schema\/person\/3317e0bb3aa1da309fbf7b2780901bf4","name":"Daouda","image":{"@type":"ImageObject","@id":"https:\/\/www.nettali.com\/#personlogo","inLanguage":"fr-FR","url":"https:\/\/secure.gravatar.com\/avatar\/8d143b5a49345098ddcfee1c49c2f47c?s=96&d=mm&r=g","contentUrl":"https:\/\/secure.gravatar.com\/avatar\/8d143b5a49345098ddcfee1c49c2f47c?s=96&d=mm&r=g","caption":"Daouda"},"sameAs":["https:\/\/www.nettali.com"]}]}},"_links":{"self":[{"href":"https:\/\/www.nettali.com\/rest\/wp\/v2\/posts\/99167"}],"collection":[{"href":"https:\/\/www.nettali.com\/rest\/wp\/v2\/posts"}],"about":[{"href":"https:\/\/www.nettali.com\/rest\/wp\/v2\/types\/post"}],"author":[{"embeddable":true,"href":"https:\/\/www.nettali.com\/rest\/wp\/v2\/users\/4"}],"replies":[{"embeddable":true,"href":"https:\/\/www.nettali.com\/rest\/wp\/v2\/comments?post=99167"}],"version-history":[{"count":1,"href":"https:\/\/www.nettali.com\/rest\/wp\/v2\/posts\/99167\/revisions"}],"predecessor-version":[{"id":99168,"href":"https:\/\/www.nettali.com\/rest\/wp\/v2\/posts\/99167\/revisions\/99168"}],"wp:featuredmedia":[{"embeddable":true,"href":"https:\/\/www.nettali.com\/rest\/wp\/v2\/media\/97163"}],"wp:attachment":[{"href":"https:\/\/www.nettali.com\/rest\/wp\/v2\/media?parent=99167"}],"wp:term":[{"taxonomy":"category","embeddable":true,"href":"https:\/\/www.nettali.com\/rest\/wp\/v2\/categories?post=99167"},{"taxonomy":"post_tag","embeddable":true,"href":"https:\/\/www.nettali.com\/rest\/wp\/v2\/tags?post=99167"}],"curies":[{"name":"wp","href":"https:\/\/api.w.org\/{rel}","templated":true}]}}