{"id":99049,"date":"2022-12-06T21:19:25","date_gmt":"2022-12-06T21:19:25","guid":{"rendered":"https:\/\/www.nettali.com\/?p=99049"},"modified":"2022-12-07T09:03:54","modified_gmt":"2022-12-07T09:03:54","slug":"adji-sarr-apres-la-confrontation-avec-sonko-je-suis-un-peu-decue","status":"publish","type":"post","link":"https:\/\/www.nettali.com\/2022\/12\/06\/adji-sarr-apres-la-confrontation-avec-sonko-je-suis-un-peu-decue\/","title":{"rendered":"ADJI SARR APRES LA CONFRONTATION AVEC SONKO- \"Je suis d\u00e9\u00e7ue, j'ai vu un Ousmane Sonko...\""},"content":{"rendered":"<p><strong>NETTALI.COM - Programm\u00e9e ce mardi 6 d\u00e9cembre 2022 \u00e0 11 heures, la confrontation entre Ousmane Sonko et Adji Sarr a pris fin un peu apr\u00e8s 19 heures. Au sortir du bureau du Doyen des juges, la jeune femme s'est dite d\u00e9\u00e7ue par le leader de pastef qui, dit-elle, \"<em>n'a pas r\u00e9pondu aux questions<\/em>\".<\/strong><\/p>\n<p>C'est autour de 20 heures que la dame Adji Sarr est sortie du bureau du Doyen des juges d'instruction du Tribunal de grande instance de Dakar. Ce, apr\u00e8s des heures de confrontation avec Ousmane Sonko qu'elle accuse de viols r\u00e9p\u00e9t\u00e9s et de menaces de mort. La masseuse s'est dite d\u00e9\u00e7ue de ce face-\u00e0-face. Car, \u00e0 l'en croire, le maire de Ziguinchor n'a pas voulu se confronter \u00e0 elle et ses avocats.<\/p>\n<p>\"<em>Je suis d\u00e9\u00e7ue car je m'attendais \u00e0 une r\u00e9elle confrontation, mais il n'y en a pas eue. Car Ousmane Sonko n\u2019a pas voulu r\u00e9pondre aux questions de mes avocats, du procureur et du juge. Moi aussi j'ai fait pareil avec ses conseils. Lorsqu'on lui posait sur Adji Sarr, il r\u00e9pondait \u00e0 Me El Hadj Diouf. Par contre, moi j'ai r\u00e9pondu \u00e0 toutes les interpellations du procureur, du juge et de mes avocats<\/em>\", fulmine Adji Sarr.<\/p>\n<p>\"<em>Je suis d\u00e9\u00e7ue. Aujourd'hui, j'ai vu un Ousmane Sonko que je n'ai jamais vu. Celui qui \u00e9tait en face de moi, est diff\u00e9rent de celui qu'on voit \u00e0 la t\u00e9l\u00e9.\", a\u00a0 poursuivi Adji Sarr. <\/em><\/p>\n<p>Dans la foul\u00e9e, elle a aussi d\u00e9menti l'information relay\u00e9e le matin, selon laquelle, Ousmane Sonko l'a trait\u00e9e de menteuse. \"<em>Nous n'avons m\u00eame pas \u00e9chang\u00e9 de propos car Ousmane n\u2019a pas eu le courage de m\u2019adresser la parole. Je n\u2019ai jamais dit que j'\u00e9tais enceinte<\/em>\", a conclu Adji Sarr<\/p>\n<div class='share-to-whatsapp-wrapper'><div class='share-on-whsp'>PARTAGER SUR : <\/div><a data-text='ADJI SARR APRES LA CONFRONTATION AVEC SONKO- \"Je suis d\u00e9\u00e7ue, j'ai vu un Ousmane Sonko...\"' data-link='https:\/\/www.nettali.com\/2022\/12\/06\/adji-sarr-apres-la-confrontation-avec-sonko-je-suis-un-peu-decue\/' class='whatsapp-button whatsapp-share'>WhatsApp<\/a><div class='clear '><\/div><\/div>","protected":false},"excerpt":{"rendered":"<p>NETTALI.COM - Programm\u00e9e ce mardi 6 d\u00e9cembre 2022 \u00e0 11 heures, la confrontation entre Ousmane Sonko et Adji Sarr a pris fin un peu apr\u00e8s 19 heures. Au sortir du bureau du Doyen des juges, la jeune femme s'est dite d\u00e9\u00e7ue par le leader de pastef qui, dit-elle, \"n'a pas r\u00e9pondu aux questions\". C'est autour [&hellip;]<\/p>\n","protected":false},"author":6,"featured_media":99012,"comment_status":"open","ping_status":"open","sticky":false,"template":"","format":"standard","meta":{"_et_pb_use_builder":"","_et_pb_old_content":""},"categories":[3],"tags":[],"yoast_head":"<!-- This site is optimized with the Yoast SEO Premium plugin v17.8 (Yoast SEO v17.8) - https:\/\/yoast.com\/wordpress\/plugins\/seo\/ -->\n<title>ADJI SARR APRES LA CONFRONTATION AVEC SONKO- &quot;Je suis d\u00e9\u00e7ue, j&#039;ai vu un Ousmane Sonko...&quot; | Nettali.com<\/title>\n<meta name=\"robots\" content=\"index, follow, max-snippet:-1, max-image-preview:large, max-video-preview:-1\" \/>\n<link rel=\"canonical\" href=\"https:\/\/www.nettali.com\/2022\/12\/06\/adji-sarr-apres-la-confrontation-avec-sonko-je-suis-un-peu-decue\/\" \/>\n<meta property=\"og:locale\" content=\"fr_FR\" \/>\n<meta property=\"og:type\" content=\"article\" \/>\n<meta property=\"og:title\" content=\"ADJI SARR APRES LA CONFRONTATION AVEC SONKO- &quot;Je suis d\u00e9\u00e7ue, j&#039;ai vu un Ousmane Sonko...&quot;\" \/>\n<meta property=\"og:description\" content=\"NETTALI.COM - Programm\u00e9e ce mardi 6 d\u00e9cembre 2022 \u00e0 11 heures, la confrontation entre Ousmane Sonko et Adji Sarr a pris fin un peu apr\u00e8s 19 heures. Au sortir du bureau du Doyen des juges, la jeune femme s&#039;est dite d\u00e9\u00e7ue par le leader de pastef qui, dit-elle, &quot;n&#039;a pas r\u00e9pondu aux questions&quot;. C&#039;est autour [&hellip;]\" \/>\n<meta property=\"og:url\" content=\"https:\/\/www.nettali.com\/2022\/12\/06\/adji-sarr-apres-la-confrontation-avec-sonko-je-suis-un-peu-decue\/\" \/>\n<meta property=\"og:site_name\" content=\"Nettali.com\" \/>\n<meta property=\"article:publisher\" content=\"https:\/\/www.facebook.com\/nettalicom\" \/>\n<meta property=\"article:published_time\" content=\"2022-12-06T21:19:25+00:00\" \/>\n<meta property=\"article:modified_time\" content=\"2022-12-07T09:03:54+00:00\" \/>\n<meta property=\"og:image\" content=\"https:\/\/www.nettali.com\/wp-content\/uploads\/2022\/12\/adji-sarr-confrontation-sonko.jpg\" \/>\n\t<meta property=\"og:image:width\" content=\"2486\" \/>\n\t<meta property=\"og:image:height\" content=\"1396\" \/>\n<meta name=\"twitter:card\" content=\"summary_large_image\" \/>\n<meta name=\"twitter:label1\" content=\"\u00c9crit par\" \/>\n\t<meta name=\"twitter:data1\" content=\"Fatou\" \/>\n\t<meta name=\"twitter:label2\" content=\"Dur\u00e9e de lecture estim\u00e9e\" \/>\n\t<meta name=\"twitter:data2\" content=\"2 minutes\" \/>\n<script type=\"application\/ld+json\" class=\"yoast-schema-graph\">{\"@context\":\"https:\/\/schema.org\",\"@graph\":[{\"@type\":\"WebSite\",\"@id\":\"https:\/\/www.nettali.com\/#website\",\"url\":\"https:\/\/www.nettali.com\/\",\"name\":\"Nettali.com\",\"description\":\"Le rendez-vous critique du Net\",\"potentialAction\":[{\"@type\":\"SearchAction\",\"target\":{\"@type\":\"EntryPoint\",\"urlTemplate\":\"https:\/\/www.nettali.com\/?s={search_term_string}\"},\"query-input\":\"required name=search_term_string\"}],\"inLanguage\":\"fr-FR\"},{\"@type\":\"ImageObject\",\"@id\":\"https:\/\/www.nettali.com\/2022\/12\/06\/adji-sarr-apres-la-confrontation-avec-sonko-je-suis-un-peu-decue\/#primaryimage\",\"inLanguage\":\"fr-FR\",\"url\":\"https:\/\/www.nettali.com\/wp-content\/uploads\/2022\/12\/adji-sarr-confrontation-sonko.jpg\",\"contentUrl\":\"https:\/\/www.nettali.com\/wp-content\/uploads\/2022\/12\/adji-sarr-confrontation-sonko.jpg\",\"width\":2486,\"height\":1396},{\"@type\":\"WebPage\",\"@id\":\"https:\/\/www.nettali.com\/2022\/12\/06\/adji-sarr-apres-la-confrontation-avec-sonko-je-suis-un-peu-decue\/#webpage\",\"url\":\"https:\/\/www.nettali.com\/2022\/12\/06\/adji-sarr-apres-la-confrontation-avec-sonko-je-suis-un-peu-decue\/\",\"name\":\"ADJI SARR APRES LA CONFRONTATION AVEC SONKO- \\\"Je suis d\\u00e9\\u00e7ue, j'ai vu un Ousmane Sonko...\\\" | Nettali.com\",\"isPartOf\":{\"@id\":\"https:\/\/www.nettali.com\/#website\"},\"primaryImageOfPage\":{\"@id\":\"https:\/\/www.nettali.com\/2022\/12\/06\/adji-sarr-apres-la-confrontation-avec-sonko-je-suis-un-peu-decue\/#primaryimage\"},\"datePublished\":\"2022-12-06T21:19:25+00:00\",\"dateModified\":\"2022-12-07T09:03:54+00:00\",\"author\":{\"@id\":\"https:\/\/www.nettali.com\/#\/schema\/person\/418274a86bdf87caff7a3ef476bd0bbf\"},\"breadcrumb\":{\"@id\":\"https:\/\/www.nettali.com\/2022\/12\/06\/adji-sarr-apres-la-confrontation-avec-sonko-je-suis-un-peu-decue\/#breadcrumb\"},\"inLanguage\":\"fr-FR\",\"potentialAction\":[{\"@type\":\"ReadAction\",\"target\":[\"https:\/\/www.nettali.com\/2022\/12\/06\/adji-sarr-apres-la-confrontation-avec-sonko-je-suis-un-peu-decue\/\"]}]},{\"@type\":\"BreadcrumbList\",\"@id\":\"https:\/\/www.nettali.com\/2022\/12\/06\/adji-sarr-apres-la-confrontation-avec-sonko-je-suis-un-peu-decue\/#breadcrumb\",\"itemListElement\":[{\"@type\":\"ListItem\",\"position\":1,\"name\":\"Accueil\",\"item\":\"https:\/\/www.nettali.com\/\"},{\"@type\":\"ListItem\",\"position\":2,\"name\":\"ADJI SARR APRES LA CONFRONTATION AVEC SONKO- \\\"Je suis d\\u00e9\\u00e7ue, j'ai vu un Ousmane Sonko...\\\"\"}]},{\"@type\":\"Person\",\"@id\":\"https:\/\/www.nettali.com\/#\/schema\/person\/418274a86bdf87caff7a3ef476bd0bbf\",\"name\":\"Fatou\",\"image\":{\"@type\":\"ImageObject\",\"@id\":\"https:\/\/www.nettali.com\/#personlogo\",\"inLanguage\":\"fr-FR\",\"url\":\"https:\/\/secure.gravatar.com\/avatar\/5a9442a2bee7b4dcf167cab035858e9a?s=96&d=mm&r=g\",\"contentUrl\":\"https:\/\/secure.gravatar.com\/avatar\/5a9442a2bee7b4dcf167cab035858e9a?s=96&d=mm&r=g\",\"caption\":\"Fatou\"},\"sameAs\":[\"https:\/\/www.nettali.com\"]}]}<\/script>\n<!-- \/ Yoast SEO Premium plugin. -->","yoast_head_json":{"title":"ADJI SARR APRES LA CONFRONTATION AVEC SONKO- \"Je suis d\u00e9\u00e7ue, j'ai vu un Ousmane Sonko...\" | Nettali.com","robots":{"index":"index","follow":"follow","max-snippet":"max-snippet:-1","max-image-preview":"max-image-preview:large","max-video-preview":"max-video-preview:-1"},"canonical":"https:\/\/www.nettali.com\/2022\/12\/06\/adji-sarr-apres-la-confrontation-avec-sonko-je-suis-un-peu-decue\/","og_locale":"fr_FR","og_type":"article","og_title":"ADJI SARR APRES LA CONFRONTATION AVEC SONKO- \"Je suis d\u00e9\u00e7ue, j'ai vu un Ousmane Sonko...\"","og_description":"NETTALI.COM - Programm\u00e9e ce mardi 6 d\u00e9cembre 2022 \u00e0 11 heures, la confrontation entre Ousmane Sonko et Adji Sarr a pris fin un peu apr\u00e8s 19 heures. Au sortir du bureau du Doyen des juges, la jeune femme s'est dite d\u00e9\u00e7ue par le leader de pastef qui, dit-elle, \"n'a pas r\u00e9pondu aux questions\". C'est autour [&hellip;]","og_url":"https:\/\/www.nettali.com\/2022\/12\/06\/adji-sarr-apres-la-confrontation-avec-sonko-je-suis-un-peu-decue\/","og_site_name":"Nettali.com","article_publisher":"https:\/\/www.facebook.com\/nettalicom","article_published_time":"2022-12-06T21:19:25+00:00","article_modified_time":"2022-12-07T09:03:54+00:00","og_image":[{"width":2486,"height":1396,"url":"https:\/\/www.nettali.com\/wp-content\/uploads\/2022\/12\/adji-sarr-confrontation-sonko.jpg","type":"image\/jpeg"}],"twitter_card":"summary_large_image","twitter_misc":{"\u00c9crit par":"Fatou","Dur\u00e9e de lecture estim\u00e9e":"2 minutes"},"schema":{"@context":"https:\/\/schema.org","@graph":[{"@type":"WebSite","@id":"https:\/\/www.nettali.com\/#website","url":"https:\/\/www.nettali.com\/","name":"Nettali.com","description":"Le rendez-vous critique du Net","potentialAction":[{"@type":"SearchAction","target":{"@type":"EntryPoint","urlTemplate":"https:\/\/www.nettali.com\/?s={search_term_string}"},"query-input":"required name=search_term_string"}],"inLanguage":"fr-FR"},{"@type":"ImageObject","@id":"https:\/\/www.nettali.com\/2022\/12\/06\/adji-sarr-apres-la-confrontation-avec-sonko-je-suis-un-peu-decue\/#primaryimage","inLanguage":"fr-FR","url":"https:\/\/www.nettali.com\/wp-content\/uploads\/2022\/12\/adji-sarr-confrontation-sonko.jpg","contentUrl":"https:\/\/www.nettali.com\/wp-content\/uploads\/2022\/12\/adji-sarr-confrontation-sonko.jpg","width":2486,"height":1396},{"@type":"WebPage","@id":"https:\/\/www.nettali.com\/2022\/12\/06\/adji-sarr-apres-la-confrontation-avec-sonko-je-suis-un-peu-decue\/#webpage","url":"https:\/\/www.nettali.com\/2022\/12\/06\/adji-sarr-apres-la-confrontation-avec-sonko-je-suis-un-peu-decue\/","name":"ADJI SARR APRES LA CONFRONTATION AVEC SONKO- \"Je suis d\u00e9\u00e7ue, j'ai vu un Ousmane Sonko...\" | Nettali.com","isPartOf":{"@id":"https:\/\/www.nettali.com\/#website"},"primaryImageOfPage":{"@id":"https:\/\/www.nettali.com\/2022\/12\/06\/adji-sarr-apres-la-confrontation-avec-sonko-je-suis-un-peu-decue\/#primaryimage"},"datePublished":"2022-12-06T21:19:25+00:00","dateModified":"2022-12-07T09:03:54+00:00","author":{"@id":"https:\/\/www.nettali.com\/#\/schema\/person\/418274a86bdf87caff7a3ef476bd0bbf"},"breadcrumb":{"@id":"https:\/\/www.nettali.com\/2022\/12\/06\/adji-sarr-apres-la-confrontation-avec-sonko-je-suis-un-peu-decue\/#breadcrumb"},"inLanguage":"fr-FR","potentialAction":[{"@type":"ReadAction","target":["https:\/\/www.nettali.com\/2022\/12\/06\/adji-sarr-apres-la-confrontation-avec-sonko-je-suis-un-peu-decue\/"]}]},{"@type":"BreadcrumbList","@id":"https:\/\/www.nettali.com\/2022\/12\/06\/adji-sarr-apres-la-confrontation-avec-sonko-je-suis-un-peu-decue\/#breadcrumb","itemListElement":[{"@type":"ListItem","position":1,"name":"Accueil","item":"https:\/\/www.nettali.com\/"},{"@type":"ListItem","position":2,"name":"ADJI SARR APRES LA CONFRONTATION AVEC SONKO- \"Je suis d\u00e9\u00e7ue, j'ai vu un Ousmane Sonko...\""}]},{"@type":"Person","@id":"https:\/\/www.nettali.com\/#\/schema\/person\/418274a86bdf87caff7a3ef476bd0bbf","name":"Fatou","image":{"@type":"ImageObject","@id":"https:\/\/www.nettali.com\/#personlogo","inLanguage":"fr-FR","url":"https:\/\/secure.gravatar.com\/avatar\/5a9442a2bee7b4dcf167cab035858e9a?s=96&d=mm&r=g","contentUrl":"https:\/\/secure.gravatar.com\/avatar\/5a9442a2bee7b4dcf167cab035858e9a?s=96&d=mm&r=g","caption":"Fatou"},"sameAs":["https:\/\/www.nettali.com"]}]}},"_links":{"self":[{"href":"https:\/\/www.nettali.com\/rest\/wp\/v2\/posts\/99049"}],"collection":[{"href":"https:\/\/www.nettali.com\/rest\/wp\/v2\/posts"}],"about":[{"href":"https:\/\/www.nettali.com\/rest\/wp\/v2\/types\/post"}],"author":[{"embeddable":true,"href":"https:\/\/www.nettali.com\/rest\/wp\/v2\/users\/6"}],"replies":[{"embeddable":true,"href":"https:\/\/www.nettali.com\/rest\/wp\/v2\/comments?post=99049"}],"version-history":[{"count":8,"href":"https:\/\/www.nettali.com\/rest\/wp\/v2\/posts\/99049\/revisions"}],"predecessor-version":[{"id":99067,"href":"https:\/\/www.nettali.com\/rest\/wp\/v2\/posts\/99049\/revisions\/99067"}],"wp:featuredmedia":[{"embeddable":true,"href":"https:\/\/www.nettali.com\/rest\/wp\/v2\/media\/99012"}],"wp:attachment":[{"href":"https:\/\/www.nettali.com\/rest\/wp\/v2\/media?parent=99049"}],"wp:term":[{"taxonomy":"category","embeddable":true,"href":"https:\/\/www.nettali.com\/rest\/wp\/v2\/categories?post=99049"},{"taxonomy":"post_tag","embeddable":true,"href":"https:\/\/www.nettali.com\/rest\/wp\/v2\/tags?post=99049"}],"curies":[{"name":"wp","href":"https:\/\/api.w.org\/{rel}","templated":true}]}}