{"id":99036,"date":"2022-12-06T19:35:27","date_gmt":"2022-12-06T19:35:27","guid":{"rendered":"https:\/\/www.nettali.com\/?p=99036"},"modified":"2022-12-06T19:47:18","modified_gmt":"2022-12-06T19:47:18","slug":"assemblee-nationale-birame-souleye-diop-va-rendre-son-mandat-de-depute","status":"publish","type":"post","link":"https:\/\/www.nettali.com\/2022\/12\/06\/assemblee-nationale-birame-souleye-diop-va-rendre-son-mandat-de-depute\/","title":{"rendered":"CUMUL DE MANDATS - Birame Soul\u00e8ye Diop va rendre un de ses postes"},"content":{"rendered":"<p><strong>NETTALI.COM - Birame Soul\u00e8ye Diop veut mettre fin au d\u00e9bat sur le cumul des mandats au sein de Pastef. Le pr\u00e9sident du groupe parlementaire Yewwi askan wi a annonc\u00e9 ce mardi sa d\u00e9cision de rendre un de ses mandats. Reste \u00e0 savoir s'il va se d\u00e9lester de son poste de d\u00e9put\u00e9 ou de maire.\u00a0<\/strong><\/p>\n<p>Birame Soul\u00e8ye Diop a pris sa d\u00e9cision. L'administrateur de Pastef va mettre fin au cumul de son mandat de d\u00e9put\u00e9 \u00e0 celui de maire de la commune de Thi\u00e8s Nord. L'int\u00e9ress\u00e9 en a, lui-m\u00eame, fait l'annonce ce mardi \u00e0 l'Assembl\u00e9e nationale. Il a profit\u00e9 de l'examen du Budget du minist\u00e8re des Collectivit\u00e9s locales pour lancer la petite phrase qu'attendaient beaucoup de militants du parti d'Ousmane Sonko. \"<em>Nous avons \u00e0 l'Assembl\u00e9e nationale 38 maires d\u00e9put\u00e9s. Bient\u00f4t, il en restera que 37 parce que je vais partir<\/em>\", a laiss\u00e9 entendre Birame Soul\u00e8ye Diop. Avant de pr\u00e9ciser avec un large sourire : \"<em>En janvier In Sha Allah.<\/em>\" Autrement dit, en janvier 2023, le pr\u00e9sident du groupe parlementaire Yewwi askan wi va d\u00e9missionner de son poste de d\u00e9put\u00e9 ou de maire. S'il quitte l'Assembl\u00e9e nationale, il devra \u00eatre remplac\u00e9 par son suppl\u00e9ant, le juriste Amadou Ba.<\/p>\n<p>Cette question du cumul des mandats a toujours \u00e9t\u00e9 un sujet g\u00eanant pour le Pastef. Et la derni\u00e8re sortie de Birame Soul\u00e8ye Diop sur la question a secou\u00e9 les rangs des \"Patriotes\". \"<em>Je pr\u00e9cise qu'il n'y a pas au S\u00e9n\u00e9gal une loi qui interdit le cumul de mandats. En France, il y a effectivement une loi qui interdit le cumul de mandats<\/em>\", disait-il, il y a quelques jours. L'administrateur de Pastef ajoutait : \"<em>Je pr\u00e9cise \u00e9galement que les statuts du Pastef qui datent de 2014, ne parlent pas de cumul de mandats. Deuxi\u00e8mement, dans les textes d\u00e9pos\u00e9s en 2017 puis 2022, il n'est nulle part interdit d'\u00eatre maire et d\u00e9put\u00e9<\/em>. <em>C'est dans son programme pour la pr\u00e9sidentielle de 2019, que le candidat Ousmane Sonko a promis une loi contre le cumul des mandats. Et je soutiens cette promesse<\/em>.\" \"<em>Le moment venu, nous ferons notre choi<\/em>x.\" <em>Personne, je r\u00e9p\u00e8te bien, personne ne nous imposera un choix. Le moment venu, je ferai mon choix et j'informerai qui de droit. Mais personne ne nous imposera une quelconque r\u00e8gle \u00e0 suivre<\/em>.\" Des propos qui avaient suscit\u00e9 de vives critiques chez les militants de Pastef.<\/p>\n<p>&nbsp;<\/p>\n<div class='share-to-whatsapp-wrapper'><div class='share-on-whsp'>PARTAGER SUR : <\/div><a data-text='CUMUL DE MANDATS - Birame Soul\u00e8ye Diop va rendre un de ses postes' data-link='https:\/\/www.nettali.com\/2022\/12\/06\/assemblee-nationale-birame-souleye-diop-va-rendre-son-mandat-de-depute\/' class='whatsapp-button whatsapp-share'>WhatsApp<\/a><div class='clear '><\/div><\/div>","protected":false},"excerpt":{"rendered":"<p>NETTALI.COM - Birame Soul\u00e8ye Diop veut mettre fin au d\u00e9bat sur le cumul des mandats au sein de Pastef. Le pr\u00e9sident du groupe parlementaire Yewwi askan wi a annonc\u00e9 ce mardi sa d\u00e9cision de rendre un de ses mandats. Reste \u00e0 savoir s'il va se d\u00e9lester de son poste de d\u00e9put\u00e9 ou de maire.\u00a0 Birame [&hellip;]<\/p>\n","protected":false},"author":3,"featured_media":65345,"comment_status":"open","ping_status":"open","sticky":false,"template":"","format":"standard","meta":{"_et_pb_use_builder":"","_et_pb_old_content":""},"categories":[2],"tags":[],"yoast_head":"<!-- This site is optimized with the Yoast SEO Premium plugin v17.8 (Yoast SEO v17.8) - https:\/\/yoast.com\/wordpress\/plugins\/seo\/ -->\n<title>CUMUL DE MANDATS - Birame Soul\u00e8ye Diop va rendre un de ses postes | Nettali.com<\/title>\n<meta name=\"robots\" content=\"index, follow, max-snippet:-1, max-image-preview:large, max-video-preview:-1\" \/>\n<link rel=\"canonical\" href=\"https:\/\/www.nettali.com\/2022\/12\/06\/assemblee-nationale-birame-souleye-diop-va-rendre-son-mandat-de-depute\/\" \/>\n<meta property=\"og:locale\" content=\"fr_FR\" \/>\n<meta property=\"og:type\" content=\"article\" \/>\n<meta property=\"og:title\" content=\"CUMUL DE MANDATS - Birame Soul\u00e8ye Diop va rendre un de ses postes\" \/>\n<meta property=\"og:description\" content=\"NETTALI.COM - Birame Soul\u00e8ye Diop veut mettre fin au d\u00e9bat sur le cumul des mandats au sein de Pastef. Le pr\u00e9sident du groupe parlementaire Yewwi askan wi a annonc\u00e9 ce mardi sa d\u00e9cision de rendre un de ses mandats. Reste \u00e0 savoir s&#039;il va se d\u00e9lester de son poste de d\u00e9put\u00e9 ou de maire.\u00a0 Birame [&hellip;]\" \/>\n<meta property=\"og:url\" content=\"https:\/\/www.nettali.com\/2022\/12\/06\/assemblee-nationale-birame-souleye-diop-va-rendre-son-mandat-de-depute\/\" \/>\n<meta property=\"og:site_name\" content=\"Nettali.com\" \/>\n<meta property=\"article:publisher\" content=\"https:\/\/www.facebook.com\/nettalicom\" \/>\n<meta property=\"article:published_time\" content=\"2022-12-06T19:35:27+00:00\" \/>\n<meta property=\"article:modified_time\" content=\"2022-12-06T19:47:18+00:00\" \/>\n<meta property=\"og:image\" content=\"https:\/\/www.nettali.com\/wp-content\/uploads\/2021\/06\/Birame-Souleye-Diop.jpg\" \/>\n\t<meta property=\"og:image:width\" content=\"600\" \/>\n\t<meta property=\"og:image:height\" content=\"400\" \/>\n<meta name=\"twitter:card\" content=\"summary_large_image\" \/>\n<meta name=\"twitter:label1\" content=\"\u00c9crit par\" \/>\n\t<meta name=\"twitter:data1\" content=\"Moustapha\" \/>\n\t<meta name=\"twitter:label2\" content=\"Dur\u00e9e de lecture estim\u00e9e\" \/>\n\t<meta name=\"twitter:data2\" content=\"2 minutes\" \/>\n<script type=\"application\/ld+json\" class=\"yoast-schema-graph\">{\"@context\":\"https:\/\/schema.org\",\"@graph\":[{\"@type\":\"WebSite\",\"@id\":\"https:\/\/www.nettali.com\/#website\",\"url\":\"https:\/\/www.nettali.com\/\",\"name\":\"Nettali.com\",\"description\":\"Le rendez-vous critique du Net\",\"potentialAction\":[{\"@type\":\"SearchAction\",\"target\":{\"@type\":\"EntryPoint\",\"urlTemplate\":\"https:\/\/www.nettali.com\/?s={search_term_string}\"},\"query-input\":\"required name=search_term_string\"}],\"inLanguage\":\"fr-FR\"},{\"@type\":\"ImageObject\",\"@id\":\"https:\/\/www.nettali.com\/2022\/12\/06\/assemblee-nationale-birame-souleye-diop-va-rendre-son-mandat-de-depute\/#primaryimage\",\"inLanguage\":\"fr-FR\",\"url\":\"https:\/\/www.nettali.com\/wp-content\/uploads\/2021\/06\/Birame-Souleye-Diop.jpg\",\"contentUrl\":\"https:\/\/www.nettali.com\/wp-content\/uploads\/2021\/06\/Birame-Souleye-Diop.jpg\",\"width\":600,\"height\":400},{\"@type\":\"WebPage\",\"@id\":\"https:\/\/www.nettali.com\/2022\/12\/06\/assemblee-nationale-birame-souleye-diop-va-rendre-son-mandat-de-depute\/#webpage\",\"url\":\"https:\/\/www.nettali.com\/2022\/12\/06\/assemblee-nationale-birame-souleye-diop-va-rendre-son-mandat-de-depute\/\",\"name\":\"CUMUL DE MANDATS - Birame Soul\\u00e8ye Diop va rendre un de ses postes | Nettali.com\",\"isPartOf\":{\"@id\":\"https:\/\/www.nettali.com\/#website\"},\"primaryImageOfPage\":{\"@id\":\"https:\/\/www.nettali.com\/2022\/12\/06\/assemblee-nationale-birame-souleye-diop-va-rendre-son-mandat-de-depute\/#primaryimage\"},\"datePublished\":\"2022-12-06T19:35:27+00:00\",\"dateModified\":\"2022-12-06T19:47:18+00:00\",\"author\":{\"@id\":\"https:\/\/www.nettali.com\/#\/schema\/person\/7962a12a6e0267f88f0ffa544c36469a\"},\"breadcrumb\":{\"@id\":\"https:\/\/www.nettali.com\/2022\/12\/06\/assemblee-nationale-birame-souleye-diop-va-rendre-son-mandat-de-depute\/#breadcrumb\"},\"inLanguage\":\"fr-FR\",\"potentialAction\":[{\"@type\":\"ReadAction\",\"target\":[\"https:\/\/www.nettali.com\/2022\/12\/06\/assemblee-nationale-birame-souleye-diop-va-rendre-son-mandat-de-depute\/\"]}]},{\"@type\":\"BreadcrumbList\",\"@id\":\"https:\/\/www.nettali.com\/2022\/12\/06\/assemblee-nationale-birame-souleye-diop-va-rendre-son-mandat-de-depute\/#breadcrumb\",\"itemListElement\":[{\"@type\":\"ListItem\",\"position\":1,\"name\":\"Accueil\",\"item\":\"https:\/\/www.nettali.com\/\"},{\"@type\":\"ListItem\",\"position\":2,\"name\":\"CUMUL DE MANDATS - Birame Soul\\u00e8ye Diop va rendre un de ses postes\"}]},{\"@type\":\"Person\",\"@id\":\"https:\/\/www.nettali.com\/#\/schema\/person\/7962a12a6e0267f88f0ffa544c36469a\",\"name\":\"Moustapha\",\"image\":{\"@type\":\"ImageObject\",\"@id\":\"https:\/\/www.nettali.com\/#personlogo\",\"inLanguage\":\"fr-FR\",\"url\":\"https:\/\/secure.gravatar.com\/avatar\/10fdf6a071cccdcf374e3dbe45159590?s=96&d=mm&r=g\",\"contentUrl\":\"https:\/\/secure.gravatar.com\/avatar\/10fdf6a071cccdcf374e3dbe45159590?s=96&d=mm&r=g\",\"caption\":\"Moustapha\"},\"sameAs\":[\"https:\/\/www.nettali.com\"]}]}<\/script>\n<!-- \/ Yoast SEO Premium plugin. -->","yoast_head_json":{"title":"CUMUL DE MANDATS - Birame Soul\u00e8ye Diop va rendre un de ses postes | Nettali.com","robots":{"index":"index","follow":"follow","max-snippet":"max-snippet:-1","max-image-preview":"max-image-preview:large","max-video-preview":"max-video-preview:-1"},"canonical":"https:\/\/www.nettali.com\/2022\/12\/06\/assemblee-nationale-birame-souleye-diop-va-rendre-son-mandat-de-depute\/","og_locale":"fr_FR","og_type":"article","og_title":"CUMUL DE MANDATS - Birame Soul\u00e8ye Diop va rendre un de ses postes","og_description":"NETTALI.COM - Birame Soul\u00e8ye Diop veut mettre fin au d\u00e9bat sur le cumul des mandats au sein de Pastef. Le pr\u00e9sident du groupe parlementaire Yewwi askan wi a annonc\u00e9 ce mardi sa d\u00e9cision de rendre un de ses mandats. Reste \u00e0 savoir s'il va se d\u00e9lester de son poste de d\u00e9put\u00e9 ou de maire.\u00a0 Birame [&hellip;]","og_url":"https:\/\/www.nettali.com\/2022\/12\/06\/assemblee-nationale-birame-souleye-diop-va-rendre-son-mandat-de-depute\/","og_site_name":"Nettali.com","article_publisher":"https:\/\/www.facebook.com\/nettalicom","article_published_time":"2022-12-06T19:35:27+00:00","article_modified_time":"2022-12-06T19:47:18+00:00","og_image":[{"width":600,"height":400,"url":"https:\/\/www.nettali.com\/wp-content\/uploads\/2021\/06\/Birame-Souleye-Diop.jpg","type":"image\/jpeg"}],"twitter_card":"summary_large_image","twitter_misc":{"\u00c9crit par":"Moustapha","Dur\u00e9e de lecture estim\u00e9e":"2 minutes"},"schema":{"@context":"https:\/\/schema.org","@graph":[{"@type":"WebSite","@id":"https:\/\/www.nettali.com\/#website","url":"https:\/\/www.nettali.com\/","name":"Nettali.com","description":"Le rendez-vous critique du Net","potentialAction":[{"@type":"SearchAction","target":{"@type":"EntryPoint","urlTemplate":"https:\/\/www.nettali.com\/?s={search_term_string}"},"query-input":"required name=search_term_string"}],"inLanguage":"fr-FR"},{"@type":"ImageObject","@id":"https:\/\/www.nettali.com\/2022\/12\/06\/assemblee-nationale-birame-souleye-diop-va-rendre-son-mandat-de-depute\/#primaryimage","inLanguage":"fr-FR","url":"https:\/\/www.nettali.com\/wp-content\/uploads\/2021\/06\/Birame-Souleye-Diop.jpg","contentUrl":"https:\/\/www.nettali.com\/wp-content\/uploads\/2021\/06\/Birame-Souleye-Diop.jpg","width":600,"height":400},{"@type":"WebPage","@id":"https:\/\/www.nettali.com\/2022\/12\/06\/assemblee-nationale-birame-souleye-diop-va-rendre-son-mandat-de-depute\/#webpage","url":"https:\/\/www.nettali.com\/2022\/12\/06\/assemblee-nationale-birame-souleye-diop-va-rendre-son-mandat-de-depute\/","name":"CUMUL DE MANDATS - Birame Soul\u00e8ye Diop va rendre un de ses postes | Nettali.com","isPartOf":{"@id":"https:\/\/www.nettali.com\/#website"},"primaryImageOfPage":{"@id":"https:\/\/www.nettali.com\/2022\/12\/06\/assemblee-nationale-birame-souleye-diop-va-rendre-son-mandat-de-depute\/#primaryimage"},"datePublished":"2022-12-06T19:35:27+00:00","dateModified":"2022-12-06T19:47:18+00:00","author":{"@id":"https:\/\/www.nettali.com\/#\/schema\/person\/7962a12a6e0267f88f0ffa544c36469a"},"breadcrumb":{"@id":"https:\/\/www.nettali.com\/2022\/12\/06\/assemblee-nationale-birame-souleye-diop-va-rendre-son-mandat-de-depute\/#breadcrumb"},"inLanguage":"fr-FR","potentialAction":[{"@type":"ReadAction","target":["https:\/\/www.nettali.com\/2022\/12\/06\/assemblee-nationale-birame-souleye-diop-va-rendre-son-mandat-de-depute\/"]}]},{"@type":"BreadcrumbList","@id":"https:\/\/www.nettali.com\/2022\/12\/06\/assemblee-nationale-birame-souleye-diop-va-rendre-son-mandat-de-depute\/#breadcrumb","itemListElement":[{"@type":"ListItem","position":1,"name":"Accueil","item":"https:\/\/www.nettali.com\/"},{"@type":"ListItem","position":2,"name":"CUMUL DE MANDATS - Birame Soul\u00e8ye Diop va rendre un de ses postes"}]},{"@type":"Person","@id":"https:\/\/www.nettali.com\/#\/schema\/person\/7962a12a6e0267f88f0ffa544c36469a","name":"Moustapha","image":{"@type":"ImageObject","@id":"https:\/\/www.nettali.com\/#personlogo","inLanguage":"fr-FR","url":"https:\/\/secure.gravatar.com\/avatar\/10fdf6a071cccdcf374e3dbe45159590?s=96&d=mm&r=g","contentUrl":"https:\/\/secure.gravatar.com\/avatar\/10fdf6a071cccdcf374e3dbe45159590?s=96&d=mm&r=g","caption":"Moustapha"},"sameAs":["https:\/\/www.nettali.com"]}]}},"_links":{"self":[{"href":"https:\/\/www.nettali.com\/rest\/wp\/v2\/posts\/99036"}],"collection":[{"href":"https:\/\/www.nettali.com\/rest\/wp\/v2\/posts"}],"about":[{"href":"https:\/\/www.nettali.com\/rest\/wp\/v2\/types\/post"}],"author":[{"embeddable":true,"href":"https:\/\/www.nettali.com\/rest\/wp\/v2\/users\/3"}],"replies":[{"embeddable":true,"href":"https:\/\/www.nettali.com\/rest\/wp\/v2\/comments?post=99036"}],"version-history":[{"count":5,"href":"https:\/\/www.nettali.com\/rest\/wp\/v2\/posts\/99036\/revisions"}],"predecessor-version":[{"id":99046,"href":"https:\/\/www.nettali.com\/rest\/wp\/v2\/posts\/99036\/revisions\/99046"}],"wp:featuredmedia":[{"embeddable":true,"href":"https:\/\/www.nettali.com\/rest\/wp\/v2\/media\/65345"}],"wp:attachment":[{"href":"https:\/\/www.nettali.com\/rest\/wp\/v2\/media?parent=99036"}],"wp:term":[{"taxonomy":"category","embeddable":true,"href":"https:\/\/www.nettali.com\/rest\/wp\/v2\/categories?post=99036"},{"taxonomy":"post_tag","embeddable":true,"href":"https:\/\/www.nettali.com\/rest\/wp\/v2\/tags?post=99036"}],"curies":[{"name":"wp","href":"https:\/\/api.w.org\/{rel}","templated":true}]}}