{"id":98987,"date":"2022-12-06T07:45:51","date_gmt":"2022-12-06T07:45:51","guid":{"rendered":"https:\/\/www.nettali.com\/?p=98987"},"modified":"2022-12-06T20:54:49","modified_gmt":"2022-12-06T20:54:49","slug":"agression-de-amy-ndiaye-gniby-par-deux-deputes-du-pur-les-details-du-proces-verbal-qui-a-declenche-la-procedure-judiciaire","status":"publish","type":"post","link":"https:\/\/www.nettali.com\/2022\/12\/06\/agression-de-amy-ndiaye-gniby-par-deux-deputes-du-pur-les-details-du-proces-verbal-qui-a-declenche-la-procedure-judiciaire\/","title":{"rendered":"\"AGRESSION\" DE AMY NDIAYE GNIBY PAR DEUX DEPUTES DU PUR -\u00a0Les d\u00e9tails du proc\u00e8s-verbal qui a d\u00e9clench\u00e9 la proc\u00e9dure judiciaire"},"content":{"rendered":"<p><strong>NETTALI.COM - La bagarre entre les d\u00e9put\u00e9s Amy Ndiaye Gniby, Massata Samb et Mamadou Niang \u00e0 l\u2019Assembl\u00e9e nationale conna\u00eet d\u00e9j\u00e0 une suite judiciaire. Le Pr\u00e9sident de l\u2019Assembl\u00e9e nationale, Amadou Mame Diop, a saisi le procureur de la R\u00e9publique sur proc\u00e8s-verbal, pour l\u2019arrestation des deux d\u00e9put\u00e9s de l\u2019opposition. Une requ\u00eate accept\u00e9e par le Procureur.<\/strong><\/p>\n<p>La sc\u00e8ne avait autant choqu\u00e9 que la r\u00e9action timide du Pr\u00e9sident Amadou Mame Diop qui, pourtant seul, avait les cartes en main pour faire appliquer le r\u00e8glement.<\/p>\n<p>Les faits\u00a0: jeudi 1<sup>er<\/sup> d\u00e9cembre, Massata Samb, d\u00e9put\u00e9 du Parti de l\u2019unit\u00e9 et du rassemblement (Pur), gifle Amy Ndiaye Gniby de Benno bokk yaakaar (Bby) qui riposte en lui lan\u00e7ant une chaise. Dans la cohue, Mamadou Niang, un autre d\u00e9put\u00e9 du Pur, lui donne un coup de pied au ventre. Amy Ndiaye se retrouve au sol, puis s\u2019\u00e9vanouit quand elle regagne son si\u00e8ge. Elle atterrit \u00e0 l\u2019infirmerie de l\u2019Assembl\u00e9e nationale et serait enceinte, selon ses coll\u00e8gues. Charg\u00e9 de veiller sur la s\u00fbret\u00e9 int\u00e9rieure de l\u2019Assembl\u00e9e, le Pr\u00e9sident Amadou Mame Diop se limite \u00e0 une simple suspension de la s\u00e9ance qui consacre l\u2019examen du projet du budget 2023 du minist\u00e8re de la Justice. La s\u00e9ance reprend sans Amy Ndiaye Gniby, mais avec Massata Samb et Mamadou Niang, nullement inqui\u00e9t\u00e9s, alors que, selon les dispositions de l\u2019article 53 du R\u00e8glement int\u00e9rieur de l\u2019Assembl\u00e9e, Amadou Mame Diop tient une batterie de sanctions qu\u2019il peut d\u00e9rouler s\u00e9ance tenante.<\/p>\n<p>Beaucoup se demandent l\u00e9gitimement pourquoi le Pr\u00e9sident de l\u2019Assembl\u00e9e nationale n\u2019a-t-il pas fait usage des textes. Mais \u00e7a, c\u2019\u00e9tait juste la partie visible. Derri\u00e8re le tableau, Amadou Mame Diop a bel et bien agi. En r\u00e9alit\u00e9, le Procureur ne s\u2019est pas autosaisi pour ordonner l\u2019arrestation des d\u00e9put\u00e9s Massata Samb et Mamadou Niang. Il a \u00e9t\u00e9 saisi sur proc\u00e8s-verbal par le Pr\u00e9sident de l\u2019Assembl\u00e9e nationale, \u00e0 l\u2019issue d\u2019une r\u00e9union du bureau. Saisine qui a \u00e9t\u00e9 faite vendredi 2 d\u00e9cembre, lendemain de l\u2019incident.<\/p>\n<p>Sur le proc\u00e8s-verbal nomm\u00e9 \"Constatation de d\u00e9lits dans l\u2019Assembl\u00e9e nationale\u2019\u2019 sign\u00e9 par le Secr\u00e9taire g\u00e9n\u00e9ral Baye Niasse Ciss\u00e9, Amadou Mame Diop y fait constater que <em>\u00able jeudi 1<sup>er<\/sup> d\u00e9cembre 2022, au cours de la s\u00e9ance pl\u00e9ni\u00e8re consacr\u00e9e \u00e0 l\u2019examen du projet de budget du minist\u00e8re de la Justice, le d\u00e9put\u00e9 Massata Samb qui intervenait dans le d\u00e9bat, a subitement quitt\u00e9, contre toute attente, le pupitre pour se diriger vers la premi\u00e8re rang\u00e9e des bacs r\u00e9serv\u00e9s aux d\u00e9put\u00e9s, o\u00f9 il a trouv\u00e9 la d\u00e9put\u00e9e Amy Ndiaye pour lui ass\u00e9ner un violent coup de poing au visage. Apr\u00e8s, s\u2019en est suivie l\u2019intervention du d\u00e9put\u00e9 Mamadou Niang qui, aussi, a donn\u00e9 un violent coup de pied \u00e0 Madame la d\u00e9put\u00e9e Amy Ndiaye.\u00bb<\/em> Amadou Mame Diop y informe aussi le Procureur que \u00ab<em>ces deux actes d\u2019une rare violence exerc\u00e9e sur Madame la d\u00e9put\u00e9e Amy Ndiaye qui, selon les informations recueillies, est en \u00e9tat de grossesse, ont \u00e9t\u00e9 \u00e0 l\u2019origine de son malaise dans l\u2019H\u00e9micycle qui a n\u00e9cessit\u00e9 l\u2019intervention des sapeurs-pompiers. Elle a finalement \u00e9t\u00e9 \u00e9vacu\u00e9e dans une structure hospitali\u00e8re.<\/em>\u00bb Sur le Pv, le Pr\u00e9sident de l\u2019Assembl\u00e9e ajoute aussi que <em>\u00abces faits de violence exerc\u00e9s par les d\u00e9put\u00e9s Massata Samb et Mamadou Niang sur notre coll\u00e8gue Amy Ndiaye ont eu lieu devant les d\u00e9put\u00e9s et devant les cam\u00e9ras de t\u00e9l\u00e9vision\u00bb.<\/em> Un Pv d\u2019explications qui a pouss\u00e9 le Procureur a d\u00e9clench\u00e9 des poursuites contre les d\u00e9put\u00e9s Massata Samb et Mamadou Niang.<\/p>\n<p>Si Amadou Mame Diop a choisi cette voie en ne r\u00e9agissant pas sur le coup, c\u2019est peut-\u00eatre pour \u00e9viter d\u2019en rajouter \u00e0 la tension qui couve d\u00e9j\u00e0 entre d\u00e9put\u00e9s de l\u2019opposition et ceux de la majorit\u00e9, puisque sur la base de l\u2019article 53, alin\u00e9a 3, il avait la latitude d\u2019expulser Massata Samb, de requ\u00e9rir les forces de l\u2019ordre et de le faire arr\u00eater imm\u00e9diatement.<\/p>\n<p>L\u2019ancien parlementaire Alioune Souar\u00e9 disait que le Pr\u00e9sident de l\u2019Assembl\u00e9e \u00e9tait pass\u00e9 compl\u00e8tement \u00e0 c\u00f4t\u00e9 pour n\u2019avoir pas r\u00e9agi imm\u00e9diatement. <em>\u00abEn cas de d\u00e9lit, le Pr\u00e9sident de l\u2019Assembl\u00e9e nationale peut aussit\u00f4t \u00e9tablir un proc\u00e8s-verbal et saisir le Procureur. La discipline ne se compare \u00e0 rien. L\u2019Assembl\u00e9e nationale est une institution qui a sa dignit\u00e9. Cette dignit\u00e9 doit \u00eatre pr\u00e9serv\u00e9e. D\u2019ailleurs, c\u2019est ce que stipule l\u2019article 105. Le Pr\u00e9sident devait imm\u00e9diatement prendre cette mesure parce que ce sont des pouvoirs que lui conf\u00e8re le R\u00e8glement int\u00e9rieur. Les dispositions des articles 57 et 59 dressent un \u00e9ventail de mesures de sanctions. Il s\u2019agit respectivement d\u2019un rappel \u00e0 l\u2019ordre, d\u2019un rappel \u00e0 l\u2019ordre avec inscription au proc\u00e8s-verbal, d\u2019une censure et d\u2019une mesure d\u2019expulsion temporaire dont la dur\u00e9e ne peut d\u00e9passer 24 heures. Hier (jour des faits), lorsque le Pr\u00e9sident a demand\u00e9 la suspension de la s\u00e9ance, il pouvait convoquer une r\u00e9union du bureau pour demander l\u2019expulsion du d\u00e9put\u00e9 pour 24 heures\u00bb<\/em>, rappelait Alioune Souar\u00e9.<\/p>\n<p>&nbsp;<\/p>\n<div class='share-to-whatsapp-wrapper'><div class='share-on-whsp'>PARTAGER SUR : <\/div><a data-text='\"AGRESSION\" DE AMY NDIAYE GNIBY PAR DEUX DEPUTES DU PUR -\u00a0Les d\u00e9tails du proc\u00e8s-verbal qui a d\u00e9clench\u00e9 la proc\u00e9dure judiciaire' data-link='https:\/\/www.nettali.com\/2022\/12\/06\/agression-de-amy-ndiaye-gniby-par-deux-deputes-du-pur-les-details-du-proces-verbal-qui-a-declenche-la-procedure-judiciaire\/' class='whatsapp-button whatsapp-share'>WhatsApp<\/a><div class='clear '><\/div><\/div>","protected":false},"excerpt":{"rendered":"<p>NETTALI.COM - La bagarre entre les d\u00e9put\u00e9s Amy Ndiaye Gniby, Massata Samb et Mamadou Niang \u00e0 l\u2019Assembl\u00e9e nationale conna\u00eet d\u00e9j\u00e0 une suite judiciaire. Le Pr\u00e9sident de l\u2019Assembl\u00e9e nationale, Amadou Mame Diop, a saisi le procureur de la R\u00e9publique sur proc\u00e8s-verbal, pour l\u2019arrestation des deux d\u00e9put\u00e9s de l\u2019opposition. Une requ\u00eate accept\u00e9e par le Procureur. La sc\u00e8ne [&hellip;]<\/p>\n","protected":false},"author":4,"featured_media":98158,"comment_status":"open","ping_status":"open","sticky":false,"template":"","format":"standard","meta":{"_et_pb_use_builder":"","_et_pb_old_content":""},"categories":[2,3],"tags":[],"yoast_head":"<!-- This site is optimized with the Yoast SEO Premium plugin v17.8 (Yoast SEO v17.8) - https:\/\/yoast.com\/wordpress\/plugins\/seo\/ -->\n<title>&quot;AGRESSION&quot; DE AMY NDIAYE GNIBY PAR DEUX DEPUTES DU PUR -\u00a0Les d\u00e9tails du proc\u00e8s-verbal qui a d\u00e9clench\u00e9 la proc\u00e9dure judiciaire | Nettali.com<\/title>\n<meta name=\"robots\" content=\"index, follow, max-snippet:-1, max-image-preview:large, max-video-preview:-1\" \/>\n<link rel=\"canonical\" href=\"https:\/\/www.nettali.com\/2022\/12\/06\/agression-de-amy-ndiaye-gniby-par-deux-deputes-du-pur-les-details-du-proces-verbal-qui-a-declenche-la-procedure-judiciaire\/\" \/>\n<meta property=\"og:locale\" content=\"fr_FR\" \/>\n<meta property=\"og:type\" content=\"article\" \/>\n<meta property=\"og:title\" content=\"&quot;AGRESSION&quot; DE AMY NDIAYE GNIBY PAR DEUX DEPUTES DU PUR -\u00a0Les d\u00e9tails du proc\u00e8s-verbal qui a d\u00e9clench\u00e9 la proc\u00e9dure judiciaire\" \/>\n<meta property=\"og:description\" content=\"NETTALI.COM - La bagarre entre les d\u00e9put\u00e9s Amy Ndiaye Gniby, Massata Samb et Mamadou Niang \u00e0 l\u2019Assembl\u00e9e nationale conna\u00eet d\u00e9j\u00e0 une suite judiciaire. Le Pr\u00e9sident de l\u2019Assembl\u00e9e nationale, Amadou Mame Diop, a saisi le procureur de la R\u00e9publique sur proc\u00e8s-verbal, pour l\u2019arrestation des deux d\u00e9put\u00e9s de l\u2019opposition. Une requ\u00eate accept\u00e9e par le Procureur. La sc\u00e8ne [&hellip;]\" \/>\n<meta property=\"og:url\" content=\"https:\/\/www.nettali.com\/2022\/12\/06\/agression-de-amy-ndiaye-gniby-par-deux-deputes-du-pur-les-details-du-proces-verbal-qui-a-declenche-la-procedure-judiciaire\/\" \/>\n<meta property=\"og:site_name\" content=\"Nettali.com\" \/>\n<meta property=\"article:publisher\" content=\"https:\/\/www.facebook.com\/nettalicom\" \/>\n<meta property=\"article:published_time\" content=\"2022-12-06T07:45:51+00:00\" \/>\n<meta property=\"article:modified_time\" content=\"2022-12-06T20:54:49+00:00\" \/>\n<meta property=\"og:image\" content=\"https:\/\/www.nettali.com\/wp-content\/uploads\/2022\/11\/Procureur-Dakar.jpeg\" \/>\n\t<meta property=\"og:image:width\" content=\"1080\" \/>\n\t<meta property=\"og:image:height\" content=\"607\" \/>\n<meta name=\"twitter:card\" content=\"summary_large_image\" \/>\n<meta name=\"twitter:label1\" content=\"\u00c9crit par\" \/>\n\t<meta name=\"twitter:data1\" content=\"Daouda\" \/>\n\t<meta name=\"twitter:label2\" content=\"Dur\u00e9e de lecture estim\u00e9e\" \/>\n\t<meta name=\"twitter:data2\" content=\"4 minutes\" \/>\n<script type=\"application\/ld+json\" class=\"yoast-schema-graph\">{\"@context\":\"https:\/\/schema.org\",\"@graph\":[{\"@type\":\"WebSite\",\"@id\":\"https:\/\/www.nettali.com\/#website\",\"url\":\"https:\/\/www.nettali.com\/\",\"name\":\"Nettali.com\",\"description\":\"Le rendez-vous critique du Net\",\"potentialAction\":[{\"@type\":\"SearchAction\",\"target\":{\"@type\":\"EntryPoint\",\"urlTemplate\":\"https:\/\/www.nettali.com\/?s={search_term_string}\"},\"query-input\":\"required name=search_term_string\"}],\"inLanguage\":\"fr-FR\"},{\"@type\":\"ImageObject\",\"@id\":\"https:\/\/www.nettali.com\/2022\/12\/06\/agression-de-amy-ndiaye-gniby-par-deux-deputes-du-pur-les-details-du-proces-verbal-qui-a-declenche-la-procedure-judiciaire\/#primaryimage\",\"inLanguage\":\"fr-FR\",\"url\":\"https:\/\/www.nettali.com\/wp-content\/uploads\/2022\/11\/Procureur-Dakar.jpeg\",\"contentUrl\":\"https:\/\/www.nettali.com\/wp-content\/uploads\/2022\/11\/Procureur-Dakar.jpeg\",\"width\":1080,\"height\":607},{\"@type\":\"WebPage\",\"@id\":\"https:\/\/www.nettali.com\/2022\/12\/06\/agression-de-amy-ndiaye-gniby-par-deux-deputes-du-pur-les-details-du-proces-verbal-qui-a-declenche-la-procedure-judiciaire\/#webpage\",\"url\":\"https:\/\/www.nettali.com\/2022\/12\/06\/agression-de-amy-ndiaye-gniby-par-deux-deputes-du-pur-les-details-du-proces-verbal-qui-a-declenche-la-procedure-judiciaire\/\",\"name\":\"\\\"AGRESSION\\\" DE AMY NDIAYE GNIBY PAR DEUX DEPUTES DU PUR -\\u00a0Les d\\u00e9tails du proc\\u00e8s-verbal qui a d\\u00e9clench\\u00e9 la proc\\u00e9dure judiciaire | Nettali.com\",\"isPartOf\":{\"@id\":\"https:\/\/www.nettali.com\/#website\"},\"primaryImageOfPage\":{\"@id\":\"https:\/\/www.nettali.com\/2022\/12\/06\/agression-de-amy-ndiaye-gniby-par-deux-deputes-du-pur-les-details-du-proces-verbal-qui-a-declenche-la-procedure-judiciaire\/#primaryimage\"},\"datePublished\":\"2022-12-06T07:45:51+00:00\",\"dateModified\":\"2022-12-06T20:54:49+00:00\",\"author\":{\"@id\":\"https:\/\/www.nettali.com\/#\/schema\/person\/3317e0bb3aa1da309fbf7b2780901bf4\"},\"breadcrumb\":{\"@id\":\"https:\/\/www.nettali.com\/2022\/12\/06\/agression-de-amy-ndiaye-gniby-par-deux-deputes-du-pur-les-details-du-proces-verbal-qui-a-declenche-la-procedure-judiciaire\/#breadcrumb\"},\"inLanguage\":\"fr-FR\",\"potentialAction\":[{\"@type\":\"ReadAction\",\"target\":[\"https:\/\/www.nettali.com\/2022\/12\/06\/agression-de-amy-ndiaye-gniby-par-deux-deputes-du-pur-les-details-du-proces-verbal-qui-a-declenche-la-procedure-judiciaire\/\"]}]},{\"@type\":\"BreadcrumbList\",\"@id\":\"https:\/\/www.nettali.com\/2022\/12\/06\/agression-de-amy-ndiaye-gniby-par-deux-deputes-du-pur-les-details-du-proces-verbal-qui-a-declenche-la-procedure-judiciaire\/#breadcrumb\",\"itemListElement\":[{\"@type\":\"ListItem\",\"position\":1,\"name\":\"Accueil\",\"item\":\"https:\/\/www.nettali.com\/\"},{\"@type\":\"ListItem\",\"position\":2,\"name\":\"\\\"AGRESSION\\\" DE AMY NDIAYE GNIBY PAR DEUX DEPUTES DU PUR -\\u00a0Les d\\u00e9tails du proc\\u00e8s-verbal qui a d\\u00e9clench\\u00e9 la proc\\u00e9dure judiciaire\"}]},{\"@type\":\"Person\",\"@id\":\"https:\/\/www.nettali.com\/#\/schema\/person\/3317e0bb3aa1da309fbf7b2780901bf4\",\"name\":\"Daouda\",\"image\":{\"@type\":\"ImageObject\",\"@id\":\"https:\/\/www.nettali.com\/#personlogo\",\"inLanguage\":\"fr-FR\",\"url\":\"https:\/\/secure.gravatar.com\/avatar\/8d143b5a49345098ddcfee1c49c2f47c?s=96&d=mm&r=g\",\"contentUrl\":\"https:\/\/secure.gravatar.com\/avatar\/8d143b5a49345098ddcfee1c49c2f47c?s=96&d=mm&r=g\",\"caption\":\"Daouda\"},\"sameAs\":[\"https:\/\/www.nettali.com\"]}]}<\/script>\n<!-- \/ Yoast SEO Premium plugin. -->","yoast_head_json":{"title":"\"AGRESSION\" DE AMY NDIAYE GNIBY PAR DEUX DEPUTES DU PUR -\u00a0Les d\u00e9tails du proc\u00e8s-verbal qui a d\u00e9clench\u00e9 la proc\u00e9dure judiciaire | Nettali.com","robots":{"index":"index","follow":"follow","max-snippet":"max-snippet:-1","max-image-preview":"max-image-preview:large","max-video-preview":"max-video-preview:-1"},"canonical":"https:\/\/www.nettali.com\/2022\/12\/06\/agression-de-amy-ndiaye-gniby-par-deux-deputes-du-pur-les-details-du-proces-verbal-qui-a-declenche-la-procedure-judiciaire\/","og_locale":"fr_FR","og_type":"article","og_title":"\"AGRESSION\" DE AMY NDIAYE GNIBY PAR DEUX DEPUTES DU PUR -\u00a0Les d\u00e9tails du proc\u00e8s-verbal qui a d\u00e9clench\u00e9 la proc\u00e9dure judiciaire","og_description":"NETTALI.COM - La bagarre entre les d\u00e9put\u00e9s Amy Ndiaye Gniby, Massata Samb et Mamadou Niang \u00e0 l\u2019Assembl\u00e9e nationale conna\u00eet d\u00e9j\u00e0 une suite judiciaire. Le Pr\u00e9sident de l\u2019Assembl\u00e9e nationale, Amadou Mame Diop, a saisi le procureur de la R\u00e9publique sur proc\u00e8s-verbal, pour l\u2019arrestation des deux d\u00e9put\u00e9s de l\u2019opposition. Une requ\u00eate accept\u00e9e par le Procureur. La sc\u00e8ne [&hellip;]","og_url":"https:\/\/www.nettali.com\/2022\/12\/06\/agression-de-amy-ndiaye-gniby-par-deux-deputes-du-pur-les-details-du-proces-verbal-qui-a-declenche-la-procedure-judiciaire\/","og_site_name":"Nettali.com","article_publisher":"https:\/\/www.facebook.com\/nettalicom","article_published_time":"2022-12-06T07:45:51+00:00","article_modified_time":"2022-12-06T20:54:49+00:00","og_image":[{"width":1080,"height":607,"url":"https:\/\/www.nettali.com\/wp-content\/uploads\/2022\/11\/Procureur-Dakar.jpeg","type":"image\/jpeg"}],"twitter_card":"summary_large_image","twitter_misc":{"\u00c9crit par":"Daouda","Dur\u00e9e de lecture estim\u00e9e":"4 minutes"},"schema":{"@context":"https:\/\/schema.org","@graph":[{"@type":"WebSite","@id":"https:\/\/www.nettali.com\/#website","url":"https:\/\/www.nettali.com\/","name":"Nettali.com","description":"Le rendez-vous critique du Net","potentialAction":[{"@type":"SearchAction","target":{"@type":"EntryPoint","urlTemplate":"https:\/\/www.nettali.com\/?s={search_term_string}"},"query-input":"required name=search_term_string"}],"inLanguage":"fr-FR"},{"@type":"ImageObject","@id":"https:\/\/www.nettali.com\/2022\/12\/06\/agression-de-amy-ndiaye-gniby-par-deux-deputes-du-pur-les-details-du-proces-verbal-qui-a-declenche-la-procedure-judiciaire\/#primaryimage","inLanguage":"fr-FR","url":"https:\/\/www.nettali.com\/wp-content\/uploads\/2022\/11\/Procureur-Dakar.jpeg","contentUrl":"https:\/\/www.nettali.com\/wp-content\/uploads\/2022\/11\/Procureur-Dakar.jpeg","width":1080,"height":607},{"@type":"WebPage","@id":"https:\/\/www.nettali.com\/2022\/12\/06\/agression-de-amy-ndiaye-gniby-par-deux-deputes-du-pur-les-details-du-proces-verbal-qui-a-declenche-la-procedure-judiciaire\/#webpage","url":"https:\/\/www.nettali.com\/2022\/12\/06\/agression-de-amy-ndiaye-gniby-par-deux-deputes-du-pur-les-details-du-proces-verbal-qui-a-declenche-la-procedure-judiciaire\/","name":"\"AGRESSION\" DE AMY NDIAYE GNIBY PAR DEUX DEPUTES DU PUR -\u00a0Les d\u00e9tails du proc\u00e8s-verbal qui a d\u00e9clench\u00e9 la proc\u00e9dure judiciaire | Nettali.com","isPartOf":{"@id":"https:\/\/www.nettali.com\/#website"},"primaryImageOfPage":{"@id":"https:\/\/www.nettali.com\/2022\/12\/06\/agression-de-amy-ndiaye-gniby-par-deux-deputes-du-pur-les-details-du-proces-verbal-qui-a-declenche-la-procedure-judiciaire\/#primaryimage"},"datePublished":"2022-12-06T07:45:51+00:00","dateModified":"2022-12-06T20:54:49+00:00","author":{"@id":"https:\/\/www.nettali.com\/#\/schema\/person\/3317e0bb3aa1da309fbf7b2780901bf4"},"breadcrumb":{"@id":"https:\/\/www.nettali.com\/2022\/12\/06\/agression-de-amy-ndiaye-gniby-par-deux-deputes-du-pur-les-details-du-proces-verbal-qui-a-declenche-la-procedure-judiciaire\/#breadcrumb"},"inLanguage":"fr-FR","potentialAction":[{"@type":"ReadAction","target":["https:\/\/www.nettali.com\/2022\/12\/06\/agression-de-amy-ndiaye-gniby-par-deux-deputes-du-pur-les-details-du-proces-verbal-qui-a-declenche-la-procedure-judiciaire\/"]}]},{"@type":"BreadcrumbList","@id":"https:\/\/www.nettali.com\/2022\/12\/06\/agression-de-amy-ndiaye-gniby-par-deux-deputes-du-pur-les-details-du-proces-verbal-qui-a-declenche-la-procedure-judiciaire\/#breadcrumb","itemListElement":[{"@type":"ListItem","position":1,"name":"Accueil","item":"https:\/\/www.nettali.com\/"},{"@type":"ListItem","position":2,"name":"\"AGRESSION\" DE AMY NDIAYE GNIBY PAR DEUX DEPUTES DU PUR -\u00a0Les d\u00e9tails du proc\u00e8s-verbal qui a d\u00e9clench\u00e9 la proc\u00e9dure judiciaire"}]},{"@type":"Person","@id":"https:\/\/www.nettali.com\/#\/schema\/person\/3317e0bb3aa1da309fbf7b2780901bf4","name":"Daouda","image":{"@type":"ImageObject","@id":"https:\/\/www.nettali.com\/#personlogo","inLanguage":"fr-FR","url":"https:\/\/secure.gravatar.com\/avatar\/8d143b5a49345098ddcfee1c49c2f47c?s=96&d=mm&r=g","contentUrl":"https:\/\/secure.gravatar.com\/avatar\/8d143b5a49345098ddcfee1c49c2f47c?s=96&d=mm&r=g","caption":"Daouda"},"sameAs":["https:\/\/www.nettali.com"]}]}},"_links":{"self":[{"href":"https:\/\/www.nettali.com\/rest\/wp\/v2\/posts\/98987"}],"collection":[{"href":"https:\/\/www.nettali.com\/rest\/wp\/v2\/posts"}],"about":[{"href":"https:\/\/www.nettali.com\/rest\/wp\/v2\/types\/post"}],"author":[{"embeddable":true,"href":"https:\/\/www.nettali.com\/rest\/wp\/v2\/users\/4"}],"replies":[{"embeddable":true,"href":"https:\/\/www.nettali.com\/rest\/wp\/v2\/comments?post=98987"}],"version-history":[{"count":1,"href":"https:\/\/www.nettali.com\/rest\/wp\/v2\/posts\/98987\/revisions"}],"predecessor-version":[{"id":98988,"href":"https:\/\/www.nettali.com\/rest\/wp\/v2\/posts\/98987\/revisions\/98988"}],"wp:featuredmedia":[{"embeddable":true,"href":"https:\/\/www.nettali.com\/rest\/wp\/v2\/media\/98158"}],"wp:attachment":[{"href":"https:\/\/www.nettali.com\/rest\/wp\/v2\/media?parent=98987"}],"wp:term":[{"taxonomy":"category","embeddable":true,"href":"https:\/\/www.nettali.com\/rest\/wp\/v2\/categories?post=98987"},{"taxonomy":"post_tag","embeddable":true,"href":"https:\/\/www.nettali.com\/rest\/wp\/v2\/tags?post=98987"}],"curies":[{"name":"wp","href":"https:\/\/api.w.org\/{rel}","templated":true}]}}