{"id":98980,"date":"2022-12-06T07:35:16","date_gmt":"2022-12-06T07:35:16","guid":{"rendered":"https:\/\/www.nettali.com\/?p=98980"},"modified":"2022-12-06T07:35:16","modified_gmt":"2022-12-06T07:35:16","slug":"affaire-de-viol-presume-adji-sarr-prete-pour-une-confrontation-avec-sonko","status":"publish","type":"post","link":"https:\/\/www.nettali.com\/2022\/12\/06\/affaire-de-viol-presume-adji-sarr-prete-pour-une-confrontation-avec-sonko\/","title":{"rendered":"AFFAIRE DE VIOL PRESUME - Adji Sarr pr\u00eate pour une confrontation avec Sonko"},"content":{"rendered":"<p><strong>NETTALI.COM- Accus\u00e9 de viol et de menace de mort, Ousmane Sonko sera confront\u00e9 \u00e0 son accusatrice Adji Sarr ce mardi 6 d\u00e9cembre 2022.<\/strong><\/p>\n<p>La confrontation entre Adji Sarr et Ousmane Sonko dans l'affaire\u00a0 Sweet Beauty est pr\u00e9vue ce mardi 6 d\u00e9cembre 2022. A quelques heures de ce face-\u00e0-face dans le bureau du Doyen des juges, la masseuse s'est dit \"pr\u00eate\". Elle a l\u00e2ch\u00e9 ces mots lors d\u2019une apparition publique. En fait, Adji Sarr \u00e9tait pr\u00e9sente \u00e0 une manifestation organis\u00e9e par le minist\u00e8re de la Femme sur \" L'activisme pour l'\u00e9limination de la violence \u00e0 l'\u00e9gard des femmes et des filles.\"<\/p>\n<p>La jeune fille est venue accompagn\u00e9e par ses gardes du corps.<\/p>\n<p>&nbsp;<\/p>\n<div class='share-to-whatsapp-wrapper'><div class='share-on-whsp'>PARTAGER SUR : <\/div><a data-text='AFFAIRE DE VIOL PRESUME - Adji Sarr pr\u00eate pour une confrontation avec Sonko' data-link='https:\/\/www.nettali.com\/2022\/12\/06\/affaire-de-viol-presume-adji-sarr-prete-pour-une-confrontation-avec-sonko\/' class='whatsapp-button whatsapp-share'>WhatsApp<\/a><div class='clear '><\/div><\/div>","protected":false},"excerpt":{"rendered":"<p>NETTALI.COM- Accus\u00e9 de viol et de menace de mort, Ousmane Sonko sera confront\u00e9 \u00e0 son accusatrice Adji Sarr ce mardi 6 d\u00e9cembre 2022. La confrontation entre Adji Sarr et Ousmane Sonko dans l'affaire\u00a0 Sweet Beauty est pr\u00e9vue ce mardi 6 d\u00e9cembre 2022. A quelques heures de ce face-\u00e0-face dans le bureau du Doyen des juges, [&hellip;]<\/p>\n","protected":false},"author":6,"featured_media":98981,"comment_status":"open","ping_status":"open","sticky":false,"template":"","format":"standard","meta":{"_et_pb_use_builder":"","_et_pb_old_content":""},"categories":[3],"tags":[],"yoast_head":"<!-- This site is optimized with the Yoast SEO Premium plugin v17.8 (Yoast SEO v17.8) - https:\/\/yoast.com\/wordpress\/plugins\/seo\/ -->\n<title>AFFAIRE DE VIOL PRESUME - Adji Sarr pr\u00eate pour une confrontation avec Sonko | Nettali.com<\/title>\n<meta name=\"robots\" content=\"index, follow, max-snippet:-1, max-image-preview:large, max-video-preview:-1\" \/>\n<link rel=\"canonical\" href=\"https:\/\/www.nettali.com\/2022\/12\/06\/affaire-de-viol-presume-adji-sarr-prete-pour-une-confrontation-avec-sonko\/\" \/>\n<meta property=\"og:locale\" content=\"fr_FR\" \/>\n<meta property=\"og:type\" content=\"article\" \/>\n<meta property=\"og:title\" content=\"AFFAIRE DE VIOL PRESUME - Adji Sarr pr\u00eate pour une confrontation avec Sonko\" \/>\n<meta property=\"og:description\" content=\"NETTALI.COM- Accus\u00e9 de viol et de menace de mort, Ousmane Sonko sera confront\u00e9 \u00e0 son accusatrice Adji Sarr ce mardi 6 d\u00e9cembre 2022. La confrontation entre Adji Sarr et Ousmane Sonko dans l&#039;affaire\u00a0 Sweet Beauty est pr\u00e9vue ce mardi 6 d\u00e9cembre 2022. A quelques heures de ce face-\u00e0-face dans le bureau du Doyen des juges, [&hellip;]\" \/>\n<meta property=\"og:url\" content=\"https:\/\/www.nettali.com\/2022\/12\/06\/affaire-de-viol-presume-adji-sarr-prete-pour-une-confrontation-avec-sonko\/\" \/>\n<meta property=\"og:site_name\" content=\"Nettali.com\" \/>\n<meta property=\"article:publisher\" content=\"https:\/\/www.facebook.com\/nettalicom\" \/>\n<meta property=\"article:published_time\" content=\"2022-12-06T07:35:16+00:00\" \/>\n<meta property=\"og:image\" content=\"https:\/\/www.nettali.com\/wp-content\/uploads\/2022\/12\/E08DA142-2D32-44F8-BD7F-88F6C747A4EF.jpeg\" \/>\n\t<meta property=\"og:image:width\" content=\"1280\" \/>\n\t<meta property=\"og:image:height\" content=\"960\" \/>\n<meta name=\"twitter:card\" content=\"summary_large_image\" \/>\n<meta name=\"twitter:label1\" content=\"\u00c9crit par\" \/>\n\t<meta name=\"twitter:data1\" content=\"Fatou\" \/>\n\t<meta name=\"twitter:label2\" content=\"Dur\u00e9e de lecture estim\u00e9e\" \/>\n\t<meta name=\"twitter:data2\" content=\"1 minute\" \/>\n<script type=\"application\/ld+json\" class=\"yoast-schema-graph\">{\"@context\":\"https:\/\/schema.org\",\"@graph\":[{\"@type\":\"WebSite\",\"@id\":\"https:\/\/www.nettali.com\/#website\",\"url\":\"https:\/\/www.nettali.com\/\",\"name\":\"Nettali.com\",\"description\":\"Le rendez-vous critique du Net\",\"potentialAction\":[{\"@type\":\"SearchAction\",\"target\":{\"@type\":\"EntryPoint\",\"urlTemplate\":\"https:\/\/www.nettali.com\/?s={search_term_string}\"},\"query-input\":\"required name=search_term_string\"}],\"inLanguage\":\"fr-FR\"},{\"@type\":\"ImageObject\",\"@id\":\"https:\/\/www.nettali.com\/2022\/12\/06\/affaire-de-viol-presume-adji-sarr-prete-pour-une-confrontation-avec-sonko\/#primaryimage\",\"inLanguage\":\"fr-FR\",\"url\":\"https:\/\/www.nettali.com\/wp-content\/uploads\/2022\/12\/E08DA142-2D32-44F8-BD7F-88F6C747A4EF.jpeg\",\"contentUrl\":\"https:\/\/www.nettali.com\/wp-content\/uploads\/2022\/12\/E08DA142-2D32-44F8-BD7F-88F6C747A4EF.jpeg\",\"width\":1280,\"height\":960},{\"@type\":\"WebPage\",\"@id\":\"https:\/\/www.nettali.com\/2022\/12\/06\/affaire-de-viol-presume-adji-sarr-prete-pour-une-confrontation-avec-sonko\/#webpage\",\"url\":\"https:\/\/www.nettali.com\/2022\/12\/06\/affaire-de-viol-presume-adji-sarr-prete-pour-une-confrontation-avec-sonko\/\",\"name\":\"AFFAIRE DE VIOL PRESUME - Adji Sarr pr\\u00eate pour une confrontation avec Sonko | Nettali.com\",\"isPartOf\":{\"@id\":\"https:\/\/www.nettali.com\/#website\"},\"primaryImageOfPage\":{\"@id\":\"https:\/\/www.nettali.com\/2022\/12\/06\/affaire-de-viol-presume-adji-sarr-prete-pour-une-confrontation-avec-sonko\/#primaryimage\"},\"datePublished\":\"2022-12-06T07:35:16+00:00\",\"dateModified\":\"2022-12-06T07:35:16+00:00\",\"author\":{\"@id\":\"https:\/\/www.nettali.com\/#\/schema\/person\/418274a86bdf87caff7a3ef476bd0bbf\"},\"breadcrumb\":{\"@id\":\"https:\/\/www.nettali.com\/2022\/12\/06\/affaire-de-viol-presume-adji-sarr-prete-pour-une-confrontation-avec-sonko\/#breadcrumb\"},\"inLanguage\":\"fr-FR\",\"potentialAction\":[{\"@type\":\"ReadAction\",\"target\":[\"https:\/\/www.nettali.com\/2022\/12\/06\/affaire-de-viol-presume-adji-sarr-prete-pour-une-confrontation-avec-sonko\/\"]}]},{\"@type\":\"BreadcrumbList\",\"@id\":\"https:\/\/www.nettali.com\/2022\/12\/06\/affaire-de-viol-presume-adji-sarr-prete-pour-une-confrontation-avec-sonko\/#breadcrumb\",\"itemListElement\":[{\"@type\":\"ListItem\",\"position\":1,\"name\":\"Accueil\",\"item\":\"https:\/\/www.nettali.com\/\"},{\"@type\":\"ListItem\",\"position\":2,\"name\":\"AFFAIRE DE VIOL PRESUME - Adji Sarr pr\\u00eate pour une confrontation avec Sonko\"}]},{\"@type\":\"Person\",\"@id\":\"https:\/\/www.nettali.com\/#\/schema\/person\/418274a86bdf87caff7a3ef476bd0bbf\",\"name\":\"Fatou\",\"image\":{\"@type\":\"ImageObject\",\"@id\":\"https:\/\/www.nettali.com\/#personlogo\",\"inLanguage\":\"fr-FR\",\"url\":\"https:\/\/secure.gravatar.com\/avatar\/5a9442a2bee7b4dcf167cab035858e9a?s=96&d=mm&r=g\",\"contentUrl\":\"https:\/\/secure.gravatar.com\/avatar\/5a9442a2bee7b4dcf167cab035858e9a?s=96&d=mm&r=g\",\"caption\":\"Fatou\"},\"sameAs\":[\"https:\/\/www.nettali.com\"]}]}<\/script>\n<!-- \/ Yoast SEO Premium plugin. -->","yoast_head_json":{"title":"AFFAIRE DE VIOL PRESUME - Adji Sarr pr\u00eate pour une confrontation avec Sonko | Nettali.com","robots":{"index":"index","follow":"follow","max-snippet":"max-snippet:-1","max-image-preview":"max-image-preview:large","max-video-preview":"max-video-preview:-1"},"canonical":"https:\/\/www.nettali.com\/2022\/12\/06\/affaire-de-viol-presume-adji-sarr-prete-pour-une-confrontation-avec-sonko\/","og_locale":"fr_FR","og_type":"article","og_title":"AFFAIRE DE VIOL PRESUME - Adji Sarr pr\u00eate pour une confrontation avec Sonko","og_description":"NETTALI.COM- Accus\u00e9 de viol et de menace de mort, Ousmane Sonko sera confront\u00e9 \u00e0 son accusatrice Adji Sarr ce mardi 6 d\u00e9cembre 2022. La confrontation entre Adji Sarr et Ousmane Sonko dans l'affaire\u00a0 Sweet Beauty est pr\u00e9vue ce mardi 6 d\u00e9cembre 2022. A quelques heures de ce face-\u00e0-face dans le bureau du Doyen des juges, [&hellip;]","og_url":"https:\/\/www.nettali.com\/2022\/12\/06\/affaire-de-viol-presume-adji-sarr-prete-pour-une-confrontation-avec-sonko\/","og_site_name":"Nettali.com","article_publisher":"https:\/\/www.facebook.com\/nettalicom","article_published_time":"2022-12-06T07:35:16+00:00","og_image":[{"width":1280,"height":960,"url":"https:\/\/www.nettali.com\/wp-content\/uploads\/2022\/12\/E08DA142-2D32-44F8-BD7F-88F6C747A4EF.jpeg","type":"image\/jpeg"}],"twitter_card":"summary_large_image","twitter_misc":{"\u00c9crit par":"Fatou","Dur\u00e9e de lecture estim\u00e9e":"1 minute"},"schema":{"@context":"https:\/\/schema.org","@graph":[{"@type":"WebSite","@id":"https:\/\/www.nettali.com\/#website","url":"https:\/\/www.nettali.com\/","name":"Nettali.com","description":"Le rendez-vous critique du Net","potentialAction":[{"@type":"SearchAction","target":{"@type":"EntryPoint","urlTemplate":"https:\/\/www.nettali.com\/?s={search_term_string}"},"query-input":"required name=search_term_string"}],"inLanguage":"fr-FR"},{"@type":"ImageObject","@id":"https:\/\/www.nettali.com\/2022\/12\/06\/affaire-de-viol-presume-adji-sarr-prete-pour-une-confrontation-avec-sonko\/#primaryimage","inLanguage":"fr-FR","url":"https:\/\/www.nettali.com\/wp-content\/uploads\/2022\/12\/E08DA142-2D32-44F8-BD7F-88F6C747A4EF.jpeg","contentUrl":"https:\/\/www.nettali.com\/wp-content\/uploads\/2022\/12\/E08DA142-2D32-44F8-BD7F-88F6C747A4EF.jpeg","width":1280,"height":960},{"@type":"WebPage","@id":"https:\/\/www.nettali.com\/2022\/12\/06\/affaire-de-viol-presume-adji-sarr-prete-pour-une-confrontation-avec-sonko\/#webpage","url":"https:\/\/www.nettali.com\/2022\/12\/06\/affaire-de-viol-presume-adji-sarr-prete-pour-une-confrontation-avec-sonko\/","name":"AFFAIRE DE VIOL PRESUME - Adji Sarr pr\u00eate pour une confrontation avec Sonko | Nettali.com","isPartOf":{"@id":"https:\/\/www.nettali.com\/#website"},"primaryImageOfPage":{"@id":"https:\/\/www.nettali.com\/2022\/12\/06\/affaire-de-viol-presume-adji-sarr-prete-pour-une-confrontation-avec-sonko\/#primaryimage"},"datePublished":"2022-12-06T07:35:16+00:00","dateModified":"2022-12-06T07:35:16+00:00","author":{"@id":"https:\/\/www.nettali.com\/#\/schema\/person\/418274a86bdf87caff7a3ef476bd0bbf"},"breadcrumb":{"@id":"https:\/\/www.nettali.com\/2022\/12\/06\/affaire-de-viol-presume-adji-sarr-prete-pour-une-confrontation-avec-sonko\/#breadcrumb"},"inLanguage":"fr-FR","potentialAction":[{"@type":"ReadAction","target":["https:\/\/www.nettali.com\/2022\/12\/06\/affaire-de-viol-presume-adji-sarr-prete-pour-une-confrontation-avec-sonko\/"]}]},{"@type":"BreadcrumbList","@id":"https:\/\/www.nettali.com\/2022\/12\/06\/affaire-de-viol-presume-adji-sarr-prete-pour-une-confrontation-avec-sonko\/#breadcrumb","itemListElement":[{"@type":"ListItem","position":1,"name":"Accueil","item":"https:\/\/www.nettali.com\/"},{"@type":"ListItem","position":2,"name":"AFFAIRE DE VIOL PRESUME - Adji Sarr pr\u00eate pour une confrontation avec Sonko"}]},{"@type":"Person","@id":"https:\/\/www.nettali.com\/#\/schema\/person\/418274a86bdf87caff7a3ef476bd0bbf","name":"Fatou","image":{"@type":"ImageObject","@id":"https:\/\/www.nettali.com\/#personlogo","inLanguage":"fr-FR","url":"https:\/\/secure.gravatar.com\/avatar\/5a9442a2bee7b4dcf167cab035858e9a?s=96&d=mm&r=g","contentUrl":"https:\/\/secure.gravatar.com\/avatar\/5a9442a2bee7b4dcf167cab035858e9a?s=96&d=mm&r=g","caption":"Fatou"},"sameAs":["https:\/\/www.nettali.com"]}]}},"_links":{"self":[{"href":"https:\/\/www.nettali.com\/rest\/wp\/v2\/posts\/98980"}],"collection":[{"href":"https:\/\/www.nettali.com\/rest\/wp\/v2\/posts"}],"about":[{"href":"https:\/\/www.nettali.com\/rest\/wp\/v2\/types\/post"}],"author":[{"embeddable":true,"href":"https:\/\/www.nettali.com\/rest\/wp\/v2\/users\/6"}],"replies":[{"embeddable":true,"href":"https:\/\/www.nettali.com\/rest\/wp\/v2\/comments?post=98980"}],"version-history":[{"count":3,"href":"https:\/\/www.nettali.com\/rest\/wp\/v2\/posts\/98980\/revisions"}],"predecessor-version":[{"id":98986,"href":"https:\/\/www.nettali.com\/rest\/wp\/v2\/posts\/98980\/revisions\/98986"}],"wp:featuredmedia":[{"embeddable":true,"href":"https:\/\/www.nettali.com\/rest\/wp\/v2\/media\/98981"}],"wp:attachment":[{"href":"https:\/\/www.nettali.com\/rest\/wp\/v2\/media?parent=98980"}],"wp:term":[{"taxonomy":"category","embeddable":true,"href":"https:\/\/www.nettali.com\/rest\/wp\/v2\/categories?post=98980"},{"taxonomy":"post_tag","embeddable":true,"href":"https:\/\/www.nettali.com\/rest\/wp\/v2\/tags?post=98980"}],"curies":[{"name":"wp","href":"https:\/\/api.w.org\/{rel}","templated":true}]}}