{"id":98967,"date":"2022-12-06T06:30:37","date_gmt":"2022-12-06T06:30:37","guid":{"rendered":"https:\/\/www.nettali.com\/?p=98967"},"modified":"2022-12-08T08:11:58","modified_gmt":"2022-12-08T08:11:58","slug":"ledito-de-nettali-com-indignite-dune-representation","status":"publish","type":"post","link":"https:\/\/www.nettali.com\/2022\/12\/06\/ledito-de-nettali-com-indignite-dune-representation\/","title":{"rendered":"L'EDITO DE NETTALI.COM - Indignit\u00e9 d\u2019une repr\u00e9sentation\u00a0!"},"content":{"rendered":"<p><strong>NETTALI.COM - L\u2019Assembl\u00e9e nationale est d\u00e9cid\u00e9ment devenue une vraie ar\u00e8ne de gladiateurs ! Cette affaire de violence sur une femme d\u00e9put\u00e9e qui d\u00e9fraie la chronique, a suscit\u00e9 une vive indignation chez les S\u00e9n\u00e9galais et certainement au-del\u00e0 de nos fronti\u00e8res, montrant \u00e0 tous ceux-l\u00e0 qui ne savent pas ce qui se passe r\u00e9ellement dans l\u2019h\u00e9micycle, la r\u00e9alit\u00e9 crue de l\u2019ambiance qui y r\u00e8gne. Ils doivent d\u00e9cid\u00e9ment se demander, ces S\u00e9n\u00e9galais, surtout ceux-l\u00e0 qui gal\u00e8rent au quotidien, pourquoi on devrait verser des salaires \u00e0 coups de millions et autres avantages en v\u00e9hicules et carburant, \u00e0 d\u2019autres S\u00e9n\u00e9galais cens\u00e9s les repr\u00e9senter et qui passent leur temps \u00e0 rivaliser d\u2019insanit\u00e9s et \u00e0 se battre ? <\/strong><\/p>\n<p>Cette 14<sup>\u00e8me<\/sup> l\u00e9gislature n\u2019a jusqu\u2019ici montr\u00e9 qu\u2019un visage de parlement violent, teint\u00e9 de tiraillements sans fin et d\u2019\u00e9changes de propos aigre-doux.\u00a0 C\u2019est d\u00e9sormais la norme \u00e0 l\u2019assembl\u00e9e. On y distribue, tel Jackie Chan, des coups et des gifles\u00a0! On y prend en otage des urnes, on y arrache des micros, on y chahute, d\u00e9nigre, insulte, humilie\u00a0! Tout ceci montre qu\u2019il y a vraiment du chemin \u00e0 faire avant de trouver la bonne posture du d\u00e9put\u00e9 s\u00e9n\u00e9galais et cette honorabilit\u00e9 que l\u2019on attend d\u2019un repr\u00e9sentant du peuple. Et m\u00eame\u00a0dans ce contexte de coude \u00e0 coude en termes de nombre de d\u00e9put\u00e9s, majorit\u00e9 comme opposition (83 \u00e0 82), avec des non-inscrits arbitres, l\u2019on se disait enfin une occasion formidable pour faire \u00e9clore des d\u00e9bats de haute facture dans le but de d\u00e9partager nos repr\u00e9sentants.<\/p>\n<p>En lieu et place, l\u2019on a finalement droit qu\u2019\u00e0 des d\u00e9ballages dignes de querelles de chiffonniers. Comme lorsque le d\u00e9put\u00e9 Abass Fall a cherch\u00e9 \u00e0 d\u00e9noncer le fonctionnement du syst\u00e8me \u00e9ducatif, lors des d\u00e9bats du vote du budget du minist\u00e8re de l\u2019\u00e9ducation nationale qui a connu une hausse de plus de 171 milliards. Devant les parlementaires, Cheikh Omar Hann, pour riposter, a balanc\u00e9 une boule puante \u00e0 l\u2019endroit du d\u00e9put\u00e9 Abass Fall de Pastef. L\u2019ancien ministre de l\u2019enseignement sup\u00e9rieur l\u2019a en effet accus\u00e9 d\u2019avoir<em> \u00ab\u00a0cr\u00e9\u00e9 une \u00e9cole et d\u2019avoir \u00e9t\u00e9 audit\u00e9 et \u00e9pingl\u00e9 en 2021<\/em>\u00a0\u00bb. De quoi faire r\u00e9agir le d\u00e9put\u00e9 de l\u2019opposition qui a qualifi\u00e9 cette accusation de <em>\u00ab\u00a0mensonge grotesque du champion de la surfacturation de haut vol qui a \u00e9crit l\u2019une des pages les plus sales de l\u2019histoire de la gestion du COUD d\u00e9voil\u00e9e par l\u2019OFNAC\u00a0\u00bb<\/em> et qui montre \u00e0 suffisance <em>\u00ab\u00a0la personnalit\u00e9 de l\u2019homme \u00bb. Le manque de d\u00e9f\u00e9rence et de courtoisie est \u00e0 son comble. En quoi ces accusations et contre-accusations font-elles avancer le d\u00e9bat\u00a0? <\/em><\/p>\n<p>Si ce n'est pas Guy Marius Sagna qui voit ses interventions perturb\u00e9es par la nomm\u00e9e \u00ab\u00a0Coura Macky\u00a0\u00bb, devenue d\u00e9put\u00e9e, suite \u00e0 la d\u00e9mission de Sokhna Dieng, c\u2019est Thierno Alassane Sall ou Aminata Tour\u00e9 qui subit les diatribes de leurs ex-camarades de l'Alliance pour la R\u00e9publique (Apr). Mame Mbaye Niang en a aussi pris pour son grade avec cette histoire de Prodac pour laquelle certains ont affirm\u00e9 qu\u2019il a \u00e9t\u00e9 \u00e9pingl\u00e9. Une affaire qui a finalement abouti \u00e0 une conf\u00e9rence de presse au cours de laquelle ce dernier s\u2019en est pris \u00e0 Ousmane Sonko en portant plainte et en lui demandant de produire les preuves de ce rapport. Dans le lot, c\u2019est aussi Farba Ngom qui invite l\u2019affaire de suppos\u00e9 de viol concernant Ousmane Sonko. Bref, une assembl\u00e9e o\u00f9 le d\u00e9bat vole tellement bas\u00a0!<\/p>\n<p>N\u2019oublions pas qu\u2019il n y a gu\u00e8re longtemps qu\u2019on a assist\u00e9 \u00e0 une incursion de gendarmes dans l\u2019h\u00e9micycle, alors qu\u2019y r\u00e9gnait une vive tension.<\/p>\n<p>Et ce fameux dimanche-l\u00e0, un nouveau pas a \u00e9t\u00e9 franchi par la d\u00e9put\u00e9e-maire Amy Ndiaye Gniby de Benno Bokk Yakaar qui a profit\u00e9 de son temps de parole, lors du vote du budget du minist\u00e8re de l'Int\u00e9rieur pour tenir des propos jug\u00e9s irrespectueux \u00e0 l'endroit de Serigne Moustapha Sy, pr\u00e9sident du Parti de l'unit\u00e9 et du rassemblement (Pur), formation politique membre de la coalition Yewwi askan wi.\u00a0\u00a0Bref, on est loin de l\u2019\u00e9l\u00e9gance de nos d\u00e9put\u00e9s d\u2019une certaine \u00e9poque. Loin \u00e9galement de leurs d\u00e9bats \u00e9piques.<\/p>\n<p>La v\u00e9rit\u00e9 est que l\u2019Assembl\u00e9e est devenue un lieu de provocation, d\u2019attaques et de contre- attaques, comme l\u2019a si prouv\u00e9 cette r\u00e9cente pl\u00e9ni\u00e8re d\u00e9di\u00e9e au budget 2023.<\/p>\n<p>Il y a,\u00a0\u00a0en effet, de quoi se demander si l\u2019objectif de ce vote de budget se r\u00e9sume en des s\u00e9ances de d\u00e9nigrements, de d\u00e9terrements de cafards suppos\u00e9s ou av\u00e9r\u00e9s ? Difficile en effet de savoir o\u00f9 est l\u2019essentiel et le r\u00e9sultat que l\u2019on cherche \u00e0 atteindre.<\/p>\n<p>L\u2019Assembl\u00e9e nationale sous nos cieux, n\u2019a, \u00e0 vrai dire, jamais \u00e9t\u00e9 \u00e0 la hauteur de la repr\u00e9sentation que le peuple attend d\u2019elle, en termes de d\u00e9fense de ses int\u00e9r\u00eats et de ceux des localit\u00e9s d\u2019o\u00f9 sont issus les d\u00e9put\u00e9s. Mais un b\u00e9mol toutefois, les l\u00e9gislatures pass\u00e9es \u00e9taient bien plus apais\u00e9es, plus intelligentes que cette 14 \u00e8me, m\u00eame si les d\u00e9put\u00e9s n\u2019ont jamais \u00e9t\u00e9, et de tout temps d\u2019ailleurs, que les repr\u00e9sentants des majorit\u00e9s qui ont jusqu\u2019ici hiss\u00e9 ces g\u00e9n\u00e9rations de d\u00e9put\u00e9s au sein de l\u2019h\u00e9micycle.\u00a0\u00a0Bref, tout cela pour dire qu\u2019on n\u2019est pas encore sortis de l\u2019auberge\u00a0!<\/p>\n<p>Une affaire de gifles, de coup de pied sur une femme que l\u2019on dit en plus enceinte, qui n\u2019aurait en tout cas jamais d\u00fb avoir lieu dans ce lieu \u00e0 haute charge symbolique et \u00e0 plus forte raison ailleurs. Elle ne grandit pas ces hommes (Massata Samb et Mamadou Niang) qui ont exerc\u00e9 ces violences sur cette dame au \u00ab\u00a0matay\u00a0\u00bb (je l\u2019ai fait expr\u00e8s et je r\u00e9it\u00e8re mes propos) qui a fait monter la moutarde au nez, alors que le d\u00e9put\u00e9 de Pur \u00e9tait revenu sur l\u2019intervention de Amy Ndiaye, apr\u00e8s une suspension de s\u00e9ance.<\/p>\n<p>Rien ne doit, \u00e0 la v\u00e9rit\u00e9, pouvoir justifier des \u00e9changes de coups, \u00e0 fortiori de lever la main sur une femme. Et m\u00eame sur un homme d\u2019ailleurs.<\/p>\n<p>Une violence sur une femme qui n\u2019est d\u2019ailleurs pas une premi\u00e8re. L\u2019on se souvient en effet de celle exerc\u00e9e sur Mame Diarra Fam, lors du vote de la loi sur l\u2019introduction du parrainage. Celle-ci avait en effet re\u00e7u un coup du d\u00e9put\u00e9 Kader Ndiaye qui l\u2019avait mise Ko, avant qu\u2019elle ne se rel\u00e8ve et tente de riposter.<\/p>\n<p>Cette violence qui a eu lieu, est certes \u00e0 condamner. Mais il sera tout aussi difficile d\u2019ignorer la situation qui a pr\u00e9valu, \u00e0 savoir ces propos inutiles et sans int\u00e9r\u00eat d\u2019Amy Ndiaye Gniby sur le marabout Moustapha Sy et qui ne devait pas avoir lieu dans cet espace de repr\u00e9sentation, car ce sont des sujets qui n\u2019ont a priori aucun lien avec le vote des budgets, m\u00eame si l\u2019on est dans un contexte d\u2019adversit\u00e9 politique et de logique de groupes parlementaires.<\/p>\n<p>La question qui se pose, est de savoir pourquoi l\u2019on devrait s\u2019int\u00e9resser \u00e0 des personnalit\u00e9s politiques absents de l\u2019h\u00e9micycle\u00a0? Quel est l\u2019int\u00e9r\u00eat dans le contexte d\u2019un vote de budget, alors qu\u2019il y a tant de choses \u00e0 dire pour parfaire les contenus de ces budgets, sans oublier les montants en jeu qui se chiffrent en milliards. L\u2019on conna\u00eet bien les relations d\u2019affection qui existent entre les marabouts et leurs talib\u00e9s. A partir du moment o\u00f9 on en critique un, certains talib\u00e9s ne se contr\u00f4lent plus. Moustapha Sy n\u2019est pas d\u00e9put\u00e9. Tout comme Ousmane Sonko. O\u00f9 est d\u00e8s lors l\u2019int\u00e9r\u00eat de parler de lui, voire de traiter le leader de Pastef de violeur et de lui reprocher de fr\u00e9quenter un salon de massage. Des propos d\u00e9plac\u00e9s sign\u00e9s Farba Ngom. De m\u00eame l\u2019on peut bien parler du pr\u00e9sident de la r\u00e9publique dans une logique d\u2019\u00e9voquer des actes pos\u00e9s dans le cadre de sa fonction. Mais pourquoi diable, tomber dans des attaques ad hominem\u00a0?<\/p>\n<p><strong>Le choix des d\u00e9put\u00e9s en question<\/strong><\/p>\n<p>C\u2019est \u00e0 la v\u00e9rit\u00e9 l\u2019ensauvagement de l\u2019espace public qui est transpos\u00e9 \u00e0 l\u2019h\u00e9micycle puisque de nos jours le paradigme musculaire structure le d\u00e9bat politique. Que l\u2019on ne s\u2019y trompe point, l\u2019opposition frontale entre Macky Sall et Ousmane Sonko dans cette affaire de suppos\u00e9e viol et cette question du 3<sup>\u00e8me<\/sup>\u00a0mandat et bien d\u2019autres sujets de d\u00e9saccord, qui semble ne jamais vouloir prendre fin, s\u2019y prolonge avec ses excroissances qui se manifestent au grand jour.<\/p>\n<p>Tout cela n\u2019est finalement que la r\u00e9sultante d\u2019un espace politique loin d\u2019\u00eatre apais\u00e9, d\u2019o\u00f9 est absent un d\u00e9bat s\u00e9rieux et un dialogue franc. Le clivage est \u00e0 un niveau tel que rien ne de bon ne peut en sortir, puisque ce sont des logiques d\u2019opposition, voire d\u2019imposition syst\u00e9matiques d\u2019agendas ou encore des logiques de groupes parlementaires qui pr\u00e9valent sur l\u2019int\u00e9r\u00eat et l\u2019utilit\u00e9 pour le pays et les populations.<\/p>\n<p>Ce bordel ambiant semble \u00e0 ne point en douter, \u00eatre la faute \u00e0 des processus \u00e9lectoraux chaotiques et \u00e0 des modes de scrutin qui ne produisent pas de bons r\u00e9sultats, en plus de cr\u00e9er des crispations inutiles qui ne manquent pas de cons\u00e9quences f\u00e2cheuses dans le fonctionnement de la d\u00e9mocratie. Entre parrainages, listes invalid\u00e9es et d\u00e9put\u00e9s inscrits d\u2019embl\u00e9e sur des listes \u00e9lectorales sans toutefois avoir le profil requis et la bonne moralit\u00e9 qui sied pour repr\u00e9senter le peuple. Voil\u00e0 entre autres causes.<\/p>\n<p>Comment peut-on par exemple choisir un d\u00e9put\u00e9 qui ne sait pas lire ou n\u2019a pas un certain niveau d\u2019instruction ? Comment vouloir qu\u2019il comprenne la complexit\u00e9 des textes soumis \u00e0 lui, les contradictions cach\u00e9es et certaines subtilit\u00e9s et vouloir qu'il fasse un vote efficace ? Ce dernier va plut\u00f4t servir \u00e0\u00a0 autre chose, voire \u00e0 faire les sales besognes, qu\u2019\u00e0 permettre d'enrichir un d\u00e9bat dans lequel, il ne comprendra pas grand-chose.<\/p>\n<p><strong>Le cas inqui\u00e9tant Coura Macky\u00a0!<\/strong><\/p>\n<p>Le choix de certaines femmes \u00e0 l\u2019Assembl\u00e9e, laisse souvent \u00e0 d\u00e9sirer. Le dire ne peut nullement \u00eatre assimil\u00e9 \u00e0 du machisme, mais plut\u00f4t au fait de traduire une r\u00e9alit\u00e9. Certaines sont dans bon nombre de cas utilis\u00e9es dans une logique d\u2019instrumentalisation en portant des combats tr\u00e8s peu honorables qui les enferment dans des postures de femmes de borne-fontaine, juste pour alimenter des pol\u00e9miques, attaquer certains d\u00e9put\u00e9s d\u2019en face. On en fait des bouffons et des m\u00e9g\u00e8res qui vont faire montre de leurs stupidit\u00e9s.<\/p>\n<p>La star de cette l\u00e9gislature reste sans aucun doute celle qui se fait appeler de fa\u00e7on grotesque Coura Macky. Quand elle l\u2019ouvre, tout parent soucieux de l\u2019\u00e9ducation de son enfant, devrait aussit\u00f4t zapper sa t\u00e9l\u00e9. A l'entendre dire de certains hommes de l'assembl\u00e9e qu'ils sont \"diongoma\" (coquets), montre qu'elle est \u00e0 c\u00f4t\u00e9 de la plaque. Quelle honte que d'\u00e9lire un tel personnage, d\u00e9put\u00e9e ! Les inepties qu\u2019elle sort, les stupidit\u00e9s et la vulgarit\u00e9 qui \u00e9manent de son discours, doivent faire souffrir certaines oreilles sensibles. Cette parlementaire repr\u00e9sente en effet tout ce qu\u2019il y a de plus hideux dans la tenue et le vocabulaire. Tout chez elle, renvoie \u00e0 l\u2019insolence. Elle ne fait montre d\u2019aucun respect et encore moins de courtoisie vis-\u00e0-vis de ses coll\u00e8gues et du public.\u00a0\u00a0Qu\u2019est-ce qu\u2019elle manque de tenue et de classe, cette femme qui n\u2019ouvre la bouche que pour dire des vacuit\u00e9s et des inepties ! Difficile de savoir comment Macky Sall a pu admettre que celle-ci figure sur une liste au point de pouvoir remplacer Sokhna Dieng. C\u2019est sans doute une r\u00e9compense pour sa fid\u00e9lit\u00e9 et sa loyaut\u00e9 \u00e0 toute \u00e9preuve ! Bizarre. En m\u00eame temps une assembl\u00e9e qu\u2019on tire vers le bas et une d\u00e9mocratie \u00e0 laquelle on emp\u00eache de faire un saut qualitatif.<\/p>\n<p>A l\u2019oppos\u00e9e, Mame Diarra Fam se distingue certes par son extravagance et son excentricit\u00e9, mais elle au moins, dit des choses cens\u00e9es, m\u00eame si elle devrait s\u2019attacher les services d\u2019une conseill\u00e8re pour adopter davantage de sobri\u00e9t\u00e9 dans le choix de ses tenues qui vont mieux coller \u00e0 son statut de d\u00e9put\u00e9e du peuple.<\/p>\n<p><strong>L\u2019\u00e9quation Farba Ngom\u00a0! <\/strong><\/p>\n<p>C\u2019est le cas Farba Ngom qui n\u2019\u00e9tonne plus personne. Tant on l\u2019a vu encha\u00eener des d\u00e9clarations incendiaires, d\u00e9tenir des sommes \u00e9normes \u00e0 domicile et s\u2019attaquer \u00e0 l\u2019honorabilit\u00e9 de certaines personnes. Ce qui est surtout sid\u00e9rant et \u00e9tonnant, c\u2019est de se rendre compte qu\u2019on a affaire \u00e0 un d\u00e9put\u00e9 qui a pr\u00e9tendu avoir re\u00e7u des enveloppes en compagnie d\u2019un autre ministre, Thierno Alassane Sall en l\u2019occurrence. Comment peut-il se pr\u00e9valoir d\u2019une honorabilit\u00e9\u00a0! Dans un pays normal, il aurait eu affaire \u00e0 un juge. L\u2019on doute d\u2019ailleurs de la v\u00e9racit\u00e9 de ses propos qui ne devaient \u00eatre servis que pour salir un ancien camarade qui leur a tourn\u00e9 le dos et refus\u00e9 de signer certains contrats.<\/p>\n<p>La bonne moralit\u00e9 ne compte-t-elle pas pour \u00eatre d\u00e9put\u00e9\u00a0? M\u00eame si l\u2019on ne peut pas ne pas souligner les postures diff\u00e9rentes de Farba Ngom, il y a en tout cas \u00e0 se poser des questions sur le r\u00f4le qu\u2019on lui fait jouer. Lors de la l\u00e9gislature pass\u00e9e, il se faisait plut\u00f4t remarquer par son absent\u00e9isme et son mutisme et s\u2019asseyait au dernier rang pour se sauver d\u00e8s qu\u2019il en avait l\u2019occasion. Avec cette 14<sup>\u00e8me<\/sup>\u00a0l\u00e9gislature, il a compl\u00e9ment chang\u00e9 de posture puisqu\u2019il est devenu le chef de file de la majorit\u00e9 en m\u00eame temps l\u2019instigateur de tout ce qui se fait au sein des rangs de la majorit\u00e9. Assis au 1er rang, il donne d\u00e9sormais le ton et montre les postures \u00e0 adopter. N\u2019est-ce pas lui qui \u00e9tait en charge des procurations lorsqu\u2019il a fallu verrouiller le vote du pr\u00e9sident de l\u2019assembl\u00e9e pour ne pas avoir des surprises au dernier moment ?<\/p>\n<p>Avec cette l\u00e9gislature, il n'y a d\u00e9cid\u00e9ment presque jamais de s\u00e9ance sans perturbations surtout depuis le d\u00e9but du marathon budg\u00e9taire. Et ce qui ne devait point arriver, arriva. Le pr\u00e9sident de l\u2019Assembl\u00e9e nationale, Amadou Mame Diop, a finalement convoqu\u00e9 les dispositions de l\u2019article 53 alin\u00e9a 4 du r\u00e8glement int\u00e9rieur pour saisir le procureur de la R\u00e9publique, \u00e0 la suite de l'incident survenu \u00e0 l'Assembl\u00e9e nationale, apr\u00e8s avoir inform\u00e9 les membres du bureau de sa d\u00e9marche. Ce qui a pouss\u00e9 le Procureur de la R\u00e9publique \u00e0 d\u00e9clencher des poursuites. Aussi, apr\u00e8s avoir re\u00e7u cette d\u00e9nonciation de l\u2019Assembl\u00e9e nationale, le Procureur a saisi la Division des investigations criminelles (Dic) pour l\u2019arrestation des d\u00e9put\u00e9s Massata Samb et Mamadou Niang, tous deux membres du Pur, au sein de la coalition Yewwi Askan Wi (YAW), mis en cause. Ils sont pr\u00e9sentement recherch\u00e9s.<\/p>\n<p>Cette assembl\u00e9e nationale est assur\u00e9ment \u00e0 revoir dans sa composition, tant dans le choix de ses d\u00e9put\u00e9s que dans le vote qui permet d\u2019op\u00e9rer leur choix. Ce qui signifie qu\u2019il faille aller dans le sens de dresser des profils appropri\u00e9s et d\u2019opter pour un mode de scrutin qui permettrait davantage d\u2019\u00e9lire de vrais et dignes repr\u00e9sentants du peuple, plut\u00f4t que des d\u00e9put\u00e9s d\u2019un pr\u00e9sident de la r\u00e9publique.<\/p>\n<p><strong>\u00a0<\/strong><\/p>\n<p><strong>\u00a0<\/strong><\/p>\n<p><strong>\u00a0<\/strong><\/p>\n<p>&nbsp;<\/p>\n<div class='share-to-whatsapp-wrapper'><div class='share-on-whsp'>PARTAGER SUR : <\/div><a data-text='L'EDITO DE NETTALI.COM - Indignit\u00e9 d\u2019une repr\u00e9sentation\u00a0!' data-link='https:\/\/www.nettali.com\/2022\/12\/06\/ledito-de-nettali-com-indignite-dune-representation\/' class='whatsapp-button whatsapp-share'>WhatsApp<\/a><div class='clear '><\/div><\/div>","protected":false},"excerpt":{"rendered":"<p>NETTALI.COM - L\u2019Assembl\u00e9e nationale est d\u00e9cid\u00e9ment devenue une vraie ar\u00e8ne de gladiateurs ! Cette affaire de violence sur une femme d\u00e9put\u00e9e qui d\u00e9fraie la chronique, a suscit\u00e9 une vive indignation chez les S\u00e9n\u00e9galais et certainement au-del\u00e0 de nos fronti\u00e8res, montrant \u00e0 tous ceux-l\u00e0 qui ne savent pas ce qui se passe r\u00e9ellement dans l\u2019h\u00e9micycle, la [&hellip;]<\/p>\n","protected":false},"author":2,"featured_media":98879,"comment_status":"open","ping_status":"open","sticky":false,"template":"","format":"standard","meta":{"_et_pb_use_builder":"","_et_pb_old_content":""},"categories":[34931],"tags":[],"yoast_head":"<!-- This site is optimized with the Yoast SEO Premium plugin v17.8 (Yoast SEO v17.8) - https:\/\/yoast.com\/wordpress\/plugins\/seo\/ -->\n<title>L&#039;EDITO DE NETTALI.COM - Indignit\u00e9 d\u2019une repr\u00e9sentation\u00a0! | Nettali.com<\/title>\n<meta name=\"robots\" content=\"index, follow, max-snippet:-1, max-image-preview:large, max-video-preview:-1\" \/>\n<link rel=\"canonical\" href=\"https:\/\/www.nettali.com\/2022\/12\/06\/ledito-de-nettali-com-indignite-dune-representation\/\" \/>\n<meta property=\"og:locale\" content=\"fr_FR\" \/>\n<meta property=\"og:type\" content=\"article\" \/>\n<meta property=\"og:title\" content=\"L&#039;EDITO DE NETTALI.COM - Indignit\u00e9 d\u2019une repr\u00e9sentation\u00a0!\" \/>\n<meta property=\"og:description\" content=\"NETTALI.COM - L\u2019Assembl\u00e9e nationale est d\u00e9cid\u00e9ment devenue une vraie ar\u00e8ne de gladiateurs ! Cette affaire de violence sur une femme d\u00e9put\u00e9e qui d\u00e9fraie la chronique, a suscit\u00e9 une vive indignation chez les S\u00e9n\u00e9galais et certainement au-del\u00e0 de nos fronti\u00e8res, montrant \u00e0 tous ceux-l\u00e0 qui ne savent pas ce qui se passe r\u00e9ellement dans l\u2019h\u00e9micycle, la [&hellip;]\" \/>\n<meta property=\"og:url\" content=\"https:\/\/www.nettali.com\/2022\/12\/06\/ledito-de-nettali-com-indignite-dune-representation\/\" \/>\n<meta property=\"og:site_name\" content=\"Nettali.com\" \/>\n<meta property=\"article:publisher\" content=\"https:\/\/www.facebook.com\/nettalicom\" \/>\n<meta property=\"article:published_time\" content=\"2022-12-06T06:30:37+00:00\" \/>\n<meta property=\"article:modified_time\" content=\"2022-12-08T08:11:58+00:00\" \/>\n<meta property=\"og:image\" content=\"https:\/\/www.nettali.com\/wp-content\/uploads\/2022\/12\/fall-macky-hann-ngom-faram.jpg\" \/>\n\t<meta property=\"og:image:width\" content=\"1280\" \/>\n\t<meta property=\"og:image:height\" content=\"600\" \/>\n<meta name=\"twitter:card\" content=\"summary_large_image\" \/>\n<meta name=\"twitter:label1\" content=\"\u00c9crit par\" \/>\n\t<meta name=\"twitter:data1\" content=\"CK\" \/>\n\t<meta name=\"twitter:label2\" content=\"Dur\u00e9e de lecture estim\u00e9e\" \/>\n\t<meta name=\"twitter:data2\" content=\"13 minutes\" \/>\n<script type=\"application\/ld+json\" class=\"yoast-schema-graph\">{\"@context\":\"https:\/\/schema.org\",\"@graph\":[{\"@type\":\"WebSite\",\"@id\":\"https:\/\/www.nettali.com\/#website\",\"url\":\"https:\/\/www.nettali.com\/\",\"name\":\"Nettali.com\",\"description\":\"Le rendez-vous critique du Net\",\"potentialAction\":[{\"@type\":\"SearchAction\",\"target\":{\"@type\":\"EntryPoint\",\"urlTemplate\":\"https:\/\/www.nettali.com\/?s={search_term_string}\"},\"query-input\":\"required name=search_term_string\"}],\"inLanguage\":\"fr-FR\"},{\"@type\":\"ImageObject\",\"@id\":\"https:\/\/www.nettali.com\/2022\/12\/06\/ledito-de-nettali-com-indignite-dune-representation\/#primaryimage\",\"inLanguage\":\"fr-FR\",\"url\":\"https:\/\/www.nettali.com\/wp-content\/uploads\/2022\/12\/fall-macky-hann-ngom-faram.jpg\",\"contentUrl\":\"https:\/\/www.nettali.com\/wp-content\/uploads\/2022\/12\/fall-macky-hann-ngom-faram.jpg\",\"width\":1280,\"height\":600},{\"@type\":\"WebPage\",\"@id\":\"https:\/\/www.nettali.com\/2022\/12\/06\/ledito-de-nettali-com-indignite-dune-representation\/#webpage\",\"url\":\"https:\/\/www.nettali.com\/2022\/12\/06\/ledito-de-nettali-com-indignite-dune-representation\/\",\"name\":\"L'EDITO DE NETTALI.COM - Indignit\\u00e9 d\\u2019une repr\\u00e9sentation\\u00a0! | Nettali.com\",\"isPartOf\":{\"@id\":\"https:\/\/www.nettali.com\/#website\"},\"primaryImageOfPage\":{\"@id\":\"https:\/\/www.nettali.com\/2022\/12\/06\/ledito-de-nettali-com-indignite-dune-representation\/#primaryimage\"},\"datePublished\":\"2022-12-06T06:30:37+00:00\",\"dateModified\":\"2022-12-08T08:11:58+00:00\",\"author\":{\"@id\":\"https:\/\/www.nettali.com\/#\/schema\/person\/d8ac7b7e27ddad43f1c0d2ef090d7f71\"},\"breadcrumb\":{\"@id\":\"https:\/\/www.nettali.com\/2022\/12\/06\/ledito-de-nettali-com-indignite-dune-representation\/#breadcrumb\"},\"inLanguage\":\"fr-FR\",\"potentialAction\":[{\"@type\":\"ReadAction\",\"target\":[\"https:\/\/www.nettali.com\/2022\/12\/06\/ledito-de-nettali-com-indignite-dune-representation\/\"]}]},{\"@type\":\"BreadcrumbList\",\"@id\":\"https:\/\/www.nettali.com\/2022\/12\/06\/ledito-de-nettali-com-indignite-dune-representation\/#breadcrumb\",\"itemListElement\":[{\"@type\":\"ListItem\",\"position\":1,\"name\":\"Accueil\",\"item\":\"https:\/\/www.nettali.com\/\"},{\"@type\":\"ListItem\",\"position\":2,\"name\":\"L'EDITO DE NETTALI.COM - Indignit\\u00e9 d\\u2019une repr\\u00e9sentation\\u00a0!\"}]},{\"@type\":\"Person\",\"@id\":\"https:\/\/www.nettali.com\/#\/schema\/person\/d8ac7b7e27ddad43f1c0d2ef090d7f71\",\"name\":\"CK\",\"image\":{\"@type\":\"ImageObject\",\"@id\":\"https:\/\/www.nettali.com\/#personlogo\",\"inLanguage\":\"fr-FR\",\"url\":\"https:\/\/secure.gravatar.com\/avatar\/1d8d5118b9327d94da7cd4ce7f17fec2?s=96&d=mm&r=g\",\"contentUrl\":\"https:\/\/secure.gravatar.com\/avatar\/1d8d5118b9327d94da7cd4ce7f17fec2?s=96&d=mm&r=g\",\"caption\":\"CK\"},\"sameAs\":[\"https:\/\/www.nettali.com\"]}]}<\/script>\n<!-- \/ Yoast SEO Premium plugin. -->","yoast_head_json":{"title":"L'EDITO DE NETTALI.COM - Indignit\u00e9 d\u2019une repr\u00e9sentation\u00a0! | Nettali.com","robots":{"index":"index","follow":"follow","max-snippet":"max-snippet:-1","max-image-preview":"max-image-preview:large","max-video-preview":"max-video-preview:-1"},"canonical":"https:\/\/www.nettali.com\/2022\/12\/06\/ledito-de-nettali-com-indignite-dune-representation\/","og_locale":"fr_FR","og_type":"article","og_title":"L'EDITO DE NETTALI.COM - Indignit\u00e9 d\u2019une repr\u00e9sentation\u00a0!","og_description":"NETTALI.COM - L\u2019Assembl\u00e9e nationale est d\u00e9cid\u00e9ment devenue une vraie ar\u00e8ne de gladiateurs ! Cette affaire de violence sur une femme d\u00e9put\u00e9e qui d\u00e9fraie la chronique, a suscit\u00e9 une vive indignation chez les S\u00e9n\u00e9galais et certainement au-del\u00e0 de nos fronti\u00e8res, montrant \u00e0 tous ceux-l\u00e0 qui ne savent pas ce qui se passe r\u00e9ellement dans l\u2019h\u00e9micycle, la [&hellip;]","og_url":"https:\/\/www.nettali.com\/2022\/12\/06\/ledito-de-nettali-com-indignite-dune-representation\/","og_site_name":"Nettali.com","article_publisher":"https:\/\/www.facebook.com\/nettalicom","article_published_time":"2022-12-06T06:30:37+00:00","article_modified_time":"2022-12-08T08:11:58+00:00","og_image":[{"width":1280,"height":600,"url":"https:\/\/www.nettali.com\/wp-content\/uploads\/2022\/12\/fall-macky-hann-ngom-faram.jpg","type":"image\/jpeg"}],"twitter_card":"summary_large_image","twitter_misc":{"\u00c9crit par":"CK","Dur\u00e9e de lecture estim\u00e9e":"13 minutes"},"schema":{"@context":"https:\/\/schema.org","@graph":[{"@type":"WebSite","@id":"https:\/\/www.nettali.com\/#website","url":"https:\/\/www.nettali.com\/","name":"Nettali.com","description":"Le rendez-vous critique du Net","potentialAction":[{"@type":"SearchAction","target":{"@type":"EntryPoint","urlTemplate":"https:\/\/www.nettali.com\/?s={search_term_string}"},"query-input":"required name=search_term_string"}],"inLanguage":"fr-FR"},{"@type":"ImageObject","@id":"https:\/\/www.nettali.com\/2022\/12\/06\/ledito-de-nettali-com-indignite-dune-representation\/#primaryimage","inLanguage":"fr-FR","url":"https:\/\/www.nettali.com\/wp-content\/uploads\/2022\/12\/fall-macky-hann-ngom-faram.jpg","contentUrl":"https:\/\/www.nettali.com\/wp-content\/uploads\/2022\/12\/fall-macky-hann-ngom-faram.jpg","width":1280,"height":600},{"@type":"WebPage","@id":"https:\/\/www.nettali.com\/2022\/12\/06\/ledito-de-nettali-com-indignite-dune-representation\/#webpage","url":"https:\/\/www.nettali.com\/2022\/12\/06\/ledito-de-nettali-com-indignite-dune-representation\/","name":"L'EDITO DE NETTALI.COM - Indignit\u00e9 d\u2019une repr\u00e9sentation\u00a0! | Nettali.com","isPartOf":{"@id":"https:\/\/www.nettali.com\/#website"},"primaryImageOfPage":{"@id":"https:\/\/www.nettali.com\/2022\/12\/06\/ledito-de-nettali-com-indignite-dune-representation\/#primaryimage"},"datePublished":"2022-12-06T06:30:37+00:00","dateModified":"2022-12-08T08:11:58+00:00","author":{"@id":"https:\/\/www.nettali.com\/#\/schema\/person\/d8ac7b7e27ddad43f1c0d2ef090d7f71"},"breadcrumb":{"@id":"https:\/\/www.nettali.com\/2022\/12\/06\/ledito-de-nettali-com-indignite-dune-representation\/#breadcrumb"},"inLanguage":"fr-FR","potentialAction":[{"@type":"ReadAction","target":["https:\/\/www.nettali.com\/2022\/12\/06\/ledito-de-nettali-com-indignite-dune-representation\/"]}]},{"@type":"BreadcrumbList","@id":"https:\/\/www.nettali.com\/2022\/12\/06\/ledito-de-nettali-com-indignite-dune-representation\/#breadcrumb","itemListElement":[{"@type":"ListItem","position":1,"name":"Accueil","item":"https:\/\/www.nettali.com\/"},{"@type":"ListItem","position":2,"name":"L'EDITO DE NETTALI.COM - Indignit\u00e9 d\u2019une repr\u00e9sentation\u00a0!"}]},{"@type":"Person","@id":"https:\/\/www.nettali.com\/#\/schema\/person\/d8ac7b7e27ddad43f1c0d2ef090d7f71","name":"CK","image":{"@type":"ImageObject","@id":"https:\/\/www.nettali.com\/#personlogo","inLanguage":"fr-FR","url":"https:\/\/secure.gravatar.com\/avatar\/1d8d5118b9327d94da7cd4ce7f17fec2?s=96&d=mm&r=g","contentUrl":"https:\/\/secure.gravatar.com\/avatar\/1d8d5118b9327d94da7cd4ce7f17fec2?s=96&d=mm&r=g","caption":"CK"},"sameAs":["https:\/\/www.nettali.com"]}]}},"_links":{"self":[{"href":"https:\/\/www.nettali.com\/rest\/wp\/v2\/posts\/98967"}],"collection":[{"href":"https:\/\/www.nettali.com\/rest\/wp\/v2\/posts"}],"about":[{"href":"https:\/\/www.nettali.com\/rest\/wp\/v2\/types\/post"}],"author":[{"embeddable":true,"href":"https:\/\/www.nettali.com\/rest\/wp\/v2\/users\/2"}],"replies":[{"embeddable":true,"href":"https:\/\/www.nettali.com\/rest\/wp\/v2\/comments?post=98967"}],"version-history":[{"count":1,"href":"https:\/\/www.nettali.com\/rest\/wp\/v2\/posts\/98967\/revisions"}],"predecessor-version":[{"id":98970,"href":"https:\/\/www.nettali.com\/rest\/wp\/v2\/posts\/98967\/revisions\/98970"}],"wp:featuredmedia":[{"embeddable":true,"href":"https:\/\/www.nettali.com\/rest\/wp\/v2\/media\/98879"}],"wp:attachment":[{"href":"https:\/\/www.nettali.com\/rest\/wp\/v2\/media?parent=98967"}],"wp:term":[{"taxonomy":"category","embeddable":true,"href":"https:\/\/www.nettali.com\/rest\/wp\/v2\/categories?post=98967"},{"taxonomy":"post_tag","embeddable":true,"href":"https:\/\/www.nettali.com\/rest\/wp\/v2\/tags?post=98967"}],"curies":[{"name":"wp","href":"https:\/\/api.w.org\/{rel}","templated":true}]}}