{"id":98956,"date":"2022-12-05T13:36:03","date_gmt":"2022-12-05T13:36:03","guid":{"rendered":"https:\/\/www.nettali.com\/?p=98956"},"modified":"2022-12-05T13:37:28","modified_gmt":"2022-12-05T13:37:28","slug":"me-baboucar-cisse-jai-depose-la-plainte-contre-les-2-deputes-aupres-du-procureur-ce-lundi","status":"publish","type":"post","link":"https:\/\/www.nettali.com\/2022\/12\/05\/me-baboucar-cisse-jai-depose-la-plainte-contre-les-2-deputes-aupres-du-procureur-ce-lundi\/","title":{"rendered":"Me BABOUCAR CISSE \u2013 \u00ab J\u2019ai d\u00e9pos\u00e9 une plainte contre les 2 d\u00e9put\u00e9s aupr\u00e8s du Procureur ce lundi\u00bb"},"content":{"rendered":"<p><strong>NETTALI.COM - Me Baboucar Ciss\u00e9, avocat de la d\u00e9put\u00e9e Amy Ndiaye, dit avoir d\u00e9pos\u00e9, pour le compte de sa cliente, une plainte aupr\u00e8s du Procureur de la R\u00e9publique, contre les d\u00e9put\u00e9s Massata Samb et Mamadou Niang.<\/strong><\/p>\n<p><em>\u00abJ\u2019ai rencontr\u00e9 personnellement Monsieur le procureur de la R\u00e9publique \u00e0 qui j\u2019ai remis la plainte en mains propres. Et Monsieur le procureur \u00a0m\u2019a dit qu\u2019il va transmettre la plainte \u00e0 la Division des investigations criminelles\u00bb<\/em>, a inform\u00e9 Me Baboucar Ciss\u00e9 qui indique que ladite plainte vise les d\u00e9lits de <em>\u00abvoie de fait, coups et blessures volontaires et association de malfaiteurs<\/em>\u00bb.<\/p>\n<p>Quant \u00e0 l\u2019\u00e9tat de sant\u00e9 de sa cliente, l\u2019avocat informe : <em>\u00abelle est toujours dans un mauvais \u00e9tat. Il y a toujours ce risque d\u2019avortement post-traumatique. On prie Dieu qu\u2019elle ne perde pas sa grossesse. Parce que pour les deux agresseurs, si jamais la dame perde sa grossesse, les infractions commises prendront une autre tournure. Ce ne sera plus des d\u00e9lits, mais ce sera un acte criminel.\u00bb<\/em><\/p>\n<p>&nbsp;<\/p>\n<p>&nbsp;<\/p>\n<div class='share-to-whatsapp-wrapper'><div class='share-on-whsp'>PARTAGER SUR : <\/div><a data-text='Me BABOUCAR CISSE \u2013 \u00ab J\u2019ai d\u00e9pos\u00e9 une plainte contre les 2 d\u00e9put\u00e9s aupr\u00e8s du Procureur ce lundi\u00bb' data-link='https:\/\/www.nettali.com\/2022\/12\/05\/me-baboucar-cisse-jai-depose-la-plainte-contre-les-2-deputes-aupres-du-procureur-ce-lundi\/' class='whatsapp-button whatsapp-share'>WhatsApp<\/a><div class='clear '><\/div><\/div>","protected":false},"excerpt":{"rendered":"<p>NETTALI.COM - Me Baboucar Ciss\u00e9, avocat de la d\u00e9put\u00e9e Amy Ndiaye, dit avoir d\u00e9pos\u00e9, pour le compte de sa cliente, une plainte aupr\u00e8s du Procureur de la R\u00e9publique, contre les d\u00e9put\u00e9s Massata Samb et Mamadou Niang. \u00abJ\u2019ai rencontr\u00e9 personnellement Monsieur le procureur de la R\u00e9publique \u00e0 qui j\u2019ai remis la plainte en mains propres. Et [&hellip;]<\/p>\n","protected":false},"author":4,"featured_media":98957,"comment_status":"open","ping_status":"open","sticky":false,"template":"","format":"standard","meta":{"_et_pb_use_builder":"","_et_pb_old_content":""},"categories":[3],"tags":[],"yoast_head":"<!-- This site is optimized with the Yoast SEO Premium plugin v17.8 (Yoast SEO v17.8) - https:\/\/yoast.com\/wordpress\/plugins\/seo\/ -->\n<title>Me BABOUCAR CISSE \u2013 \u00ab J\u2019ai d\u00e9pos\u00e9 une plainte contre les 2 d\u00e9put\u00e9s aupr\u00e8s du Procureur ce lundi\u00bb | Nettali.com<\/title>\n<meta name=\"robots\" content=\"index, follow, max-snippet:-1, max-image-preview:large, max-video-preview:-1\" \/>\n<link rel=\"canonical\" href=\"https:\/\/www.nettali.com\/2022\/12\/05\/me-baboucar-cisse-jai-depose-la-plainte-contre-les-2-deputes-aupres-du-procureur-ce-lundi\/\" \/>\n<meta property=\"og:locale\" content=\"fr_FR\" \/>\n<meta property=\"og:type\" content=\"article\" \/>\n<meta property=\"og:title\" content=\"Me BABOUCAR CISSE \u2013 \u00ab J\u2019ai d\u00e9pos\u00e9 une plainte contre les 2 d\u00e9put\u00e9s aupr\u00e8s du Procureur ce lundi\u00bb\" \/>\n<meta property=\"og:description\" content=\"NETTALI.COM - Me Baboucar Ciss\u00e9, avocat de la d\u00e9put\u00e9e Amy Ndiaye, dit avoir d\u00e9pos\u00e9, pour le compte de sa cliente, une plainte aupr\u00e8s du Procureur de la R\u00e9publique, contre les d\u00e9put\u00e9s Massata Samb et Mamadou Niang. \u00abJ\u2019ai rencontr\u00e9 personnellement Monsieur le procureur de la R\u00e9publique \u00e0 qui j\u2019ai remis la plainte en mains propres. Et [&hellip;]\" \/>\n<meta property=\"og:url\" content=\"https:\/\/www.nettali.com\/2022\/12\/05\/me-baboucar-cisse-jai-depose-la-plainte-contre-les-2-deputes-aupres-du-procureur-ce-lundi\/\" \/>\n<meta property=\"og:site_name\" content=\"Nettali.com\" \/>\n<meta property=\"article:publisher\" content=\"https:\/\/www.facebook.com\/nettalicom\" \/>\n<meta property=\"article:published_time\" content=\"2022-12-05T13:36:03+00:00\" \/>\n<meta property=\"article:modified_time\" content=\"2022-12-05T13:37:28+00:00\" \/>\n<meta property=\"og:image\" content=\"https:\/\/www.nettali.com\/wp-content\/uploads\/2022\/12\/Me-Baboucar-Cisse.jpeg\" \/>\n\t<meta property=\"og:image:width\" content=\"600\" \/>\n\t<meta property=\"og:image:height\" content=\"559\" \/>\n<meta name=\"twitter:card\" content=\"summary_large_image\" \/>\n<meta name=\"twitter:label1\" content=\"\u00c9crit par\" \/>\n\t<meta name=\"twitter:data1\" content=\"Daouda\" \/>\n\t<meta name=\"twitter:label2\" content=\"Dur\u00e9e de lecture estim\u00e9e\" \/>\n\t<meta name=\"twitter:data2\" content=\"1 minute\" \/>\n<script type=\"application\/ld+json\" class=\"yoast-schema-graph\">{\"@context\":\"https:\/\/schema.org\",\"@graph\":[{\"@type\":\"WebSite\",\"@id\":\"https:\/\/www.nettali.com\/#website\",\"url\":\"https:\/\/www.nettali.com\/\",\"name\":\"Nettali.com\",\"description\":\"Le rendez-vous critique du Net\",\"potentialAction\":[{\"@type\":\"SearchAction\",\"target\":{\"@type\":\"EntryPoint\",\"urlTemplate\":\"https:\/\/www.nettali.com\/?s={search_term_string}\"},\"query-input\":\"required name=search_term_string\"}],\"inLanguage\":\"fr-FR\"},{\"@type\":\"ImageObject\",\"@id\":\"https:\/\/www.nettali.com\/2022\/12\/05\/me-baboucar-cisse-jai-depose-la-plainte-contre-les-2-deputes-aupres-du-procureur-ce-lundi\/#primaryimage\",\"inLanguage\":\"fr-FR\",\"url\":\"https:\/\/www.nettali.com\/wp-content\/uploads\/2022\/12\/Me-Baboucar-Cisse.jpeg\",\"contentUrl\":\"https:\/\/www.nettali.com\/wp-content\/uploads\/2022\/12\/Me-Baboucar-Cisse.jpeg\",\"width\":600,\"height\":559},{\"@type\":\"WebPage\",\"@id\":\"https:\/\/www.nettali.com\/2022\/12\/05\/me-baboucar-cisse-jai-depose-la-plainte-contre-les-2-deputes-aupres-du-procureur-ce-lundi\/#webpage\",\"url\":\"https:\/\/www.nettali.com\/2022\/12\/05\/me-baboucar-cisse-jai-depose-la-plainte-contre-les-2-deputes-aupres-du-procureur-ce-lundi\/\",\"name\":\"Me BABOUCAR CISSE \\u2013 \\u00ab J\\u2019ai d\\u00e9pos\\u00e9 une plainte contre les 2 d\\u00e9put\\u00e9s aupr\\u00e8s du Procureur ce lundi\\u00bb | Nettali.com\",\"isPartOf\":{\"@id\":\"https:\/\/www.nettali.com\/#website\"},\"primaryImageOfPage\":{\"@id\":\"https:\/\/www.nettali.com\/2022\/12\/05\/me-baboucar-cisse-jai-depose-la-plainte-contre-les-2-deputes-aupres-du-procureur-ce-lundi\/#primaryimage\"},\"datePublished\":\"2022-12-05T13:36:03+00:00\",\"dateModified\":\"2022-12-05T13:37:28+00:00\",\"author\":{\"@id\":\"https:\/\/www.nettali.com\/#\/schema\/person\/3317e0bb3aa1da309fbf7b2780901bf4\"},\"breadcrumb\":{\"@id\":\"https:\/\/www.nettali.com\/2022\/12\/05\/me-baboucar-cisse-jai-depose-la-plainte-contre-les-2-deputes-aupres-du-procureur-ce-lundi\/#breadcrumb\"},\"inLanguage\":\"fr-FR\",\"potentialAction\":[{\"@type\":\"ReadAction\",\"target\":[\"https:\/\/www.nettali.com\/2022\/12\/05\/me-baboucar-cisse-jai-depose-la-plainte-contre-les-2-deputes-aupres-du-procureur-ce-lundi\/\"]}]},{\"@type\":\"BreadcrumbList\",\"@id\":\"https:\/\/www.nettali.com\/2022\/12\/05\/me-baboucar-cisse-jai-depose-la-plainte-contre-les-2-deputes-aupres-du-procureur-ce-lundi\/#breadcrumb\",\"itemListElement\":[{\"@type\":\"ListItem\",\"position\":1,\"name\":\"Accueil\",\"item\":\"https:\/\/www.nettali.com\/\"},{\"@type\":\"ListItem\",\"position\":2,\"name\":\"Me BABOUCAR CISSE \\u2013 \\u00ab J\\u2019ai d\\u00e9pos\\u00e9 une plainte contre les 2 d\\u00e9put\\u00e9s aupr\\u00e8s du Procureur ce lundi\\u00bb\"}]},{\"@type\":\"Person\",\"@id\":\"https:\/\/www.nettali.com\/#\/schema\/person\/3317e0bb3aa1da309fbf7b2780901bf4\",\"name\":\"Daouda\",\"image\":{\"@type\":\"ImageObject\",\"@id\":\"https:\/\/www.nettali.com\/#personlogo\",\"inLanguage\":\"fr-FR\",\"url\":\"https:\/\/secure.gravatar.com\/avatar\/8d143b5a49345098ddcfee1c49c2f47c?s=96&d=mm&r=g\",\"contentUrl\":\"https:\/\/secure.gravatar.com\/avatar\/8d143b5a49345098ddcfee1c49c2f47c?s=96&d=mm&r=g\",\"caption\":\"Daouda\"},\"sameAs\":[\"https:\/\/www.nettali.com\"]}]}<\/script>\n<!-- \/ Yoast SEO Premium plugin. -->","yoast_head_json":{"title":"Me BABOUCAR CISSE \u2013 \u00ab J\u2019ai d\u00e9pos\u00e9 une plainte contre les 2 d\u00e9put\u00e9s aupr\u00e8s du Procureur ce lundi\u00bb | Nettali.com","robots":{"index":"index","follow":"follow","max-snippet":"max-snippet:-1","max-image-preview":"max-image-preview:large","max-video-preview":"max-video-preview:-1"},"canonical":"https:\/\/www.nettali.com\/2022\/12\/05\/me-baboucar-cisse-jai-depose-la-plainte-contre-les-2-deputes-aupres-du-procureur-ce-lundi\/","og_locale":"fr_FR","og_type":"article","og_title":"Me BABOUCAR CISSE \u2013 \u00ab J\u2019ai d\u00e9pos\u00e9 une plainte contre les 2 d\u00e9put\u00e9s aupr\u00e8s du Procureur ce lundi\u00bb","og_description":"NETTALI.COM - Me Baboucar Ciss\u00e9, avocat de la d\u00e9put\u00e9e Amy Ndiaye, dit avoir d\u00e9pos\u00e9, pour le compte de sa cliente, une plainte aupr\u00e8s du Procureur de la R\u00e9publique, contre les d\u00e9put\u00e9s Massata Samb et Mamadou Niang. \u00abJ\u2019ai rencontr\u00e9 personnellement Monsieur le procureur de la R\u00e9publique \u00e0 qui j\u2019ai remis la plainte en mains propres. Et [&hellip;]","og_url":"https:\/\/www.nettali.com\/2022\/12\/05\/me-baboucar-cisse-jai-depose-la-plainte-contre-les-2-deputes-aupres-du-procureur-ce-lundi\/","og_site_name":"Nettali.com","article_publisher":"https:\/\/www.facebook.com\/nettalicom","article_published_time":"2022-12-05T13:36:03+00:00","article_modified_time":"2022-12-05T13:37:28+00:00","og_image":[{"width":600,"height":559,"url":"https:\/\/www.nettali.com\/wp-content\/uploads\/2022\/12\/Me-Baboucar-Cisse.jpeg","type":"image\/jpeg"}],"twitter_card":"summary_large_image","twitter_misc":{"\u00c9crit par":"Daouda","Dur\u00e9e de lecture estim\u00e9e":"1 minute"},"schema":{"@context":"https:\/\/schema.org","@graph":[{"@type":"WebSite","@id":"https:\/\/www.nettali.com\/#website","url":"https:\/\/www.nettali.com\/","name":"Nettali.com","description":"Le rendez-vous critique du Net","potentialAction":[{"@type":"SearchAction","target":{"@type":"EntryPoint","urlTemplate":"https:\/\/www.nettali.com\/?s={search_term_string}"},"query-input":"required name=search_term_string"}],"inLanguage":"fr-FR"},{"@type":"ImageObject","@id":"https:\/\/www.nettali.com\/2022\/12\/05\/me-baboucar-cisse-jai-depose-la-plainte-contre-les-2-deputes-aupres-du-procureur-ce-lundi\/#primaryimage","inLanguage":"fr-FR","url":"https:\/\/www.nettali.com\/wp-content\/uploads\/2022\/12\/Me-Baboucar-Cisse.jpeg","contentUrl":"https:\/\/www.nettali.com\/wp-content\/uploads\/2022\/12\/Me-Baboucar-Cisse.jpeg","width":600,"height":559},{"@type":"WebPage","@id":"https:\/\/www.nettali.com\/2022\/12\/05\/me-baboucar-cisse-jai-depose-la-plainte-contre-les-2-deputes-aupres-du-procureur-ce-lundi\/#webpage","url":"https:\/\/www.nettali.com\/2022\/12\/05\/me-baboucar-cisse-jai-depose-la-plainte-contre-les-2-deputes-aupres-du-procureur-ce-lundi\/","name":"Me BABOUCAR CISSE \u2013 \u00ab J\u2019ai d\u00e9pos\u00e9 une plainte contre les 2 d\u00e9put\u00e9s aupr\u00e8s du Procureur ce lundi\u00bb | Nettali.com","isPartOf":{"@id":"https:\/\/www.nettali.com\/#website"},"primaryImageOfPage":{"@id":"https:\/\/www.nettali.com\/2022\/12\/05\/me-baboucar-cisse-jai-depose-la-plainte-contre-les-2-deputes-aupres-du-procureur-ce-lundi\/#primaryimage"},"datePublished":"2022-12-05T13:36:03+00:00","dateModified":"2022-12-05T13:37:28+00:00","author":{"@id":"https:\/\/www.nettali.com\/#\/schema\/person\/3317e0bb3aa1da309fbf7b2780901bf4"},"breadcrumb":{"@id":"https:\/\/www.nettali.com\/2022\/12\/05\/me-baboucar-cisse-jai-depose-la-plainte-contre-les-2-deputes-aupres-du-procureur-ce-lundi\/#breadcrumb"},"inLanguage":"fr-FR","potentialAction":[{"@type":"ReadAction","target":["https:\/\/www.nettali.com\/2022\/12\/05\/me-baboucar-cisse-jai-depose-la-plainte-contre-les-2-deputes-aupres-du-procureur-ce-lundi\/"]}]},{"@type":"BreadcrumbList","@id":"https:\/\/www.nettali.com\/2022\/12\/05\/me-baboucar-cisse-jai-depose-la-plainte-contre-les-2-deputes-aupres-du-procureur-ce-lundi\/#breadcrumb","itemListElement":[{"@type":"ListItem","position":1,"name":"Accueil","item":"https:\/\/www.nettali.com\/"},{"@type":"ListItem","position":2,"name":"Me BABOUCAR CISSE \u2013 \u00ab J\u2019ai d\u00e9pos\u00e9 une plainte contre les 2 d\u00e9put\u00e9s aupr\u00e8s du Procureur ce lundi\u00bb"}]},{"@type":"Person","@id":"https:\/\/www.nettali.com\/#\/schema\/person\/3317e0bb3aa1da309fbf7b2780901bf4","name":"Daouda","image":{"@type":"ImageObject","@id":"https:\/\/www.nettali.com\/#personlogo","inLanguage":"fr-FR","url":"https:\/\/secure.gravatar.com\/avatar\/8d143b5a49345098ddcfee1c49c2f47c?s=96&d=mm&r=g","contentUrl":"https:\/\/secure.gravatar.com\/avatar\/8d143b5a49345098ddcfee1c49c2f47c?s=96&d=mm&r=g","caption":"Daouda"},"sameAs":["https:\/\/www.nettali.com"]}]}},"_links":{"self":[{"href":"https:\/\/www.nettali.com\/rest\/wp\/v2\/posts\/98956"}],"collection":[{"href":"https:\/\/www.nettali.com\/rest\/wp\/v2\/posts"}],"about":[{"href":"https:\/\/www.nettali.com\/rest\/wp\/v2\/types\/post"}],"author":[{"embeddable":true,"href":"https:\/\/www.nettali.com\/rest\/wp\/v2\/users\/4"}],"replies":[{"embeddable":true,"href":"https:\/\/www.nettali.com\/rest\/wp\/v2\/comments?post=98956"}],"version-history":[{"count":2,"href":"https:\/\/www.nettali.com\/rest\/wp\/v2\/posts\/98956\/revisions"}],"predecessor-version":[{"id":98959,"href":"https:\/\/www.nettali.com\/rest\/wp\/v2\/posts\/98956\/revisions\/98959"}],"wp:featuredmedia":[{"embeddable":true,"href":"https:\/\/www.nettali.com\/rest\/wp\/v2\/media\/98957"}],"wp:attachment":[{"href":"https:\/\/www.nettali.com\/rest\/wp\/v2\/media?parent=98956"}],"wp:term":[{"taxonomy":"category","embeddable":true,"href":"https:\/\/www.nettali.com\/rest\/wp\/v2\/categories?post=98956"},{"taxonomy":"post_tag","embeddable":true,"href":"https:\/\/www.nettali.com\/rest\/wp\/v2\/tags?post=98956"}],"curies":[{"name":"wp","href":"https:\/\/api.w.org\/{rel}","templated":true}]}}