{"id":98936,"date":"2022-12-05T09:41:57","date_gmt":"2022-12-05T09:41:57","guid":{"rendered":"https:\/\/www.nettali.com\/?p=98936"},"modified":"2022-12-06T08:23:27","modified_gmt":"2022-12-06T08:23:27","slug":"mouhamadou-makhtar-cisse-si-le-defi-de-lemploi-nest-pas-releve","status":"publish","type":"post","link":"https:\/\/www.nettali.com\/2022\/12\/05\/mouhamadou-makhtar-cisse-si-le-defi-de-lemploi-nest-pas-releve\/","title":{"rendered":"MOUHAMADOU MAKHTAR CISSE \u2013 \u00abSi le d\u00e9fi de l\u2019emploi n\u2019est pas relev\u00e9\u2026\u00a0\u00bb"},"content":{"rendered":"<p><strong>NETTALI.COM - \u00ab Le d\u00e9fi de l\u2019emploi, s\u2019il n\u2019est pas relev\u00e9, expose notre pays \u00e0 l\u2019implosion \u00bb. C\u2019est la mise en garde de \u00a0l\u2019ancien ministre du Budget, Mouhamadou Makhtar Ciss\u00e9, lors de la matin\u00e9e portes ouvertes de l\u2019Institut Edge, ce week-end.<\/strong><\/p>\n<p>Invit\u00e9 de marque de la matin\u00e9e portes ouvertes de l\u2019Institut Edge, ce week-end, Makhtar Ciss\u00e9 a fait un profond diagnostic de la situation \u00e9conomique du pays. Parmi les goulots qui freinent l\u2019envol \u00e9conomique du pays, il a \u00e9voqu\u00e9 la question du ch\u00f4mage<em>. \u00ab Il y a des efforts \u00e0 faire en \u00e9tant \u00e0 l\u2019\u00e9coute du march\u00e9 du travail et de ses pulsions, puis de comprendre ses besoins en essayant d\u2019avoir des formations adapt\u00e9es dans beaucoup de domaines\u00a0\u00bb, <\/em>a-t-il d\u00e9velopp\u00e9, indiquant que <em>\u00ab\u00a0la moiti\u00e9 de la population du S\u00e9n\u00e9gal a 19 ans et moins.\u00a0Et\u00a050 % des S\u00e9n\u00e9galais qui cherchent \u00e0 int\u00e9grer le march\u00e9 du travail, apr\u00e8s avoir fait une formation, ont entre 20 et 25 ans.\u00a0\u00bb<\/em><\/p>\n<p>Donc, <em>\u00ab\u00a0cela veut dire que la probl\u00e9matique de l\u2019emploi est un d\u00e9fi majeur pour notre pays. Si nous ne le relevons pas, nous exposons notre pays \u00e0 l\u2019implosion. Parce que la jeunesse est impatiente. Elle a besoin de travailler, de s\u2019exprimer, de s\u2019\u00e9panouir<\/em> \u00bb, a mis en garde l\u2019ancien ministre du Budget\u00a0\u00bb, a-t-il justifi\u00e9.<\/p>\n<p>Pour l\u2019heure, a-t-il chiffr\u00e9<em>, \u00ab\u00a0vous ne compterez pas 500 mille contrats de travail dans ce pays, pour une population active qui n\u2019est pas loin de 5 ou 6 millions. Fonction publique et secteur priv\u00e9 r\u00e9unis, nous avons moins de 500 mille salari\u00e9s sur 17 millions 700 mille habitants.\u00a0\u00bb<\/em><\/p>\n<p>Poursuivant, l\u2019ancien Directeur des Douanes, qui a renfil\u00e9 sa toge d\u2019Inspecteur g\u00e9n\u00e9ral d\u2019\u00c9tat (IGE), a indiqu\u00e9 que <em>\u00ab\u00a0notre population est compos\u00e9e de 60% de paysans. C\u2019est l\u2019\u00e9conomie rurale qui, quantitativement, domine. Mais ce sont les services qui produisent la richesse pour plus de 60%. Ce qui est un gros paradoxe.\u00a0\u00bb<\/em> C\u2019est pour cela, <em>\u00ab\u00a0qu\u2019il nous est difficile de d\u00e9coller \u00e9conomiquement. La transformation structurelle de l\u2019\u00e9conomie suppose que ce soit, le secteur primaire \u00e0 travers des chaines de valeurs, l\u2019industrialisation qui tire notre \u00e9conomie\u00a0\u00bb<\/em>, a-t-il analys\u00e9.<\/p>\n<p>&nbsp;<\/p>\n<div class='share-to-whatsapp-wrapper'><div class='share-on-whsp'>PARTAGER SUR : <\/div><a data-text='MOUHAMADOU MAKHTAR CISSE \u2013 \u00abSi le d\u00e9fi de l\u2019emploi n\u2019est pas relev\u00e9\u2026\u00a0\u00bb' data-link='https:\/\/www.nettali.com\/2022\/12\/05\/mouhamadou-makhtar-cisse-si-le-defi-de-lemploi-nest-pas-releve\/' class='whatsapp-button whatsapp-share'>WhatsApp<\/a><div class='clear '><\/div><\/div>","protected":false},"excerpt":{"rendered":"<p>NETTALI.COM - \u00ab Le d\u00e9fi de l\u2019emploi, s\u2019il n\u2019est pas relev\u00e9, expose notre pays \u00e0 l\u2019implosion \u00bb. C\u2019est la mise en garde de \u00a0l\u2019ancien ministre du Budget, Mouhamadou Makhtar Ciss\u00e9, lors de la matin\u00e9e portes ouvertes de l\u2019Institut Edge, ce week-end. Invit\u00e9 de marque de la matin\u00e9e portes ouvertes de l\u2019Institut Edge, ce week-end, Makhtar [&hellip;]<\/p>\n","protected":false},"author":4,"featured_media":98972,"comment_status":"open","ping_status":"open","sticky":false,"template":"","format":"standard","meta":{"_et_pb_use_builder":"","_et_pb_old_content":""},"categories":[4],"tags":[],"yoast_head":"<!-- This site is optimized with the Yoast SEO Premium plugin v17.8 (Yoast SEO v17.8) - https:\/\/yoast.com\/wordpress\/plugins\/seo\/ -->\n<title>MOUHAMADOU MAKHTAR CISSE \u2013 \u00abSi le d\u00e9fi de l\u2019emploi n\u2019est pas relev\u00e9\u2026\u00a0\u00bb | Nettali.com<\/title>\n<meta name=\"robots\" content=\"index, follow, max-snippet:-1, max-image-preview:large, max-video-preview:-1\" \/>\n<link rel=\"canonical\" href=\"https:\/\/www.nettali.com\/2022\/12\/05\/mouhamadou-makhtar-cisse-si-le-defi-de-lemploi-nest-pas-releve\/\" \/>\n<meta property=\"og:locale\" content=\"fr_FR\" \/>\n<meta property=\"og:type\" content=\"article\" \/>\n<meta property=\"og:title\" content=\"MOUHAMADOU MAKHTAR CISSE \u2013 \u00abSi le d\u00e9fi de l\u2019emploi n\u2019est pas relev\u00e9\u2026\u00a0\u00bb\" \/>\n<meta property=\"og:description\" content=\"NETTALI.COM - \u00ab Le d\u00e9fi de l\u2019emploi, s\u2019il n\u2019est pas relev\u00e9, expose notre pays \u00e0 l\u2019implosion \u00bb. C\u2019est la mise en garde de \u00a0l\u2019ancien ministre du Budget, Mouhamadou Makhtar Ciss\u00e9, lors de la matin\u00e9e portes ouvertes de l\u2019Institut Edge, ce week-end. Invit\u00e9 de marque de la matin\u00e9e portes ouvertes de l\u2019Institut Edge, ce week-end, Makhtar [&hellip;]\" \/>\n<meta property=\"og:url\" content=\"https:\/\/www.nettali.com\/2022\/12\/05\/mouhamadou-makhtar-cisse-si-le-defi-de-lemploi-nest-pas-releve\/\" \/>\n<meta property=\"og:site_name\" content=\"Nettali.com\" \/>\n<meta property=\"article:publisher\" content=\"https:\/\/www.facebook.com\/nettalicom\" \/>\n<meta property=\"article:published_time\" content=\"2022-12-05T09:41:57+00:00\" \/>\n<meta property=\"article:modified_time\" content=\"2022-12-06T08:23:27+00:00\" \/>\n<meta property=\"og:image\" content=\"https:\/\/www.nettali.com\/wp-content\/uploads\/2022\/12\/image.jpeg\" \/>\n\t<meta property=\"og:image:width\" content=\"1170\" \/>\n\t<meta property=\"og:image:height\" content=\"714\" \/>\n<meta name=\"twitter:card\" content=\"summary_large_image\" \/>\n<meta name=\"twitter:label1\" content=\"\u00c9crit par\" \/>\n\t<meta name=\"twitter:data1\" content=\"Daouda\" \/>\n\t<meta name=\"twitter:label2\" content=\"Dur\u00e9e de lecture estim\u00e9e\" \/>\n\t<meta name=\"twitter:data2\" content=\"2 minutes\" \/>\n<script type=\"application\/ld+json\" class=\"yoast-schema-graph\">{\"@context\":\"https:\/\/schema.org\",\"@graph\":[{\"@type\":\"WebSite\",\"@id\":\"https:\/\/www.nettali.com\/#website\",\"url\":\"https:\/\/www.nettali.com\/\",\"name\":\"Nettali.com\",\"description\":\"Le rendez-vous critique du Net\",\"potentialAction\":[{\"@type\":\"SearchAction\",\"target\":{\"@type\":\"EntryPoint\",\"urlTemplate\":\"https:\/\/www.nettali.com\/?s={search_term_string}\"},\"query-input\":\"required name=search_term_string\"}],\"inLanguage\":\"fr-FR\"},{\"@type\":\"ImageObject\",\"@id\":\"https:\/\/www.nettali.com\/2022\/12\/05\/mouhamadou-makhtar-cisse-si-le-defi-de-lemploi-nest-pas-releve\/#primaryimage\",\"inLanguage\":\"fr-FR\",\"url\":\"https:\/\/www.nettali.com\/wp-content\/uploads\/2022\/12\/image.jpeg\",\"contentUrl\":\"https:\/\/www.nettali.com\/wp-content\/uploads\/2022\/12\/image.jpeg\",\"width\":1170,\"height\":714},{\"@type\":\"WebPage\",\"@id\":\"https:\/\/www.nettali.com\/2022\/12\/05\/mouhamadou-makhtar-cisse-si-le-defi-de-lemploi-nest-pas-releve\/#webpage\",\"url\":\"https:\/\/www.nettali.com\/2022\/12\/05\/mouhamadou-makhtar-cisse-si-le-defi-de-lemploi-nest-pas-releve\/\",\"name\":\"MOUHAMADOU MAKHTAR CISSE \\u2013 \\u00abSi le d\\u00e9fi de l\\u2019emploi n\\u2019est pas relev\\u00e9\\u2026\\u00a0\\u00bb | Nettali.com\",\"isPartOf\":{\"@id\":\"https:\/\/www.nettali.com\/#website\"},\"primaryImageOfPage\":{\"@id\":\"https:\/\/www.nettali.com\/2022\/12\/05\/mouhamadou-makhtar-cisse-si-le-defi-de-lemploi-nest-pas-releve\/#primaryimage\"},\"datePublished\":\"2022-12-05T09:41:57+00:00\",\"dateModified\":\"2022-12-06T08:23:27+00:00\",\"author\":{\"@id\":\"https:\/\/www.nettali.com\/#\/schema\/person\/3317e0bb3aa1da309fbf7b2780901bf4\"},\"breadcrumb\":{\"@id\":\"https:\/\/www.nettali.com\/2022\/12\/05\/mouhamadou-makhtar-cisse-si-le-defi-de-lemploi-nest-pas-releve\/#breadcrumb\"},\"inLanguage\":\"fr-FR\",\"potentialAction\":[{\"@type\":\"ReadAction\",\"target\":[\"https:\/\/www.nettali.com\/2022\/12\/05\/mouhamadou-makhtar-cisse-si-le-defi-de-lemploi-nest-pas-releve\/\"]}]},{\"@type\":\"BreadcrumbList\",\"@id\":\"https:\/\/www.nettali.com\/2022\/12\/05\/mouhamadou-makhtar-cisse-si-le-defi-de-lemploi-nest-pas-releve\/#breadcrumb\",\"itemListElement\":[{\"@type\":\"ListItem\",\"position\":1,\"name\":\"Accueil\",\"item\":\"https:\/\/www.nettali.com\/\"},{\"@type\":\"ListItem\",\"position\":2,\"name\":\"MOUHAMADOU MAKHTAR CISSE \\u2013 \\u00abSi le d\\u00e9fi de l\\u2019emploi n\\u2019est pas relev\\u00e9\\u2026\\u00a0\\u00bb\"}]},{\"@type\":\"Person\",\"@id\":\"https:\/\/www.nettali.com\/#\/schema\/person\/3317e0bb3aa1da309fbf7b2780901bf4\",\"name\":\"Daouda\",\"image\":{\"@type\":\"ImageObject\",\"@id\":\"https:\/\/www.nettali.com\/#personlogo\",\"inLanguage\":\"fr-FR\",\"url\":\"https:\/\/secure.gravatar.com\/avatar\/8d143b5a49345098ddcfee1c49c2f47c?s=96&d=mm&r=g\",\"contentUrl\":\"https:\/\/secure.gravatar.com\/avatar\/8d143b5a49345098ddcfee1c49c2f47c?s=96&d=mm&r=g\",\"caption\":\"Daouda\"},\"sameAs\":[\"https:\/\/www.nettali.com\"]}]}<\/script>\n<!-- \/ Yoast SEO Premium plugin. -->","yoast_head_json":{"title":"MOUHAMADOU MAKHTAR CISSE \u2013 \u00abSi le d\u00e9fi de l\u2019emploi n\u2019est pas relev\u00e9\u2026\u00a0\u00bb | Nettali.com","robots":{"index":"index","follow":"follow","max-snippet":"max-snippet:-1","max-image-preview":"max-image-preview:large","max-video-preview":"max-video-preview:-1"},"canonical":"https:\/\/www.nettali.com\/2022\/12\/05\/mouhamadou-makhtar-cisse-si-le-defi-de-lemploi-nest-pas-releve\/","og_locale":"fr_FR","og_type":"article","og_title":"MOUHAMADOU MAKHTAR CISSE \u2013 \u00abSi le d\u00e9fi de l\u2019emploi n\u2019est pas relev\u00e9\u2026\u00a0\u00bb","og_description":"NETTALI.COM - \u00ab Le d\u00e9fi de l\u2019emploi, s\u2019il n\u2019est pas relev\u00e9, expose notre pays \u00e0 l\u2019implosion \u00bb. C\u2019est la mise en garde de \u00a0l\u2019ancien ministre du Budget, Mouhamadou Makhtar Ciss\u00e9, lors de la matin\u00e9e portes ouvertes de l\u2019Institut Edge, ce week-end. Invit\u00e9 de marque de la matin\u00e9e portes ouvertes de l\u2019Institut Edge, ce week-end, Makhtar [&hellip;]","og_url":"https:\/\/www.nettali.com\/2022\/12\/05\/mouhamadou-makhtar-cisse-si-le-defi-de-lemploi-nest-pas-releve\/","og_site_name":"Nettali.com","article_publisher":"https:\/\/www.facebook.com\/nettalicom","article_published_time":"2022-12-05T09:41:57+00:00","article_modified_time":"2022-12-06T08:23:27+00:00","og_image":[{"width":1170,"height":714,"url":"https:\/\/www.nettali.com\/wp-content\/uploads\/2022\/12\/image.jpeg","type":"image\/jpeg"}],"twitter_card":"summary_large_image","twitter_misc":{"\u00c9crit par":"Daouda","Dur\u00e9e de lecture estim\u00e9e":"2 minutes"},"schema":{"@context":"https:\/\/schema.org","@graph":[{"@type":"WebSite","@id":"https:\/\/www.nettali.com\/#website","url":"https:\/\/www.nettali.com\/","name":"Nettali.com","description":"Le rendez-vous critique du Net","potentialAction":[{"@type":"SearchAction","target":{"@type":"EntryPoint","urlTemplate":"https:\/\/www.nettali.com\/?s={search_term_string}"},"query-input":"required name=search_term_string"}],"inLanguage":"fr-FR"},{"@type":"ImageObject","@id":"https:\/\/www.nettali.com\/2022\/12\/05\/mouhamadou-makhtar-cisse-si-le-defi-de-lemploi-nest-pas-releve\/#primaryimage","inLanguage":"fr-FR","url":"https:\/\/www.nettali.com\/wp-content\/uploads\/2022\/12\/image.jpeg","contentUrl":"https:\/\/www.nettali.com\/wp-content\/uploads\/2022\/12\/image.jpeg","width":1170,"height":714},{"@type":"WebPage","@id":"https:\/\/www.nettali.com\/2022\/12\/05\/mouhamadou-makhtar-cisse-si-le-defi-de-lemploi-nest-pas-releve\/#webpage","url":"https:\/\/www.nettali.com\/2022\/12\/05\/mouhamadou-makhtar-cisse-si-le-defi-de-lemploi-nest-pas-releve\/","name":"MOUHAMADOU MAKHTAR CISSE \u2013 \u00abSi le d\u00e9fi de l\u2019emploi n\u2019est pas relev\u00e9\u2026\u00a0\u00bb | Nettali.com","isPartOf":{"@id":"https:\/\/www.nettali.com\/#website"},"primaryImageOfPage":{"@id":"https:\/\/www.nettali.com\/2022\/12\/05\/mouhamadou-makhtar-cisse-si-le-defi-de-lemploi-nest-pas-releve\/#primaryimage"},"datePublished":"2022-12-05T09:41:57+00:00","dateModified":"2022-12-06T08:23:27+00:00","author":{"@id":"https:\/\/www.nettali.com\/#\/schema\/person\/3317e0bb3aa1da309fbf7b2780901bf4"},"breadcrumb":{"@id":"https:\/\/www.nettali.com\/2022\/12\/05\/mouhamadou-makhtar-cisse-si-le-defi-de-lemploi-nest-pas-releve\/#breadcrumb"},"inLanguage":"fr-FR","potentialAction":[{"@type":"ReadAction","target":["https:\/\/www.nettali.com\/2022\/12\/05\/mouhamadou-makhtar-cisse-si-le-defi-de-lemploi-nest-pas-releve\/"]}]},{"@type":"BreadcrumbList","@id":"https:\/\/www.nettali.com\/2022\/12\/05\/mouhamadou-makhtar-cisse-si-le-defi-de-lemploi-nest-pas-releve\/#breadcrumb","itemListElement":[{"@type":"ListItem","position":1,"name":"Accueil","item":"https:\/\/www.nettali.com\/"},{"@type":"ListItem","position":2,"name":"MOUHAMADOU MAKHTAR CISSE \u2013 \u00abSi le d\u00e9fi de l\u2019emploi n\u2019est pas relev\u00e9\u2026\u00a0\u00bb"}]},{"@type":"Person","@id":"https:\/\/www.nettali.com\/#\/schema\/person\/3317e0bb3aa1da309fbf7b2780901bf4","name":"Daouda","image":{"@type":"ImageObject","@id":"https:\/\/www.nettali.com\/#personlogo","inLanguage":"fr-FR","url":"https:\/\/secure.gravatar.com\/avatar\/8d143b5a49345098ddcfee1c49c2f47c?s=96&d=mm&r=g","contentUrl":"https:\/\/secure.gravatar.com\/avatar\/8d143b5a49345098ddcfee1c49c2f47c?s=96&d=mm&r=g","caption":"Daouda"},"sameAs":["https:\/\/www.nettali.com"]}]}},"_links":{"self":[{"href":"https:\/\/www.nettali.com\/rest\/wp\/v2\/posts\/98936"}],"collection":[{"href":"https:\/\/www.nettali.com\/rest\/wp\/v2\/posts"}],"about":[{"href":"https:\/\/www.nettali.com\/rest\/wp\/v2\/types\/post"}],"author":[{"embeddable":true,"href":"https:\/\/www.nettali.com\/rest\/wp\/v2\/users\/4"}],"replies":[{"embeddable":true,"href":"https:\/\/www.nettali.com\/rest\/wp\/v2\/comments?post=98936"}],"version-history":[{"count":1,"href":"https:\/\/www.nettali.com\/rest\/wp\/v2\/posts\/98936\/revisions"}],"predecessor-version":[{"id":98937,"href":"https:\/\/www.nettali.com\/rest\/wp\/v2\/posts\/98936\/revisions\/98937"}],"wp:featuredmedia":[{"embeddable":true,"href":"https:\/\/www.nettali.com\/rest\/wp\/v2\/media\/98972"}],"wp:attachment":[{"href":"https:\/\/www.nettali.com\/rest\/wp\/v2\/media?parent=98936"}],"wp:term":[{"taxonomy":"category","embeddable":true,"href":"https:\/\/www.nettali.com\/rest\/wp\/v2\/categories?post=98936"},{"taxonomy":"post_tag","embeddable":true,"href":"https:\/\/www.nettali.com\/rest\/wp\/v2\/tags?post=98936"}],"curies":[{"name":"wp","href":"https:\/\/api.w.org\/{rel}","templated":true}]}}