{"id":98933,"date":"2022-12-05T10:16:02","date_gmt":"2022-12-05T10:16:02","guid":{"rendered":"https:\/\/www.nettali.com\/?p=98933"},"modified":"2022-12-05T10:16:02","modified_gmt":"2022-12-05T10:16:02","slug":"assemblee-nationale-senegal-il-faut-craindre-le-pire","status":"publish","type":"post","link":"https:\/\/www.nettali.com\/2022\/12\/05\/assemblee-nationale-senegal-il-faut-craindre-le-pire\/","title":{"rendered":"ASSEMBL\u00c9E NATIONALE S\u00c9N\u00c9GAL- Il faut craindre le pire !"},"content":{"rendered":"<p><strong>NETTALI.COM- Plus que la violence qui s\u00e9vit, une violence \u00e0 la fois verbale et physique, ce sont les tentatives de l\u00e9gitimation et refus cat\u00e9goriques de se remettre en cause qui font craindre le pire dans cette 14e l\u00e9gislature.<\/strong><\/p>\n<p>\u00ab\u00a0<em>Ce n\u2019est pas la premi\u00e8re fois qu\u2019il y a la violence au sein de l\u2019h\u00e9micycle\u2026\u00a0<\/em>\u00bb Cette d\u00e9fense du d\u00e9put\u00e9 Barth\u00e9l\u00e9my Dias, inlassablement rab\u00e2ch\u00e9e par beaucoup de d\u00e9put\u00e9s de l\u2019opposition, y compris les femmes, ainsi que leurs thurif\u00e9raires, ne sera pas pour rassurer les puristes qui s\u2019attendaient \u00e0 voir un tout autre visage de cette la 14e l\u00e9gislature, riche de son \u00e9quilibre in\u00e9dit, depuis l\u2019accession du S\u00e9n\u00e9gal \u00e0 la souverainet\u00e9 internationale. Dans une contribution intitul\u00e9e \u00ab\u00a0De ces gifles et coups de pieds sur la m\u00e8re patrie\u00a0\u00bb post\u00e9e sur sa page Facebook, le leader du Mouvement populaire d\u2019\u00e9mancipation citoyenne (Mpec), Birame Waltacko Ndiaye, fustige la violence et apporte la r\u00e9plique \u00e0 ceux qui tentent de lui trouver un pr\u00e9texte. \u00ab\u00a0<em>La violence qui s\u2019est exerc\u00e9e sur la d\u00e9put\u00e9e (Amy Ndiaye), d\u00e9nonce-t-il, n\u2019est pas le produit d\u2019un quelconque banditisme d\u2019Etat comme le pr\u00e9tendent les d\u00e9fenseurs du diable\u00a0<\/em>\u00bb. Selon Waltacko, cit\u00e9 par EnQu\u00eate,\u00a0 la violence, les faux fuyants, les forcings en vogue dans l\u2019ar\u00e8ne politique ont r\u00e9ussi \u00e0 s\u2019imposer, faute de r\u00e9alisme, de courage et de constance des antagonistes en selle. \u00ab <em>Tant que le jeu politique se mod\u00e8lera et se pliera aux int\u00e9r\u00eats ponctuels et aux frustrations \u00e9parses sans le filtre essentiel de l\u00e9galit\u00e9 et de coh\u00e9rence, il ne fera \u00e9tat que de repr\u00e9sentations mythiques, souvent l\u00e9gendaires, rarement admirables et praticables<\/em> \u00bb, ajoute Monsieur Ndiaye, qui faisait remarquer dans un autre post que ce sont les m\u00eames qui passent leur temps \u00e0 clouer des chefs religieux sous le pr\u00e9texte qu\u2019ils se sont invit\u00e9s dans l\u2019ar\u00e8ne politique qui se mettent \u00e0 d\u00e9fendre l\u2019immunit\u00e9 parlementaire \u00e0 toute \u00e9preuve.<\/p>\n<p>De l\u2019avis de l\u2019analyste, plus rien ne peut arr\u00eater cet \u00ab\u00a0arrivisme politique.\u00a0\u00bb Il s\u2019explique : \u00ab\u00a0<em>Quand la fin justifie les moyens, la logique, la raison et les principes passent pour nuls et non avenus.\u00a0<\/em>\u00bb<\/p>\n<p><strong>Barth\u00e9l\u00e9my Dias : \u00ab\u00a0Vous ne pouvez pas tuer Fulbert Sambou et nous parler de violence\u00a0\u00bb<\/strong><\/p>\n<p>En attendant que la raison ne revienne dans l\u2019espace public et politique, la dame Amy Ndiaye, elle, \u00e9tait hospitalis\u00e9e aux derni\u00e8res nouvelles \u00e0 l\u2019h\u00f4pital Principal de Dakar. L\u2019enfant qu\u2019elle porte dans son ventre menac\u00e9 d\u2019avortement, selon des sources m\u00e9dicales. C\u2019est dans ce contexte que le d\u00e9put\u00e9-maire de Dakar, Barth\u00e9l\u00e9my Dias, se hasarde \u00e0 un discours presque nihiliste. Il se justifie : \u00ab\u00a0<em>Ce n\u2019est pas la premi\u00e8re fois que je suis d\u00e9put\u00e9. Dans cette Assembl\u00e9e, j\u2019ai vu un d\u00e9put\u00e9 se faire tabasser et personne ne s\u2019est scandalis\u00e9. Quand on passait \u00e0 tabac Mame Diara Fam, ici, j\u2019\u00e9tais chez moi, personne ne s\u2019est scandalis\u00e9. Quand on tabassait une journaliste \u00e0 la Place de l\u2019ind\u00e9pendance, personne n\u2019a boug\u00e9\u2026\u00a0<\/em>\u00bb Et comme c\u2019est en passe de devenir une habitude chez l\u2019\u00e9dile de la capitale, l\u2019occasion a aussi \u00e9t\u00e9 saisie pour accuser la presse qui a bon dos, devant une opinion de plus en plus assoiff\u00e9e de discours violents. La presse, \u00e0 en croire Barth, veut faire endosser toute la responsabilit\u00e9 \u00e0 l\u2019opposition.... Ce qui ne serait pas le cas, selon sa plaidoirie. \u00ab\u00a0<em>Les gens cherchent \u00e0 domestiquer cette opposition, on ne l\u2019acceptera pas. On cherche \u00e0 aplatir cette opposition, on ne l\u2019acceptera pas. On s\u2019est battu pour arriver l\u00e0. Nous avons tout vu, tout entendu, tout v\u00e9cu\u2026. L\u2019injustice qu\u2019il y a dans cette Assembl\u00e9e, nous n\u2019allons pas l\u2019accepter. Et que personne ne vienne s\u2019\u00e9riger en donneur de le\u00e7on pour nous dire comment il faut se comporter\u00a0<\/em>\u00bb, d\u00e9clare le d\u00e9put\u00e9 maire de Dakar, qui met en garde ceux qui seraient tent\u00e9s d\u2019activer la machine judiciaire contre ses coll\u00e8gues. \u00ab\u00a0<em>Si des gens croient qu\u2019ils peuvent utiliser ce pr\u00e9texte pour mettre en prison un d\u00e9put\u00e9, ils se trompent lourdement. M\u00eame quand deux d\u00e9put\u00e9s se battent ici, le procureur n\u2019y peut absolument rien. On l\u2019a vu dans d\u2019autres assembl\u00e9es \u00e0 travers le monde. Des d\u00e9put\u00e9s se sont battus jusqu\u2019\u00e0 effusion de sang, sans qu\u2019il y ait des poursuites judiciaires. Les d\u00e9put\u00e9s sont prot\u00e9g\u00e9s en session par une immunit\u00e9 parlementaire.\u00a0<\/em>\u00bb Ainsi donc, les d\u00e9put\u00e9s de la 14e l\u00e9gislature peuvent s\u2019entred\u00e9chirer, s\u2019entretuer dans l\u2019enceinte de l\u2019h\u00e9micycle, ce n\u2019est pas l\u2019affaire de la Justice qui doit s\u2019abstenir de s\u2019en m\u00ealer.<\/p>\n<p>Pis, Barth\u00e9l\u00e9my brandit \u00e0 l\u2019endroit des tenants de la majorit\u00e9 la mise en garde suivante : \u00ab\u00a0<em>Vous ne pouvez pas tuer Fran\u00e7ois Mancabou et nous parler de violence, vous ne pouvez pas tuer Fulbert Sambou et nous parler de violence ; vous ne pouvez pas tuer 14 personnes et nous parler de violence\u2026\u00a0<\/em>\u00bb<\/p>\n<p><strong>\u00a0Moustapha Diakhat\u00e9 parle de \u2018\u2019PUR gangst\u00e9risme\u2019\u2019<\/strong><\/p>\n<p>En fait, de cette l\u00e9gislature, ils sont nombreux les S\u00e9n\u00e9galais \u00e0 \u00eatre pessimistes quant \u00e0 ses capacit\u00e9s \u00e0 op\u00e9rer les changements tant esp\u00e9r\u00e9s. \u00ab\u00a0<em>La R\u00e9publique, fulmine Moustapha Diakhat\u00e9, est souill\u00e9e par ce PUR gangst\u00e9risme qui, dans l'h\u00e9micycle comme hors de l\u2019h\u00e9micycle, est intol\u00e9rable dans une d\u00e9mocratie. Ces fanatis\u00e9s ne peuvent plus ceindre l'\u00e9charpe parlementaire et continuer \u00e0 porter le titre d\u2019honorable d\u00e9put\u00e9 du peuple apr\u00e8s avoir balafr\u00e9 la Repr\u00e9sentation nationale<\/em>\u00a0\u00bb, a rench\u00e9ri Monsieur Diakhat\u00e9, qui parlait en d\u2019autres circonstances de \u00ab<em>\u00a0pire l\u00e9gislature de l\u2019histoire du S\u00e9n\u00e9gal.<\/em>\u00a0\u00bb<\/p>\n<p>Interpell\u00e9, l\u2019ancien pr\u00e9sident de groupe parlementaire, Doudou Wade, tout en condamnant la violence, d\u00e9dramatise et rappelle les enjeux de cette pr\u00e9sente l\u00e9gislature. Il d\u00e9clare : \u00ab<em>\u00a0J\u2019avais dit dans une \u00e9mission avec Baye Oumar Gu\u00e8ye (Sud FM) que c\u2019est une Assembl\u00e9e au sommet de la montagne, du point de vue r\u00e9partition par les citoyens. Il y a deux hypoth\u00e8ses possibles : on peut prendre le versant droit comme on peut prendre le versant gauche. Le premier c\u2019est celui de la concertation. Main dans la main, les d\u00e9put\u00e9s vont descendre lentement et s\u00fbrement vers une d\u00e9mocratie totale, pour l\u2019int\u00e9r\u00eat exclusif de la population. Le deuxi\u00e8me, c\u2019est une descente qui m\u00e8ne vers l\u2019enfer, le pr\u00e9cipice, les bagarres comme on l\u2019a vu... Mais c\u2019est tr\u00e8s t\u00f4t pour porter un jugement d\u00e9finitif. Ils ont juste fait deux mois pour une Assembl\u00e9e qui a une dur\u00e9e de vie de 60 mois normalement. Ils ont donc le temps de changer de direction.<\/em>\u00a0\u00bb<\/p>\n<p><strong>Doudou Wade : \u00ab\u00a0Des gens ont fabriqu\u00e9 un faux r\u00e8glement int\u00e9rieur et c\u2019est plus grave\u00a0\u00bb<\/strong><\/p>\n<p><strong>\u00a0<\/strong>Cela dit, Monsieur Wade estime qu\u2019il serait aussi r\u00e9ducteur de vouloir tout r\u00e9duire \u00e0 cette bagarre dans le jugement de ce d\u00e9but de l\u00e9gislature. A l\u2019en croire, il y a eu pire que cette bagarre entre des d\u00e9put\u00e9s. Dans cette m\u00eame l\u00e9gislature, des gens se sont enferm\u00e9s dans un bureau et ont falsifi\u00e9 le r\u00e8glement int\u00e9rieur de l\u2019Assembl\u00e9e nationale. \u00ab\u00a0<em>C\u2019est bien plus grave \u00e0 mon avis et personne n\u2019en parle<\/em>\u00a0\u00bb, regrette le lib\u00e9ral, non sans rappeler \u00e0 l\u2019instar de Barth, que des bagarres \u00e0 l\u2019Assembl\u00e9e nationale, le S\u00e9n\u00e9gal en a souvent connu. \u00ab<em>\u00a0Nous avons vu en 1962 des Gendarmes entrer dans cette m\u00eame Assembl\u00e9e et faire sortir des d\u00e9put\u00e9s, arr\u00eater certains. Nous l\u2019avons v\u00e9cu dans ce pays ; nous avons aussi connu d\u2019autres bagarres. Il ne faut pas s\u2019en limiter l\u00e0. Il faut effectivement condamner la bagarre, mais, il faut aussi parler des choses plus graves qui sont en train de se passer. Des gens ont fabriqu\u00e9 un faux r\u00e8glement int\u00e9rieur et c\u2019est plus grave\u00a0<\/em>\u00bb, r\u00e9p\u00e8te-t-il.<\/p>\n<p>Le responsable d\u2019ajoute\u00a0: \u00ab\u00a0<em>Si cette Assembl\u00e9e ne peut pas pr\u00e9parer des lois qui vont permettre l\u2019organisation des \u00e9lections l\u00e9gislatives anticip\u00e9es en 2024, elle aura failli. Seule cette Assembl\u00e9e peut nous permettre de laisser la liste proportionnelle et majoritaire et d\u2019aller vers des \u00e9lections uninominales \u00e0 un ou deux tours. C\u2019est la seule Assembl\u00e9e qui peut nous mener vers l\u2019interdiction des r\u00e9unions politiques \u00e0 la Pr\u00e9sidence de la R\u00e9publique, la seule qui peut mettre en place des garde-fous en ce qui concerne l\u2019utilisation des fonds politiques du Pr\u00e9sident, pour \u00e9viter qu\u2019en 2024, qu\u2019il bouffe tout en un seul mois comme c\u2019est de coutume\u2026. Voil\u00e0 les v\u00e9ritables enjeux qui permettront \u00e0 cette l\u00e9gislature de faire des r\u00e9formes utiles pour le pays.<\/em>\u00a0\u00bb<\/p>\n<div class='share-to-whatsapp-wrapper'><div class='share-on-whsp'>PARTAGER SUR : <\/div><a data-text='ASSEMBL\u00c9E NATIONALE S\u00c9N\u00c9GAL- Il faut craindre le pire !' data-link='https:\/\/www.nettali.com\/2022\/12\/05\/assemblee-nationale-senegal-il-faut-craindre-le-pire\/' class='whatsapp-button whatsapp-share'>WhatsApp<\/a><div class='clear '><\/div><\/div>","protected":false},"excerpt":{"rendered":"<p>NETTALI.COM- Plus que la violence qui s\u00e9vit, une violence \u00e0 la fois verbale et physique, ce sont les tentatives de l\u00e9gitimation et refus cat\u00e9goriques de se remettre en cause qui font craindre le pire dans cette 14e l\u00e9gislature. \u00ab\u00a0Ce n\u2019est pas la premi\u00e8re fois qu\u2019il y a la violence au sein de l\u2019h\u00e9micycle\u2026\u00a0\u00bb Cette d\u00e9fense [&hellip;]<\/p>\n","protected":false},"author":6,"featured_media":98925,"comment_status":"open","ping_status":"open","sticky":false,"template":"","format":"standard","meta":{"_et_pb_use_builder":"","_et_pb_old_content":""},"categories":[2],"tags":[],"yoast_head":"<!-- This site is optimized with the Yoast SEO Premium plugin v17.8 (Yoast SEO v17.8) - https:\/\/yoast.com\/wordpress\/plugins\/seo\/ -->\n<title>ASSEMBL\u00c9E NATIONALE S\u00c9N\u00c9GAL- Il faut craindre le pire ! | Nettali.com<\/title>\n<meta name=\"robots\" content=\"index, follow, max-snippet:-1, max-image-preview:large, max-video-preview:-1\" \/>\n<link rel=\"canonical\" href=\"https:\/\/www.nettali.com\/2022\/12\/05\/assemblee-nationale-senegal-il-faut-craindre-le-pire\/\" \/>\n<meta property=\"og:locale\" content=\"fr_FR\" \/>\n<meta property=\"og:type\" content=\"article\" \/>\n<meta property=\"og:title\" content=\"ASSEMBL\u00c9E NATIONALE S\u00c9N\u00c9GAL- Il faut craindre le pire !\" \/>\n<meta property=\"og:description\" content=\"NETTALI.COM- Plus que la violence qui s\u00e9vit, une violence \u00e0 la fois verbale et physique, ce sont les tentatives de l\u00e9gitimation et refus cat\u00e9goriques de se remettre en cause qui font craindre le pire dans cette 14e l\u00e9gislature. \u00ab\u00a0Ce n\u2019est pas la premi\u00e8re fois qu\u2019il y a la violence au sein de l\u2019h\u00e9micycle\u2026\u00a0\u00bb Cette d\u00e9fense [&hellip;]\" \/>\n<meta property=\"og:url\" content=\"https:\/\/www.nettali.com\/2022\/12\/05\/assemblee-nationale-senegal-il-faut-craindre-le-pire\/\" \/>\n<meta property=\"og:site_name\" content=\"Nettali.com\" \/>\n<meta property=\"article:publisher\" content=\"https:\/\/www.facebook.com\/nettalicom\" \/>\n<meta property=\"article:published_time\" content=\"2022-12-05T10:16:02+00:00\" \/>\n<meta property=\"og:image\" content=\"https:\/\/www.nettali.com\/wp-content\/uploads\/2022\/12\/violence-assemblee.jpeg\" \/>\n\t<meta property=\"og:image:width\" content=\"655\" \/>\n\t<meta property=\"og:image:height\" content=\"400\" \/>\n<meta name=\"twitter:card\" content=\"summary_large_image\" \/>\n<meta name=\"twitter:label1\" content=\"\u00c9crit par\" \/>\n\t<meta name=\"twitter:data1\" content=\"Fatou\" \/>\n\t<meta name=\"twitter:label2\" content=\"Dur\u00e9e de lecture estim\u00e9e\" \/>\n\t<meta name=\"twitter:data2\" content=\"7 minutes\" \/>\n<script type=\"application\/ld+json\" class=\"yoast-schema-graph\">{\"@context\":\"https:\/\/schema.org\",\"@graph\":[{\"@type\":\"WebSite\",\"@id\":\"https:\/\/www.nettali.com\/#website\",\"url\":\"https:\/\/www.nettali.com\/\",\"name\":\"Nettali.com\",\"description\":\"Le rendez-vous critique du Net\",\"potentialAction\":[{\"@type\":\"SearchAction\",\"target\":{\"@type\":\"EntryPoint\",\"urlTemplate\":\"https:\/\/www.nettali.com\/?s={search_term_string}\"},\"query-input\":\"required name=search_term_string\"}],\"inLanguage\":\"fr-FR\"},{\"@type\":\"ImageObject\",\"@id\":\"https:\/\/www.nettali.com\/2022\/12\/05\/assemblee-nationale-senegal-il-faut-craindre-le-pire\/#primaryimage\",\"inLanguage\":\"fr-FR\",\"url\":\"https:\/\/www.nettali.com\/wp-content\/uploads\/2022\/12\/violence-assemblee.jpeg\",\"contentUrl\":\"https:\/\/www.nettali.com\/wp-content\/uploads\/2022\/12\/violence-assemblee.jpeg\",\"width\":655,\"height\":400},{\"@type\":\"WebPage\",\"@id\":\"https:\/\/www.nettali.com\/2022\/12\/05\/assemblee-nationale-senegal-il-faut-craindre-le-pire\/#webpage\",\"url\":\"https:\/\/www.nettali.com\/2022\/12\/05\/assemblee-nationale-senegal-il-faut-craindre-le-pire\/\",\"name\":\"ASSEMBL\\u00c9E NATIONALE S\\u00c9N\\u00c9GAL- Il faut craindre le pire ! | Nettali.com\",\"isPartOf\":{\"@id\":\"https:\/\/www.nettali.com\/#website\"},\"primaryImageOfPage\":{\"@id\":\"https:\/\/www.nettali.com\/2022\/12\/05\/assemblee-nationale-senegal-il-faut-craindre-le-pire\/#primaryimage\"},\"datePublished\":\"2022-12-05T10:16:02+00:00\",\"dateModified\":\"2022-12-05T10:16:02+00:00\",\"author\":{\"@id\":\"https:\/\/www.nettali.com\/#\/schema\/person\/418274a86bdf87caff7a3ef476bd0bbf\"},\"breadcrumb\":{\"@id\":\"https:\/\/www.nettali.com\/2022\/12\/05\/assemblee-nationale-senegal-il-faut-craindre-le-pire\/#breadcrumb\"},\"inLanguage\":\"fr-FR\",\"potentialAction\":[{\"@type\":\"ReadAction\",\"target\":[\"https:\/\/www.nettali.com\/2022\/12\/05\/assemblee-nationale-senegal-il-faut-craindre-le-pire\/\"]}]},{\"@type\":\"BreadcrumbList\",\"@id\":\"https:\/\/www.nettali.com\/2022\/12\/05\/assemblee-nationale-senegal-il-faut-craindre-le-pire\/#breadcrumb\",\"itemListElement\":[{\"@type\":\"ListItem\",\"position\":1,\"name\":\"Accueil\",\"item\":\"https:\/\/www.nettali.com\/\"},{\"@type\":\"ListItem\",\"position\":2,\"name\":\"ASSEMBL\\u00c9E NATIONALE S\\u00c9N\\u00c9GAL- Il faut craindre le pire !\"}]},{\"@type\":\"Person\",\"@id\":\"https:\/\/www.nettali.com\/#\/schema\/person\/418274a86bdf87caff7a3ef476bd0bbf\",\"name\":\"Fatou\",\"image\":{\"@type\":\"ImageObject\",\"@id\":\"https:\/\/www.nettali.com\/#personlogo\",\"inLanguage\":\"fr-FR\",\"url\":\"https:\/\/secure.gravatar.com\/avatar\/5a9442a2bee7b4dcf167cab035858e9a?s=96&d=mm&r=g\",\"contentUrl\":\"https:\/\/secure.gravatar.com\/avatar\/5a9442a2bee7b4dcf167cab035858e9a?s=96&d=mm&r=g\",\"caption\":\"Fatou\"},\"sameAs\":[\"https:\/\/www.nettali.com\"]}]}<\/script>\n<!-- \/ Yoast SEO Premium plugin. -->","yoast_head_json":{"title":"ASSEMBL\u00c9E NATIONALE S\u00c9N\u00c9GAL- Il faut craindre le pire ! | Nettali.com","robots":{"index":"index","follow":"follow","max-snippet":"max-snippet:-1","max-image-preview":"max-image-preview:large","max-video-preview":"max-video-preview:-1"},"canonical":"https:\/\/www.nettali.com\/2022\/12\/05\/assemblee-nationale-senegal-il-faut-craindre-le-pire\/","og_locale":"fr_FR","og_type":"article","og_title":"ASSEMBL\u00c9E NATIONALE S\u00c9N\u00c9GAL- Il faut craindre le pire !","og_description":"NETTALI.COM- Plus que la violence qui s\u00e9vit, une violence \u00e0 la fois verbale et physique, ce sont les tentatives de l\u00e9gitimation et refus cat\u00e9goriques de se remettre en cause qui font craindre le pire dans cette 14e l\u00e9gislature. \u00ab\u00a0Ce n\u2019est pas la premi\u00e8re fois qu\u2019il y a la violence au sein de l\u2019h\u00e9micycle\u2026\u00a0\u00bb Cette d\u00e9fense [&hellip;]","og_url":"https:\/\/www.nettali.com\/2022\/12\/05\/assemblee-nationale-senegal-il-faut-craindre-le-pire\/","og_site_name":"Nettali.com","article_publisher":"https:\/\/www.facebook.com\/nettalicom","article_published_time":"2022-12-05T10:16:02+00:00","og_image":[{"width":655,"height":400,"url":"https:\/\/www.nettali.com\/wp-content\/uploads\/2022\/12\/violence-assemblee.jpeg","type":"image\/jpeg"}],"twitter_card":"summary_large_image","twitter_misc":{"\u00c9crit par":"Fatou","Dur\u00e9e de lecture estim\u00e9e":"7 minutes"},"schema":{"@context":"https:\/\/schema.org","@graph":[{"@type":"WebSite","@id":"https:\/\/www.nettali.com\/#website","url":"https:\/\/www.nettali.com\/","name":"Nettali.com","description":"Le rendez-vous critique du Net","potentialAction":[{"@type":"SearchAction","target":{"@type":"EntryPoint","urlTemplate":"https:\/\/www.nettali.com\/?s={search_term_string}"},"query-input":"required name=search_term_string"}],"inLanguage":"fr-FR"},{"@type":"ImageObject","@id":"https:\/\/www.nettali.com\/2022\/12\/05\/assemblee-nationale-senegal-il-faut-craindre-le-pire\/#primaryimage","inLanguage":"fr-FR","url":"https:\/\/www.nettali.com\/wp-content\/uploads\/2022\/12\/violence-assemblee.jpeg","contentUrl":"https:\/\/www.nettali.com\/wp-content\/uploads\/2022\/12\/violence-assemblee.jpeg","width":655,"height":400},{"@type":"WebPage","@id":"https:\/\/www.nettali.com\/2022\/12\/05\/assemblee-nationale-senegal-il-faut-craindre-le-pire\/#webpage","url":"https:\/\/www.nettali.com\/2022\/12\/05\/assemblee-nationale-senegal-il-faut-craindre-le-pire\/","name":"ASSEMBL\u00c9E NATIONALE S\u00c9N\u00c9GAL- Il faut craindre le pire ! | Nettali.com","isPartOf":{"@id":"https:\/\/www.nettali.com\/#website"},"primaryImageOfPage":{"@id":"https:\/\/www.nettali.com\/2022\/12\/05\/assemblee-nationale-senegal-il-faut-craindre-le-pire\/#primaryimage"},"datePublished":"2022-12-05T10:16:02+00:00","dateModified":"2022-12-05T10:16:02+00:00","author":{"@id":"https:\/\/www.nettali.com\/#\/schema\/person\/418274a86bdf87caff7a3ef476bd0bbf"},"breadcrumb":{"@id":"https:\/\/www.nettali.com\/2022\/12\/05\/assemblee-nationale-senegal-il-faut-craindre-le-pire\/#breadcrumb"},"inLanguage":"fr-FR","potentialAction":[{"@type":"ReadAction","target":["https:\/\/www.nettali.com\/2022\/12\/05\/assemblee-nationale-senegal-il-faut-craindre-le-pire\/"]}]},{"@type":"BreadcrumbList","@id":"https:\/\/www.nettali.com\/2022\/12\/05\/assemblee-nationale-senegal-il-faut-craindre-le-pire\/#breadcrumb","itemListElement":[{"@type":"ListItem","position":1,"name":"Accueil","item":"https:\/\/www.nettali.com\/"},{"@type":"ListItem","position":2,"name":"ASSEMBL\u00c9E NATIONALE S\u00c9N\u00c9GAL- Il faut craindre le pire !"}]},{"@type":"Person","@id":"https:\/\/www.nettali.com\/#\/schema\/person\/418274a86bdf87caff7a3ef476bd0bbf","name":"Fatou","image":{"@type":"ImageObject","@id":"https:\/\/www.nettali.com\/#personlogo","inLanguage":"fr-FR","url":"https:\/\/secure.gravatar.com\/avatar\/5a9442a2bee7b4dcf167cab035858e9a?s=96&d=mm&r=g","contentUrl":"https:\/\/secure.gravatar.com\/avatar\/5a9442a2bee7b4dcf167cab035858e9a?s=96&d=mm&r=g","caption":"Fatou"},"sameAs":["https:\/\/www.nettali.com"]}]}},"_links":{"self":[{"href":"https:\/\/www.nettali.com\/rest\/wp\/v2\/posts\/98933"}],"collection":[{"href":"https:\/\/www.nettali.com\/rest\/wp\/v2\/posts"}],"about":[{"href":"https:\/\/www.nettali.com\/rest\/wp\/v2\/types\/post"}],"author":[{"embeddable":true,"href":"https:\/\/www.nettali.com\/rest\/wp\/v2\/users\/6"}],"replies":[{"embeddable":true,"href":"https:\/\/www.nettali.com\/rest\/wp\/v2\/comments?post=98933"}],"version-history":[{"count":1,"href":"https:\/\/www.nettali.com\/rest\/wp\/v2\/posts\/98933\/revisions"}],"predecessor-version":[{"id":98935,"href":"https:\/\/www.nettali.com\/rest\/wp\/v2\/posts\/98933\/revisions\/98935"}],"wp:featuredmedia":[{"embeddable":true,"href":"https:\/\/www.nettali.com\/rest\/wp\/v2\/media\/98925"}],"wp:attachment":[{"href":"https:\/\/www.nettali.com\/rest\/wp\/v2\/media?parent=98933"}],"wp:term":[{"taxonomy":"category","embeddable":true,"href":"https:\/\/www.nettali.com\/rest\/wp\/v2\/categories?post=98933"},{"taxonomy":"post_tag","embeddable":true,"href":"https:\/\/www.nettali.com\/rest\/wp\/v2\/tags?post=98933"}],"curies":[{"name":"wp","href":"https:\/\/api.w.org\/{rel}","templated":true}]}}