{"id":98866,"date":"2022-12-04T00:25:10","date_gmt":"2022-12-04T00:25:10","guid":{"rendered":"https:\/\/www.nettali.com\/?p=98866"},"modified":"2022-12-04T21:45:27","modified_gmt":"2022-12-04T21:45:27","slug":"pape-ale-niang-malade-et-en-greve-de-la-faim-la-presse-interpelle-macky-sall","status":"publish","type":"post","link":"https:\/\/www.nettali.com\/2022\/12\/04\/pape-ale-niang-malade-et-en-greve-de-la-faim-la-presse-interpelle-macky-sall\/","title":{"rendered":"PAPE ALE NIANG MALADE ET EN GREVE DE LA FAIM - La presse interpelle Macky Sall"},"content":{"rendered":"<p><strong>NETTALI.COM - Le sort du journaliste Pape Al\u00e9 Niang pr\u00e9occupe la Coordination des associations de la presse (Cap). En prison depuis le 6 novembre dernier, le journaliste a entam\u00e9 vendredi une gr\u00e8ve de la faim malgr\u00e9 un \u00e9tat de sant\u00e9 fragile. R\u00e9unie ce samedi, la Cap a tenu \u00e0 mettre en garde le pr\u00e9sident de la R\u00e9publique.\u00a0<\/strong><\/p>\n<p>\"<em>Pape Al\u00e9 Niang est malade. Et m\u00eame avant son arrestation, il avait des rendez-vous \u00e0 respecter avec son m\u00e9decin soignant. Aujourd'hui, c'est la vie de notre confr\u00e8re qui est en jeu<\/em>.\" R\u00e9v\u00e9lation faite ce samedi par Aminatou Diop, membre de la Coordination des associations de la presse (Cap). La Cap avait convoqu\u00e9 ses membres en r\u00e9union pour \u00e9valuer les actions men\u00e9es ces derniers jours pour obtenir la lib\u00e9ration du journaliste d'investigation en prison depuis le 6 novembre dernier. C'est d'ailleurs pour d\u00e9noncer son arrestation arbitraire que Pape Al\u00e9 Niang a entam\u00e9 une gr\u00e8ve de la faim ce vendredi. Ce que confirme Ibrahima Lissa Faye de la Cap.<\/p>\n<p>\"<em>Pape Al\u00e9 a une sant\u00e9 fragile. C'est pourquoi nous nous sommes battus pour qu'il ne fasse pas sa gr\u00e8ve de la faim. Mais l\u00e0, il a commenc\u00e9. Et nous tenons Macky Sall pour responsable de tout ce qui arrivera \u00e0 Pape Al\u00e9 Niang. Son \u00e9pouse est malade parce qu'il ne veut plus qu'on lui am\u00e8ne \u00e0 manger. Sa m\u00e8re qui est une vieille dame est angoiss\u00e9e. Elle ne peut plus respecter ses rendez-vous m\u00e9dicaux<\/em>\", r\u00e9v\u00e8le Ibrahima Lissa Faye.\u00a0 \"<em>Mentalement, psychologiquement, Pape Al\u00e9 reste tr\u00e8s fort. Mais ce qui nous inqui\u00e8te, c'est sa famille<\/em>\", laisse entendre Aminatou Diop.<\/p>\n<p>Malgr\u00e9 tout, le pouvoir ne semble pas \u00eatre dans les dispositions de favoriser la lib\u00e9ration de Pape Al\u00e9 Niang. \"<em>Nous sommes face \u00e0 un mur, un pouvoir qui veut faire n'entendre et qui cherche \u00e0 faire plier, \u00e0 broyer Pape Al\u00e9 Niang. Ce que nous n'accepterons pas. Nous sommes tous pr\u00eats \u00e0 retrouver Pape Al\u00e9 en prison et nous ferons ce qu'il faut pour le lib\u00e9rer. A partir de maintenant, aucune action n'est plus \u00e0 exclure. Tout ce que la bataille pour la lib\u00e9ration de Pape Al\u00e9 Niang va demander, nous le ferons<\/em>\", avertit Ibrahima Lissa Faye. A en croire ce dernier, la Cap va entamer d\u00e8s lundi des rencontres avec les autorit\u00e9s religieuses et les repr\u00e9sentations diplomatiques. \"<em>Et il y aura d'autres actions. Nous sommes pr\u00eats \u00e0 payer le prix fort pour la lib\u00e9ration de Pape Al\u00e9 Niang<\/em>\", pr\u00e9viennent les membres de la Cap.<\/p>\n<div class='share-to-whatsapp-wrapper'><div class='share-on-whsp'>PARTAGER SUR : <\/div><a data-text='PAPE ALE NIANG MALADE ET EN GREVE DE LA FAIM - La presse interpelle Macky Sall' data-link='https:\/\/www.nettali.com\/2022\/12\/04\/pape-ale-niang-malade-et-en-greve-de-la-faim-la-presse-interpelle-macky-sall\/' class='whatsapp-button whatsapp-share'>WhatsApp<\/a><div class='clear '><\/div><\/div>","protected":false},"excerpt":{"rendered":"<p>NETTALI.COM - Le sort du journaliste Pape Al\u00e9 Niang pr\u00e9occupe la Coordination des associations de la presse (Cap). En prison depuis le 6 novembre dernier, le journaliste a entam\u00e9 vendredi une gr\u00e8ve de la faim malgr\u00e9 un \u00e9tat de sant\u00e9 fragile. R\u00e9unie ce samedi, la Cap a tenu \u00e0 mettre en garde le pr\u00e9sident de [&hellip;]<\/p>\n","protected":false},"author":3,"featured_media":97228,"comment_status":"open","ping_status":"open","sticky":false,"template":"","format":"standard","meta":{"_et_pb_use_builder":"","_et_pb_old_content":""},"categories":[3],"tags":[],"yoast_head":"<!-- This site is optimized with the Yoast SEO Premium plugin v17.8 (Yoast SEO v17.8) - https:\/\/yoast.com\/wordpress\/plugins\/seo\/ -->\n<title>PAPE ALE NIANG MALADE ET EN GREVE DE LA FAIM - La presse interpelle Macky Sall | Nettali.com<\/title>\n<meta name=\"robots\" content=\"index, follow, max-snippet:-1, max-image-preview:large, max-video-preview:-1\" \/>\n<link rel=\"canonical\" href=\"https:\/\/www.nettali.com\/2022\/12\/04\/pape-ale-niang-malade-et-en-greve-de-la-faim-la-presse-interpelle-macky-sall\/\" \/>\n<meta property=\"og:locale\" content=\"fr_FR\" \/>\n<meta property=\"og:type\" content=\"article\" \/>\n<meta property=\"og:title\" content=\"PAPE ALE NIANG MALADE ET EN GREVE DE LA FAIM - La presse interpelle Macky Sall\" \/>\n<meta property=\"og:description\" content=\"NETTALI.COM - Le sort du journaliste Pape Al\u00e9 Niang pr\u00e9occupe la Coordination des associations de la presse (Cap). En prison depuis le 6 novembre dernier, le journaliste a entam\u00e9 vendredi une gr\u00e8ve de la faim malgr\u00e9 un \u00e9tat de sant\u00e9 fragile. R\u00e9unie ce samedi, la Cap a tenu \u00e0 mettre en garde le pr\u00e9sident de [&hellip;]\" \/>\n<meta property=\"og:url\" content=\"https:\/\/www.nettali.com\/2022\/12\/04\/pape-ale-niang-malade-et-en-greve-de-la-faim-la-presse-interpelle-macky-sall\/\" \/>\n<meta property=\"og:site_name\" content=\"Nettali.com\" \/>\n<meta property=\"article:publisher\" content=\"https:\/\/www.facebook.com\/nettalicom\" \/>\n<meta property=\"article:published_time\" content=\"2022-12-04T00:25:10+00:00\" \/>\n<meta property=\"article:modified_time\" content=\"2022-12-04T21:45:27+00:00\" \/>\n<meta property=\"og:image\" content=\"https:\/\/www.nettali.com\/wp-content\/uploads\/2022\/11\/pape-ale-niang-1.jpeg\" \/>\n\t<meta property=\"og:image:width\" content=\"800\" \/>\n\t<meta property=\"og:image:height\" content=\"431\" \/>\n<meta name=\"twitter:card\" content=\"summary_large_image\" \/>\n<meta name=\"twitter:label1\" content=\"\u00c9crit par\" \/>\n\t<meta name=\"twitter:data1\" content=\"Moustapha\" \/>\n\t<meta name=\"twitter:label2\" content=\"Dur\u00e9e de lecture estim\u00e9e\" \/>\n\t<meta name=\"twitter:data2\" content=\"3 minutes\" \/>\n<script type=\"application\/ld+json\" class=\"yoast-schema-graph\">{\"@context\":\"https:\/\/schema.org\",\"@graph\":[{\"@type\":\"WebSite\",\"@id\":\"https:\/\/www.nettali.com\/#website\",\"url\":\"https:\/\/www.nettali.com\/\",\"name\":\"Nettali.com\",\"description\":\"Le rendez-vous critique du Net\",\"potentialAction\":[{\"@type\":\"SearchAction\",\"target\":{\"@type\":\"EntryPoint\",\"urlTemplate\":\"https:\/\/www.nettali.com\/?s={search_term_string}\"},\"query-input\":\"required name=search_term_string\"}],\"inLanguage\":\"fr-FR\"},{\"@type\":\"ImageObject\",\"@id\":\"https:\/\/www.nettali.com\/2022\/12\/04\/pape-ale-niang-malade-et-en-greve-de-la-faim-la-presse-interpelle-macky-sall\/#primaryimage\",\"inLanguage\":\"fr-FR\",\"url\":\"https:\/\/www.nettali.com\/wp-content\/uploads\/2022\/11\/pape-ale-niang-1.jpeg\",\"contentUrl\":\"https:\/\/www.nettali.com\/wp-content\/uploads\/2022\/11\/pape-ale-niang-1.jpeg\",\"width\":800,\"height\":431},{\"@type\":\"WebPage\",\"@id\":\"https:\/\/www.nettali.com\/2022\/12\/04\/pape-ale-niang-malade-et-en-greve-de-la-faim-la-presse-interpelle-macky-sall\/#webpage\",\"url\":\"https:\/\/www.nettali.com\/2022\/12\/04\/pape-ale-niang-malade-et-en-greve-de-la-faim-la-presse-interpelle-macky-sall\/\",\"name\":\"PAPE ALE NIANG MALADE ET EN GREVE DE LA FAIM - La presse interpelle Macky Sall | Nettali.com\",\"isPartOf\":{\"@id\":\"https:\/\/www.nettali.com\/#website\"},\"primaryImageOfPage\":{\"@id\":\"https:\/\/www.nettali.com\/2022\/12\/04\/pape-ale-niang-malade-et-en-greve-de-la-faim-la-presse-interpelle-macky-sall\/#primaryimage\"},\"datePublished\":\"2022-12-04T00:25:10+00:00\",\"dateModified\":\"2022-12-04T21:45:27+00:00\",\"author\":{\"@id\":\"https:\/\/www.nettali.com\/#\/schema\/person\/7962a12a6e0267f88f0ffa544c36469a\"},\"breadcrumb\":{\"@id\":\"https:\/\/www.nettali.com\/2022\/12\/04\/pape-ale-niang-malade-et-en-greve-de-la-faim-la-presse-interpelle-macky-sall\/#breadcrumb\"},\"inLanguage\":\"fr-FR\",\"potentialAction\":[{\"@type\":\"ReadAction\",\"target\":[\"https:\/\/www.nettali.com\/2022\/12\/04\/pape-ale-niang-malade-et-en-greve-de-la-faim-la-presse-interpelle-macky-sall\/\"]}]},{\"@type\":\"BreadcrumbList\",\"@id\":\"https:\/\/www.nettali.com\/2022\/12\/04\/pape-ale-niang-malade-et-en-greve-de-la-faim-la-presse-interpelle-macky-sall\/#breadcrumb\",\"itemListElement\":[{\"@type\":\"ListItem\",\"position\":1,\"name\":\"Accueil\",\"item\":\"https:\/\/www.nettali.com\/\"},{\"@type\":\"ListItem\",\"position\":2,\"name\":\"PAPE ALE NIANG MALADE ET EN GREVE DE LA FAIM - La presse interpelle Macky Sall\"}]},{\"@type\":\"Person\",\"@id\":\"https:\/\/www.nettali.com\/#\/schema\/person\/7962a12a6e0267f88f0ffa544c36469a\",\"name\":\"Moustapha\",\"image\":{\"@type\":\"ImageObject\",\"@id\":\"https:\/\/www.nettali.com\/#personlogo\",\"inLanguage\":\"fr-FR\",\"url\":\"https:\/\/secure.gravatar.com\/avatar\/10fdf6a071cccdcf374e3dbe45159590?s=96&d=mm&r=g\",\"contentUrl\":\"https:\/\/secure.gravatar.com\/avatar\/10fdf6a071cccdcf374e3dbe45159590?s=96&d=mm&r=g\",\"caption\":\"Moustapha\"},\"sameAs\":[\"https:\/\/www.nettali.com\"]}]}<\/script>\n<!-- \/ Yoast SEO Premium plugin. -->","yoast_head_json":{"title":"PAPE ALE NIANG MALADE ET EN GREVE DE LA FAIM - La presse interpelle Macky Sall | Nettali.com","robots":{"index":"index","follow":"follow","max-snippet":"max-snippet:-1","max-image-preview":"max-image-preview:large","max-video-preview":"max-video-preview:-1"},"canonical":"https:\/\/www.nettali.com\/2022\/12\/04\/pape-ale-niang-malade-et-en-greve-de-la-faim-la-presse-interpelle-macky-sall\/","og_locale":"fr_FR","og_type":"article","og_title":"PAPE ALE NIANG MALADE ET EN GREVE DE LA FAIM - La presse interpelle Macky Sall","og_description":"NETTALI.COM - Le sort du journaliste Pape Al\u00e9 Niang pr\u00e9occupe la Coordination des associations de la presse (Cap). En prison depuis le 6 novembre dernier, le journaliste a entam\u00e9 vendredi une gr\u00e8ve de la faim malgr\u00e9 un \u00e9tat de sant\u00e9 fragile. R\u00e9unie ce samedi, la Cap a tenu \u00e0 mettre en garde le pr\u00e9sident de [&hellip;]","og_url":"https:\/\/www.nettali.com\/2022\/12\/04\/pape-ale-niang-malade-et-en-greve-de-la-faim-la-presse-interpelle-macky-sall\/","og_site_name":"Nettali.com","article_publisher":"https:\/\/www.facebook.com\/nettalicom","article_published_time":"2022-12-04T00:25:10+00:00","article_modified_time":"2022-12-04T21:45:27+00:00","og_image":[{"width":800,"height":431,"url":"https:\/\/www.nettali.com\/wp-content\/uploads\/2022\/11\/pape-ale-niang-1.jpeg","type":"image\/jpeg"}],"twitter_card":"summary_large_image","twitter_misc":{"\u00c9crit par":"Moustapha","Dur\u00e9e de lecture estim\u00e9e":"3 minutes"},"schema":{"@context":"https:\/\/schema.org","@graph":[{"@type":"WebSite","@id":"https:\/\/www.nettali.com\/#website","url":"https:\/\/www.nettali.com\/","name":"Nettali.com","description":"Le rendez-vous critique du Net","potentialAction":[{"@type":"SearchAction","target":{"@type":"EntryPoint","urlTemplate":"https:\/\/www.nettali.com\/?s={search_term_string}"},"query-input":"required name=search_term_string"}],"inLanguage":"fr-FR"},{"@type":"ImageObject","@id":"https:\/\/www.nettali.com\/2022\/12\/04\/pape-ale-niang-malade-et-en-greve-de-la-faim-la-presse-interpelle-macky-sall\/#primaryimage","inLanguage":"fr-FR","url":"https:\/\/www.nettali.com\/wp-content\/uploads\/2022\/11\/pape-ale-niang-1.jpeg","contentUrl":"https:\/\/www.nettali.com\/wp-content\/uploads\/2022\/11\/pape-ale-niang-1.jpeg","width":800,"height":431},{"@type":"WebPage","@id":"https:\/\/www.nettali.com\/2022\/12\/04\/pape-ale-niang-malade-et-en-greve-de-la-faim-la-presse-interpelle-macky-sall\/#webpage","url":"https:\/\/www.nettali.com\/2022\/12\/04\/pape-ale-niang-malade-et-en-greve-de-la-faim-la-presse-interpelle-macky-sall\/","name":"PAPE ALE NIANG MALADE ET EN GREVE DE LA FAIM - La presse interpelle Macky Sall | Nettali.com","isPartOf":{"@id":"https:\/\/www.nettali.com\/#website"},"primaryImageOfPage":{"@id":"https:\/\/www.nettali.com\/2022\/12\/04\/pape-ale-niang-malade-et-en-greve-de-la-faim-la-presse-interpelle-macky-sall\/#primaryimage"},"datePublished":"2022-12-04T00:25:10+00:00","dateModified":"2022-12-04T21:45:27+00:00","author":{"@id":"https:\/\/www.nettali.com\/#\/schema\/person\/7962a12a6e0267f88f0ffa544c36469a"},"breadcrumb":{"@id":"https:\/\/www.nettali.com\/2022\/12\/04\/pape-ale-niang-malade-et-en-greve-de-la-faim-la-presse-interpelle-macky-sall\/#breadcrumb"},"inLanguage":"fr-FR","potentialAction":[{"@type":"ReadAction","target":["https:\/\/www.nettali.com\/2022\/12\/04\/pape-ale-niang-malade-et-en-greve-de-la-faim-la-presse-interpelle-macky-sall\/"]}]},{"@type":"BreadcrumbList","@id":"https:\/\/www.nettali.com\/2022\/12\/04\/pape-ale-niang-malade-et-en-greve-de-la-faim-la-presse-interpelle-macky-sall\/#breadcrumb","itemListElement":[{"@type":"ListItem","position":1,"name":"Accueil","item":"https:\/\/www.nettali.com\/"},{"@type":"ListItem","position":2,"name":"PAPE ALE NIANG MALADE ET EN GREVE DE LA FAIM - La presse interpelle Macky Sall"}]},{"@type":"Person","@id":"https:\/\/www.nettali.com\/#\/schema\/person\/7962a12a6e0267f88f0ffa544c36469a","name":"Moustapha","image":{"@type":"ImageObject","@id":"https:\/\/www.nettali.com\/#personlogo","inLanguage":"fr-FR","url":"https:\/\/secure.gravatar.com\/avatar\/10fdf6a071cccdcf374e3dbe45159590?s=96&d=mm&r=g","contentUrl":"https:\/\/secure.gravatar.com\/avatar\/10fdf6a071cccdcf374e3dbe45159590?s=96&d=mm&r=g","caption":"Moustapha"},"sameAs":["https:\/\/www.nettali.com"]}]}},"_links":{"self":[{"href":"https:\/\/www.nettali.com\/rest\/wp\/v2\/posts\/98866"}],"collection":[{"href":"https:\/\/www.nettali.com\/rest\/wp\/v2\/posts"}],"about":[{"href":"https:\/\/www.nettali.com\/rest\/wp\/v2\/types\/post"}],"author":[{"embeddable":true,"href":"https:\/\/www.nettali.com\/rest\/wp\/v2\/users\/3"}],"replies":[{"embeddable":true,"href":"https:\/\/www.nettali.com\/rest\/wp\/v2\/comments?post=98866"}],"version-history":[{"count":1,"href":"https:\/\/www.nettali.com\/rest\/wp\/v2\/posts\/98866\/revisions"}],"predecessor-version":[{"id":98867,"href":"https:\/\/www.nettali.com\/rest\/wp\/v2\/posts\/98866\/revisions\/98867"}],"wp:featuredmedia":[{"embeddable":true,"href":"https:\/\/www.nettali.com\/rest\/wp\/v2\/media\/97228"}],"wp:attachment":[{"href":"https:\/\/www.nettali.com\/rest\/wp\/v2\/media?parent=98866"}],"wp:term":[{"taxonomy":"category","embeddable":true,"href":"https:\/\/www.nettali.com\/rest\/wp\/v2\/categories?post=98866"},{"taxonomy":"post_tag","embeddable":true,"href":"https:\/\/www.nettali.com\/rest\/wp\/v2\/tags?post=98866"}],"curies":[{"name":"wp","href":"https:\/\/api.w.org\/{rel}","templated":true}]}}