{"id":98864,"date":"2022-12-03T23:41:41","date_gmt":"2022-12-03T23:41:41","guid":{"rendered":"https:\/\/www.nettali.com\/?p=98864"},"modified":"2022-12-05T09:43:27","modified_gmt":"2022-12-05T09:43:27","slug":"poursuites-contre-des-deputes-de-yaw-barthelemy-dias-met-en-garde-le-procureur","status":"publish","type":"post","link":"https:\/\/www.nettali.com\/2022\/12\/03\/poursuites-contre-des-deputes-de-yaw-barthelemy-dias-met-en-garde-le-procureur\/","title":{"rendered":"POURSUITES CONTRE DES DEPUTES DE YAW - Barth\u00e9lemy Dias met en garde le procureur"},"content":{"rendered":"<p><strong>NETTALI.COM - Soup\u00e7onn\u00e9s d'avoir agress\u00e9 leur coll\u00e8gue Amy Ndiaye Gniby, les d\u00e9put\u00e9s Massata Samb et Mamadou Niang de Yewwi askan wi seraient sous le coup de poursuites engag\u00e9es par le procureur de la R\u00e9publique. Ce que d\u00e9nonc\u00e9 Barth\u00e9lemy Dias. A la tribune de l'Assembl\u00e9e nationale, le d\u00e9put\u00e9 maire de Dakar a tenu \u00e0 mettre en garde le procureur Amadou Diouf.\u00a0<\/strong><\/p>\n<p>L'affaire de l'agression de la d\u00e9put\u00e9e Amy Ndiaye Gniby ne restera pas sans cons\u00e9quence. Du moins si l'on en croit les informations selon lesquelles le procureur de la R\u00e9publique a engag\u00e9 des poursuites contre les d\u00e9put\u00e9s Massata Samb et Mamadou Niang du Parti de l'unit\u00e9 et du rassemblement (Pur), formation politique membre de la coalition Yewwi askan wi. Suffisant pour mettre Barth\u00e9lemy Dias dans tous ses \u00e9tats. Et le d\u00e9put\u00e9 maire de Dakar s'est fait entendre ce samedi lors de l'examen du projet de budget du minist\u00e8re de la P\u00eache.<\/p>\n<p>\"<em>Nous sommes en politique et nous nous connaissons tr\u00e8s bien ici. Moi, je n'en suis pas \u00e0 mon premier mandat de d\u00e9put\u00e9. L'Assembl\u00e9e nationale a toujours connu des bagarres. Un d\u00e9put\u00e9 a \u00e9t\u00e9 battu ici et tra\u00een\u00e9 dehors devant mes yeux. En 2018, Mame Diarra Fam a \u00e9t\u00e9 agress\u00e9e ici, personne n'a pip\u00e9 mot. Une jeune femme journaliste du site Buur news a \u00e9t\u00e9 tabass\u00e9e \u00e0 la Place de l'Ind\u00e9pendance, personne ne l'a d\u00e9nonc\u00e9<\/em>\", commence par dire Barth\u00e9lemy Dias. Avant de poursuivre : \"<em>Ceux qui pensent pouvoir profiter de cette affaire Amy Ndiaye pour arr\u00eater des d\u00e9put\u00e9s, se trompent lourdement. Vous pouvez essayer, mais ne venez pas dire que vous n'avez pas \u00e9t\u00e9 avertis<\/em>.\" A en croire le maire de Dakar, ce qui lie le d\u00e9put\u00e9 en session, c'est le r\u00e8glement int\u00e9rieur de l'Assembl\u00e9e nationale. Selon lui, deux d\u00e9put\u00e9s peuvent se battre ici jusqu'au sang, le procureur de la R\u00e9publique ne pourra rien y faire. \"<em>A travers le monde, il y a des d\u00e9put\u00e9s qui se battent, qui \u00e9changent des coups de point jusqu'\u00e0 effusion de sang, mais il n'y a jamais d'arrestations. Nous sommes prot\u00e9g\u00e9s pendant la session par une immunit\u00e9 parlementaire et par le r\u00e8glement int\u00e9rieur<\/em>\", souligne-t-il.<\/p>\n<p>Aux d\u00e9put\u00e9s de Benno Bokk Yakaar, Barth\u00e9lemy Dias rappelle : \"<em>C'est tr\u00e8s simple. Vous ne pouvez pas tuer Fran\u00e7ois Mancabou et venir nous parler de violence. Vous ne pouvez pas tuer Fulbert Sambou et venir nous parler de violence. Vous ne pouvez pas tuer 14 jeunes S\u00e9n\u00e9galais et venir parler de violence.<\/em>\" Et \u00e0 l'endroit des journalistes, il d\u00e9clare : \"<em>Sur les vid\u00e9os, on a vu un d\u00e9put\u00e9 descendre et aller mettre une claque \u00e0 son coll\u00e8gue. Ce n'est pas une premi\u00e8re. Mais tout le monde sait, c'est quoi une arme. Si un d\u00e9put\u00e9 entre \u00e0 l'Assembl\u00e9e avec une arme, le procureur peut s'auto-saisir. Qui a lanc\u00e9 une chaise \u00e0 ses coll\u00e8gues ? J'invite les journalistes \u00e0 exploiter les vid\u00e9os. Une certaine presse veut nous faire croire qu'une d\u00e9put\u00e9e a \u00e9t\u00e9 d\u00e9lib\u00e9r\u00e9ment agress\u00e9e. Est-ce que c'est la premi\u00e8re fois ? Non. Et il n'y a jamais eu de poursuites.<\/em>\"<\/p>\n<p>En r\u00e9alit\u00e9, Barth\u00e9lemy Dias a la conviction qu'il y a des gens qui cherchent \u00e0 domestiquer l'Assembl\u00e9e. <em>\"Mais,<\/em> avertit-il, <em>on ne l'acceptera pas. Nous refusons de nous aplatir. Nous n'accepterons pas l'injustice qu'il y a dans cette Assembl\u00e9e. Le procureur de la R\u00e9publique n'a absolument pas \u00e0 se m\u00ealer de cette histoire. Il n'a qu'\u00e0 aller s'occuper de l'affaire Fran\u00e7ois Mancabou, de l'histoire de Fulbert Sambou... Que le procureur de la R\u00e9publique fasse preuve de tenue et de retenue.<\/em>\"<\/p>\n<div class='share-to-whatsapp-wrapper'><div class='share-on-whsp'>PARTAGER SUR : <\/div><a data-text='POURSUITES CONTRE DES DEPUTES DE YAW - Barth\u00e9lemy Dias met en garde le procureur' data-link='https:\/\/www.nettali.com\/2022\/12\/03\/poursuites-contre-des-deputes-de-yaw-barthelemy-dias-met-en-garde-le-procureur\/' class='whatsapp-button whatsapp-share'>WhatsApp<\/a><div class='clear '><\/div><\/div>","protected":false},"excerpt":{"rendered":"<p>NETTALI.COM - Soup\u00e7onn\u00e9s d'avoir agress\u00e9 leur coll\u00e8gue Amy Ndiaye Gniby, les d\u00e9put\u00e9s Massata Samb et Mamadou Niang de Yewwi askan wi seraient sous le coup de poursuites engag\u00e9es par le procureur de la R\u00e9publique. Ce que d\u00e9nonc\u00e9 Barth\u00e9lemy Dias. A la tribune de l'Assembl\u00e9e nationale, le d\u00e9put\u00e9 maire de Dakar a tenu \u00e0 mettre en [&hellip;]<\/p>\n","protected":false},"author":3,"featured_media":74860,"comment_status":"open","ping_status":"open","sticky":false,"template":"","format":"standard","meta":{"_et_pb_use_builder":"","_et_pb_old_content":""},"categories":[2],"tags":[],"yoast_head":"<!-- This site is optimized with the Yoast SEO Premium plugin v17.8 (Yoast SEO v17.8) - https:\/\/yoast.com\/wordpress\/plugins\/seo\/ -->\n<title>POURSUITES CONTRE DES DEPUTES DE YAW - Barth\u00e9lemy Dias met en garde le procureur | Nettali.com<\/title>\n<meta name=\"robots\" content=\"index, follow, max-snippet:-1, max-image-preview:large, max-video-preview:-1\" \/>\n<link rel=\"canonical\" href=\"https:\/\/www.nettali.com\/2022\/12\/03\/poursuites-contre-des-deputes-de-yaw-barthelemy-dias-met-en-garde-le-procureur\/\" \/>\n<meta property=\"og:locale\" content=\"fr_FR\" \/>\n<meta property=\"og:type\" content=\"article\" \/>\n<meta property=\"og:title\" content=\"POURSUITES CONTRE DES DEPUTES DE YAW - Barth\u00e9lemy Dias met en garde le procureur\" \/>\n<meta property=\"og:description\" content=\"NETTALI.COM - Soup\u00e7onn\u00e9s d&#039;avoir agress\u00e9 leur coll\u00e8gue Amy Ndiaye Gniby, les d\u00e9put\u00e9s Massata Samb et Mamadou Niang de Yewwi askan wi seraient sous le coup de poursuites engag\u00e9es par le procureur de la R\u00e9publique. Ce que d\u00e9nonc\u00e9 Barth\u00e9lemy Dias. A la tribune de l&#039;Assembl\u00e9e nationale, le d\u00e9put\u00e9 maire de Dakar a tenu \u00e0 mettre en [&hellip;]\" \/>\n<meta property=\"og:url\" content=\"https:\/\/www.nettali.com\/2022\/12\/03\/poursuites-contre-des-deputes-de-yaw-barthelemy-dias-met-en-garde-le-procureur\/\" \/>\n<meta property=\"og:site_name\" content=\"Nettali.com\" \/>\n<meta property=\"article:publisher\" content=\"https:\/\/www.facebook.com\/nettalicom\" \/>\n<meta property=\"article:published_time\" content=\"2022-12-03T23:41:41+00:00\" \/>\n<meta property=\"article:modified_time\" content=\"2022-12-05T09:43:27+00:00\" \/>\n<meta property=\"og:image\" content=\"https:\/\/www.nettali.com\/wp-content\/uploads\/2021\/11\/dias-fils.jpg\" \/>\n\t<meta property=\"og:image:width\" content=\"900\" \/>\n\t<meta property=\"og:image:height\" content=\"600\" \/>\n<meta name=\"twitter:card\" content=\"summary_large_image\" \/>\n<meta name=\"twitter:label1\" content=\"\u00c9crit par\" \/>\n\t<meta name=\"twitter:data1\" content=\"Moustapha\" \/>\n\t<meta name=\"twitter:label2\" content=\"Dur\u00e9e de lecture estim\u00e9e\" \/>\n\t<meta name=\"twitter:data2\" content=\"3 minutes\" \/>\n<script type=\"application\/ld+json\" class=\"yoast-schema-graph\">{\"@context\":\"https:\/\/schema.org\",\"@graph\":[{\"@type\":\"WebSite\",\"@id\":\"https:\/\/www.nettali.com\/#website\",\"url\":\"https:\/\/www.nettali.com\/\",\"name\":\"Nettali.com\",\"description\":\"Le rendez-vous critique du Net\",\"potentialAction\":[{\"@type\":\"SearchAction\",\"target\":{\"@type\":\"EntryPoint\",\"urlTemplate\":\"https:\/\/www.nettali.com\/?s={search_term_string}\"},\"query-input\":\"required name=search_term_string\"}],\"inLanguage\":\"fr-FR\"},{\"@type\":\"ImageObject\",\"@id\":\"https:\/\/www.nettali.com\/2022\/12\/03\/poursuites-contre-des-deputes-de-yaw-barthelemy-dias-met-en-garde-le-procureur\/#primaryimage\",\"inLanguage\":\"fr-FR\",\"url\":\"https:\/\/www.nettali.com\/wp-content\/uploads\/2021\/11\/dias-fils.jpg\",\"contentUrl\":\"https:\/\/www.nettali.com\/wp-content\/uploads\/2021\/11\/dias-fils.jpg\",\"width\":900,\"height\":600},{\"@type\":\"WebPage\",\"@id\":\"https:\/\/www.nettali.com\/2022\/12\/03\/poursuites-contre-des-deputes-de-yaw-barthelemy-dias-met-en-garde-le-procureur\/#webpage\",\"url\":\"https:\/\/www.nettali.com\/2022\/12\/03\/poursuites-contre-des-deputes-de-yaw-barthelemy-dias-met-en-garde-le-procureur\/\",\"name\":\"POURSUITES CONTRE DES DEPUTES DE YAW - Barth\\u00e9lemy Dias met en garde le procureur | Nettali.com\",\"isPartOf\":{\"@id\":\"https:\/\/www.nettali.com\/#website\"},\"primaryImageOfPage\":{\"@id\":\"https:\/\/www.nettali.com\/2022\/12\/03\/poursuites-contre-des-deputes-de-yaw-barthelemy-dias-met-en-garde-le-procureur\/#primaryimage\"},\"datePublished\":\"2022-12-03T23:41:41+00:00\",\"dateModified\":\"2022-12-05T09:43:27+00:00\",\"author\":{\"@id\":\"https:\/\/www.nettali.com\/#\/schema\/person\/7962a12a6e0267f88f0ffa544c36469a\"},\"breadcrumb\":{\"@id\":\"https:\/\/www.nettali.com\/2022\/12\/03\/poursuites-contre-des-deputes-de-yaw-barthelemy-dias-met-en-garde-le-procureur\/#breadcrumb\"},\"inLanguage\":\"fr-FR\",\"potentialAction\":[{\"@type\":\"ReadAction\",\"target\":[\"https:\/\/www.nettali.com\/2022\/12\/03\/poursuites-contre-des-deputes-de-yaw-barthelemy-dias-met-en-garde-le-procureur\/\"]}]},{\"@type\":\"BreadcrumbList\",\"@id\":\"https:\/\/www.nettali.com\/2022\/12\/03\/poursuites-contre-des-deputes-de-yaw-barthelemy-dias-met-en-garde-le-procureur\/#breadcrumb\",\"itemListElement\":[{\"@type\":\"ListItem\",\"position\":1,\"name\":\"Accueil\",\"item\":\"https:\/\/www.nettali.com\/\"},{\"@type\":\"ListItem\",\"position\":2,\"name\":\"POURSUITES CONTRE DES DEPUTES DE YAW - Barth\\u00e9lemy Dias met en garde le procureur\"}]},{\"@type\":\"Person\",\"@id\":\"https:\/\/www.nettali.com\/#\/schema\/person\/7962a12a6e0267f88f0ffa544c36469a\",\"name\":\"Moustapha\",\"image\":{\"@type\":\"ImageObject\",\"@id\":\"https:\/\/www.nettali.com\/#personlogo\",\"inLanguage\":\"fr-FR\",\"url\":\"https:\/\/secure.gravatar.com\/avatar\/10fdf6a071cccdcf374e3dbe45159590?s=96&d=mm&r=g\",\"contentUrl\":\"https:\/\/secure.gravatar.com\/avatar\/10fdf6a071cccdcf374e3dbe45159590?s=96&d=mm&r=g\",\"caption\":\"Moustapha\"},\"sameAs\":[\"https:\/\/www.nettali.com\"]}]}<\/script>\n<!-- \/ Yoast SEO Premium plugin. -->","yoast_head_json":{"title":"POURSUITES CONTRE DES DEPUTES DE YAW - Barth\u00e9lemy Dias met en garde le procureur | Nettali.com","robots":{"index":"index","follow":"follow","max-snippet":"max-snippet:-1","max-image-preview":"max-image-preview:large","max-video-preview":"max-video-preview:-1"},"canonical":"https:\/\/www.nettali.com\/2022\/12\/03\/poursuites-contre-des-deputes-de-yaw-barthelemy-dias-met-en-garde-le-procureur\/","og_locale":"fr_FR","og_type":"article","og_title":"POURSUITES CONTRE DES DEPUTES DE YAW - Barth\u00e9lemy Dias met en garde le procureur","og_description":"NETTALI.COM - Soup\u00e7onn\u00e9s d'avoir agress\u00e9 leur coll\u00e8gue Amy Ndiaye Gniby, les d\u00e9put\u00e9s Massata Samb et Mamadou Niang de Yewwi askan wi seraient sous le coup de poursuites engag\u00e9es par le procureur de la R\u00e9publique. Ce que d\u00e9nonc\u00e9 Barth\u00e9lemy Dias. A la tribune de l'Assembl\u00e9e nationale, le d\u00e9put\u00e9 maire de Dakar a tenu \u00e0 mettre en [&hellip;]","og_url":"https:\/\/www.nettali.com\/2022\/12\/03\/poursuites-contre-des-deputes-de-yaw-barthelemy-dias-met-en-garde-le-procureur\/","og_site_name":"Nettali.com","article_publisher":"https:\/\/www.facebook.com\/nettalicom","article_published_time":"2022-12-03T23:41:41+00:00","article_modified_time":"2022-12-05T09:43:27+00:00","og_image":[{"width":900,"height":600,"url":"https:\/\/www.nettali.com\/wp-content\/uploads\/2021\/11\/dias-fils.jpg","type":"image\/jpeg"}],"twitter_card":"summary_large_image","twitter_misc":{"\u00c9crit par":"Moustapha","Dur\u00e9e de lecture estim\u00e9e":"3 minutes"},"schema":{"@context":"https:\/\/schema.org","@graph":[{"@type":"WebSite","@id":"https:\/\/www.nettali.com\/#website","url":"https:\/\/www.nettali.com\/","name":"Nettali.com","description":"Le rendez-vous critique du Net","potentialAction":[{"@type":"SearchAction","target":{"@type":"EntryPoint","urlTemplate":"https:\/\/www.nettali.com\/?s={search_term_string}"},"query-input":"required name=search_term_string"}],"inLanguage":"fr-FR"},{"@type":"ImageObject","@id":"https:\/\/www.nettali.com\/2022\/12\/03\/poursuites-contre-des-deputes-de-yaw-barthelemy-dias-met-en-garde-le-procureur\/#primaryimage","inLanguage":"fr-FR","url":"https:\/\/www.nettali.com\/wp-content\/uploads\/2021\/11\/dias-fils.jpg","contentUrl":"https:\/\/www.nettali.com\/wp-content\/uploads\/2021\/11\/dias-fils.jpg","width":900,"height":600},{"@type":"WebPage","@id":"https:\/\/www.nettali.com\/2022\/12\/03\/poursuites-contre-des-deputes-de-yaw-barthelemy-dias-met-en-garde-le-procureur\/#webpage","url":"https:\/\/www.nettali.com\/2022\/12\/03\/poursuites-contre-des-deputes-de-yaw-barthelemy-dias-met-en-garde-le-procureur\/","name":"POURSUITES CONTRE DES DEPUTES DE YAW - Barth\u00e9lemy Dias met en garde le procureur | Nettali.com","isPartOf":{"@id":"https:\/\/www.nettali.com\/#website"},"primaryImageOfPage":{"@id":"https:\/\/www.nettali.com\/2022\/12\/03\/poursuites-contre-des-deputes-de-yaw-barthelemy-dias-met-en-garde-le-procureur\/#primaryimage"},"datePublished":"2022-12-03T23:41:41+00:00","dateModified":"2022-12-05T09:43:27+00:00","author":{"@id":"https:\/\/www.nettali.com\/#\/schema\/person\/7962a12a6e0267f88f0ffa544c36469a"},"breadcrumb":{"@id":"https:\/\/www.nettali.com\/2022\/12\/03\/poursuites-contre-des-deputes-de-yaw-barthelemy-dias-met-en-garde-le-procureur\/#breadcrumb"},"inLanguage":"fr-FR","potentialAction":[{"@type":"ReadAction","target":["https:\/\/www.nettali.com\/2022\/12\/03\/poursuites-contre-des-deputes-de-yaw-barthelemy-dias-met-en-garde-le-procureur\/"]}]},{"@type":"BreadcrumbList","@id":"https:\/\/www.nettali.com\/2022\/12\/03\/poursuites-contre-des-deputes-de-yaw-barthelemy-dias-met-en-garde-le-procureur\/#breadcrumb","itemListElement":[{"@type":"ListItem","position":1,"name":"Accueil","item":"https:\/\/www.nettali.com\/"},{"@type":"ListItem","position":2,"name":"POURSUITES CONTRE DES DEPUTES DE YAW - Barth\u00e9lemy Dias met en garde le procureur"}]},{"@type":"Person","@id":"https:\/\/www.nettali.com\/#\/schema\/person\/7962a12a6e0267f88f0ffa544c36469a","name":"Moustapha","image":{"@type":"ImageObject","@id":"https:\/\/www.nettali.com\/#personlogo","inLanguage":"fr-FR","url":"https:\/\/secure.gravatar.com\/avatar\/10fdf6a071cccdcf374e3dbe45159590?s=96&d=mm&r=g","contentUrl":"https:\/\/secure.gravatar.com\/avatar\/10fdf6a071cccdcf374e3dbe45159590?s=96&d=mm&r=g","caption":"Moustapha"},"sameAs":["https:\/\/www.nettali.com"]}]}},"_links":{"self":[{"href":"https:\/\/www.nettali.com\/rest\/wp\/v2\/posts\/98864"}],"collection":[{"href":"https:\/\/www.nettali.com\/rest\/wp\/v2\/posts"}],"about":[{"href":"https:\/\/www.nettali.com\/rest\/wp\/v2\/types\/post"}],"author":[{"embeddable":true,"href":"https:\/\/www.nettali.com\/rest\/wp\/v2\/users\/3"}],"replies":[{"embeddable":true,"href":"https:\/\/www.nettali.com\/rest\/wp\/v2\/comments?post=98864"}],"version-history":[{"count":1,"href":"https:\/\/www.nettali.com\/rest\/wp\/v2\/posts\/98864\/revisions"}],"predecessor-version":[{"id":98865,"href":"https:\/\/www.nettali.com\/rest\/wp\/v2\/posts\/98864\/revisions\/98865"}],"wp:featuredmedia":[{"embeddable":true,"href":"https:\/\/www.nettali.com\/rest\/wp\/v2\/media\/74860"}],"wp:attachment":[{"href":"https:\/\/www.nettali.com\/rest\/wp\/v2\/media?parent=98864"}],"wp:term":[{"taxonomy":"category","embeddable":true,"href":"https:\/\/www.nettali.com\/rest\/wp\/v2\/categories?post=98864"},{"taxonomy":"post_tag","embeddable":true,"href":"https:\/\/www.nettali.com\/rest\/wp\/v2\/tags?post=98864"}],"curies":[{"name":"wp","href":"https:\/\/api.w.org\/{rel}","templated":true}]}}