{"id":98716,"date":"2022-12-01T17:58:17","date_gmt":"2022-12-01T17:58:17","guid":{"rendered":"https:\/\/www.nettali.com\/?p=98716"},"modified":"2022-12-01T18:00:16","modified_gmt":"2022-12-01T18:00:16","slug":"me-cire-cledore-ly-sur-la-confrontation-adji-sarr-sonko-le-parquet-va-eterniser-le-dossier","status":"publish","type":"post","link":"https:\/\/www.nettali.com\/2022\/12\/01\/me-cire-cledore-ly-sur-la-confrontation-adji-sarr-sonko-le-parquet-va-eterniser-le-dossier\/","title":{"rendered":"Me CIRE CLEDOR LY SUR LA CONFRONTATION ADJI SARR-SONKO - \"Le parquet va \u00e9terniser le dossier\""},"content":{"rendered":"<p><strong>NETTALI.COM - Annonc\u00e9e pour le 6 d\u00e9cembre 2022, la Confrontation Adji Sarr-Ousmane Sonko n'est qu'une volont\u00e9 du parquet de faire \"<em>\u00e9terniser le dossier<\/em>\". C'est du moins l'avis de Me Cir\u00e9 Cl\u00e9dor Ly, un des conseils du leader de Pastef accus\u00e9 de viols r\u00e9p\u00e9t\u00e9s et de menaces de mort.<\/strong><\/p>\n<p>Nouveau rebondissement dans l\u2019affaire \"Sweety beauty\". Ousmane Sonko et son accusatrice ont \u00e9t\u00e9 entendus par le doyen des juges d\u2019instruction dans l\u2019affaire de viols pr\u00e9sum\u00e9s et menaces de mort. L\u2019heure est maintenant \u00e0 la confrontation. La masseuse et le leader de Pastef sont attendus le 6 d\u00e9cembre prochain par le juge d\u2019instruction Oumar Maham Diallo.<\/p>\n<p>En pr\u00e9lude \u00e0 cette confrontation, Me Cir\u00e9 Cl\u00e9dor Ly, un des avocats d'Ousmane Sonko, a indiqu\u00e9 que m\u00eame si le juge d\u2019instruction n\u2019organiserait pas une confrontation du point de vue proc\u00e9durale, tout le monde conna\u00eet la position du parquet. Selon la robe noire, le parquet va \u00e9terniser ce dossier. <em>\"Il va demander un suppl\u00e9tif pour que lors de la confrontation ce suppl\u00e9tif soit organis\u00e9 pour encore \u00e9tirer plus longuement ce dossier qui n\u2019en est pas un. C\u2019est une fa\u00e7on pour le juge d\u2019instruction de barrer la route au parquet du point de vue proc\u00e9durale<\/em>\", a-t-il dit sur la Tfm<\/p>\n<p>Par ailleurs, l'avocat a relev\u00e9 le fait que toutes les personnes qui ont \u00e9t\u00e9 cit\u00e9es dans ce dossier n\u2019ont pas \u00e9t\u00e9 entendues. \"<em>Je pense qu\u2019avant cette confrontation, c\u2019est mon avis, toutes les personnes cit\u00e9es devraient \u00eatre entendues<\/em>\", indique l\u2019avocat. A la question de savoir quelles sont les personnes qui devraient \u00eatre entendues ? L\u2019avocat n\u2019a pas voulu r\u00e9pondre. Mais il pr\u00e9cise tout de m\u00eame que depuis le d\u00e9but, cette affaire n\u2019avait pas lieu d\u2019\u00eatre instruite. Seulement, poursuit-il, tout le monde comprend qu\u2019au-del\u00e0 de la recherche d\u2019une v\u00e9rit\u00e9 ou d\u2019une justice, il y a des enjeux plus importants. Et, c\u2019est l\u2019intrusion du politique dans le champ judiciaire.<\/p>\n<div class='share-to-whatsapp-wrapper'><div class='share-on-whsp'>PARTAGER SUR : <\/div><a data-text='Me CIRE CLEDOR LY SUR LA CONFRONTATION ADJI SARR-SONKO - \"Le parquet va \u00e9terniser le dossier\"' data-link='https:\/\/www.nettali.com\/2022\/12\/01\/me-cire-cledore-ly-sur-la-confrontation-adji-sarr-sonko-le-parquet-va-eterniser-le-dossier\/' class='whatsapp-button whatsapp-share'>WhatsApp<\/a><div class='clear '><\/div><\/div>","protected":false},"excerpt":{"rendered":"<p>NETTALI.COM - Annonc\u00e9e pour le 6 d\u00e9cembre 2022, la Confrontation Adji Sarr-Ousmane Sonko n'est qu'une volont\u00e9 du parquet de faire \"\u00e9terniser le dossier\". C'est du moins l'avis de Me Cir\u00e9 Cl\u00e9dor Ly, un des conseils du leader de Pastef accus\u00e9 de viols r\u00e9p\u00e9t\u00e9s et de menaces de mort. Nouveau rebondissement dans l\u2019affaire \"Sweety beauty\". Ousmane [&hellip;]<\/p>\n","protected":false},"author":6,"featured_media":98737,"comment_status":"open","ping_status":"open","sticky":false,"template":"","format":"standard","meta":{"_et_pb_use_builder":"","_et_pb_old_content":""},"categories":[3],"tags":[],"yoast_head":"<!-- This site is optimized with the Yoast SEO Premium plugin v17.8 (Yoast SEO v17.8) - https:\/\/yoast.com\/wordpress\/plugins\/seo\/ -->\n<title>Me CIRE CLEDOR LY SUR LA CONFRONTATION ADJI SARR-SONKO - &quot;Le parquet va \u00e9terniser le dossier&quot; | Nettali.com<\/title>\n<meta name=\"robots\" content=\"index, follow, max-snippet:-1, max-image-preview:large, max-video-preview:-1\" \/>\n<link rel=\"canonical\" href=\"https:\/\/www.nettali.com\/2022\/12\/01\/me-cire-cledore-ly-sur-la-confrontation-adji-sarr-sonko-le-parquet-va-eterniser-le-dossier\/\" \/>\n<meta property=\"og:locale\" content=\"fr_FR\" \/>\n<meta property=\"og:type\" content=\"article\" \/>\n<meta property=\"og:title\" content=\"Me CIRE CLEDOR LY SUR LA CONFRONTATION ADJI SARR-SONKO - &quot;Le parquet va \u00e9terniser le dossier&quot;\" \/>\n<meta property=\"og:description\" content=\"NETTALI.COM - Annonc\u00e9e pour le 6 d\u00e9cembre 2022, la Confrontation Adji Sarr-Ousmane Sonko n&#039;est qu&#039;une volont\u00e9 du parquet de faire &quot;\u00e9terniser le dossier&quot;. C&#039;est du moins l&#039;avis de Me Cir\u00e9 Cl\u00e9dor Ly, un des conseils du leader de Pastef accus\u00e9 de viols r\u00e9p\u00e9t\u00e9s et de menaces de mort. Nouveau rebondissement dans l\u2019affaire &quot;Sweety beauty&quot;. Ousmane [&hellip;]\" \/>\n<meta property=\"og:url\" content=\"https:\/\/www.nettali.com\/2022\/12\/01\/me-cire-cledore-ly-sur-la-confrontation-adji-sarr-sonko-le-parquet-va-eterniser-le-dossier\/\" \/>\n<meta property=\"og:site_name\" content=\"Nettali.com\" \/>\n<meta property=\"article:publisher\" content=\"https:\/\/www.facebook.com\/nettalicom\" \/>\n<meta property=\"article:published_time\" content=\"2022-12-01T17:58:17+00:00\" \/>\n<meta property=\"article:modified_time\" content=\"2022-12-01T18:00:16+00:00\" \/>\n<meta property=\"og:image\" content=\"https:\/\/www.nettali.com\/wp-content\/uploads\/2022\/12\/CIRE-CLEDOR.jpg\" \/>\n\t<meta property=\"og:image:width\" content=\"755\" \/>\n\t<meta property=\"og:image:height\" content=\"449\" \/>\n<meta name=\"twitter:card\" content=\"summary_large_image\" \/>\n<meta name=\"twitter:label1\" content=\"\u00c9crit par\" \/>\n\t<meta name=\"twitter:data1\" content=\"Fatou\" \/>\n\t<meta name=\"twitter:label2\" content=\"Dur\u00e9e de lecture estim\u00e9e\" \/>\n\t<meta name=\"twitter:data2\" content=\"2 minutes\" \/>\n<script type=\"application\/ld+json\" class=\"yoast-schema-graph\">{\"@context\":\"https:\/\/schema.org\",\"@graph\":[{\"@type\":\"WebSite\",\"@id\":\"https:\/\/www.nettali.com\/#website\",\"url\":\"https:\/\/www.nettali.com\/\",\"name\":\"Nettali.com\",\"description\":\"Le rendez-vous critique du Net\",\"potentialAction\":[{\"@type\":\"SearchAction\",\"target\":{\"@type\":\"EntryPoint\",\"urlTemplate\":\"https:\/\/www.nettali.com\/?s={search_term_string}\"},\"query-input\":\"required name=search_term_string\"}],\"inLanguage\":\"fr-FR\"},{\"@type\":\"ImageObject\",\"@id\":\"https:\/\/www.nettali.com\/2022\/12\/01\/me-cire-cledore-ly-sur-la-confrontation-adji-sarr-sonko-le-parquet-va-eterniser-le-dossier\/#primaryimage\",\"inLanguage\":\"fr-FR\",\"url\":\"https:\/\/www.nettali.com\/wp-content\/uploads\/2022\/12\/CIRE-CLEDOR.jpg\",\"contentUrl\":\"https:\/\/www.nettali.com\/wp-content\/uploads\/2022\/12\/CIRE-CLEDOR.jpg\",\"width\":755,\"height\":449},{\"@type\":\"WebPage\",\"@id\":\"https:\/\/www.nettali.com\/2022\/12\/01\/me-cire-cledore-ly-sur-la-confrontation-adji-sarr-sonko-le-parquet-va-eterniser-le-dossier\/#webpage\",\"url\":\"https:\/\/www.nettali.com\/2022\/12\/01\/me-cire-cledore-ly-sur-la-confrontation-adji-sarr-sonko-le-parquet-va-eterniser-le-dossier\/\",\"name\":\"Me CIRE CLEDOR LY SUR LA CONFRONTATION ADJI SARR-SONKO - \\\"Le parquet va \\u00e9terniser le dossier\\\" | Nettali.com\",\"isPartOf\":{\"@id\":\"https:\/\/www.nettali.com\/#website\"},\"primaryImageOfPage\":{\"@id\":\"https:\/\/www.nettali.com\/2022\/12\/01\/me-cire-cledore-ly-sur-la-confrontation-adji-sarr-sonko-le-parquet-va-eterniser-le-dossier\/#primaryimage\"},\"datePublished\":\"2022-12-01T17:58:17+00:00\",\"dateModified\":\"2022-12-01T18:00:16+00:00\",\"author\":{\"@id\":\"https:\/\/www.nettali.com\/#\/schema\/person\/418274a86bdf87caff7a3ef476bd0bbf\"},\"breadcrumb\":{\"@id\":\"https:\/\/www.nettali.com\/2022\/12\/01\/me-cire-cledore-ly-sur-la-confrontation-adji-sarr-sonko-le-parquet-va-eterniser-le-dossier\/#breadcrumb\"},\"inLanguage\":\"fr-FR\",\"potentialAction\":[{\"@type\":\"ReadAction\",\"target\":[\"https:\/\/www.nettali.com\/2022\/12\/01\/me-cire-cledore-ly-sur-la-confrontation-adji-sarr-sonko-le-parquet-va-eterniser-le-dossier\/\"]}]},{\"@type\":\"BreadcrumbList\",\"@id\":\"https:\/\/www.nettali.com\/2022\/12\/01\/me-cire-cledore-ly-sur-la-confrontation-adji-sarr-sonko-le-parquet-va-eterniser-le-dossier\/#breadcrumb\",\"itemListElement\":[{\"@type\":\"ListItem\",\"position\":1,\"name\":\"Accueil\",\"item\":\"https:\/\/www.nettali.com\/\"},{\"@type\":\"ListItem\",\"position\":2,\"name\":\"Me CIRE CLEDOR LY SUR LA CONFRONTATION ADJI SARR-SONKO - \\\"Le parquet va \\u00e9terniser le dossier\\\"\"}]},{\"@type\":\"Person\",\"@id\":\"https:\/\/www.nettali.com\/#\/schema\/person\/418274a86bdf87caff7a3ef476bd0bbf\",\"name\":\"Fatou\",\"image\":{\"@type\":\"ImageObject\",\"@id\":\"https:\/\/www.nettali.com\/#personlogo\",\"inLanguage\":\"fr-FR\",\"url\":\"https:\/\/secure.gravatar.com\/avatar\/5a9442a2bee7b4dcf167cab035858e9a?s=96&d=mm&r=g\",\"contentUrl\":\"https:\/\/secure.gravatar.com\/avatar\/5a9442a2bee7b4dcf167cab035858e9a?s=96&d=mm&r=g\",\"caption\":\"Fatou\"},\"sameAs\":[\"https:\/\/www.nettali.com\"]}]}<\/script>\n<!-- \/ Yoast SEO Premium plugin. -->","yoast_head_json":{"title":"Me CIRE CLEDOR LY SUR LA CONFRONTATION ADJI SARR-SONKO - \"Le parquet va \u00e9terniser le dossier\" | Nettali.com","robots":{"index":"index","follow":"follow","max-snippet":"max-snippet:-1","max-image-preview":"max-image-preview:large","max-video-preview":"max-video-preview:-1"},"canonical":"https:\/\/www.nettali.com\/2022\/12\/01\/me-cire-cledore-ly-sur-la-confrontation-adji-sarr-sonko-le-parquet-va-eterniser-le-dossier\/","og_locale":"fr_FR","og_type":"article","og_title":"Me CIRE CLEDOR LY SUR LA CONFRONTATION ADJI SARR-SONKO - \"Le parquet va \u00e9terniser le dossier\"","og_description":"NETTALI.COM - Annonc\u00e9e pour le 6 d\u00e9cembre 2022, la Confrontation Adji Sarr-Ousmane Sonko n'est qu'une volont\u00e9 du parquet de faire \"\u00e9terniser le dossier\". C'est du moins l'avis de Me Cir\u00e9 Cl\u00e9dor Ly, un des conseils du leader de Pastef accus\u00e9 de viols r\u00e9p\u00e9t\u00e9s et de menaces de mort. Nouveau rebondissement dans l\u2019affaire \"Sweety beauty\". Ousmane [&hellip;]","og_url":"https:\/\/www.nettali.com\/2022\/12\/01\/me-cire-cledore-ly-sur-la-confrontation-adji-sarr-sonko-le-parquet-va-eterniser-le-dossier\/","og_site_name":"Nettali.com","article_publisher":"https:\/\/www.facebook.com\/nettalicom","article_published_time":"2022-12-01T17:58:17+00:00","article_modified_time":"2022-12-01T18:00:16+00:00","og_image":[{"width":755,"height":449,"url":"https:\/\/www.nettali.com\/wp-content\/uploads\/2022\/12\/CIRE-CLEDOR.jpg","type":"image\/jpeg"}],"twitter_card":"summary_large_image","twitter_misc":{"\u00c9crit par":"Fatou","Dur\u00e9e de lecture estim\u00e9e":"2 minutes"},"schema":{"@context":"https:\/\/schema.org","@graph":[{"@type":"WebSite","@id":"https:\/\/www.nettali.com\/#website","url":"https:\/\/www.nettali.com\/","name":"Nettali.com","description":"Le rendez-vous critique du Net","potentialAction":[{"@type":"SearchAction","target":{"@type":"EntryPoint","urlTemplate":"https:\/\/www.nettali.com\/?s={search_term_string}"},"query-input":"required name=search_term_string"}],"inLanguage":"fr-FR"},{"@type":"ImageObject","@id":"https:\/\/www.nettali.com\/2022\/12\/01\/me-cire-cledore-ly-sur-la-confrontation-adji-sarr-sonko-le-parquet-va-eterniser-le-dossier\/#primaryimage","inLanguage":"fr-FR","url":"https:\/\/www.nettali.com\/wp-content\/uploads\/2022\/12\/CIRE-CLEDOR.jpg","contentUrl":"https:\/\/www.nettali.com\/wp-content\/uploads\/2022\/12\/CIRE-CLEDOR.jpg","width":755,"height":449},{"@type":"WebPage","@id":"https:\/\/www.nettali.com\/2022\/12\/01\/me-cire-cledore-ly-sur-la-confrontation-adji-sarr-sonko-le-parquet-va-eterniser-le-dossier\/#webpage","url":"https:\/\/www.nettali.com\/2022\/12\/01\/me-cire-cledore-ly-sur-la-confrontation-adji-sarr-sonko-le-parquet-va-eterniser-le-dossier\/","name":"Me CIRE CLEDOR LY SUR LA CONFRONTATION ADJI SARR-SONKO - \"Le parquet va \u00e9terniser le dossier\" | Nettali.com","isPartOf":{"@id":"https:\/\/www.nettali.com\/#website"},"primaryImageOfPage":{"@id":"https:\/\/www.nettali.com\/2022\/12\/01\/me-cire-cledore-ly-sur-la-confrontation-adji-sarr-sonko-le-parquet-va-eterniser-le-dossier\/#primaryimage"},"datePublished":"2022-12-01T17:58:17+00:00","dateModified":"2022-12-01T18:00:16+00:00","author":{"@id":"https:\/\/www.nettali.com\/#\/schema\/person\/418274a86bdf87caff7a3ef476bd0bbf"},"breadcrumb":{"@id":"https:\/\/www.nettali.com\/2022\/12\/01\/me-cire-cledore-ly-sur-la-confrontation-adji-sarr-sonko-le-parquet-va-eterniser-le-dossier\/#breadcrumb"},"inLanguage":"fr-FR","potentialAction":[{"@type":"ReadAction","target":["https:\/\/www.nettali.com\/2022\/12\/01\/me-cire-cledore-ly-sur-la-confrontation-adji-sarr-sonko-le-parquet-va-eterniser-le-dossier\/"]}]},{"@type":"BreadcrumbList","@id":"https:\/\/www.nettali.com\/2022\/12\/01\/me-cire-cledore-ly-sur-la-confrontation-adji-sarr-sonko-le-parquet-va-eterniser-le-dossier\/#breadcrumb","itemListElement":[{"@type":"ListItem","position":1,"name":"Accueil","item":"https:\/\/www.nettali.com\/"},{"@type":"ListItem","position":2,"name":"Me CIRE CLEDOR LY SUR LA CONFRONTATION ADJI SARR-SONKO - \"Le parquet va \u00e9terniser le dossier\""}]},{"@type":"Person","@id":"https:\/\/www.nettali.com\/#\/schema\/person\/418274a86bdf87caff7a3ef476bd0bbf","name":"Fatou","image":{"@type":"ImageObject","@id":"https:\/\/www.nettali.com\/#personlogo","inLanguage":"fr-FR","url":"https:\/\/secure.gravatar.com\/avatar\/5a9442a2bee7b4dcf167cab035858e9a?s=96&d=mm&r=g","contentUrl":"https:\/\/secure.gravatar.com\/avatar\/5a9442a2bee7b4dcf167cab035858e9a?s=96&d=mm&r=g","caption":"Fatou"},"sameAs":["https:\/\/www.nettali.com"]}]}},"_links":{"self":[{"href":"https:\/\/www.nettali.com\/rest\/wp\/v2\/posts\/98716"}],"collection":[{"href":"https:\/\/www.nettali.com\/rest\/wp\/v2\/posts"}],"about":[{"href":"https:\/\/www.nettali.com\/rest\/wp\/v2\/types\/post"}],"author":[{"embeddable":true,"href":"https:\/\/www.nettali.com\/rest\/wp\/v2\/users\/6"}],"replies":[{"embeddable":true,"href":"https:\/\/www.nettali.com\/rest\/wp\/v2\/comments?post=98716"}],"version-history":[{"count":4,"href":"https:\/\/www.nettali.com\/rest\/wp\/v2\/posts\/98716\/revisions"}],"predecessor-version":[{"id":98738,"href":"https:\/\/www.nettali.com\/rest\/wp\/v2\/posts\/98716\/revisions\/98738"}],"wp:featuredmedia":[{"embeddable":true,"href":"https:\/\/www.nettali.com\/rest\/wp\/v2\/media\/98737"}],"wp:attachment":[{"href":"https:\/\/www.nettali.com\/rest\/wp\/v2\/media?parent=98716"}],"wp:term":[{"taxonomy":"category","embeddable":true,"href":"https:\/\/www.nettali.com\/rest\/wp\/v2\/categories?post=98716"},{"taxonomy":"post_tag","embeddable":true,"href":"https:\/\/www.nettali.com\/rest\/wp\/v2\/tags?post=98716"}],"curies":[{"name":"wp","href":"https:\/\/api.w.org\/{rel}","templated":true}]}}