{"id":98675,"date":"2022-11-30T22:23:43","date_gmt":"2022-11-30T22:23:43","guid":{"rendered":"https:\/\/www.nettali.com\/?p=98675"},"modified":"2022-11-30T22:23:43","modified_gmt":"2022-11-30T22:23:43","slug":"macky-annonce-un-conseil-des-ministres-decentralise-a-tambacounda","status":"publish","type":"post","link":"https:\/\/www.nettali.com\/2022\/11\/30\/macky-annonce-un-conseil-des-ministres-decentralise-a-tambacounda\/","title":{"rendered":"Macky annonce un conseil des ministres d\u00e9centralis\u00e9 \u00e0 Tambacounda"},"content":{"rendered":"<p><strong>NETTALI.COM - En conseil des ministres ce mercredi, le pr\u00e9sident de la R\u00e9publique, Macky Sall, a annonc\u00e9 la tenue d\u2019un conseil des ministres d\u00e9centralis\u00e9 \u00e0 Tambacounda le 28 d\u00e9cembre.<\/strong><\/p>\n<p>Cl\u00f4turant sa communication en conseil des ministre ce mercredi, le Pr\u00e9sident de la R\u00e9publique a annonc\u00e9 la tenue d\u2019un Conseil des ministres d\u00e9centralis\u00e9 \u00e0 Tambacounda, le 28 d\u00e9cembre 2022, ainsi que la c\u00e9r\u00e9monie marquant la journ\u00e9e nationale de l\u2019\u00e9levage le 29 d\u00e9cembre.<\/p>\n<p>Le Chef de l\u2019Etat a ainsi invit\u00e9 le Premier Ministre, Amadou Ba, \u00e0 pr\u00e9parer un document d\u2019orientation et \u00e0 pr\u00e9sider un Conseil interminist\u00e9riel de d\u00e9veloppement en vue d\u2019\u00e9valuer les engagements du Gouvernement depuis 2013 et de projeter les investissements prioritaires de l\u2019Etat dans la r\u00e9gion, pour les trois prochaines ann\u00e9es.<\/p>\n<p>&nbsp;<\/p>\n<div class='share-to-whatsapp-wrapper'><div class='share-on-whsp'>PARTAGER SUR : <\/div><a data-text='Macky annonce un conseil des ministres d\u00e9centralis\u00e9 \u00e0 Tambacounda' data-link='https:\/\/www.nettali.com\/2022\/11\/30\/macky-annonce-un-conseil-des-ministres-decentralise-a-tambacounda\/' class='whatsapp-button whatsapp-share'>WhatsApp<\/a><div class='clear '><\/div><\/div>","protected":false},"excerpt":{"rendered":"<p>NETTALI.COM - En conseil des ministres ce mercredi, le pr\u00e9sident de la R\u00e9publique, Macky Sall, a annonc\u00e9 la tenue d\u2019un conseil des ministres d\u00e9centralis\u00e9 \u00e0 Tambacounda le 28 d\u00e9cembre. Cl\u00f4turant sa communication en conseil des ministre ce mercredi, le Pr\u00e9sident de la R\u00e9publique a annonc\u00e9 la tenue d\u2019un Conseil des ministres d\u00e9centralis\u00e9 \u00e0 Tambacounda, le [&hellip;]<\/p>\n","protected":false},"author":4,"featured_media":98676,"comment_status":"open","ping_status":"open","sticky":false,"template":"","format":"standard","meta":{"_et_pb_use_builder":"","_et_pb_old_content":""},"categories":[2],"tags":[],"yoast_head":"<!-- This site is optimized with the Yoast SEO Premium plugin v17.8 (Yoast SEO v17.8) - https:\/\/yoast.com\/wordpress\/plugins\/seo\/ -->\n<title>Macky annonce un conseil des ministres d\u00e9centralis\u00e9 \u00e0 Tambacounda | Nettali.com<\/title>\n<meta name=\"robots\" content=\"index, follow, max-snippet:-1, max-image-preview:large, max-video-preview:-1\" \/>\n<link rel=\"canonical\" href=\"https:\/\/www.nettali.com\/2022\/11\/30\/macky-annonce-un-conseil-des-ministres-decentralise-a-tambacounda\/\" \/>\n<meta property=\"og:locale\" content=\"fr_FR\" \/>\n<meta property=\"og:type\" content=\"article\" \/>\n<meta property=\"og:title\" content=\"Macky annonce un conseil des ministres d\u00e9centralis\u00e9 \u00e0 Tambacounda\" \/>\n<meta property=\"og:description\" content=\"NETTALI.COM - En conseil des ministres ce mercredi, le pr\u00e9sident de la R\u00e9publique, Macky Sall, a annonc\u00e9 la tenue d\u2019un conseil des ministres d\u00e9centralis\u00e9 \u00e0 Tambacounda le 28 d\u00e9cembre. Cl\u00f4turant sa communication en conseil des ministre ce mercredi, le Pr\u00e9sident de la R\u00e9publique a annonc\u00e9 la tenue d\u2019un Conseil des ministres d\u00e9centralis\u00e9 \u00e0 Tambacounda, le [&hellip;]\" \/>\n<meta property=\"og:url\" content=\"https:\/\/www.nettali.com\/2022\/11\/30\/macky-annonce-un-conseil-des-ministres-decentralise-a-tambacounda\/\" \/>\n<meta property=\"og:site_name\" content=\"Nettali.com\" \/>\n<meta property=\"article:publisher\" content=\"https:\/\/www.facebook.com\/nettalicom\" \/>\n<meta property=\"article:published_time\" content=\"2022-11-30T22:23:43+00:00\" \/>\n<meta property=\"og:image\" content=\"https:\/\/www.nettali.com\/wp-content\/uploads\/2022\/11\/Capture-de\u0301cran-2022-11-30-a\u0300-22.22.47.png\" \/>\n\t<meta property=\"og:image:width\" content=\"659\" \/>\n\t<meta property=\"og:image:height\" content=\"322\" \/>\n<meta name=\"twitter:card\" content=\"summary_large_image\" \/>\n<meta name=\"twitter:label1\" content=\"\u00c9crit par\" \/>\n\t<meta name=\"twitter:data1\" content=\"Daouda\" \/>\n\t<meta name=\"twitter:label2\" content=\"Dur\u00e9e de lecture estim\u00e9e\" \/>\n\t<meta name=\"twitter:data2\" content=\"1 minute\" \/>\n<script type=\"application\/ld+json\" class=\"yoast-schema-graph\">{\"@context\":\"https:\/\/schema.org\",\"@graph\":[{\"@type\":\"WebSite\",\"@id\":\"https:\/\/www.nettali.com\/#website\",\"url\":\"https:\/\/www.nettali.com\/\",\"name\":\"Nettali.com\",\"description\":\"Le rendez-vous critique du Net\",\"potentialAction\":[{\"@type\":\"SearchAction\",\"target\":{\"@type\":\"EntryPoint\",\"urlTemplate\":\"https:\/\/www.nettali.com\/?s={search_term_string}\"},\"query-input\":\"required name=search_term_string\"}],\"inLanguage\":\"fr-FR\"},{\"@type\":\"ImageObject\",\"@id\":\"https:\/\/www.nettali.com\/2022\/11\/30\/macky-annonce-un-conseil-des-ministres-decentralise-a-tambacounda\/#primaryimage\",\"inLanguage\":\"fr-FR\",\"url\":\"https:\/\/www.nettali.com\/wp-content\/uploads\/2022\/11\/Capture-de\\u0301cran-2022-11-30-a\\u0300-22.22.47.png\",\"contentUrl\":\"https:\/\/www.nettali.com\/wp-content\/uploads\/2022\/11\/Capture-de\\u0301cran-2022-11-30-a\\u0300-22.22.47.png\",\"width\":659,\"height\":322},{\"@type\":\"WebPage\",\"@id\":\"https:\/\/www.nettali.com\/2022\/11\/30\/macky-annonce-un-conseil-des-ministres-decentralise-a-tambacounda\/#webpage\",\"url\":\"https:\/\/www.nettali.com\/2022\/11\/30\/macky-annonce-un-conseil-des-ministres-decentralise-a-tambacounda\/\",\"name\":\"Macky annonce un conseil des ministres d\\u00e9centralis\\u00e9 \\u00e0 Tambacounda | Nettali.com\",\"isPartOf\":{\"@id\":\"https:\/\/www.nettali.com\/#website\"},\"primaryImageOfPage\":{\"@id\":\"https:\/\/www.nettali.com\/2022\/11\/30\/macky-annonce-un-conseil-des-ministres-decentralise-a-tambacounda\/#primaryimage\"},\"datePublished\":\"2022-11-30T22:23:43+00:00\",\"dateModified\":\"2022-11-30T22:23:43+00:00\",\"author\":{\"@id\":\"https:\/\/www.nettali.com\/#\/schema\/person\/3317e0bb3aa1da309fbf7b2780901bf4\"},\"breadcrumb\":{\"@id\":\"https:\/\/www.nettali.com\/2022\/11\/30\/macky-annonce-un-conseil-des-ministres-decentralise-a-tambacounda\/#breadcrumb\"},\"inLanguage\":\"fr-FR\",\"potentialAction\":[{\"@type\":\"ReadAction\",\"target\":[\"https:\/\/www.nettali.com\/2022\/11\/30\/macky-annonce-un-conseil-des-ministres-decentralise-a-tambacounda\/\"]}]},{\"@type\":\"BreadcrumbList\",\"@id\":\"https:\/\/www.nettali.com\/2022\/11\/30\/macky-annonce-un-conseil-des-ministres-decentralise-a-tambacounda\/#breadcrumb\",\"itemListElement\":[{\"@type\":\"ListItem\",\"position\":1,\"name\":\"Accueil\",\"item\":\"https:\/\/www.nettali.com\/\"},{\"@type\":\"ListItem\",\"position\":2,\"name\":\"Macky annonce un conseil des ministres d\\u00e9centralis\\u00e9 \\u00e0 Tambacounda\"}]},{\"@type\":\"Person\",\"@id\":\"https:\/\/www.nettali.com\/#\/schema\/person\/3317e0bb3aa1da309fbf7b2780901bf4\",\"name\":\"Daouda\",\"image\":{\"@type\":\"ImageObject\",\"@id\":\"https:\/\/www.nettali.com\/#personlogo\",\"inLanguage\":\"fr-FR\",\"url\":\"https:\/\/secure.gravatar.com\/avatar\/8d143b5a49345098ddcfee1c49c2f47c?s=96&d=mm&r=g\",\"contentUrl\":\"https:\/\/secure.gravatar.com\/avatar\/8d143b5a49345098ddcfee1c49c2f47c?s=96&d=mm&r=g\",\"caption\":\"Daouda\"},\"sameAs\":[\"https:\/\/www.nettali.com\"]}]}<\/script>\n<!-- \/ Yoast SEO Premium plugin. -->","yoast_head_json":{"title":"Macky annonce un conseil des ministres d\u00e9centralis\u00e9 \u00e0 Tambacounda | Nettali.com","robots":{"index":"index","follow":"follow","max-snippet":"max-snippet:-1","max-image-preview":"max-image-preview:large","max-video-preview":"max-video-preview:-1"},"canonical":"https:\/\/www.nettali.com\/2022\/11\/30\/macky-annonce-un-conseil-des-ministres-decentralise-a-tambacounda\/","og_locale":"fr_FR","og_type":"article","og_title":"Macky annonce un conseil des ministres d\u00e9centralis\u00e9 \u00e0 Tambacounda","og_description":"NETTALI.COM - En conseil des ministres ce mercredi, le pr\u00e9sident de la R\u00e9publique, Macky Sall, a annonc\u00e9 la tenue d\u2019un conseil des ministres d\u00e9centralis\u00e9 \u00e0 Tambacounda le 28 d\u00e9cembre. Cl\u00f4turant sa communication en conseil des ministre ce mercredi, le Pr\u00e9sident de la R\u00e9publique a annonc\u00e9 la tenue d\u2019un Conseil des ministres d\u00e9centralis\u00e9 \u00e0 Tambacounda, le [&hellip;]","og_url":"https:\/\/www.nettali.com\/2022\/11\/30\/macky-annonce-un-conseil-des-ministres-decentralise-a-tambacounda\/","og_site_name":"Nettali.com","article_publisher":"https:\/\/www.facebook.com\/nettalicom","article_published_time":"2022-11-30T22:23:43+00:00","og_image":[{"width":659,"height":322,"url":"https:\/\/www.nettali.com\/wp-content\/uploads\/2022\/11\/Capture-de\u0301cran-2022-11-30-a\u0300-22.22.47.png","type":"image\/png"}],"twitter_card":"summary_large_image","twitter_misc":{"\u00c9crit par":"Daouda","Dur\u00e9e de lecture estim\u00e9e":"1 minute"},"schema":{"@context":"https:\/\/schema.org","@graph":[{"@type":"WebSite","@id":"https:\/\/www.nettali.com\/#website","url":"https:\/\/www.nettali.com\/","name":"Nettali.com","description":"Le rendez-vous critique du Net","potentialAction":[{"@type":"SearchAction","target":{"@type":"EntryPoint","urlTemplate":"https:\/\/www.nettali.com\/?s={search_term_string}"},"query-input":"required name=search_term_string"}],"inLanguage":"fr-FR"},{"@type":"ImageObject","@id":"https:\/\/www.nettali.com\/2022\/11\/30\/macky-annonce-un-conseil-des-ministres-decentralise-a-tambacounda\/#primaryimage","inLanguage":"fr-FR","url":"https:\/\/www.nettali.com\/wp-content\/uploads\/2022\/11\/Capture-de\u0301cran-2022-11-30-a\u0300-22.22.47.png","contentUrl":"https:\/\/www.nettali.com\/wp-content\/uploads\/2022\/11\/Capture-de\u0301cran-2022-11-30-a\u0300-22.22.47.png","width":659,"height":322},{"@type":"WebPage","@id":"https:\/\/www.nettali.com\/2022\/11\/30\/macky-annonce-un-conseil-des-ministres-decentralise-a-tambacounda\/#webpage","url":"https:\/\/www.nettali.com\/2022\/11\/30\/macky-annonce-un-conseil-des-ministres-decentralise-a-tambacounda\/","name":"Macky annonce un conseil des ministres d\u00e9centralis\u00e9 \u00e0 Tambacounda | Nettali.com","isPartOf":{"@id":"https:\/\/www.nettali.com\/#website"},"primaryImageOfPage":{"@id":"https:\/\/www.nettali.com\/2022\/11\/30\/macky-annonce-un-conseil-des-ministres-decentralise-a-tambacounda\/#primaryimage"},"datePublished":"2022-11-30T22:23:43+00:00","dateModified":"2022-11-30T22:23:43+00:00","author":{"@id":"https:\/\/www.nettali.com\/#\/schema\/person\/3317e0bb3aa1da309fbf7b2780901bf4"},"breadcrumb":{"@id":"https:\/\/www.nettali.com\/2022\/11\/30\/macky-annonce-un-conseil-des-ministres-decentralise-a-tambacounda\/#breadcrumb"},"inLanguage":"fr-FR","potentialAction":[{"@type":"ReadAction","target":["https:\/\/www.nettali.com\/2022\/11\/30\/macky-annonce-un-conseil-des-ministres-decentralise-a-tambacounda\/"]}]},{"@type":"BreadcrumbList","@id":"https:\/\/www.nettali.com\/2022\/11\/30\/macky-annonce-un-conseil-des-ministres-decentralise-a-tambacounda\/#breadcrumb","itemListElement":[{"@type":"ListItem","position":1,"name":"Accueil","item":"https:\/\/www.nettali.com\/"},{"@type":"ListItem","position":2,"name":"Macky annonce un conseil des ministres d\u00e9centralis\u00e9 \u00e0 Tambacounda"}]},{"@type":"Person","@id":"https:\/\/www.nettali.com\/#\/schema\/person\/3317e0bb3aa1da309fbf7b2780901bf4","name":"Daouda","image":{"@type":"ImageObject","@id":"https:\/\/www.nettali.com\/#personlogo","inLanguage":"fr-FR","url":"https:\/\/secure.gravatar.com\/avatar\/8d143b5a49345098ddcfee1c49c2f47c?s=96&d=mm&r=g","contentUrl":"https:\/\/secure.gravatar.com\/avatar\/8d143b5a49345098ddcfee1c49c2f47c?s=96&d=mm&r=g","caption":"Daouda"},"sameAs":["https:\/\/www.nettali.com"]}]}},"_links":{"self":[{"href":"https:\/\/www.nettali.com\/rest\/wp\/v2\/posts\/98675"}],"collection":[{"href":"https:\/\/www.nettali.com\/rest\/wp\/v2\/posts"}],"about":[{"href":"https:\/\/www.nettali.com\/rest\/wp\/v2\/types\/post"}],"author":[{"embeddable":true,"href":"https:\/\/www.nettali.com\/rest\/wp\/v2\/users\/4"}],"replies":[{"embeddable":true,"href":"https:\/\/www.nettali.com\/rest\/wp\/v2\/comments?post=98675"}],"version-history":[{"count":1,"href":"https:\/\/www.nettali.com\/rest\/wp\/v2\/posts\/98675\/revisions"}],"predecessor-version":[{"id":98677,"href":"https:\/\/www.nettali.com\/rest\/wp\/v2\/posts\/98675\/revisions\/98677"}],"wp:featuredmedia":[{"embeddable":true,"href":"https:\/\/www.nettali.com\/rest\/wp\/v2\/media\/98676"}],"wp:attachment":[{"href":"https:\/\/www.nettali.com\/rest\/wp\/v2\/media?parent=98675"}],"wp:term":[{"taxonomy":"category","embeddable":true,"href":"https:\/\/www.nettali.com\/rest\/wp\/v2\/categories?post=98675"},{"taxonomy":"post_tag","embeddable":true,"href":"https:\/\/www.nettali.com\/rest\/wp\/v2\/tags?post=98675"}],"curies":[{"name":"wp","href":"https:\/\/api.w.org\/{rel}","templated":true}]}}