{"id":98671,"date":"2022-11-30T22:08:00","date_gmt":"2022-11-30T22:08:00","guid":{"rendered":"https:\/\/www.nettali.com\/?p=98671"},"modified":"2022-11-30T22:08:00","modified_gmt":"2022-11-30T22:08:00","slug":"conseil-des-ministres-mouhamadou-lamine-massaly-case-voici-lintegralite-des-nominations","status":"publish","type":"post","link":"https:\/\/www.nettali.com\/2022\/11\/30\/conseil-des-ministres-mouhamadou-lamine-massaly-case-voici-lintegralite-des-nominations\/","title":{"rendered":"CONSEIL DES MINISTRES \u2013 Mouhamadou Lamine \u00a0Massaly cas\u00e9, voici l\u2019int\u00e9gralit\u00e9 des nominations"},"content":{"rendered":"<p><strong>NETTALI.COM - En Conseil des ministres ce mercredi, \u00a0le Pr\u00e9sident de la R\u00e9publique, Macky Sall, a pris les d\u00e9cisions suivantes :<\/strong><\/p>\n<ul>\n<li><strong>Le G\u00e9n\u00e9ral de Division El Hadji Daouda NIANG<\/strong>, est nomm\u00e9 Ambassadeur extraordinaire et pl\u00e9nipotentiaire de la R\u00e9publique du S\u00e9n\u00e9gal aupr\u00e8s de Son Excellence Monsieur Alassane OUATTARA, Pr\u00e9sident de la R\u00e9publique de C\u00f4te d'Ivoire, en remplacement de Monsieur Abdou Khadir AGNE, appel\u00e9 \u00e0 d'autres fonctions ;<\/li>\n<li><strong>Monsieur Abdou Khadir AGNE<\/strong>, titulaire d'un master en Diplomatie et Strat\u00e9gie, pr\u00e9c\u00e9demment Ambassadeur du S\u00e9n\u00e9gal en C\u00f4te d'Ivoire, est nomm\u00e9 Ambassadeur extraordinaire et pl\u00e9nipotentiaire de la R\u00e9publique du S\u00e9n\u00e9gal aupr\u00e8s de Son Excellence Monsieur Mohamed BAZOUM, Pr\u00e9sident de la R\u00e9publique du Niger, en remplacement de Monsieur Paul Benoit SARR, appel\u00e9 \u00e0 d'autres fonctions ;<\/li>\n<li><strong>Monsieur Doro SY<\/strong>, Expert en relations internationales, est nomm\u00e9 Ambassadeur extraordinaire et pl\u00e9nipotentiaire de la R\u00e9publique du S\u00e9n\u00e9gal aupr\u00e8s de Son Excellence Monsieur Felix - Antoine TSHISEKEDI TSHILOMBO, Pr\u00e9sident de la R\u00e9publique d\u00e9mocratique du Congo, en remplacement de Monsieur Papa Talam DIAO, appel\u00e9 \u00e0 d'autres fonctions ;<\/li>\n<li><strong>Monsieur Mamadou SIDIBE<\/strong>, Professeur titulaire des Universit\u00e9s de classe exceptionnelle, est nomm\u00e9 Coordonnateur du projet de l\u2019Universit\u00e9 Souleymane NIANG de Matam (USN).<\/li>\n<li><strong>Monsieur Kandioura NOBA<\/strong>, Professeur titulaire des Universit\u00e9s de classe exceptionnelle, est nomm\u00e9 Coordonnateur du projet de l\u2019Universit\u00e9 du S\u00e9n\u00e9gal oriental (USO).<\/li>\n<li><strong>Monsieur Mame Balla LO<\/strong>, Administrateur de soci\u00e9t\u00e9s, est nomm\u00e9 Pr\u00e9sident du Conseil de Surveillance de l\u2019Agence nationale pour la Relance des Activit\u00e9s \u00e9conomiques et sociales en Casamance (ANRAC), en remplacement de Monsieur Pascal MANGA, appel\u00e9 \u00e0 d\u2019autres fonctions.<\/li>\n<li><strong>Monsieur Mouhamadou Lamine MASSALY<\/strong>, Titulaire d\u2019un Master en Relations internationales, est nomm\u00e9 Pr\u00e9sident du Conseil d\u2019Administration de l\u2019Office national de Formation Professionnelle, en remplacement de Monsieur Mamouss\u00e9 DIAGNE, appel\u00e9 \u00e0 d\u2019autres fonctions.<\/li>\n<li><strong>Monsieur Amaro Ntaby BADJI<\/strong>, Inspecteur principal du Tr\u00e9sor, pr\u00e9c\u00e9demment Chef de Division \u00e0 la Direction du Secteur public local, est nomm\u00e9 Directeur du Secteur public local \u00e0 la Direction g\u00e9n\u00e9rale de la Comptabilit\u00e9 publique et du Tr\u00e9sor, poste vacant.<\/li>\n<li><strong>Madame Virginie Dora DIOUF<\/strong>, Inspecteur principal du Tr\u00e9sor, pr\u00e9c\u00e9demment Fond\u00e9 de pouvoirs de l\u2019Agent Comptable des Grands Projets, est nomm\u00e9e Agent Comptable des Grands projets \u00e0 la Direction g\u00e9n\u00e9rale de la Comptabilit\u00e9 publique et du Tr\u00e9sor en remplacement de Monsieur Mamadou Oumar BOCOUM, admis \u00e0 faire valoir ses droits \u00e0 une pension de retraite.<\/li>\n<li><strong>Monsieur Thierno Sadou DIALLO<\/strong>, Administrateur civil principal, pr\u00e9c\u00e9demment Adjoint au Directeur du Contr\u00f4le budg\u00e9taire \u00e0 la Direction g\u00e9n\u00e9rale du Budget, est nomm\u00e9 Directeur des Ressources humaines au Minist\u00e8re des Finances et du Budget, en remplacement de Monsieur Bassirou SOUMARE, admis \u00e0 faire valoir ses droits \u00e0 une pension de retraite.<\/li>\n<li><strong>Monsieur Abou AW<\/strong>, Conseiller en Planification, pr\u00e9c\u00e9demment Conseiller technique \u00e0 la Direction g\u00e9n\u00e9rale du Budget, est nomm\u00e9 Directeur des pensions \u00e0 la Direction g\u00e9n\u00e9rale du Budget, en remplacement de Monsieur Mouhamadou DIALLO, admis \u00e0 faire valoir ses droits \u00e0 une pension de retraite.<\/li>\n<li><strong>Monsieur Leroux DRAME<\/strong>, Administrateur civil, est nomm\u00e9 Secr\u00e9taire g\u00e9n\u00e9ral du Centre national de la Fonction publique locale et de la Formation.<\/li>\n<\/ul>\n<p>&nbsp;<\/p>\n<div class='share-to-whatsapp-wrapper'><div class='share-on-whsp'>PARTAGER SUR : <\/div><a data-text='CONSEIL DES MINISTRES \u2013 Mouhamadou Lamine \u00a0Massaly cas\u00e9, voici l\u2019int\u00e9gralit\u00e9 des nominations' data-link='https:\/\/www.nettali.com\/2022\/11\/30\/conseil-des-ministres-mouhamadou-lamine-massaly-case-voici-lintegralite-des-nominations\/' class='whatsapp-button whatsapp-share'>WhatsApp<\/a><div class='clear '><\/div><\/div>","protected":false},"excerpt":{"rendered":"<p>NETTALI.COM - En Conseil des ministres ce mercredi, \u00a0le Pr\u00e9sident de la R\u00e9publique, Macky Sall, a pris les d\u00e9cisions suivantes : Le G\u00e9n\u00e9ral de Division El Hadji Daouda NIANG, est nomm\u00e9 Ambassadeur extraordinaire et pl\u00e9nipotentiaire de la R\u00e9publique du S\u00e9n\u00e9gal aupr\u00e8s de Son Excellence Monsieur Alassane OUATTARA, Pr\u00e9sident de la R\u00e9publique de C\u00f4te d'Ivoire, en [&hellip;]<\/p>\n","protected":false},"author":4,"featured_media":1219,"comment_status":"open","ping_status":"open","sticky":false,"template":"","format":"standard","meta":{"_et_pb_use_builder":"","_et_pb_old_content":""},"categories":[2],"tags":[],"yoast_head":"<!-- This site is optimized with the Yoast SEO Premium plugin v17.8 (Yoast SEO v17.8) - https:\/\/yoast.com\/wordpress\/plugins\/seo\/ -->\n<title>CONSEIL DES MINISTRES \u2013 Mouhamadou Lamine \u00a0Massaly cas\u00e9, voici l\u2019int\u00e9gralit\u00e9 des nominations | Nettali.com<\/title>\n<meta name=\"robots\" content=\"index, follow, max-snippet:-1, max-image-preview:large, max-video-preview:-1\" \/>\n<link rel=\"canonical\" href=\"https:\/\/www.nettali.com\/2022\/11\/30\/conseil-des-ministres-mouhamadou-lamine-massaly-case-voici-lintegralite-des-nominations\/\" \/>\n<meta property=\"og:locale\" content=\"fr_FR\" \/>\n<meta property=\"og:type\" content=\"article\" \/>\n<meta property=\"og:title\" content=\"CONSEIL DES MINISTRES \u2013 Mouhamadou Lamine \u00a0Massaly cas\u00e9, voici l\u2019int\u00e9gralit\u00e9 des nominations\" \/>\n<meta property=\"og:description\" content=\"NETTALI.COM - En Conseil des ministres ce mercredi, \u00a0le Pr\u00e9sident de la R\u00e9publique, Macky Sall, a pris les d\u00e9cisions suivantes : Le G\u00e9n\u00e9ral de Division El Hadji Daouda NIANG, est nomm\u00e9 Ambassadeur extraordinaire et pl\u00e9nipotentiaire de la R\u00e9publique du S\u00e9n\u00e9gal aupr\u00e8s de Son Excellence Monsieur Alassane OUATTARA, Pr\u00e9sident de la R\u00e9publique de C\u00f4te d&#039;Ivoire, en [&hellip;]\" \/>\n<meta property=\"og:url\" content=\"https:\/\/www.nettali.com\/2022\/11\/30\/conseil-des-ministres-mouhamadou-lamine-massaly-case-voici-lintegralite-des-nominations\/\" \/>\n<meta property=\"og:site_name\" content=\"Nettali.com\" \/>\n<meta property=\"article:publisher\" content=\"https:\/\/www.facebook.com\/nettalicom\" \/>\n<meta property=\"article:published_time\" content=\"2022-11-30T22:08:00+00:00\" \/>\n<meta property=\"og:image\" content=\"https:\/\/www.nettali.com\/wp-content\/uploads\/2019\/03\/massaly.jpg\" \/>\n\t<meta property=\"og:image:width\" content=\"600\" \/>\n\t<meta property=\"og:image:height\" content=\"338\" \/>\n<meta name=\"twitter:card\" content=\"summary_large_image\" \/>\n<meta name=\"twitter:label1\" content=\"\u00c9crit par\" \/>\n\t<meta name=\"twitter:data1\" content=\"Daouda\" \/>\n\t<meta name=\"twitter:label2\" content=\"Dur\u00e9e de lecture estim\u00e9e\" \/>\n\t<meta name=\"twitter:data2\" content=\"3 minutes\" \/>\n<script type=\"application\/ld+json\" class=\"yoast-schema-graph\">{\"@context\":\"https:\/\/schema.org\",\"@graph\":[{\"@type\":\"WebSite\",\"@id\":\"https:\/\/www.nettali.com\/#website\",\"url\":\"https:\/\/www.nettali.com\/\",\"name\":\"Nettali.com\",\"description\":\"Le rendez-vous critique du Net\",\"potentialAction\":[{\"@type\":\"SearchAction\",\"target\":{\"@type\":\"EntryPoint\",\"urlTemplate\":\"https:\/\/www.nettali.com\/?s={search_term_string}\"},\"query-input\":\"required name=search_term_string\"}],\"inLanguage\":\"fr-FR\"},{\"@type\":\"ImageObject\",\"@id\":\"https:\/\/www.nettali.com\/2022\/11\/30\/conseil-des-ministres-mouhamadou-lamine-massaly-case-voici-lintegralite-des-nominations\/#primaryimage\",\"inLanguage\":\"fr-FR\",\"url\":\"https:\/\/www.nettali.com\/wp-content\/uploads\/2019\/03\/massaly.jpg\",\"contentUrl\":\"https:\/\/www.nettali.com\/wp-content\/uploads\/2019\/03\/massaly.jpg\",\"width\":600,\"height\":338},{\"@type\":\"WebPage\",\"@id\":\"https:\/\/www.nettali.com\/2022\/11\/30\/conseil-des-ministres-mouhamadou-lamine-massaly-case-voici-lintegralite-des-nominations\/#webpage\",\"url\":\"https:\/\/www.nettali.com\/2022\/11\/30\/conseil-des-ministres-mouhamadou-lamine-massaly-case-voici-lintegralite-des-nominations\/\",\"name\":\"CONSEIL DES MINISTRES \\u2013 Mouhamadou Lamine \\u00a0Massaly cas\\u00e9, voici l\\u2019int\\u00e9gralit\\u00e9 des nominations | Nettali.com\",\"isPartOf\":{\"@id\":\"https:\/\/www.nettali.com\/#website\"},\"primaryImageOfPage\":{\"@id\":\"https:\/\/www.nettali.com\/2022\/11\/30\/conseil-des-ministres-mouhamadou-lamine-massaly-case-voici-lintegralite-des-nominations\/#primaryimage\"},\"datePublished\":\"2022-11-30T22:08:00+00:00\",\"dateModified\":\"2022-11-30T22:08:00+00:00\",\"author\":{\"@id\":\"https:\/\/www.nettali.com\/#\/schema\/person\/3317e0bb3aa1da309fbf7b2780901bf4\"},\"breadcrumb\":{\"@id\":\"https:\/\/www.nettali.com\/2022\/11\/30\/conseil-des-ministres-mouhamadou-lamine-massaly-case-voici-lintegralite-des-nominations\/#breadcrumb\"},\"inLanguage\":\"fr-FR\",\"potentialAction\":[{\"@type\":\"ReadAction\",\"target\":[\"https:\/\/www.nettali.com\/2022\/11\/30\/conseil-des-ministres-mouhamadou-lamine-massaly-case-voici-lintegralite-des-nominations\/\"]}]},{\"@type\":\"BreadcrumbList\",\"@id\":\"https:\/\/www.nettali.com\/2022\/11\/30\/conseil-des-ministres-mouhamadou-lamine-massaly-case-voici-lintegralite-des-nominations\/#breadcrumb\",\"itemListElement\":[{\"@type\":\"ListItem\",\"position\":1,\"name\":\"Accueil\",\"item\":\"https:\/\/www.nettali.com\/\"},{\"@type\":\"ListItem\",\"position\":2,\"name\":\"CONSEIL DES MINISTRES \\u2013 Mouhamadou Lamine \\u00a0Massaly cas\\u00e9, voici l\\u2019int\\u00e9gralit\\u00e9 des nominations\"}]},{\"@type\":\"Person\",\"@id\":\"https:\/\/www.nettali.com\/#\/schema\/person\/3317e0bb3aa1da309fbf7b2780901bf4\",\"name\":\"Daouda\",\"image\":{\"@type\":\"ImageObject\",\"@id\":\"https:\/\/www.nettali.com\/#personlogo\",\"inLanguage\":\"fr-FR\",\"url\":\"https:\/\/secure.gravatar.com\/avatar\/8d143b5a49345098ddcfee1c49c2f47c?s=96&d=mm&r=g\",\"contentUrl\":\"https:\/\/secure.gravatar.com\/avatar\/8d143b5a49345098ddcfee1c49c2f47c?s=96&d=mm&r=g\",\"caption\":\"Daouda\"},\"sameAs\":[\"https:\/\/www.nettali.com\"]}]}<\/script>\n<!-- \/ Yoast SEO Premium plugin. -->","yoast_head_json":{"title":"CONSEIL DES MINISTRES \u2013 Mouhamadou Lamine \u00a0Massaly cas\u00e9, voici l\u2019int\u00e9gralit\u00e9 des nominations | Nettali.com","robots":{"index":"index","follow":"follow","max-snippet":"max-snippet:-1","max-image-preview":"max-image-preview:large","max-video-preview":"max-video-preview:-1"},"canonical":"https:\/\/www.nettali.com\/2022\/11\/30\/conseil-des-ministres-mouhamadou-lamine-massaly-case-voici-lintegralite-des-nominations\/","og_locale":"fr_FR","og_type":"article","og_title":"CONSEIL DES MINISTRES \u2013 Mouhamadou Lamine \u00a0Massaly cas\u00e9, voici l\u2019int\u00e9gralit\u00e9 des nominations","og_description":"NETTALI.COM - En Conseil des ministres ce mercredi, \u00a0le Pr\u00e9sident de la R\u00e9publique, Macky Sall, a pris les d\u00e9cisions suivantes : Le G\u00e9n\u00e9ral de Division El Hadji Daouda NIANG, est nomm\u00e9 Ambassadeur extraordinaire et pl\u00e9nipotentiaire de la R\u00e9publique du S\u00e9n\u00e9gal aupr\u00e8s de Son Excellence Monsieur Alassane OUATTARA, Pr\u00e9sident de la R\u00e9publique de C\u00f4te d'Ivoire, en [&hellip;]","og_url":"https:\/\/www.nettali.com\/2022\/11\/30\/conseil-des-ministres-mouhamadou-lamine-massaly-case-voici-lintegralite-des-nominations\/","og_site_name":"Nettali.com","article_publisher":"https:\/\/www.facebook.com\/nettalicom","article_published_time":"2022-11-30T22:08:00+00:00","og_image":[{"width":600,"height":338,"url":"https:\/\/www.nettali.com\/wp-content\/uploads\/2019\/03\/massaly.jpg","type":"image\/jpeg"}],"twitter_card":"summary_large_image","twitter_misc":{"\u00c9crit par":"Daouda","Dur\u00e9e de lecture estim\u00e9e":"3 minutes"},"schema":{"@context":"https:\/\/schema.org","@graph":[{"@type":"WebSite","@id":"https:\/\/www.nettali.com\/#website","url":"https:\/\/www.nettali.com\/","name":"Nettali.com","description":"Le rendez-vous critique du Net","potentialAction":[{"@type":"SearchAction","target":{"@type":"EntryPoint","urlTemplate":"https:\/\/www.nettali.com\/?s={search_term_string}"},"query-input":"required name=search_term_string"}],"inLanguage":"fr-FR"},{"@type":"ImageObject","@id":"https:\/\/www.nettali.com\/2022\/11\/30\/conseil-des-ministres-mouhamadou-lamine-massaly-case-voici-lintegralite-des-nominations\/#primaryimage","inLanguage":"fr-FR","url":"https:\/\/www.nettali.com\/wp-content\/uploads\/2019\/03\/massaly.jpg","contentUrl":"https:\/\/www.nettali.com\/wp-content\/uploads\/2019\/03\/massaly.jpg","width":600,"height":338},{"@type":"WebPage","@id":"https:\/\/www.nettali.com\/2022\/11\/30\/conseil-des-ministres-mouhamadou-lamine-massaly-case-voici-lintegralite-des-nominations\/#webpage","url":"https:\/\/www.nettali.com\/2022\/11\/30\/conseil-des-ministres-mouhamadou-lamine-massaly-case-voici-lintegralite-des-nominations\/","name":"CONSEIL DES MINISTRES \u2013 Mouhamadou Lamine \u00a0Massaly cas\u00e9, voici l\u2019int\u00e9gralit\u00e9 des nominations | Nettali.com","isPartOf":{"@id":"https:\/\/www.nettali.com\/#website"},"primaryImageOfPage":{"@id":"https:\/\/www.nettali.com\/2022\/11\/30\/conseil-des-ministres-mouhamadou-lamine-massaly-case-voici-lintegralite-des-nominations\/#primaryimage"},"datePublished":"2022-11-30T22:08:00+00:00","dateModified":"2022-11-30T22:08:00+00:00","author":{"@id":"https:\/\/www.nettali.com\/#\/schema\/person\/3317e0bb3aa1da309fbf7b2780901bf4"},"breadcrumb":{"@id":"https:\/\/www.nettali.com\/2022\/11\/30\/conseil-des-ministres-mouhamadou-lamine-massaly-case-voici-lintegralite-des-nominations\/#breadcrumb"},"inLanguage":"fr-FR","potentialAction":[{"@type":"ReadAction","target":["https:\/\/www.nettali.com\/2022\/11\/30\/conseil-des-ministres-mouhamadou-lamine-massaly-case-voici-lintegralite-des-nominations\/"]}]},{"@type":"BreadcrumbList","@id":"https:\/\/www.nettali.com\/2022\/11\/30\/conseil-des-ministres-mouhamadou-lamine-massaly-case-voici-lintegralite-des-nominations\/#breadcrumb","itemListElement":[{"@type":"ListItem","position":1,"name":"Accueil","item":"https:\/\/www.nettali.com\/"},{"@type":"ListItem","position":2,"name":"CONSEIL DES MINISTRES \u2013 Mouhamadou Lamine \u00a0Massaly cas\u00e9, voici l\u2019int\u00e9gralit\u00e9 des nominations"}]},{"@type":"Person","@id":"https:\/\/www.nettali.com\/#\/schema\/person\/3317e0bb3aa1da309fbf7b2780901bf4","name":"Daouda","image":{"@type":"ImageObject","@id":"https:\/\/www.nettali.com\/#personlogo","inLanguage":"fr-FR","url":"https:\/\/secure.gravatar.com\/avatar\/8d143b5a49345098ddcfee1c49c2f47c?s=96&d=mm&r=g","contentUrl":"https:\/\/secure.gravatar.com\/avatar\/8d143b5a49345098ddcfee1c49c2f47c?s=96&d=mm&r=g","caption":"Daouda"},"sameAs":["https:\/\/www.nettali.com"]}]}},"_links":{"self":[{"href":"https:\/\/www.nettali.com\/rest\/wp\/v2\/posts\/98671"}],"collection":[{"href":"https:\/\/www.nettali.com\/rest\/wp\/v2\/posts"}],"about":[{"href":"https:\/\/www.nettali.com\/rest\/wp\/v2\/types\/post"}],"author":[{"embeddable":true,"href":"https:\/\/www.nettali.com\/rest\/wp\/v2\/users\/4"}],"replies":[{"embeddable":true,"href":"https:\/\/www.nettali.com\/rest\/wp\/v2\/comments?post=98671"}],"version-history":[{"count":1,"href":"https:\/\/www.nettali.com\/rest\/wp\/v2\/posts\/98671\/revisions"}],"predecessor-version":[{"id":98672,"href":"https:\/\/www.nettali.com\/rest\/wp\/v2\/posts\/98671\/revisions\/98672"}],"wp:featuredmedia":[{"embeddable":true,"href":"https:\/\/www.nettali.com\/rest\/wp\/v2\/media\/1219"}],"wp:attachment":[{"href":"https:\/\/www.nettali.com\/rest\/wp\/v2\/media?parent=98671"}],"wp:term":[{"taxonomy":"category","embeddable":true,"href":"https:\/\/www.nettali.com\/rest\/wp\/v2\/categories?post=98671"},{"taxonomy":"post_tag","embeddable":true,"href":"https:\/\/www.nettali.com\/rest\/wp\/v2\/tags?post=98671"}],"curies":[{"name":"wp","href":"https:\/\/api.w.org\/{rel}","templated":true}]}}