{"id":98660,"date":"2022-11-30T20:14:39","date_gmt":"2022-11-30T20:14:39","guid":{"rendered":"https:\/\/www.nettali.com\/?p=98660"},"modified":"2022-11-30T20:14:39","modified_gmt":"2022-11-30T20:14:39","slug":"medias-la-carte-nationale-de-presse-exigible-a-compter-de-ce-jeudi-1e-decembre","status":"publish","type":"post","link":"https:\/\/www.nettali.com\/2022\/11\/30\/medias-la-carte-nationale-de-presse-exigible-a-compter-de-ce-jeudi-1e-decembre\/","title":{"rendered":"MEDIAS - La carte nationale de presse exigible \u00e0 compter de ce jeudi 1e d\u00e9cembre"},"content":{"rendered":"<p><strong>NETTALI.COM - La carte nationale de presse sera exig\u00e9e \u00e0 partir de ce jeudi aux journalistes et aux techniciens des m\u00e9dias. L'annonce a \u00e9t\u00e9 faite par le pr\u00e9sident de la commission de la carte nationale de presse.<\/strong><\/p>\n<p><em>\u00abApr\u00e8s un premier report (1er juin 2022) et un deuxi\u00e8me report (1er septembre 2022), la commission vous annonce que la date d\u2019exigibilit\u00e9 de la carte nationale de presse est fix\u00e9e au 1er d\u00e9cembre 2022\u00bb<\/em>, a d\u00e9clar\u00e9 Daouda Mine au cours d'un point de presse. \u00a0Il a assur\u00e9 que toutes les dispositions ont \u00e9t\u00e9 prises par les autorit\u00e9s comp\u00e9tentes.<\/p>\n<p>De m\u00eame, a ajout\u00e9 Mine, la commission a envoy\u00e9 des correspondances aux minist\u00e8res, aux autorit\u00e9s d\u00e9centralis\u00e9es ainsi qu\u2019aux ambassades, pour leur faire part de l\u2019entr\u00e9e en vigueur de la carte nationale de presse.<\/p>\n<p><em>\u201cCela signifie qu\u2019\u00e0 partir du 1er d\u00e9cembre, seule la carte nationale de presse permettra aux journalistes et aux techniciens des m\u00e9dias d\u2019obtenir certains documents administratifs ou d\u2019acc\u00e9der \u00e0 certains lieux, priv\u00e9s ou \u00e9tatiques\u201d<\/em>, a-t-il insist\u00e9.<\/p>\n<p>A l\u2019en croire, \u00e0 compter de ce jeudi, \u201cles cartes des maisons de presse ne serviront plus aux journalistes et aux techniciens des m\u00e9dias\u201d.<\/p>\n<p>Les d\u00e9p\u00f4ts pour l'obtention de la carte nationale \"<em>ont commenc\u00e9 depuis le 15 mars 2021''<\/em>, a t-il rappel\u00e9.<\/p>\n<p><em>\"Actuellement, la commission a re\u00e7u 1727 dossiers. Nous en avons valid\u00e9 1286 et 296 sont pr\u00e9sentement en examen. Il y a aussi des dossiers qui sont rejet\u00e9s, car les propri\u00e9taires ne remplissent pas les conditions requises par la commission de validation\u201d<\/em>, a-t-il expliqu\u00e9.<\/p>\n<p><em>\u201cLa carte est exig\u00e9e \u00e0 partir de demain, mais cela ne signifie que les d\u00e9p\u00f4ts sont clos\u201d<\/em>, a-t-il pr\u00e9cis\u00e9.<\/p>\n<p>Le pr\u00e9sident de la Commission de la carte nationale de presse a rappel\u00e9 que le d\u00e9lai d\u2019examen d\u2019un dossier est de trois mois, ajoutant qu'un lot de cartes sera disponible ce week-end.<\/p>\n<p>Ceux qui ne sont pas sortis d\u2019une \u00e9cole de journalisme <em>\u201cdoivent imp\u00e9rativement passer par la commission de validation des acquis de l\u2019exp\u00e9rience avant de b\u00e9n\u00e9ficier d\u2019une carte nationale de presse\u201d<\/em>, a dit Daouda Mine.<\/p>\n<p>Mine a aussi donn\u00e9 des pr\u00e9cisions concernant le journaliste en position de stage et la personne qui est dans une \u00e9cole de journalisme et qui effectue un stage.<\/p>\n<p>Pour les premiers, <em>\"l\u2019entreprise de presse doit fournir un document qui prouve le lien de la personne avec ladite r\u00e9daction, alors que pour le second, c\u2019est \u00e0 son \u00e9cole de formation qu'il revient de formuler une demande aupr\u00e8s de la commission pour qu\u2019on lui d\u00e9livre une carte de stagiaire\u201d.<\/em><\/p>\n<p>&nbsp;<\/p>\n<div class='share-to-whatsapp-wrapper'><div class='share-on-whsp'>PARTAGER SUR : <\/div><a data-text='MEDIAS - La carte nationale de presse exigible \u00e0 compter de ce jeudi 1e d\u00e9cembre' data-link='https:\/\/www.nettali.com\/2022\/11\/30\/medias-la-carte-nationale-de-presse-exigible-a-compter-de-ce-jeudi-1e-decembre\/' class='whatsapp-button whatsapp-share'>WhatsApp<\/a><div class='clear '><\/div><\/div>","protected":false},"excerpt":{"rendered":"<p>NETTALI.COM - La carte nationale de presse sera exig\u00e9e \u00e0 partir de ce jeudi aux journalistes et aux techniciens des m\u00e9dias. L'annonce a \u00e9t\u00e9 faite par le pr\u00e9sident de la commission de la carte nationale de presse. \u00abApr\u00e8s un premier report (1er juin 2022) et un deuxi\u00e8me report (1er septembre 2022), la commission vous annonce [&hellip;]<\/p>\n","protected":false},"author":4,"featured_media":95237,"comment_status":"open","ping_status":"open","sticky":false,"template":"","format":"standard","meta":{"_et_pb_use_builder":"","_et_pb_old_content":""},"categories":[3],"tags":[],"yoast_head":"<!-- This site is optimized with the Yoast SEO Premium plugin v17.8 (Yoast SEO v17.8) - https:\/\/yoast.com\/wordpress\/plugins\/seo\/ -->\n<title>MEDIAS - La carte nationale de presse exigible \u00e0 compter de ce jeudi 1e d\u00e9cembre | Nettali.com<\/title>\n<meta name=\"robots\" content=\"index, follow, max-snippet:-1, max-image-preview:large, max-video-preview:-1\" \/>\n<link rel=\"canonical\" href=\"https:\/\/www.nettali.com\/2022\/11\/30\/medias-la-carte-nationale-de-presse-exigible-a-compter-de-ce-jeudi-1e-decembre\/\" \/>\n<meta property=\"og:locale\" content=\"fr_FR\" \/>\n<meta property=\"og:type\" content=\"article\" \/>\n<meta property=\"og:title\" content=\"MEDIAS - La carte nationale de presse exigible \u00e0 compter de ce jeudi 1e d\u00e9cembre\" \/>\n<meta property=\"og:description\" content=\"NETTALI.COM - La carte nationale de presse sera exig\u00e9e \u00e0 partir de ce jeudi aux journalistes et aux techniciens des m\u00e9dias. L&#039;annonce a \u00e9t\u00e9 faite par le pr\u00e9sident de la commission de la carte nationale de presse. \u00abApr\u00e8s un premier report (1er juin 2022) et un deuxi\u00e8me report (1er septembre 2022), la commission vous annonce [&hellip;]\" \/>\n<meta property=\"og:url\" content=\"https:\/\/www.nettali.com\/2022\/11\/30\/medias-la-carte-nationale-de-presse-exigible-a-compter-de-ce-jeudi-1e-decembre\/\" \/>\n<meta property=\"og:site_name\" content=\"Nettali.com\" \/>\n<meta property=\"article:publisher\" content=\"https:\/\/www.facebook.com\/nettalicom\" \/>\n<meta property=\"article:published_time\" content=\"2022-11-30T20:14:39+00:00\" \/>\n<meta property=\"og:image\" content=\"https:\/\/www.nettali.com\/wp-content\/uploads\/2022\/10\/Daouda-Mine.jpeg\" \/>\n\t<meta property=\"og:image:width\" content=\"1080\" \/>\n\t<meta property=\"og:image:height\" content=\"720\" \/>\n<meta name=\"twitter:card\" content=\"summary_large_image\" \/>\n<meta name=\"twitter:label1\" content=\"\u00c9crit par\" \/>\n\t<meta name=\"twitter:data1\" content=\"Daouda\" \/>\n\t<meta name=\"twitter:label2\" content=\"Dur\u00e9e de lecture estim\u00e9e\" \/>\n\t<meta name=\"twitter:data2\" content=\"3 minutes\" \/>\n<script type=\"application\/ld+json\" class=\"yoast-schema-graph\">{\"@context\":\"https:\/\/schema.org\",\"@graph\":[{\"@type\":\"WebSite\",\"@id\":\"https:\/\/www.nettali.com\/#website\",\"url\":\"https:\/\/www.nettali.com\/\",\"name\":\"Nettali.com\",\"description\":\"Le rendez-vous critique du Net\",\"potentialAction\":[{\"@type\":\"SearchAction\",\"target\":{\"@type\":\"EntryPoint\",\"urlTemplate\":\"https:\/\/www.nettali.com\/?s={search_term_string}\"},\"query-input\":\"required name=search_term_string\"}],\"inLanguage\":\"fr-FR\"},{\"@type\":\"ImageObject\",\"@id\":\"https:\/\/www.nettali.com\/2022\/11\/30\/medias-la-carte-nationale-de-presse-exigible-a-compter-de-ce-jeudi-1e-decembre\/#primaryimage\",\"inLanguage\":\"fr-FR\",\"url\":\"https:\/\/www.nettali.com\/wp-content\/uploads\/2022\/10\/Daouda-Mine.jpeg\",\"contentUrl\":\"https:\/\/www.nettali.com\/wp-content\/uploads\/2022\/10\/Daouda-Mine.jpeg\",\"width\":1080,\"height\":720},{\"@type\":\"WebPage\",\"@id\":\"https:\/\/www.nettali.com\/2022\/11\/30\/medias-la-carte-nationale-de-presse-exigible-a-compter-de-ce-jeudi-1e-decembre\/#webpage\",\"url\":\"https:\/\/www.nettali.com\/2022\/11\/30\/medias-la-carte-nationale-de-presse-exigible-a-compter-de-ce-jeudi-1e-decembre\/\",\"name\":\"MEDIAS - La carte nationale de presse exigible \\u00e0 compter de ce jeudi 1e d\\u00e9cembre | Nettali.com\",\"isPartOf\":{\"@id\":\"https:\/\/www.nettali.com\/#website\"},\"primaryImageOfPage\":{\"@id\":\"https:\/\/www.nettali.com\/2022\/11\/30\/medias-la-carte-nationale-de-presse-exigible-a-compter-de-ce-jeudi-1e-decembre\/#primaryimage\"},\"datePublished\":\"2022-11-30T20:14:39+00:00\",\"dateModified\":\"2022-11-30T20:14:39+00:00\",\"author\":{\"@id\":\"https:\/\/www.nettali.com\/#\/schema\/person\/3317e0bb3aa1da309fbf7b2780901bf4\"},\"breadcrumb\":{\"@id\":\"https:\/\/www.nettali.com\/2022\/11\/30\/medias-la-carte-nationale-de-presse-exigible-a-compter-de-ce-jeudi-1e-decembre\/#breadcrumb\"},\"inLanguage\":\"fr-FR\",\"potentialAction\":[{\"@type\":\"ReadAction\",\"target\":[\"https:\/\/www.nettali.com\/2022\/11\/30\/medias-la-carte-nationale-de-presse-exigible-a-compter-de-ce-jeudi-1e-decembre\/\"]}]},{\"@type\":\"BreadcrumbList\",\"@id\":\"https:\/\/www.nettali.com\/2022\/11\/30\/medias-la-carte-nationale-de-presse-exigible-a-compter-de-ce-jeudi-1e-decembre\/#breadcrumb\",\"itemListElement\":[{\"@type\":\"ListItem\",\"position\":1,\"name\":\"Accueil\",\"item\":\"https:\/\/www.nettali.com\/\"},{\"@type\":\"ListItem\",\"position\":2,\"name\":\"MEDIAS - La carte nationale de presse exigible \\u00e0 compter de ce jeudi 1e d\\u00e9cembre\"}]},{\"@type\":\"Person\",\"@id\":\"https:\/\/www.nettali.com\/#\/schema\/person\/3317e0bb3aa1da309fbf7b2780901bf4\",\"name\":\"Daouda\",\"image\":{\"@type\":\"ImageObject\",\"@id\":\"https:\/\/www.nettali.com\/#personlogo\",\"inLanguage\":\"fr-FR\",\"url\":\"https:\/\/secure.gravatar.com\/avatar\/8d143b5a49345098ddcfee1c49c2f47c?s=96&d=mm&r=g\",\"contentUrl\":\"https:\/\/secure.gravatar.com\/avatar\/8d143b5a49345098ddcfee1c49c2f47c?s=96&d=mm&r=g\",\"caption\":\"Daouda\"},\"sameAs\":[\"https:\/\/www.nettali.com\"]}]}<\/script>\n<!-- \/ Yoast SEO Premium plugin. -->","yoast_head_json":{"title":"MEDIAS - La carte nationale de presse exigible \u00e0 compter de ce jeudi 1e d\u00e9cembre | Nettali.com","robots":{"index":"index","follow":"follow","max-snippet":"max-snippet:-1","max-image-preview":"max-image-preview:large","max-video-preview":"max-video-preview:-1"},"canonical":"https:\/\/www.nettali.com\/2022\/11\/30\/medias-la-carte-nationale-de-presse-exigible-a-compter-de-ce-jeudi-1e-decembre\/","og_locale":"fr_FR","og_type":"article","og_title":"MEDIAS - La carte nationale de presse exigible \u00e0 compter de ce jeudi 1e d\u00e9cembre","og_description":"NETTALI.COM - La carte nationale de presse sera exig\u00e9e \u00e0 partir de ce jeudi aux journalistes et aux techniciens des m\u00e9dias. L'annonce a \u00e9t\u00e9 faite par le pr\u00e9sident de la commission de la carte nationale de presse. \u00abApr\u00e8s un premier report (1er juin 2022) et un deuxi\u00e8me report (1er septembre 2022), la commission vous annonce [&hellip;]","og_url":"https:\/\/www.nettali.com\/2022\/11\/30\/medias-la-carte-nationale-de-presse-exigible-a-compter-de-ce-jeudi-1e-decembre\/","og_site_name":"Nettali.com","article_publisher":"https:\/\/www.facebook.com\/nettalicom","article_published_time":"2022-11-30T20:14:39+00:00","og_image":[{"width":1080,"height":720,"url":"https:\/\/www.nettali.com\/wp-content\/uploads\/2022\/10\/Daouda-Mine.jpeg","type":"image\/jpeg"}],"twitter_card":"summary_large_image","twitter_misc":{"\u00c9crit par":"Daouda","Dur\u00e9e de lecture estim\u00e9e":"3 minutes"},"schema":{"@context":"https:\/\/schema.org","@graph":[{"@type":"WebSite","@id":"https:\/\/www.nettali.com\/#website","url":"https:\/\/www.nettali.com\/","name":"Nettali.com","description":"Le rendez-vous critique du Net","potentialAction":[{"@type":"SearchAction","target":{"@type":"EntryPoint","urlTemplate":"https:\/\/www.nettali.com\/?s={search_term_string}"},"query-input":"required name=search_term_string"}],"inLanguage":"fr-FR"},{"@type":"ImageObject","@id":"https:\/\/www.nettali.com\/2022\/11\/30\/medias-la-carte-nationale-de-presse-exigible-a-compter-de-ce-jeudi-1e-decembre\/#primaryimage","inLanguage":"fr-FR","url":"https:\/\/www.nettali.com\/wp-content\/uploads\/2022\/10\/Daouda-Mine.jpeg","contentUrl":"https:\/\/www.nettali.com\/wp-content\/uploads\/2022\/10\/Daouda-Mine.jpeg","width":1080,"height":720},{"@type":"WebPage","@id":"https:\/\/www.nettali.com\/2022\/11\/30\/medias-la-carte-nationale-de-presse-exigible-a-compter-de-ce-jeudi-1e-decembre\/#webpage","url":"https:\/\/www.nettali.com\/2022\/11\/30\/medias-la-carte-nationale-de-presse-exigible-a-compter-de-ce-jeudi-1e-decembre\/","name":"MEDIAS - La carte nationale de presse exigible \u00e0 compter de ce jeudi 1e d\u00e9cembre | Nettali.com","isPartOf":{"@id":"https:\/\/www.nettali.com\/#website"},"primaryImageOfPage":{"@id":"https:\/\/www.nettali.com\/2022\/11\/30\/medias-la-carte-nationale-de-presse-exigible-a-compter-de-ce-jeudi-1e-decembre\/#primaryimage"},"datePublished":"2022-11-30T20:14:39+00:00","dateModified":"2022-11-30T20:14:39+00:00","author":{"@id":"https:\/\/www.nettali.com\/#\/schema\/person\/3317e0bb3aa1da309fbf7b2780901bf4"},"breadcrumb":{"@id":"https:\/\/www.nettali.com\/2022\/11\/30\/medias-la-carte-nationale-de-presse-exigible-a-compter-de-ce-jeudi-1e-decembre\/#breadcrumb"},"inLanguage":"fr-FR","potentialAction":[{"@type":"ReadAction","target":["https:\/\/www.nettali.com\/2022\/11\/30\/medias-la-carte-nationale-de-presse-exigible-a-compter-de-ce-jeudi-1e-decembre\/"]}]},{"@type":"BreadcrumbList","@id":"https:\/\/www.nettali.com\/2022\/11\/30\/medias-la-carte-nationale-de-presse-exigible-a-compter-de-ce-jeudi-1e-decembre\/#breadcrumb","itemListElement":[{"@type":"ListItem","position":1,"name":"Accueil","item":"https:\/\/www.nettali.com\/"},{"@type":"ListItem","position":2,"name":"MEDIAS - La carte nationale de presse exigible \u00e0 compter de ce jeudi 1e d\u00e9cembre"}]},{"@type":"Person","@id":"https:\/\/www.nettali.com\/#\/schema\/person\/3317e0bb3aa1da309fbf7b2780901bf4","name":"Daouda","image":{"@type":"ImageObject","@id":"https:\/\/www.nettali.com\/#personlogo","inLanguage":"fr-FR","url":"https:\/\/secure.gravatar.com\/avatar\/8d143b5a49345098ddcfee1c49c2f47c?s=96&d=mm&r=g","contentUrl":"https:\/\/secure.gravatar.com\/avatar\/8d143b5a49345098ddcfee1c49c2f47c?s=96&d=mm&r=g","caption":"Daouda"},"sameAs":["https:\/\/www.nettali.com"]}]}},"_links":{"self":[{"href":"https:\/\/www.nettali.com\/rest\/wp\/v2\/posts\/98660"}],"collection":[{"href":"https:\/\/www.nettali.com\/rest\/wp\/v2\/posts"}],"about":[{"href":"https:\/\/www.nettali.com\/rest\/wp\/v2\/types\/post"}],"author":[{"embeddable":true,"href":"https:\/\/www.nettali.com\/rest\/wp\/v2\/users\/4"}],"replies":[{"embeddable":true,"href":"https:\/\/www.nettali.com\/rest\/wp\/v2\/comments?post=98660"}],"version-history":[{"count":1,"href":"https:\/\/www.nettali.com\/rest\/wp\/v2\/posts\/98660\/revisions"}],"predecessor-version":[{"id":98663,"href":"https:\/\/www.nettali.com\/rest\/wp\/v2\/posts\/98660\/revisions\/98663"}],"wp:featuredmedia":[{"embeddable":true,"href":"https:\/\/www.nettali.com\/rest\/wp\/v2\/media\/95237"}],"wp:attachment":[{"href":"https:\/\/www.nettali.com\/rest\/wp\/v2\/media?parent=98660"}],"wp:term":[{"taxonomy":"category","embeddable":true,"href":"https:\/\/www.nettali.com\/rest\/wp\/v2\/categories?post=98660"},{"taxonomy":"post_tag","embeddable":true,"href":"https:\/\/www.nettali.com\/rest\/wp\/v2\/tags?post=98660"}],"curies":[{"name":"wp","href":"https:\/\/api.w.org\/{rel}","templated":true}]}}