{"id":98655,"date":"2022-11-30T18:42:43","date_gmt":"2022-11-30T18:42:43","guid":{"rendered":"https:\/\/www.nettali.com\/?p=98655"},"modified":"2022-12-01T17:42:21","modified_gmt":"2022-12-01T17:42:21","slug":"adji-sarr-sonko-la-confrontation-aura-lieu","status":"publish","type":"post","link":"https:\/\/www.nettali.com\/2022\/11\/30\/adji-sarr-sonko-la-confrontation-aura-lieu\/","title":{"rendered":"ADJI SARR-SONKO\u00a0- La confrontation aura lieu\u2026"},"content":{"rendered":"<p><strong>NETTALI.COM - Apr\u00e8s l\u2019audition dans le fond d\u2019Ousmane Sonko, le Doyen des juges, Oumar Maham Diallo a d\u00e9cid\u00e9 d\u2019organiser une confrontation entre l\u2019accusatrice, Adji Sarr et le leader de Pastef, Ousmane Sonko.<\/strong><\/p>\n<p>Il y aura bien une confrontation entre Adji Sarr et Ousmane Sonko.<\/p>\n<p>L\u2019ex-masseuse et le leader de Patriotes du S\u00e9n\u00e9gal pour le travail, l'\u00e9thique et la fraternit\u00e9 (PASTEF) feront face au Doyen des juges d\u2019instruction, Oumar Maham Diallo, le 6 d\u00e9cembre prochain. L\u2019information \u00e9mane des avocats de la pr\u00e9sum\u00e9e victime, Me El Hadji Diouf et Me Abdou Djaly Kane.<\/p>\n<p>Pour rappel, Ousmane Sonko a \u00e9t\u00e9 inculp\u00e9 en mars 2021 pour viols et menaces de mort et plac\u00e9 sous contr\u00f4le judiciaire \u00e0 l\u2019issue de la plainte d\u00e9pos\u00e9e en f\u00e9vrier de la m\u00eame ann\u00e9e par Adji Sarr.<\/p>\n<p>Le leader de l\u2019opposition, arriv\u00e9 troisi\u00e8me \u00e0 la pr\u00e9sidentielle de 2019, a toujours d\u00e9nonc\u00e9 un \u00ab complot \u00bb pour torpiller sa candidature \u00e0 la magistrature supr\u00eame en 2024.<\/p>\n<p>&nbsp;<\/p>\n<div class='share-to-whatsapp-wrapper'><div class='share-on-whsp'>PARTAGER SUR : <\/div><a data-text='ADJI SARR-SONKO\u00a0- La confrontation aura lieu\u2026' data-link='https:\/\/www.nettali.com\/2022\/11\/30\/adji-sarr-sonko-la-confrontation-aura-lieu\/' class='whatsapp-button whatsapp-share'>WhatsApp<\/a><div class='clear '><\/div><\/div>","protected":false},"excerpt":{"rendered":"<p>NETTALI.COM - Apr\u00e8s l\u2019audition dans le fond d\u2019Ousmane Sonko, le Doyen des juges, Oumar Maham Diallo a d\u00e9cid\u00e9 d\u2019organiser une confrontation entre l\u2019accusatrice, Adji Sarr et le leader de Pastef, Ousmane Sonko. Il y aura bien une confrontation entre Adji Sarr et Ousmane Sonko. L\u2019ex-masseuse et le leader de Patriotes du S\u00e9n\u00e9gal pour le travail, [&hellip;]<\/p>\n","protected":false},"author":4,"featured_media":86613,"comment_status":"open","ping_status":"open","sticky":false,"template":"","format":"standard","meta":{"_et_pb_use_builder":"","_et_pb_old_content":""},"categories":[3],"tags":[],"yoast_head":"<!-- This site is optimized with the Yoast SEO Premium plugin v17.8 (Yoast SEO v17.8) - https:\/\/yoast.com\/wordpress\/plugins\/seo\/ -->\n<title>ADJI SARR-SONKO\u00a0- La confrontation aura lieu\u2026 | Nettali.com<\/title>\n<meta name=\"robots\" content=\"index, follow, max-snippet:-1, max-image-preview:large, max-video-preview:-1\" \/>\n<link rel=\"canonical\" href=\"https:\/\/www.nettali.com\/2022\/11\/30\/adji-sarr-sonko-la-confrontation-aura-lieu\/\" \/>\n<meta property=\"og:locale\" content=\"fr_FR\" \/>\n<meta property=\"og:type\" content=\"article\" \/>\n<meta property=\"og:title\" content=\"ADJI SARR-SONKO\u00a0- La confrontation aura lieu\u2026\" \/>\n<meta property=\"og:description\" content=\"NETTALI.COM - Apr\u00e8s l\u2019audition dans le fond d\u2019Ousmane Sonko, le Doyen des juges, Oumar Maham Diallo a d\u00e9cid\u00e9 d\u2019organiser une confrontation entre l\u2019accusatrice, Adji Sarr et le leader de Pastef, Ousmane Sonko. Il y aura bien une confrontation entre Adji Sarr et Ousmane Sonko. L\u2019ex-masseuse et le leader de Patriotes du S\u00e9n\u00e9gal pour le travail, [&hellip;]\" \/>\n<meta property=\"og:url\" content=\"https:\/\/www.nettali.com\/2022\/11\/30\/adji-sarr-sonko-la-confrontation-aura-lieu\/\" \/>\n<meta property=\"og:site_name\" content=\"Nettali.com\" \/>\n<meta property=\"article:publisher\" content=\"https:\/\/www.facebook.com\/nettalicom\" \/>\n<meta property=\"article:published_time\" content=\"2022-11-30T18:42:43+00:00\" \/>\n<meta property=\"article:modified_time\" content=\"2022-12-01T17:42:21+00:00\" \/>\n<meta property=\"og:image\" content=\"https:\/\/www.nettali.com\/wp-content\/uploads\/2022\/05\/Sonko-Adji-Sarr.jpeg\" \/>\n\t<meta property=\"og:image:width\" content=\"592\" \/>\n\t<meta property=\"og:image:height\" content=\"296\" \/>\n<meta name=\"twitter:card\" content=\"summary_large_image\" \/>\n<meta name=\"twitter:label1\" content=\"\u00c9crit par\" \/>\n\t<meta name=\"twitter:data1\" content=\"Daouda\" \/>\n\t<meta name=\"twitter:label2\" content=\"Dur\u00e9e de lecture estim\u00e9e\" \/>\n\t<meta name=\"twitter:data2\" content=\"1 minute\" \/>\n<script type=\"application\/ld+json\" class=\"yoast-schema-graph\">{\"@context\":\"https:\/\/schema.org\",\"@graph\":[{\"@type\":\"WebSite\",\"@id\":\"https:\/\/www.nettali.com\/#website\",\"url\":\"https:\/\/www.nettali.com\/\",\"name\":\"Nettali.com\",\"description\":\"Le rendez-vous critique du Net\",\"potentialAction\":[{\"@type\":\"SearchAction\",\"target\":{\"@type\":\"EntryPoint\",\"urlTemplate\":\"https:\/\/www.nettali.com\/?s={search_term_string}\"},\"query-input\":\"required name=search_term_string\"}],\"inLanguage\":\"fr-FR\"},{\"@type\":\"ImageObject\",\"@id\":\"https:\/\/www.nettali.com\/2022\/11\/30\/adji-sarr-sonko-la-confrontation-aura-lieu\/#primaryimage\",\"inLanguage\":\"fr-FR\",\"url\":\"https:\/\/www.nettali.com\/wp-content\/uploads\/2022\/05\/Sonko-Adji-Sarr.jpeg\",\"contentUrl\":\"https:\/\/www.nettali.com\/wp-content\/uploads\/2022\/05\/Sonko-Adji-Sarr.jpeg\",\"width\":592,\"height\":296},{\"@type\":\"WebPage\",\"@id\":\"https:\/\/www.nettali.com\/2022\/11\/30\/adji-sarr-sonko-la-confrontation-aura-lieu\/#webpage\",\"url\":\"https:\/\/www.nettali.com\/2022\/11\/30\/adji-sarr-sonko-la-confrontation-aura-lieu\/\",\"name\":\"ADJI SARR-SONKO\\u00a0- La confrontation aura lieu\\u2026 | Nettali.com\",\"isPartOf\":{\"@id\":\"https:\/\/www.nettali.com\/#website\"},\"primaryImageOfPage\":{\"@id\":\"https:\/\/www.nettali.com\/2022\/11\/30\/adji-sarr-sonko-la-confrontation-aura-lieu\/#primaryimage\"},\"datePublished\":\"2022-11-30T18:42:43+00:00\",\"dateModified\":\"2022-12-01T17:42:21+00:00\",\"author\":{\"@id\":\"https:\/\/www.nettali.com\/#\/schema\/person\/3317e0bb3aa1da309fbf7b2780901bf4\"},\"breadcrumb\":{\"@id\":\"https:\/\/www.nettali.com\/2022\/11\/30\/adji-sarr-sonko-la-confrontation-aura-lieu\/#breadcrumb\"},\"inLanguage\":\"fr-FR\",\"potentialAction\":[{\"@type\":\"ReadAction\",\"target\":[\"https:\/\/www.nettali.com\/2022\/11\/30\/adji-sarr-sonko-la-confrontation-aura-lieu\/\"]}]},{\"@type\":\"BreadcrumbList\",\"@id\":\"https:\/\/www.nettali.com\/2022\/11\/30\/adji-sarr-sonko-la-confrontation-aura-lieu\/#breadcrumb\",\"itemListElement\":[{\"@type\":\"ListItem\",\"position\":1,\"name\":\"Accueil\",\"item\":\"https:\/\/www.nettali.com\/\"},{\"@type\":\"ListItem\",\"position\":2,\"name\":\"ADJI SARR-SONKO\\u00a0- La confrontation aura lieu\\u2026\"}]},{\"@type\":\"Person\",\"@id\":\"https:\/\/www.nettali.com\/#\/schema\/person\/3317e0bb3aa1da309fbf7b2780901bf4\",\"name\":\"Daouda\",\"image\":{\"@type\":\"ImageObject\",\"@id\":\"https:\/\/www.nettali.com\/#personlogo\",\"inLanguage\":\"fr-FR\",\"url\":\"https:\/\/secure.gravatar.com\/avatar\/8d143b5a49345098ddcfee1c49c2f47c?s=96&d=mm&r=g\",\"contentUrl\":\"https:\/\/secure.gravatar.com\/avatar\/8d143b5a49345098ddcfee1c49c2f47c?s=96&d=mm&r=g\",\"caption\":\"Daouda\"},\"sameAs\":[\"https:\/\/www.nettali.com\"]}]}<\/script>\n<!-- \/ Yoast SEO Premium plugin. -->","yoast_head_json":{"title":"ADJI SARR-SONKO\u00a0- La confrontation aura lieu\u2026 | Nettali.com","robots":{"index":"index","follow":"follow","max-snippet":"max-snippet:-1","max-image-preview":"max-image-preview:large","max-video-preview":"max-video-preview:-1"},"canonical":"https:\/\/www.nettali.com\/2022\/11\/30\/adji-sarr-sonko-la-confrontation-aura-lieu\/","og_locale":"fr_FR","og_type":"article","og_title":"ADJI SARR-SONKO\u00a0- La confrontation aura lieu\u2026","og_description":"NETTALI.COM - Apr\u00e8s l\u2019audition dans le fond d\u2019Ousmane Sonko, le Doyen des juges, Oumar Maham Diallo a d\u00e9cid\u00e9 d\u2019organiser une confrontation entre l\u2019accusatrice, Adji Sarr et le leader de Pastef, Ousmane Sonko. Il y aura bien une confrontation entre Adji Sarr et Ousmane Sonko. L\u2019ex-masseuse et le leader de Patriotes du S\u00e9n\u00e9gal pour le travail, [&hellip;]","og_url":"https:\/\/www.nettali.com\/2022\/11\/30\/adji-sarr-sonko-la-confrontation-aura-lieu\/","og_site_name":"Nettali.com","article_publisher":"https:\/\/www.facebook.com\/nettalicom","article_published_time":"2022-11-30T18:42:43+00:00","article_modified_time":"2022-12-01T17:42:21+00:00","og_image":[{"width":592,"height":296,"url":"https:\/\/www.nettali.com\/wp-content\/uploads\/2022\/05\/Sonko-Adji-Sarr.jpeg","type":"image\/jpeg"}],"twitter_card":"summary_large_image","twitter_misc":{"\u00c9crit par":"Daouda","Dur\u00e9e de lecture estim\u00e9e":"1 minute"},"schema":{"@context":"https:\/\/schema.org","@graph":[{"@type":"WebSite","@id":"https:\/\/www.nettali.com\/#website","url":"https:\/\/www.nettali.com\/","name":"Nettali.com","description":"Le rendez-vous critique du Net","potentialAction":[{"@type":"SearchAction","target":{"@type":"EntryPoint","urlTemplate":"https:\/\/www.nettali.com\/?s={search_term_string}"},"query-input":"required name=search_term_string"}],"inLanguage":"fr-FR"},{"@type":"ImageObject","@id":"https:\/\/www.nettali.com\/2022\/11\/30\/adji-sarr-sonko-la-confrontation-aura-lieu\/#primaryimage","inLanguage":"fr-FR","url":"https:\/\/www.nettali.com\/wp-content\/uploads\/2022\/05\/Sonko-Adji-Sarr.jpeg","contentUrl":"https:\/\/www.nettali.com\/wp-content\/uploads\/2022\/05\/Sonko-Adji-Sarr.jpeg","width":592,"height":296},{"@type":"WebPage","@id":"https:\/\/www.nettali.com\/2022\/11\/30\/adji-sarr-sonko-la-confrontation-aura-lieu\/#webpage","url":"https:\/\/www.nettali.com\/2022\/11\/30\/adji-sarr-sonko-la-confrontation-aura-lieu\/","name":"ADJI SARR-SONKO\u00a0- La confrontation aura lieu\u2026 | Nettali.com","isPartOf":{"@id":"https:\/\/www.nettali.com\/#website"},"primaryImageOfPage":{"@id":"https:\/\/www.nettali.com\/2022\/11\/30\/adji-sarr-sonko-la-confrontation-aura-lieu\/#primaryimage"},"datePublished":"2022-11-30T18:42:43+00:00","dateModified":"2022-12-01T17:42:21+00:00","author":{"@id":"https:\/\/www.nettali.com\/#\/schema\/person\/3317e0bb3aa1da309fbf7b2780901bf4"},"breadcrumb":{"@id":"https:\/\/www.nettali.com\/2022\/11\/30\/adji-sarr-sonko-la-confrontation-aura-lieu\/#breadcrumb"},"inLanguage":"fr-FR","potentialAction":[{"@type":"ReadAction","target":["https:\/\/www.nettali.com\/2022\/11\/30\/adji-sarr-sonko-la-confrontation-aura-lieu\/"]}]},{"@type":"BreadcrumbList","@id":"https:\/\/www.nettali.com\/2022\/11\/30\/adji-sarr-sonko-la-confrontation-aura-lieu\/#breadcrumb","itemListElement":[{"@type":"ListItem","position":1,"name":"Accueil","item":"https:\/\/www.nettali.com\/"},{"@type":"ListItem","position":2,"name":"ADJI SARR-SONKO\u00a0- La confrontation aura lieu\u2026"}]},{"@type":"Person","@id":"https:\/\/www.nettali.com\/#\/schema\/person\/3317e0bb3aa1da309fbf7b2780901bf4","name":"Daouda","image":{"@type":"ImageObject","@id":"https:\/\/www.nettali.com\/#personlogo","inLanguage":"fr-FR","url":"https:\/\/secure.gravatar.com\/avatar\/8d143b5a49345098ddcfee1c49c2f47c?s=96&d=mm&r=g","contentUrl":"https:\/\/secure.gravatar.com\/avatar\/8d143b5a49345098ddcfee1c49c2f47c?s=96&d=mm&r=g","caption":"Daouda"},"sameAs":["https:\/\/www.nettali.com"]}]}},"_links":{"self":[{"href":"https:\/\/www.nettali.com\/rest\/wp\/v2\/posts\/98655"}],"collection":[{"href":"https:\/\/www.nettali.com\/rest\/wp\/v2\/posts"}],"about":[{"href":"https:\/\/www.nettali.com\/rest\/wp\/v2\/types\/post"}],"author":[{"embeddable":true,"href":"https:\/\/www.nettali.com\/rest\/wp\/v2\/users\/4"}],"replies":[{"embeddable":true,"href":"https:\/\/www.nettali.com\/rest\/wp\/v2\/comments?post=98655"}],"version-history":[{"count":2,"href":"https:\/\/www.nettali.com\/rest\/wp\/v2\/posts\/98655\/revisions"}],"predecessor-version":[{"id":98728,"href":"https:\/\/www.nettali.com\/rest\/wp\/v2\/posts\/98655\/revisions\/98728"}],"wp:featuredmedia":[{"embeddable":true,"href":"https:\/\/www.nettali.com\/rest\/wp\/v2\/media\/86613"}],"wp:attachment":[{"href":"https:\/\/www.nettali.com\/rest\/wp\/v2\/media?parent=98655"}],"wp:term":[{"taxonomy":"category","embeddable":true,"href":"https:\/\/www.nettali.com\/rest\/wp\/v2\/categories?post=98655"},{"taxonomy":"post_tag","embeddable":true,"href":"https:\/\/www.nettali.com\/rest\/wp\/v2\/tags?post=98655"}],"curies":[{"name":"wp","href":"https:\/\/api.w.org\/{rel}","templated":true}]}}