{"id":98594,"date":"2022-11-29T13:55:19","date_gmt":"2022-11-29T13:55:19","guid":{"rendered":"https:\/\/www.nettali.com\/?p=98594"},"modified":"2022-11-29T20:14:05","modified_gmt":"2022-11-29T20:14:05","slug":"incidents-de-tchiky-3-gardes-du-corps-de-sonko-et-un-responsable-de-lapr-condamnes","status":"publish","type":"post","link":"https:\/\/www.nettali.com\/2022\/11\/29\/incidents-de-tchiky-3-gardes-du-corps-de-sonko-et-un-responsable-de-lapr-condamnes\/","title":{"rendered":"INCIDENTS DE TCHIKY \u2013 3 gardes du corps de Sonko et un responsable de l\u2019Apr condamn\u00e9s"},"content":{"rendered":"<p><strong>NETTALI.COM - Les gardes du corps du leader du Pastef, Ousmane Sonko, sont fix\u00e9s sur leur sort. Le juge Pierre Tine, qui pr\u00e9sidait l'audience devant le tribunal des flagrants d\u00e9lits du tribunal de grande instance de Mbour, a rendu son verdict ce mardi.\u00a0<\/strong><\/p>\n<p>Le juge a inflig\u00e9 au responsable de l\u2019Alliance pour la R\u00e9publique (Apr), Oumar Ndione, une peine de deux mois de prison ferme. Il a \u00e9t\u00e9 reconnu coupable de coups et blessures volontaires. \u00a0Il est du camp adverse, celui de l'Apr. Du c\u00f4t\u00e9 des gardes du leader de Pastef, trois d\u2019entre eux, Lamine Sonko, Mamadou Diop et Diakhat\u00e9 Diop, ont \u00e9t\u00e9 reconnus coupables de coups et blessures volontaires et \u00a0condamn\u00e9s \u00e0 1 mois ferme. Les deux autres, Modou Diaw et Ibrahima Boye, ont \u00e9t\u00e9 relax\u00e9s.<\/p>\n<p>Lors du proc\u00e8s, plus d'une quinzaine de personnes ont \u00e9t\u00e9 appel\u00e9es \u00e0 la barre du tribunal pour revenir sur les faits qui ont valu \u00e0 Lamine Sonko, Mamadou Diop, Ibrahima Boye, Modou Diaw et Diakhat\u00e9 Diop, les gardes du corps d'Ousmane Sonko, leur arrestation le jour de l'audition du leader de Pastef devant le Doyen des juges dans l'affaire l'opposant \u00e0 Adji Sarr.<\/p>\n<p>Devant la barre, les mis en cause ont unanimement plaid\u00e9 non coupables. Ils ont soutenu n'avoir rien \u00e0 voir avec les faits qui leur sont reproch\u00e9s.<\/p>\n<p>Apr\u00e8s les d\u00e9bats d'audience, le procureur, convaincu de leur culpabilit\u00e9,\u00a0 avait requis 2 ans dont 1 an ferme contre les gardes du corps d'Ousmane Sonko et 1 an dont 6 mois ferme contre Oumar Ndione, un militant de l'Alliance pour la R\u00e9publique (Apr).<\/p>\n<div class='share-to-whatsapp-wrapper'><div class='share-on-whsp'>PARTAGER SUR : <\/div><a data-text='INCIDENTS DE TCHIKY \u2013 3 gardes du corps de Sonko et un responsable de l\u2019Apr condamn\u00e9s' data-link='https:\/\/www.nettali.com\/2022\/11\/29\/incidents-de-tchiky-3-gardes-du-corps-de-sonko-et-un-responsable-de-lapr-condamnes\/' class='whatsapp-button whatsapp-share'>WhatsApp<\/a><div class='clear '><\/div><\/div>","protected":false},"excerpt":{"rendered":"<p>NETTALI.COM - Les gardes du corps du leader du Pastef, Ousmane Sonko, sont fix\u00e9s sur leur sort. Le juge Pierre Tine, qui pr\u00e9sidait l'audience devant le tribunal des flagrants d\u00e9lits du tribunal de grande instance de Mbour, a rendu son verdict ce mardi.\u00a0 Le juge a inflig\u00e9 au responsable de l\u2019Alliance pour la R\u00e9publique (Apr), [&hellip;]<\/p>\n","protected":false},"author":4,"featured_media":97023,"comment_status":"open","ping_status":"open","sticky":false,"template":"","format":"standard","meta":{"_et_pb_use_builder":"","_et_pb_old_content":""},"categories":[3],"tags":[],"yoast_head":"<!-- This site is optimized with the Yoast SEO Premium plugin v17.8 (Yoast SEO v17.8) - https:\/\/yoast.com\/wordpress\/plugins\/seo\/ -->\n<title>INCIDENTS DE TCHIKY \u2013 3 gardes du corps de Sonko et un responsable de l\u2019Apr condamn\u00e9s | Nettali.com<\/title>\n<meta name=\"robots\" content=\"index, follow, max-snippet:-1, max-image-preview:large, max-video-preview:-1\" \/>\n<link rel=\"canonical\" href=\"https:\/\/www.nettali.com\/2022\/11\/29\/incidents-de-tchiky-3-gardes-du-corps-de-sonko-et-un-responsable-de-lapr-condamnes\/\" \/>\n<meta property=\"og:locale\" content=\"fr_FR\" \/>\n<meta property=\"og:type\" content=\"article\" \/>\n<meta property=\"og:title\" content=\"INCIDENTS DE TCHIKY \u2013 3 gardes du corps de Sonko et un responsable de l\u2019Apr condamn\u00e9s\" \/>\n<meta property=\"og:description\" content=\"NETTALI.COM - Les gardes du corps du leader du Pastef, Ousmane Sonko, sont fix\u00e9s sur leur sort. Le juge Pierre Tine, qui pr\u00e9sidait l&#039;audience devant le tribunal des flagrants d\u00e9lits du tribunal de grande instance de Mbour, a rendu son verdict ce mardi.\u00a0 Le juge a inflig\u00e9 au responsable de l\u2019Alliance pour la R\u00e9publique (Apr), [&hellip;]\" \/>\n<meta property=\"og:url\" content=\"https:\/\/www.nettali.com\/2022\/11\/29\/incidents-de-tchiky-3-gardes-du-corps-de-sonko-et-un-responsable-de-lapr-condamnes\/\" \/>\n<meta property=\"og:site_name\" content=\"Nettali.com\" \/>\n<meta property=\"article:publisher\" content=\"https:\/\/www.facebook.com\/nettalicom\" \/>\n<meta property=\"article:published_time\" content=\"2022-11-29T13:55:19+00:00\" \/>\n<meta property=\"article:modified_time\" content=\"2022-11-29T20:14:05+00:00\" \/>\n<meta property=\"og:image\" content=\"https:\/\/www.nettali.com\/wp-content\/uploads\/2022\/11\/sonko-et-garde-du-corps.jpeg\" \/>\n\t<meta property=\"og:image:width\" content=\"828\" \/>\n\t<meta property=\"og:image:height\" content=\"636\" \/>\n<meta name=\"twitter:card\" content=\"summary_large_image\" \/>\n<meta name=\"twitter:label1\" content=\"\u00c9crit par\" \/>\n\t<meta name=\"twitter:data1\" content=\"Daouda\" \/>\n\t<meta name=\"twitter:label2\" content=\"Dur\u00e9e de lecture estim\u00e9e\" \/>\n\t<meta name=\"twitter:data2\" content=\"2 minutes\" \/>\n<script type=\"application\/ld+json\" class=\"yoast-schema-graph\">{\"@context\":\"https:\/\/schema.org\",\"@graph\":[{\"@type\":\"WebSite\",\"@id\":\"https:\/\/www.nettali.com\/#website\",\"url\":\"https:\/\/www.nettali.com\/\",\"name\":\"Nettali.com\",\"description\":\"Le rendez-vous critique du Net\",\"potentialAction\":[{\"@type\":\"SearchAction\",\"target\":{\"@type\":\"EntryPoint\",\"urlTemplate\":\"https:\/\/www.nettali.com\/?s={search_term_string}\"},\"query-input\":\"required name=search_term_string\"}],\"inLanguage\":\"fr-FR\"},{\"@type\":\"ImageObject\",\"@id\":\"https:\/\/www.nettali.com\/2022\/11\/29\/incidents-de-tchiky-3-gardes-du-corps-de-sonko-et-un-responsable-de-lapr-condamnes\/#primaryimage\",\"inLanguage\":\"fr-FR\",\"url\":\"https:\/\/www.nettali.com\/wp-content\/uploads\/2022\/11\/sonko-et-garde-du-corps.jpeg\",\"contentUrl\":\"https:\/\/www.nettali.com\/wp-content\/uploads\/2022\/11\/sonko-et-garde-du-corps.jpeg\",\"width\":828,\"height\":636},{\"@type\":\"WebPage\",\"@id\":\"https:\/\/www.nettali.com\/2022\/11\/29\/incidents-de-tchiky-3-gardes-du-corps-de-sonko-et-un-responsable-de-lapr-condamnes\/#webpage\",\"url\":\"https:\/\/www.nettali.com\/2022\/11\/29\/incidents-de-tchiky-3-gardes-du-corps-de-sonko-et-un-responsable-de-lapr-condamnes\/\",\"name\":\"INCIDENTS DE TCHIKY \\u2013 3 gardes du corps de Sonko et un responsable de l\\u2019Apr condamn\\u00e9s | Nettali.com\",\"isPartOf\":{\"@id\":\"https:\/\/www.nettali.com\/#website\"},\"primaryImageOfPage\":{\"@id\":\"https:\/\/www.nettali.com\/2022\/11\/29\/incidents-de-tchiky-3-gardes-du-corps-de-sonko-et-un-responsable-de-lapr-condamnes\/#primaryimage\"},\"datePublished\":\"2022-11-29T13:55:19+00:00\",\"dateModified\":\"2022-11-29T20:14:05+00:00\",\"author\":{\"@id\":\"https:\/\/www.nettali.com\/#\/schema\/person\/3317e0bb3aa1da309fbf7b2780901bf4\"},\"breadcrumb\":{\"@id\":\"https:\/\/www.nettali.com\/2022\/11\/29\/incidents-de-tchiky-3-gardes-du-corps-de-sonko-et-un-responsable-de-lapr-condamnes\/#breadcrumb\"},\"inLanguage\":\"fr-FR\",\"potentialAction\":[{\"@type\":\"ReadAction\",\"target\":[\"https:\/\/www.nettali.com\/2022\/11\/29\/incidents-de-tchiky-3-gardes-du-corps-de-sonko-et-un-responsable-de-lapr-condamnes\/\"]}]},{\"@type\":\"BreadcrumbList\",\"@id\":\"https:\/\/www.nettali.com\/2022\/11\/29\/incidents-de-tchiky-3-gardes-du-corps-de-sonko-et-un-responsable-de-lapr-condamnes\/#breadcrumb\",\"itemListElement\":[{\"@type\":\"ListItem\",\"position\":1,\"name\":\"Accueil\",\"item\":\"https:\/\/www.nettali.com\/\"},{\"@type\":\"ListItem\",\"position\":2,\"name\":\"INCIDENTS DE TCHIKY \\u2013 3 gardes du corps de Sonko et un responsable de l\\u2019Apr condamn\\u00e9s\"}]},{\"@type\":\"Person\",\"@id\":\"https:\/\/www.nettali.com\/#\/schema\/person\/3317e0bb3aa1da309fbf7b2780901bf4\",\"name\":\"Daouda\",\"image\":{\"@type\":\"ImageObject\",\"@id\":\"https:\/\/www.nettali.com\/#personlogo\",\"inLanguage\":\"fr-FR\",\"url\":\"https:\/\/secure.gravatar.com\/avatar\/8d143b5a49345098ddcfee1c49c2f47c?s=96&d=mm&r=g\",\"contentUrl\":\"https:\/\/secure.gravatar.com\/avatar\/8d143b5a49345098ddcfee1c49c2f47c?s=96&d=mm&r=g\",\"caption\":\"Daouda\"},\"sameAs\":[\"https:\/\/www.nettali.com\"]}]}<\/script>\n<!-- \/ Yoast SEO Premium plugin. -->","yoast_head_json":{"title":"INCIDENTS DE TCHIKY \u2013 3 gardes du corps de Sonko et un responsable de l\u2019Apr condamn\u00e9s | Nettali.com","robots":{"index":"index","follow":"follow","max-snippet":"max-snippet:-1","max-image-preview":"max-image-preview:large","max-video-preview":"max-video-preview:-1"},"canonical":"https:\/\/www.nettali.com\/2022\/11\/29\/incidents-de-tchiky-3-gardes-du-corps-de-sonko-et-un-responsable-de-lapr-condamnes\/","og_locale":"fr_FR","og_type":"article","og_title":"INCIDENTS DE TCHIKY \u2013 3 gardes du corps de Sonko et un responsable de l\u2019Apr condamn\u00e9s","og_description":"NETTALI.COM - Les gardes du corps du leader du Pastef, Ousmane Sonko, sont fix\u00e9s sur leur sort. Le juge Pierre Tine, qui pr\u00e9sidait l'audience devant le tribunal des flagrants d\u00e9lits du tribunal de grande instance de Mbour, a rendu son verdict ce mardi.\u00a0 Le juge a inflig\u00e9 au responsable de l\u2019Alliance pour la R\u00e9publique (Apr), [&hellip;]","og_url":"https:\/\/www.nettali.com\/2022\/11\/29\/incidents-de-tchiky-3-gardes-du-corps-de-sonko-et-un-responsable-de-lapr-condamnes\/","og_site_name":"Nettali.com","article_publisher":"https:\/\/www.facebook.com\/nettalicom","article_published_time":"2022-11-29T13:55:19+00:00","article_modified_time":"2022-11-29T20:14:05+00:00","og_image":[{"width":828,"height":636,"url":"https:\/\/www.nettali.com\/wp-content\/uploads\/2022\/11\/sonko-et-garde-du-corps.jpeg","type":"image\/jpeg"}],"twitter_card":"summary_large_image","twitter_misc":{"\u00c9crit par":"Daouda","Dur\u00e9e de lecture estim\u00e9e":"2 minutes"},"schema":{"@context":"https:\/\/schema.org","@graph":[{"@type":"WebSite","@id":"https:\/\/www.nettali.com\/#website","url":"https:\/\/www.nettali.com\/","name":"Nettali.com","description":"Le rendez-vous critique du Net","potentialAction":[{"@type":"SearchAction","target":{"@type":"EntryPoint","urlTemplate":"https:\/\/www.nettali.com\/?s={search_term_string}"},"query-input":"required name=search_term_string"}],"inLanguage":"fr-FR"},{"@type":"ImageObject","@id":"https:\/\/www.nettali.com\/2022\/11\/29\/incidents-de-tchiky-3-gardes-du-corps-de-sonko-et-un-responsable-de-lapr-condamnes\/#primaryimage","inLanguage":"fr-FR","url":"https:\/\/www.nettali.com\/wp-content\/uploads\/2022\/11\/sonko-et-garde-du-corps.jpeg","contentUrl":"https:\/\/www.nettali.com\/wp-content\/uploads\/2022\/11\/sonko-et-garde-du-corps.jpeg","width":828,"height":636},{"@type":"WebPage","@id":"https:\/\/www.nettali.com\/2022\/11\/29\/incidents-de-tchiky-3-gardes-du-corps-de-sonko-et-un-responsable-de-lapr-condamnes\/#webpage","url":"https:\/\/www.nettali.com\/2022\/11\/29\/incidents-de-tchiky-3-gardes-du-corps-de-sonko-et-un-responsable-de-lapr-condamnes\/","name":"INCIDENTS DE TCHIKY \u2013 3 gardes du corps de Sonko et un responsable de l\u2019Apr condamn\u00e9s | Nettali.com","isPartOf":{"@id":"https:\/\/www.nettali.com\/#website"},"primaryImageOfPage":{"@id":"https:\/\/www.nettali.com\/2022\/11\/29\/incidents-de-tchiky-3-gardes-du-corps-de-sonko-et-un-responsable-de-lapr-condamnes\/#primaryimage"},"datePublished":"2022-11-29T13:55:19+00:00","dateModified":"2022-11-29T20:14:05+00:00","author":{"@id":"https:\/\/www.nettali.com\/#\/schema\/person\/3317e0bb3aa1da309fbf7b2780901bf4"},"breadcrumb":{"@id":"https:\/\/www.nettali.com\/2022\/11\/29\/incidents-de-tchiky-3-gardes-du-corps-de-sonko-et-un-responsable-de-lapr-condamnes\/#breadcrumb"},"inLanguage":"fr-FR","potentialAction":[{"@type":"ReadAction","target":["https:\/\/www.nettali.com\/2022\/11\/29\/incidents-de-tchiky-3-gardes-du-corps-de-sonko-et-un-responsable-de-lapr-condamnes\/"]}]},{"@type":"BreadcrumbList","@id":"https:\/\/www.nettali.com\/2022\/11\/29\/incidents-de-tchiky-3-gardes-du-corps-de-sonko-et-un-responsable-de-lapr-condamnes\/#breadcrumb","itemListElement":[{"@type":"ListItem","position":1,"name":"Accueil","item":"https:\/\/www.nettali.com\/"},{"@type":"ListItem","position":2,"name":"INCIDENTS DE TCHIKY \u2013 3 gardes du corps de Sonko et un responsable de l\u2019Apr condamn\u00e9s"}]},{"@type":"Person","@id":"https:\/\/www.nettali.com\/#\/schema\/person\/3317e0bb3aa1da309fbf7b2780901bf4","name":"Daouda","image":{"@type":"ImageObject","@id":"https:\/\/www.nettali.com\/#personlogo","inLanguage":"fr-FR","url":"https:\/\/secure.gravatar.com\/avatar\/8d143b5a49345098ddcfee1c49c2f47c?s=96&d=mm&r=g","contentUrl":"https:\/\/secure.gravatar.com\/avatar\/8d143b5a49345098ddcfee1c49c2f47c?s=96&d=mm&r=g","caption":"Daouda"},"sameAs":["https:\/\/www.nettali.com"]}]}},"_links":{"self":[{"href":"https:\/\/www.nettali.com\/rest\/wp\/v2\/posts\/98594"}],"collection":[{"href":"https:\/\/www.nettali.com\/rest\/wp\/v2\/posts"}],"about":[{"href":"https:\/\/www.nettali.com\/rest\/wp\/v2\/types\/post"}],"author":[{"embeddable":true,"href":"https:\/\/www.nettali.com\/rest\/wp\/v2\/users\/4"}],"replies":[{"embeddable":true,"href":"https:\/\/www.nettali.com\/rest\/wp\/v2\/comments?post=98594"}],"version-history":[{"count":1,"href":"https:\/\/www.nettali.com\/rest\/wp\/v2\/posts\/98594\/revisions"}],"predecessor-version":[{"id":98595,"href":"https:\/\/www.nettali.com\/rest\/wp\/v2\/posts\/98594\/revisions\/98595"}],"wp:featuredmedia":[{"embeddable":true,"href":"https:\/\/www.nettali.com\/rest\/wp\/v2\/media\/97023"}],"wp:attachment":[{"href":"https:\/\/www.nettali.com\/rest\/wp\/v2\/media?parent=98594"}],"wp:term":[{"taxonomy":"category","embeddable":true,"href":"https:\/\/www.nettali.com\/rest\/wp\/v2\/categories?post=98594"},{"taxonomy":"post_tag","embeddable":true,"href":"https:\/\/www.nettali.com\/rest\/wp\/v2\/tags?post=98594"}],"curies":[{"name":"wp","href":"https:\/\/api.w.org\/{rel}","templated":true}]}}