{"id":98587,"date":"2022-11-29T13:36:33","date_gmt":"2022-11-29T13:36:33","guid":{"rendered":"https:\/\/www.nettali.com\/?p=98587"},"modified":"2022-11-29T13:36:33","modified_gmt":"2022-11-29T13:36:33","slug":"axe-dahra-mbeuleukhe-un-accident-fait-deux-morts-et-23-blesses","status":"publish","type":"post","link":"https:\/\/www.nettali.com\/2022\/11\/29\/axe-dahra-mbeuleukhe-un-accident-fait-deux-morts-et-23-blesses\/","title":{"rendered":"AXE DAHRA- MBEULEUKH\u00c9 - Un accident fait deux morts et 23 bless\u00e9s"},"content":{"rendered":"<p style=\"text-align: left;\"><strong>NETTALI.COM - Encore un accident de la circulation. Ce lundi 28 novembre, un v\u00e9hicule de transport en commun commun\u00e9ment \"wopouya\" en partance vers Mbeuleukh\u00e9 s\u2019est renvers\u00e9 aux environs de 17 heures. Bilan : deux morts et 23 bless\u00e9s.<\/strong><\/p>\n<p>Le violent accident s\u2019est produit sur l\u2019axe Dahra- Mbeuleukh\u00e9 \u00e0 hauteur du village de Dendi\u00e9ly.<\/p>\n<p>Selon notre source, une d\u00e9faillance m\u00e9canique serait \u00e0 l\u2019origine de l\u2019accident, l\u2019un des pneus avant s\u2019est d\u00e9tach\u00e9 et le v\u00e9hicule s\u2019est renvers\u00e9 faisant plusieurs tonneaux.<br \/>\nLes deux personnes d\u00e9c\u00e9d\u00e9es, toutes des femmes, sont transport\u00e9es \u00e0 la morgue du centre de sant\u00e9 \u00c9lisabeth Diouf de Dahra. Les 23 bless\u00e9s sont admis aux urgences dudit centre de sant\u00e9. Parmi les bless\u00e9s, certains ont des fractures, d\u2019autres souffrent de traumatisme cr\u00e2nien.<\/p>\n<p>L'on ajoute que les victimes de l'accident se rendaient \u00e0 un bapt\u00eame \u00e0 Mbeuleukh\u00e9. La gendarmerie de Dahra a fait le constat avec les blouses blanches. Une enqu\u00eate est ouverte.<\/p>\n<div class='share-to-whatsapp-wrapper'><div class='share-on-whsp'>PARTAGER SUR : <\/div><a data-text='AXE DAHRA- MBEULEUKH\u00c9 - Un accident fait deux morts et 23 bless\u00e9s' data-link='https:\/\/www.nettali.com\/2022\/11\/29\/axe-dahra-mbeuleukhe-un-accident-fait-deux-morts-et-23-blesses\/' class='whatsapp-button whatsapp-share'>WhatsApp<\/a><div class='clear '><\/div><\/div>","protected":false},"excerpt":{"rendered":"<p>NETTALI.COM - Encore un accident de la circulation. Ce lundi 28 novembre, un v\u00e9hicule de transport en commun commun\u00e9ment \"wopouya\" en partance vers Mbeuleukh\u00e9 s\u2019est renvers\u00e9 aux environs de 17 heures. Bilan : deux morts et 23 bless\u00e9s. Le violent accident s\u2019est produit sur l\u2019axe Dahra- Mbeuleukh\u00e9 \u00e0 hauteur du village de Dendi\u00e9ly. Selon notre [&hellip;]<\/p>\n","protected":false},"author":5,"featured_media":83857,"comment_status":"open","ping_status":"open","sticky":false,"template":"","format":"standard","meta":{"_et_pb_use_builder":"","_et_pb_old_content":""},"categories":[3],"tags":[],"yoast_head":"<!-- This site is optimized with the Yoast SEO Premium plugin v17.8 (Yoast SEO v17.8) - https:\/\/yoast.com\/wordpress\/plugins\/seo\/ -->\n<title>AXE DAHRA- MBEULEUKH\u00c9 - Un accident fait deux morts et 23 bless\u00e9s | Nettali.com<\/title>\n<meta name=\"robots\" content=\"index, follow, max-snippet:-1, max-image-preview:large, max-video-preview:-1\" \/>\n<link rel=\"canonical\" href=\"https:\/\/www.nettali.com\/2022\/11\/29\/axe-dahra-mbeuleukhe-un-accident-fait-deux-morts-et-23-blesses\/\" \/>\n<meta property=\"og:locale\" content=\"fr_FR\" \/>\n<meta property=\"og:type\" content=\"article\" \/>\n<meta property=\"og:title\" content=\"AXE DAHRA- MBEULEUKH\u00c9 - Un accident fait deux morts et 23 bless\u00e9s\" \/>\n<meta property=\"og:description\" content=\"NETTALI.COM - Encore un accident de la circulation. Ce lundi 28 novembre, un v\u00e9hicule de transport en commun commun\u00e9ment &quot;wopouya&quot; en partance vers Mbeuleukh\u00e9 s\u2019est renvers\u00e9 aux environs de 17 heures. Bilan : deux morts et 23 bless\u00e9s. Le violent accident s\u2019est produit sur l\u2019axe Dahra- Mbeuleukh\u00e9 \u00e0 hauteur du village de Dendi\u00e9ly. Selon notre [&hellip;]\" \/>\n<meta property=\"og:url\" content=\"https:\/\/www.nettali.com\/2022\/11\/29\/axe-dahra-mbeuleukhe-un-accident-fait-deux-morts-et-23-blesses\/\" \/>\n<meta property=\"og:site_name\" content=\"Nettali.com\" \/>\n<meta property=\"article:publisher\" content=\"https:\/\/www.facebook.com\/nettalicom\" \/>\n<meta property=\"article:published_time\" content=\"2022-11-29T13:36:33+00:00\" \/>\n<meta property=\"og:image\" content=\"https:\/\/www.nettali.com\/wp-content\/uploads\/2022\/03\/accident.jpg\" \/>\n\t<meta property=\"og:image:width\" content=\"598\" \/>\n\t<meta property=\"og:image:height\" content=\"356\" \/>\n<meta name=\"twitter:card\" content=\"summary_large_image\" \/>\n<meta name=\"twitter:label1\" content=\"\u00c9crit par\" \/>\n\t<meta name=\"twitter:data1\" content=\"Ibrahima\" \/>\n\t<meta name=\"twitter:label2\" content=\"Dur\u00e9e de lecture estim\u00e9e\" \/>\n\t<meta name=\"twitter:data2\" content=\"1 minute\" \/>\n<script type=\"application\/ld+json\" class=\"yoast-schema-graph\">{\"@context\":\"https:\/\/schema.org\",\"@graph\":[{\"@type\":\"WebSite\",\"@id\":\"https:\/\/www.nettali.com\/#website\",\"url\":\"https:\/\/www.nettali.com\/\",\"name\":\"Nettali.com\",\"description\":\"Le rendez-vous critique du Net\",\"potentialAction\":[{\"@type\":\"SearchAction\",\"target\":{\"@type\":\"EntryPoint\",\"urlTemplate\":\"https:\/\/www.nettali.com\/?s={search_term_string}\"},\"query-input\":\"required name=search_term_string\"}],\"inLanguage\":\"fr-FR\"},{\"@type\":\"ImageObject\",\"@id\":\"https:\/\/www.nettali.com\/2022\/11\/29\/axe-dahra-mbeuleukhe-un-accident-fait-deux-morts-et-23-blesses\/#primaryimage\",\"inLanguage\":\"fr-FR\",\"url\":\"https:\/\/www.nettali.com\/wp-content\/uploads\/2022\/03\/accident.jpg\",\"contentUrl\":\"https:\/\/www.nettali.com\/wp-content\/uploads\/2022\/03\/accident.jpg\",\"width\":598,\"height\":356},{\"@type\":\"WebPage\",\"@id\":\"https:\/\/www.nettali.com\/2022\/11\/29\/axe-dahra-mbeuleukhe-un-accident-fait-deux-morts-et-23-blesses\/#webpage\",\"url\":\"https:\/\/www.nettali.com\/2022\/11\/29\/axe-dahra-mbeuleukhe-un-accident-fait-deux-morts-et-23-blesses\/\",\"name\":\"AXE DAHRA- MBEULEUKH\\u00c9 - Un accident fait deux morts et 23 bless\\u00e9s | Nettali.com\",\"isPartOf\":{\"@id\":\"https:\/\/www.nettali.com\/#website\"},\"primaryImageOfPage\":{\"@id\":\"https:\/\/www.nettali.com\/2022\/11\/29\/axe-dahra-mbeuleukhe-un-accident-fait-deux-morts-et-23-blesses\/#primaryimage\"},\"datePublished\":\"2022-11-29T13:36:33+00:00\",\"dateModified\":\"2022-11-29T13:36:33+00:00\",\"author\":{\"@id\":\"https:\/\/www.nettali.com\/#\/schema\/person\/bb147657c2986240405a608162b9bb23\"},\"breadcrumb\":{\"@id\":\"https:\/\/www.nettali.com\/2022\/11\/29\/axe-dahra-mbeuleukhe-un-accident-fait-deux-morts-et-23-blesses\/#breadcrumb\"},\"inLanguage\":\"fr-FR\",\"potentialAction\":[{\"@type\":\"ReadAction\",\"target\":[\"https:\/\/www.nettali.com\/2022\/11\/29\/axe-dahra-mbeuleukhe-un-accident-fait-deux-morts-et-23-blesses\/\"]}]},{\"@type\":\"BreadcrumbList\",\"@id\":\"https:\/\/www.nettali.com\/2022\/11\/29\/axe-dahra-mbeuleukhe-un-accident-fait-deux-morts-et-23-blesses\/#breadcrumb\",\"itemListElement\":[{\"@type\":\"ListItem\",\"position\":1,\"name\":\"Accueil\",\"item\":\"https:\/\/www.nettali.com\/\"},{\"@type\":\"ListItem\",\"position\":2,\"name\":\"AXE DAHRA- MBEULEUKH\\u00c9 - Un accident fait deux morts et 23 bless\\u00e9s\"}]},{\"@type\":\"Person\",\"@id\":\"https:\/\/www.nettali.com\/#\/schema\/person\/bb147657c2986240405a608162b9bb23\",\"name\":\"Ibrahima\",\"image\":{\"@type\":\"ImageObject\",\"@id\":\"https:\/\/www.nettali.com\/#personlogo\",\"inLanguage\":\"fr-FR\",\"url\":\"https:\/\/secure.gravatar.com\/avatar\/26a8a81f09f0dd7624c9d5c36c9ba3a2?s=96&d=mm&r=g\",\"contentUrl\":\"https:\/\/secure.gravatar.com\/avatar\/26a8a81f09f0dd7624c9d5c36c9ba3a2?s=96&d=mm&r=g\",\"caption\":\"Ibrahima\"},\"sameAs\":[\"https:\/\/www.nettali.com\"]}]}<\/script>\n<!-- \/ Yoast SEO Premium plugin. -->","yoast_head_json":{"title":"AXE DAHRA- MBEULEUKH\u00c9 - Un accident fait deux morts et 23 bless\u00e9s | Nettali.com","robots":{"index":"index","follow":"follow","max-snippet":"max-snippet:-1","max-image-preview":"max-image-preview:large","max-video-preview":"max-video-preview:-1"},"canonical":"https:\/\/www.nettali.com\/2022\/11\/29\/axe-dahra-mbeuleukhe-un-accident-fait-deux-morts-et-23-blesses\/","og_locale":"fr_FR","og_type":"article","og_title":"AXE DAHRA- MBEULEUKH\u00c9 - Un accident fait deux morts et 23 bless\u00e9s","og_description":"NETTALI.COM - Encore un accident de la circulation. Ce lundi 28 novembre, un v\u00e9hicule de transport en commun commun\u00e9ment \"wopouya\" en partance vers Mbeuleukh\u00e9 s\u2019est renvers\u00e9 aux environs de 17 heures. Bilan : deux morts et 23 bless\u00e9s. Le violent accident s\u2019est produit sur l\u2019axe Dahra- Mbeuleukh\u00e9 \u00e0 hauteur du village de Dendi\u00e9ly. Selon notre [&hellip;]","og_url":"https:\/\/www.nettali.com\/2022\/11\/29\/axe-dahra-mbeuleukhe-un-accident-fait-deux-morts-et-23-blesses\/","og_site_name":"Nettali.com","article_publisher":"https:\/\/www.facebook.com\/nettalicom","article_published_time":"2022-11-29T13:36:33+00:00","og_image":[{"width":598,"height":356,"url":"https:\/\/www.nettali.com\/wp-content\/uploads\/2022\/03\/accident.jpg","type":"image\/jpeg"}],"twitter_card":"summary_large_image","twitter_misc":{"\u00c9crit par":"Ibrahima","Dur\u00e9e de lecture estim\u00e9e":"1 minute"},"schema":{"@context":"https:\/\/schema.org","@graph":[{"@type":"WebSite","@id":"https:\/\/www.nettali.com\/#website","url":"https:\/\/www.nettali.com\/","name":"Nettali.com","description":"Le rendez-vous critique du Net","potentialAction":[{"@type":"SearchAction","target":{"@type":"EntryPoint","urlTemplate":"https:\/\/www.nettali.com\/?s={search_term_string}"},"query-input":"required name=search_term_string"}],"inLanguage":"fr-FR"},{"@type":"ImageObject","@id":"https:\/\/www.nettali.com\/2022\/11\/29\/axe-dahra-mbeuleukhe-un-accident-fait-deux-morts-et-23-blesses\/#primaryimage","inLanguage":"fr-FR","url":"https:\/\/www.nettali.com\/wp-content\/uploads\/2022\/03\/accident.jpg","contentUrl":"https:\/\/www.nettali.com\/wp-content\/uploads\/2022\/03\/accident.jpg","width":598,"height":356},{"@type":"WebPage","@id":"https:\/\/www.nettali.com\/2022\/11\/29\/axe-dahra-mbeuleukhe-un-accident-fait-deux-morts-et-23-blesses\/#webpage","url":"https:\/\/www.nettali.com\/2022\/11\/29\/axe-dahra-mbeuleukhe-un-accident-fait-deux-morts-et-23-blesses\/","name":"AXE DAHRA- MBEULEUKH\u00c9 - Un accident fait deux morts et 23 bless\u00e9s | Nettali.com","isPartOf":{"@id":"https:\/\/www.nettali.com\/#website"},"primaryImageOfPage":{"@id":"https:\/\/www.nettali.com\/2022\/11\/29\/axe-dahra-mbeuleukhe-un-accident-fait-deux-morts-et-23-blesses\/#primaryimage"},"datePublished":"2022-11-29T13:36:33+00:00","dateModified":"2022-11-29T13:36:33+00:00","author":{"@id":"https:\/\/www.nettali.com\/#\/schema\/person\/bb147657c2986240405a608162b9bb23"},"breadcrumb":{"@id":"https:\/\/www.nettali.com\/2022\/11\/29\/axe-dahra-mbeuleukhe-un-accident-fait-deux-morts-et-23-blesses\/#breadcrumb"},"inLanguage":"fr-FR","potentialAction":[{"@type":"ReadAction","target":["https:\/\/www.nettali.com\/2022\/11\/29\/axe-dahra-mbeuleukhe-un-accident-fait-deux-morts-et-23-blesses\/"]}]},{"@type":"BreadcrumbList","@id":"https:\/\/www.nettali.com\/2022\/11\/29\/axe-dahra-mbeuleukhe-un-accident-fait-deux-morts-et-23-blesses\/#breadcrumb","itemListElement":[{"@type":"ListItem","position":1,"name":"Accueil","item":"https:\/\/www.nettali.com\/"},{"@type":"ListItem","position":2,"name":"AXE DAHRA- MBEULEUKH\u00c9 - Un accident fait deux morts et 23 bless\u00e9s"}]},{"@type":"Person","@id":"https:\/\/www.nettali.com\/#\/schema\/person\/bb147657c2986240405a608162b9bb23","name":"Ibrahima","image":{"@type":"ImageObject","@id":"https:\/\/www.nettali.com\/#personlogo","inLanguage":"fr-FR","url":"https:\/\/secure.gravatar.com\/avatar\/26a8a81f09f0dd7624c9d5c36c9ba3a2?s=96&d=mm&r=g","contentUrl":"https:\/\/secure.gravatar.com\/avatar\/26a8a81f09f0dd7624c9d5c36c9ba3a2?s=96&d=mm&r=g","caption":"Ibrahima"},"sameAs":["https:\/\/www.nettali.com"]}]}},"_links":{"self":[{"href":"https:\/\/www.nettali.com\/rest\/wp\/v2\/posts\/98587"}],"collection":[{"href":"https:\/\/www.nettali.com\/rest\/wp\/v2\/posts"}],"about":[{"href":"https:\/\/www.nettali.com\/rest\/wp\/v2\/types\/post"}],"author":[{"embeddable":true,"href":"https:\/\/www.nettali.com\/rest\/wp\/v2\/users\/5"}],"replies":[{"embeddable":true,"href":"https:\/\/www.nettali.com\/rest\/wp\/v2\/comments?post=98587"}],"version-history":[{"count":6,"href":"https:\/\/www.nettali.com\/rest\/wp\/v2\/posts\/98587\/revisions"}],"predecessor-version":[{"id":98593,"href":"https:\/\/www.nettali.com\/rest\/wp\/v2\/posts\/98587\/revisions\/98593"}],"wp:featuredmedia":[{"embeddable":true,"href":"https:\/\/www.nettali.com\/rest\/wp\/v2\/media\/83857"}],"wp:attachment":[{"href":"https:\/\/www.nettali.com\/rest\/wp\/v2\/media?parent=98587"}],"wp:term":[{"taxonomy":"category","embeddable":true,"href":"https:\/\/www.nettali.com\/rest\/wp\/v2\/categories?post=98587"},{"taxonomy":"post_tag","embeddable":true,"href":"https:\/\/www.nettali.com\/rest\/wp\/v2\/tags?post=98587"}],"curies":[{"name":"wp","href":"https:\/\/api.w.org\/{rel}","templated":true}]}}