{"id":98579,"date":"2022-11-29T08:34:50","date_gmt":"2022-11-29T08:34:50","guid":{"rendered":"https:\/\/www.nettali.com\/?p=98579"},"modified":"2022-11-29T08:34:50","modified_gmt":"2022-11-29T08:34:50","slug":"saly-niakh-niakhal-une-affaire-de-suicide-dune-eleve-agee-de-14-ans-secoue-la-localite","status":"publish","type":"post","link":"https:\/\/www.nettali.com\/2022\/11\/29\/saly-niakh-niakhal-une-affaire-de-suicide-dune-eleve-agee-de-14-ans-secoue-la-localite\/","title":{"rendered":"SALY NIAKH-NIAKHAL - Une affaire de suicide d\u2019une \u00e9l\u00e8ve \u00e2g\u00e9e de 14 ans secoue la localit\u00e9"},"content":{"rendered":"<p><strong>NETTALI.COM - Une affaire de suicide d\u2019une \u00e9l\u00e8ve en classe de quatri\u00e8me, \u00e2g\u00e9e de 14 ans, secoue la localit\u00e9 de Saly Niakh-Niakhal, \u00e0 Mbour. Des \u00e9l\u00e9ments de l\u2019enqu\u00eate \u00e9cartent peu \u00e0 peu cette hypoth\u00e8se, \u00e0 cause notamment de la d\u00e9couverte d\u2019\u00e9gratignures sur ses parties intimes<\/strong>.<\/p>\n<p>Sa mort atroce continue d\u2019alimenter les suspicions \u00e0 Saly Portudal. Et les commentaires sur les circonstances de la d\u00e9couverte macabre continuent d\u2019alimenter les d\u00e9bats des habitants de Saly Niakh-Niakhal. Le jeudi pass\u00e9, de retour \u00e0 la maison conjugale apr\u00e8s des courses \u00e0 Saly Portudal, la grand-m\u00e8re de la jeune fille F.D. constate que celle-ci n\u2019est pas dans le salon. La dame qui n\u2019a jamais pens\u00e9 \u00e0 un malheur, prend place dans le salon avec la ni\u00e8ce de son \u00e9poux.<\/p>\n<p>Aux environs de 22 heures, les membres la famille, qui ont l\u2019habitude de prendre le d\u00eener ensemble, ne voient toujours pas la jeune fille, une \u00e9l\u00e8ve en classe de 4<sup>e<\/sup> au coll\u00e8ge CS4 de Mbour. La ma\u00eetresse des lieux, qui pense que sa petite-fille s\u2019est retir\u00e9e dans sa chambre, demande alors \u00e0 sa ni\u00e8ce d\u2019aller appeler cette derni\u00e8re pour le d\u00eener. A sa grande surprise, la jeune fille trouve D.F. assise sur une chaise de sa chambre avec une corde solidement nou\u00e9e autour de son cou, et l\u2019autre bout de la corde attach\u00e9 en haut de l\u2019armoire de la jeune fille. Atterr\u00e9e devant cette d\u00e9couverte macabre de sa copine avec qui elle partage la m\u00eame chambre, la jeune fille use de ses cordes vocales pour ameuter les parents. Gagn\u00e9e par la panique, sa grand-m\u00e8re alerte elle aussi, par des cris stridents, tout le voisinage.<\/p>\n<p>Alert\u00e9s, les sapeurs-pompiers de m\u00eame que les policiers du commissariat urbain de Saly Portudal se d\u00e9ploient sur les lieux du drame. A la suite des constats d\u2019usage, les policiers ont aussit\u00f4t ouvert une enqu\u00eate.<\/p>\n<p>Pour les besoins de l\u2019autopsie, le corps sans vie de la fille de 14 ans a \u00e9t\u00e9 conduit par les sapeurs-pompiers \u00e0 la morgue de l\u2019h\u00f4pital Thierno Mouhamadoul Mansour Barro de Mbour.<\/p>\n<p>Cependant, selon des sources tr\u00e8s concordantes, les premiers \u00e9l\u00e9ments de l\u2019enqu\u00eate men\u00e9e par les limiers du commissariat urbain de Saly Portudal, \u00e9cartent la th\u00e8se de la mort par pendaison. Selon toujours les m\u00eames sources, en plus de la d\u00e9couverte par les policiers, sur les lieux de la trag\u00e9die, d\u2019une paire de chaussette qui ne serait pas celle de la victime, encore moins celle des autres membres de la famille, les m\u00e9decins ont constat\u00e9 sur le corps sans vie de la fille en classe de 4<sup>e<\/sup> des \u00e9gratignures sur ses parties intimes, avec un hymen intact. Les conclusions du m\u00e9decin l\u00e9giste pourraient d\u00e9terminer les circonstances de la mort de la fille.<\/p>\n<p>&nbsp;<\/p>\n<div class='share-to-whatsapp-wrapper'><div class='share-on-whsp'>PARTAGER SUR : <\/div><a data-text='SALY NIAKH-NIAKHAL - Une affaire de suicide d\u2019une \u00e9l\u00e8ve \u00e2g\u00e9e de 14 ans secoue la localit\u00e9' data-link='https:\/\/www.nettali.com\/2022\/11\/29\/saly-niakh-niakhal-une-affaire-de-suicide-dune-eleve-agee-de-14-ans-secoue-la-localite\/' class='whatsapp-button whatsapp-share'>WhatsApp<\/a><div class='clear '><\/div><\/div>","protected":false},"excerpt":{"rendered":"<p>NETTALI.COM - Une affaire de suicide d\u2019une \u00e9l\u00e8ve en classe de quatri\u00e8me, \u00e2g\u00e9e de 14 ans, secoue la localit\u00e9 de Saly Niakh-Niakhal, \u00e0 Mbour. Des \u00e9l\u00e9ments de l\u2019enqu\u00eate \u00e9cartent peu \u00e0 peu cette hypoth\u00e8se, \u00e0 cause notamment de la d\u00e9couverte d\u2019\u00e9gratignures sur ses parties intimes. Sa mort atroce continue d\u2019alimenter les suspicions \u00e0 Saly Portudal. [&hellip;]<\/p>\n","protected":false},"author":4,"featured_media":98580,"comment_status":"open","ping_status":"open","sticky":false,"template":"","format":"standard","meta":{"_et_pb_use_builder":"","_et_pb_old_content":""},"categories":[3],"tags":[],"yoast_head":"<!-- This site is optimized with the Yoast SEO Premium plugin v17.8 (Yoast SEO v17.8) - https:\/\/yoast.com\/wordpress\/plugins\/seo\/ -->\n<title>SALY NIAKH-NIAKHAL - Une affaire de suicide d\u2019une \u00e9l\u00e8ve \u00e2g\u00e9e de 14 ans secoue la localit\u00e9 | Nettali.com<\/title>\n<meta name=\"robots\" content=\"index, follow, max-snippet:-1, max-image-preview:large, max-video-preview:-1\" \/>\n<link rel=\"canonical\" href=\"https:\/\/www.nettali.com\/2022\/11\/29\/saly-niakh-niakhal-une-affaire-de-suicide-dune-eleve-agee-de-14-ans-secoue-la-localite\/\" \/>\n<meta property=\"og:locale\" content=\"fr_FR\" \/>\n<meta property=\"og:type\" content=\"article\" \/>\n<meta property=\"og:title\" content=\"SALY NIAKH-NIAKHAL - Une affaire de suicide d\u2019une \u00e9l\u00e8ve \u00e2g\u00e9e de 14 ans secoue la localit\u00e9\" \/>\n<meta property=\"og:description\" content=\"NETTALI.COM - Une affaire de suicide d\u2019une \u00e9l\u00e8ve en classe de quatri\u00e8me, \u00e2g\u00e9e de 14 ans, secoue la localit\u00e9 de Saly Niakh-Niakhal, \u00e0 Mbour. Des \u00e9l\u00e9ments de l\u2019enqu\u00eate \u00e9cartent peu \u00e0 peu cette hypoth\u00e8se, \u00e0 cause notamment de la d\u00e9couverte d\u2019\u00e9gratignures sur ses parties intimes. Sa mort atroce continue d\u2019alimenter les suspicions \u00e0 Saly Portudal. [&hellip;]\" \/>\n<meta property=\"og:url\" content=\"https:\/\/www.nettali.com\/2022\/11\/29\/saly-niakh-niakhal-une-affaire-de-suicide-dune-eleve-agee-de-14-ans-secoue-la-localite\/\" \/>\n<meta property=\"og:site_name\" content=\"Nettali.com\" \/>\n<meta property=\"article:publisher\" content=\"https:\/\/www.facebook.com\/nettalicom\" \/>\n<meta property=\"article:published_time\" content=\"2022-11-29T08:34:50+00:00\" \/>\n<meta property=\"og:image\" content=\"https:\/\/www.nettali.com\/wp-content\/uploads\/2022\/11\/police-mbour.jpeg\" \/>\n\t<meta property=\"og:image:width\" content=\"960\" \/>\n\t<meta property=\"og:image:height\" content=\"540\" \/>\n<meta name=\"twitter:card\" content=\"summary_large_image\" \/>\n<meta name=\"twitter:label1\" content=\"\u00c9crit par\" \/>\n\t<meta name=\"twitter:data1\" content=\"Daouda\" \/>\n\t<meta name=\"twitter:label2\" content=\"Dur\u00e9e de lecture estim\u00e9e\" \/>\n\t<meta name=\"twitter:data2\" content=\"3 minutes\" \/>\n<script type=\"application\/ld+json\" class=\"yoast-schema-graph\">{\"@context\":\"https:\/\/schema.org\",\"@graph\":[{\"@type\":\"WebSite\",\"@id\":\"https:\/\/www.nettali.com\/#website\",\"url\":\"https:\/\/www.nettali.com\/\",\"name\":\"Nettali.com\",\"description\":\"Le rendez-vous critique du Net\",\"potentialAction\":[{\"@type\":\"SearchAction\",\"target\":{\"@type\":\"EntryPoint\",\"urlTemplate\":\"https:\/\/www.nettali.com\/?s={search_term_string}\"},\"query-input\":\"required name=search_term_string\"}],\"inLanguage\":\"fr-FR\"},{\"@type\":\"ImageObject\",\"@id\":\"https:\/\/www.nettali.com\/2022\/11\/29\/saly-niakh-niakhal-une-affaire-de-suicide-dune-eleve-agee-de-14-ans-secoue-la-localite\/#primaryimage\",\"inLanguage\":\"fr-FR\",\"url\":\"https:\/\/www.nettali.com\/wp-content\/uploads\/2022\/11\/police-mbour.jpeg\",\"contentUrl\":\"https:\/\/www.nettali.com\/wp-content\/uploads\/2022\/11\/police-mbour.jpeg\",\"width\":960,\"height\":540},{\"@type\":\"WebPage\",\"@id\":\"https:\/\/www.nettali.com\/2022\/11\/29\/saly-niakh-niakhal-une-affaire-de-suicide-dune-eleve-agee-de-14-ans-secoue-la-localite\/#webpage\",\"url\":\"https:\/\/www.nettali.com\/2022\/11\/29\/saly-niakh-niakhal-une-affaire-de-suicide-dune-eleve-agee-de-14-ans-secoue-la-localite\/\",\"name\":\"SALY NIAKH-NIAKHAL - Une affaire de suicide d\\u2019une \\u00e9l\\u00e8ve \\u00e2g\\u00e9e de 14 ans secoue la localit\\u00e9 | Nettali.com\",\"isPartOf\":{\"@id\":\"https:\/\/www.nettali.com\/#website\"},\"primaryImageOfPage\":{\"@id\":\"https:\/\/www.nettali.com\/2022\/11\/29\/saly-niakh-niakhal-une-affaire-de-suicide-dune-eleve-agee-de-14-ans-secoue-la-localite\/#primaryimage\"},\"datePublished\":\"2022-11-29T08:34:50+00:00\",\"dateModified\":\"2022-11-29T08:34:50+00:00\",\"author\":{\"@id\":\"https:\/\/www.nettali.com\/#\/schema\/person\/3317e0bb3aa1da309fbf7b2780901bf4\"},\"breadcrumb\":{\"@id\":\"https:\/\/www.nettali.com\/2022\/11\/29\/saly-niakh-niakhal-une-affaire-de-suicide-dune-eleve-agee-de-14-ans-secoue-la-localite\/#breadcrumb\"},\"inLanguage\":\"fr-FR\",\"potentialAction\":[{\"@type\":\"ReadAction\",\"target\":[\"https:\/\/www.nettali.com\/2022\/11\/29\/saly-niakh-niakhal-une-affaire-de-suicide-dune-eleve-agee-de-14-ans-secoue-la-localite\/\"]}]},{\"@type\":\"BreadcrumbList\",\"@id\":\"https:\/\/www.nettali.com\/2022\/11\/29\/saly-niakh-niakhal-une-affaire-de-suicide-dune-eleve-agee-de-14-ans-secoue-la-localite\/#breadcrumb\",\"itemListElement\":[{\"@type\":\"ListItem\",\"position\":1,\"name\":\"Accueil\",\"item\":\"https:\/\/www.nettali.com\/\"},{\"@type\":\"ListItem\",\"position\":2,\"name\":\"SALY NIAKH-NIAKHAL - Une affaire de suicide d\\u2019une \\u00e9l\\u00e8ve \\u00e2g\\u00e9e de 14 ans secoue la localit\\u00e9\"}]},{\"@type\":\"Person\",\"@id\":\"https:\/\/www.nettali.com\/#\/schema\/person\/3317e0bb3aa1da309fbf7b2780901bf4\",\"name\":\"Daouda\",\"image\":{\"@type\":\"ImageObject\",\"@id\":\"https:\/\/www.nettali.com\/#personlogo\",\"inLanguage\":\"fr-FR\",\"url\":\"https:\/\/secure.gravatar.com\/avatar\/8d143b5a49345098ddcfee1c49c2f47c?s=96&d=mm&r=g\",\"contentUrl\":\"https:\/\/secure.gravatar.com\/avatar\/8d143b5a49345098ddcfee1c49c2f47c?s=96&d=mm&r=g\",\"caption\":\"Daouda\"},\"sameAs\":[\"https:\/\/www.nettali.com\"]}]}<\/script>\n<!-- \/ Yoast SEO Premium plugin. -->","yoast_head_json":{"title":"SALY NIAKH-NIAKHAL - Une affaire de suicide d\u2019une \u00e9l\u00e8ve \u00e2g\u00e9e de 14 ans secoue la localit\u00e9 | Nettali.com","robots":{"index":"index","follow":"follow","max-snippet":"max-snippet:-1","max-image-preview":"max-image-preview:large","max-video-preview":"max-video-preview:-1"},"canonical":"https:\/\/www.nettali.com\/2022\/11\/29\/saly-niakh-niakhal-une-affaire-de-suicide-dune-eleve-agee-de-14-ans-secoue-la-localite\/","og_locale":"fr_FR","og_type":"article","og_title":"SALY NIAKH-NIAKHAL - Une affaire de suicide d\u2019une \u00e9l\u00e8ve \u00e2g\u00e9e de 14 ans secoue la localit\u00e9","og_description":"NETTALI.COM - Une affaire de suicide d\u2019une \u00e9l\u00e8ve en classe de quatri\u00e8me, \u00e2g\u00e9e de 14 ans, secoue la localit\u00e9 de Saly Niakh-Niakhal, \u00e0 Mbour. Des \u00e9l\u00e9ments de l\u2019enqu\u00eate \u00e9cartent peu \u00e0 peu cette hypoth\u00e8se, \u00e0 cause notamment de la d\u00e9couverte d\u2019\u00e9gratignures sur ses parties intimes. Sa mort atroce continue d\u2019alimenter les suspicions \u00e0 Saly Portudal. [&hellip;]","og_url":"https:\/\/www.nettali.com\/2022\/11\/29\/saly-niakh-niakhal-une-affaire-de-suicide-dune-eleve-agee-de-14-ans-secoue-la-localite\/","og_site_name":"Nettali.com","article_publisher":"https:\/\/www.facebook.com\/nettalicom","article_published_time":"2022-11-29T08:34:50+00:00","og_image":[{"width":960,"height":540,"url":"https:\/\/www.nettali.com\/wp-content\/uploads\/2022\/11\/police-mbour.jpeg","type":"image\/jpeg"}],"twitter_card":"summary_large_image","twitter_misc":{"\u00c9crit par":"Daouda","Dur\u00e9e de lecture estim\u00e9e":"3 minutes"},"schema":{"@context":"https:\/\/schema.org","@graph":[{"@type":"WebSite","@id":"https:\/\/www.nettali.com\/#website","url":"https:\/\/www.nettali.com\/","name":"Nettali.com","description":"Le rendez-vous critique du Net","potentialAction":[{"@type":"SearchAction","target":{"@type":"EntryPoint","urlTemplate":"https:\/\/www.nettali.com\/?s={search_term_string}"},"query-input":"required name=search_term_string"}],"inLanguage":"fr-FR"},{"@type":"ImageObject","@id":"https:\/\/www.nettali.com\/2022\/11\/29\/saly-niakh-niakhal-une-affaire-de-suicide-dune-eleve-agee-de-14-ans-secoue-la-localite\/#primaryimage","inLanguage":"fr-FR","url":"https:\/\/www.nettali.com\/wp-content\/uploads\/2022\/11\/police-mbour.jpeg","contentUrl":"https:\/\/www.nettali.com\/wp-content\/uploads\/2022\/11\/police-mbour.jpeg","width":960,"height":540},{"@type":"WebPage","@id":"https:\/\/www.nettali.com\/2022\/11\/29\/saly-niakh-niakhal-une-affaire-de-suicide-dune-eleve-agee-de-14-ans-secoue-la-localite\/#webpage","url":"https:\/\/www.nettali.com\/2022\/11\/29\/saly-niakh-niakhal-une-affaire-de-suicide-dune-eleve-agee-de-14-ans-secoue-la-localite\/","name":"SALY NIAKH-NIAKHAL - Une affaire de suicide d\u2019une \u00e9l\u00e8ve \u00e2g\u00e9e de 14 ans secoue la localit\u00e9 | Nettali.com","isPartOf":{"@id":"https:\/\/www.nettali.com\/#website"},"primaryImageOfPage":{"@id":"https:\/\/www.nettali.com\/2022\/11\/29\/saly-niakh-niakhal-une-affaire-de-suicide-dune-eleve-agee-de-14-ans-secoue-la-localite\/#primaryimage"},"datePublished":"2022-11-29T08:34:50+00:00","dateModified":"2022-11-29T08:34:50+00:00","author":{"@id":"https:\/\/www.nettali.com\/#\/schema\/person\/3317e0bb3aa1da309fbf7b2780901bf4"},"breadcrumb":{"@id":"https:\/\/www.nettali.com\/2022\/11\/29\/saly-niakh-niakhal-une-affaire-de-suicide-dune-eleve-agee-de-14-ans-secoue-la-localite\/#breadcrumb"},"inLanguage":"fr-FR","potentialAction":[{"@type":"ReadAction","target":["https:\/\/www.nettali.com\/2022\/11\/29\/saly-niakh-niakhal-une-affaire-de-suicide-dune-eleve-agee-de-14-ans-secoue-la-localite\/"]}]},{"@type":"BreadcrumbList","@id":"https:\/\/www.nettali.com\/2022\/11\/29\/saly-niakh-niakhal-une-affaire-de-suicide-dune-eleve-agee-de-14-ans-secoue-la-localite\/#breadcrumb","itemListElement":[{"@type":"ListItem","position":1,"name":"Accueil","item":"https:\/\/www.nettali.com\/"},{"@type":"ListItem","position":2,"name":"SALY NIAKH-NIAKHAL - Une affaire de suicide d\u2019une \u00e9l\u00e8ve \u00e2g\u00e9e de 14 ans secoue la localit\u00e9"}]},{"@type":"Person","@id":"https:\/\/www.nettali.com\/#\/schema\/person\/3317e0bb3aa1da309fbf7b2780901bf4","name":"Daouda","image":{"@type":"ImageObject","@id":"https:\/\/www.nettali.com\/#personlogo","inLanguage":"fr-FR","url":"https:\/\/secure.gravatar.com\/avatar\/8d143b5a49345098ddcfee1c49c2f47c?s=96&d=mm&r=g","contentUrl":"https:\/\/secure.gravatar.com\/avatar\/8d143b5a49345098ddcfee1c49c2f47c?s=96&d=mm&r=g","caption":"Daouda"},"sameAs":["https:\/\/www.nettali.com"]}]}},"_links":{"self":[{"href":"https:\/\/www.nettali.com\/rest\/wp\/v2\/posts\/98579"}],"collection":[{"href":"https:\/\/www.nettali.com\/rest\/wp\/v2\/posts"}],"about":[{"href":"https:\/\/www.nettali.com\/rest\/wp\/v2\/types\/post"}],"author":[{"embeddable":true,"href":"https:\/\/www.nettali.com\/rest\/wp\/v2\/users\/4"}],"replies":[{"embeddable":true,"href":"https:\/\/www.nettali.com\/rest\/wp\/v2\/comments?post=98579"}],"version-history":[{"count":1,"href":"https:\/\/www.nettali.com\/rest\/wp\/v2\/posts\/98579\/revisions"}],"predecessor-version":[{"id":98581,"href":"https:\/\/www.nettali.com\/rest\/wp\/v2\/posts\/98579\/revisions\/98581"}],"wp:featuredmedia":[{"embeddable":true,"href":"https:\/\/www.nettali.com\/rest\/wp\/v2\/media\/98580"}],"wp:attachment":[{"href":"https:\/\/www.nettali.com\/rest\/wp\/v2\/media?parent=98579"}],"wp:term":[{"taxonomy":"category","embeddable":true,"href":"https:\/\/www.nettali.com\/rest\/wp\/v2\/categories?post=98579"},{"taxonomy":"post_tag","embeddable":true,"href":"https:\/\/www.nettali.com\/rest\/wp\/v2\/tags?post=98579"}],"curies":[{"name":"wp","href":"https:\/\/api.w.org\/{rel}","templated":true}]}}