{"id":98576,"date":"2022-11-29T08:15:56","date_gmt":"2022-11-29T08:15:56","guid":{"rendered":"https:\/\/www.nettali.com\/?p=98576"},"modified":"2022-11-29T08:15:56","modified_gmt":"2022-11-29T08:15:56","slug":"oulimata-sarr-des-progres-economiques-ont-ete-enregistres-en-2021","status":"publish","type":"post","link":"https:\/\/www.nettali.com\/2022\/11\/29\/oulimata-sarr-des-progres-economiques-ont-ete-enregistres-en-2021\/","title":{"rendered":"OULIMATA SARR - \"Des progr\u00e8s \u00e9conomiques ont \u00e9t\u00e9 enregistr\u00e9s en 2021\""},"content":{"rendered":"<p><strong>NETTALI.COM - La ministre de l\u2019\u00c9conomie, du Plan et de la Coop\u00e9ration (MEPC), Oulimata Sarr, a salu\u00e9, lundi, \u00e0 Dakar, les performances \u00e9conomiques du S\u00e9n\u00e9gal en 2021 en d\u00e9pit des difficult\u00e9s not\u00e9es dans l\u2019atteinte de certaines cibles.<\/strong><\/p>\n<p><em>\"Des progr\u00e8s ont \u00e9t\u00e9 enregistr\u00e9s en 2021, m\u00eame si des difficult\u00e9s ont \u00e9t\u00e9 not\u00e9es dans l\u2019atteinte de certaines cibles\u2019\u2019<\/em>, a-t-elle d\u00e9clar\u00e9 \u00e0 l\u2019occasion de l\u2019atelier de validation technique de la Revue annuelle conjointe (RAC) 2021, organis\u00e9e par son d\u00e9partement.<\/p>\n<p>Etaient pr\u00e9sents \u00e0 cette rencontre des Partenaires techniques et financiers (PTP), les repr\u00e9sentants des \u00e9lus locaux, de la soci\u00e9t\u00e9 civile, du secteur priv\u00e9, de l\u2019Agence nationale de la statistique et de la d\u00e9mographie (ANSD), ainsi que le directeur g\u00e9n\u00e9ral du Bureau op\u00e9rationnel de suivi (BOS) du PSE, Ousseyni Kane qui, de mani\u00e8re d\u00e9taill\u00e9e, a pr\u00e9sent\u00e9, les principaux axes de ce rapport.<\/p>\n<p>La ministre a d\u00e9clar\u00e9 <em>\"valide ce rapport de la RAC 2021 qui sera pr\u00e9sent\u00e9 au pr\u00e9sident de la R\u00e9publique\u2019\u2019.<\/em><\/p>\n<p>La publication de ce document proc\u00e8de d'une <em>\"d\u00e9marche participative et inclusive\u2019\u2019<\/em> largement salu\u00e9e par Oulimata Sarr. <em>\u201cCe processus permet d\u2019engager des discussions constructives sur les r\u00e9sultats de la mise en \u0153uvre de notre politique \u00e9conomique au cours de l\u2019ann\u00e9e 2021\u201d<\/em>, a-t-elle estim\u00e9.<\/p>\n<p>Publi\u00e9e chaque ann\u00e9e par le MEPC, la RAC \u00e9tudie les r\u00e9sultats de la mise en \u0153uvre de la politique \u00e9conomique du Plan S\u00e9n\u00e9gal \u00e9mergent (PSE) ax\u00e9e autour de la transformation structurelle de l\u2019\u00e9conomie et de la croissance, le capital humain, la protection sociale, le d\u00e9veloppement durable, la gouvernance, les institutions, la paix et s\u00e9curit\u00e9.<\/p>\n<p>Elle constitue \u00e9galement un cadre de dialogue et d\u2019\u00e9changes entre le gouvernement et les diff\u00e9rentes parties prenantes, sur les r\u00e9sultats de la mise en \u0153uvre de la politique \u00e9conomique et sociale d\u00e9clin\u00e9e dans le PSE.<\/p>\n<div class='share-to-whatsapp-wrapper'><div class='share-on-whsp'>PARTAGER SUR : <\/div><a data-text='OULIMATA SARR - \"Des progr\u00e8s \u00e9conomiques ont \u00e9t\u00e9 enregistr\u00e9s en 2021\"' data-link='https:\/\/www.nettali.com\/2022\/11\/29\/oulimata-sarr-des-progres-economiques-ont-ete-enregistres-en-2021\/' class='whatsapp-button whatsapp-share'>WhatsApp<\/a><div class='clear '><\/div><\/div>","protected":false},"excerpt":{"rendered":"<p>NETTALI.COM - La ministre de l\u2019\u00c9conomie, du Plan et de la Coop\u00e9ration (MEPC), Oulimata Sarr, a salu\u00e9, lundi, \u00e0 Dakar, les performances \u00e9conomiques du S\u00e9n\u00e9gal en 2021 en d\u00e9pit des difficult\u00e9s not\u00e9es dans l\u2019atteinte de certaines cibles. \"Des progr\u00e8s ont \u00e9t\u00e9 enregistr\u00e9s en 2021, m\u00eame si des difficult\u00e9s ont \u00e9t\u00e9 not\u00e9es dans l\u2019atteinte de certaines [&hellip;]<\/p>\n","protected":false},"author":4,"featured_media":98577,"comment_status":"open","ping_status":"open","sticky":false,"template":"","format":"standard","meta":{"_et_pb_use_builder":"","_et_pb_old_content":""},"categories":[4],"tags":[],"yoast_head":"<!-- This site is optimized with the Yoast SEO Premium plugin v17.8 (Yoast SEO v17.8) - https:\/\/yoast.com\/wordpress\/plugins\/seo\/ -->\n<title>OULIMATA SARR - &quot;Des progr\u00e8s \u00e9conomiques ont \u00e9t\u00e9 enregistr\u00e9s en 2021&quot; | Nettali.com<\/title>\n<meta name=\"robots\" content=\"index, follow, max-snippet:-1, max-image-preview:large, max-video-preview:-1\" \/>\n<link rel=\"canonical\" href=\"https:\/\/www.nettali.com\/2022\/11\/29\/oulimata-sarr-des-progres-economiques-ont-ete-enregistres-en-2021\/\" \/>\n<meta property=\"og:locale\" content=\"fr_FR\" \/>\n<meta property=\"og:type\" content=\"article\" \/>\n<meta property=\"og:title\" content=\"OULIMATA SARR - &quot;Des progr\u00e8s \u00e9conomiques ont \u00e9t\u00e9 enregistr\u00e9s en 2021&quot;\" \/>\n<meta property=\"og:description\" content=\"NETTALI.COM - La ministre de l\u2019\u00c9conomie, du Plan et de la Coop\u00e9ration (MEPC), Oulimata Sarr, a salu\u00e9, lundi, \u00e0 Dakar, les performances \u00e9conomiques du S\u00e9n\u00e9gal en 2021 en d\u00e9pit des difficult\u00e9s not\u00e9es dans l\u2019atteinte de certaines cibles. &quot;Des progr\u00e8s ont \u00e9t\u00e9 enregistr\u00e9s en 2021, m\u00eame si des difficult\u00e9s ont \u00e9t\u00e9 not\u00e9es dans l\u2019atteinte de certaines [&hellip;]\" \/>\n<meta property=\"og:url\" content=\"https:\/\/www.nettali.com\/2022\/11\/29\/oulimata-sarr-des-progres-economiques-ont-ete-enregistres-en-2021\/\" \/>\n<meta property=\"og:site_name\" content=\"Nettali.com\" \/>\n<meta property=\"article:publisher\" content=\"https:\/\/www.facebook.com\/nettalicom\" \/>\n<meta property=\"article:published_time\" content=\"2022-11-29T08:15:56+00:00\" \/>\n<meta property=\"og:image\" content=\"https:\/\/www.nettali.com\/wp-content\/uploads\/2022\/11\/OULIMATA-SARR.png\" \/>\n\t<meta property=\"og:image:width\" content=\"1200\" \/>\n\t<meta property=\"og:image:height\" content=\"695\" \/>\n<meta name=\"twitter:card\" content=\"summary_large_image\" \/>\n<meta name=\"twitter:label1\" content=\"\u00c9crit par\" \/>\n\t<meta name=\"twitter:data1\" content=\"Daouda\" \/>\n\t<meta name=\"twitter:label2\" content=\"Dur\u00e9e de lecture estim\u00e9e\" \/>\n\t<meta name=\"twitter:data2\" content=\"2 minutes\" \/>\n<script type=\"application\/ld+json\" class=\"yoast-schema-graph\">{\"@context\":\"https:\/\/schema.org\",\"@graph\":[{\"@type\":\"WebSite\",\"@id\":\"https:\/\/www.nettali.com\/#website\",\"url\":\"https:\/\/www.nettali.com\/\",\"name\":\"Nettali.com\",\"description\":\"Le rendez-vous critique du Net\",\"potentialAction\":[{\"@type\":\"SearchAction\",\"target\":{\"@type\":\"EntryPoint\",\"urlTemplate\":\"https:\/\/www.nettali.com\/?s={search_term_string}\"},\"query-input\":\"required name=search_term_string\"}],\"inLanguage\":\"fr-FR\"},{\"@type\":\"ImageObject\",\"@id\":\"https:\/\/www.nettali.com\/2022\/11\/29\/oulimata-sarr-des-progres-economiques-ont-ete-enregistres-en-2021\/#primaryimage\",\"inLanguage\":\"fr-FR\",\"url\":\"https:\/\/www.nettali.com\/wp-content\/uploads\/2022\/11\/OULIMATA-SARR.png\",\"contentUrl\":\"https:\/\/www.nettali.com\/wp-content\/uploads\/2022\/11\/OULIMATA-SARR.png\",\"width\":1200,\"height\":695},{\"@type\":\"WebPage\",\"@id\":\"https:\/\/www.nettali.com\/2022\/11\/29\/oulimata-sarr-des-progres-economiques-ont-ete-enregistres-en-2021\/#webpage\",\"url\":\"https:\/\/www.nettali.com\/2022\/11\/29\/oulimata-sarr-des-progres-economiques-ont-ete-enregistres-en-2021\/\",\"name\":\"OULIMATA SARR - \\\"Des progr\\u00e8s \\u00e9conomiques ont \\u00e9t\\u00e9 enregistr\\u00e9s en 2021\\\" | Nettali.com\",\"isPartOf\":{\"@id\":\"https:\/\/www.nettali.com\/#website\"},\"primaryImageOfPage\":{\"@id\":\"https:\/\/www.nettali.com\/2022\/11\/29\/oulimata-sarr-des-progres-economiques-ont-ete-enregistres-en-2021\/#primaryimage\"},\"datePublished\":\"2022-11-29T08:15:56+00:00\",\"dateModified\":\"2022-11-29T08:15:56+00:00\",\"author\":{\"@id\":\"https:\/\/www.nettali.com\/#\/schema\/person\/3317e0bb3aa1da309fbf7b2780901bf4\"},\"breadcrumb\":{\"@id\":\"https:\/\/www.nettali.com\/2022\/11\/29\/oulimata-sarr-des-progres-economiques-ont-ete-enregistres-en-2021\/#breadcrumb\"},\"inLanguage\":\"fr-FR\",\"potentialAction\":[{\"@type\":\"ReadAction\",\"target\":[\"https:\/\/www.nettali.com\/2022\/11\/29\/oulimata-sarr-des-progres-economiques-ont-ete-enregistres-en-2021\/\"]}]},{\"@type\":\"BreadcrumbList\",\"@id\":\"https:\/\/www.nettali.com\/2022\/11\/29\/oulimata-sarr-des-progres-economiques-ont-ete-enregistres-en-2021\/#breadcrumb\",\"itemListElement\":[{\"@type\":\"ListItem\",\"position\":1,\"name\":\"Accueil\",\"item\":\"https:\/\/www.nettali.com\/\"},{\"@type\":\"ListItem\",\"position\":2,\"name\":\"OULIMATA SARR - \\\"Des progr\\u00e8s \\u00e9conomiques ont \\u00e9t\\u00e9 enregistr\\u00e9s en 2021\\\"\"}]},{\"@type\":\"Person\",\"@id\":\"https:\/\/www.nettali.com\/#\/schema\/person\/3317e0bb3aa1da309fbf7b2780901bf4\",\"name\":\"Daouda\",\"image\":{\"@type\":\"ImageObject\",\"@id\":\"https:\/\/www.nettali.com\/#personlogo\",\"inLanguage\":\"fr-FR\",\"url\":\"https:\/\/secure.gravatar.com\/avatar\/8d143b5a49345098ddcfee1c49c2f47c?s=96&d=mm&r=g\",\"contentUrl\":\"https:\/\/secure.gravatar.com\/avatar\/8d143b5a49345098ddcfee1c49c2f47c?s=96&d=mm&r=g\",\"caption\":\"Daouda\"},\"sameAs\":[\"https:\/\/www.nettali.com\"]}]}<\/script>\n<!-- \/ Yoast SEO Premium plugin. -->","yoast_head_json":{"title":"OULIMATA SARR - \"Des progr\u00e8s \u00e9conomiques ont \u00e9t\u00e9 enregistr\u00e9s en 2021\" | Nettali.com","robots":{"index":"index","follow":"follow","max-snippet":"max-snippet:-1","max-image-preview":"max-image-preview:large","max-video-preview":"max-video-preview:-1"},"canonical":"https:\/\/www.nettali.com\/2022\/11\/29\/oulimata-sarr-des-progres-economiques-ont-ete-enregistres-en-2021\/","og_locale":"fr_FR","og_type":"article","og_title":"OULIMATA SARR - \"Des progr\u00e8s \u00e9conomiques ont \u00e9t\u00e9 enregistr\u00e9s en 2021\"","og_description":"NETTALI.COM - La ministre de l\u2019\u00c9conomie, du Plan et de la Coop\u00e9ration (MEPC), Oulimata Sarr, a salu\u00e9, lundi, \u00e0 Dakar, les performances \u00e9conomiques du S\u00e9n\u00e9gal en 2021 en d\u00e9pit des difficult\u00e9s not\u00e9es dans l\u2019atteinte de certaines cibles. \"Des progr\u00e8s ont \u00e9t\u00e9 enregistr\u00e9s en 2021, m\u00eame si des difficult\u00e9s ont \u00e9t\u00e9 not\u00e9es dans l\u2019atteinte de certaines [&hellip;]","og_url":"https:\/\/www.nettali.com\/2022\/11\/29\/oulimata-sarr-des-progres-economiques-ont-ete-enregistres-en-2021\/","og_site_name":"Nettali.com","article_publisher":"https:\/\/www.facebook.com\/nettalicom","article_published_time":"2022-11-29T08:15:56+00:00","og_image":[{"width":1200,"height":695,"url":"https:\/\/www.nettali.com\/wp-content\/uploads\/2022\/11\/OULIMATA-SARR.png","type":"image\/png"}],"twitter_card":"summary_large_image","twitter_misc":{"\u00c9crit par":"Daouda","Dur\u00e9e de lecture estim\u00e9e":"2 minutes"},"schema":{"@context":"https:\/\/schema.org","@graph":[{"@type":"WebSite","@id":"https:\/\/www.nettali.com\/#website","url":"https:\/\/www.nettali.com\/","name":"Nettali.com","description":"Le rendez-vous critique du Net","potentialAction":[{"@type":"SearchAction","target":{"@type":"EntryPoint","urlTemplate":"https:\/\/www.nettali.com\/?s={search_term_string}"},"query-input":"required name=search_term_string"}],"inLanguage":"fr-FR"},{"@type":"ImageObject","@id":"https:\/\/www.nettali.com\/2022\/11\/29\/oulimata-sarr-des-progres-economiques-ont-ete-enregistres-en-2021\/#primaryimage","inLanguage":"fr-FR","url":"https:\/\/www.nettali.com\/wp-content\/uploads\/2022\/11\/OULIMATA-SARR.png","contentUrl":"https:\/\/www.nettali.com\/wp-content\/uploads\/2022\/11\/OULIMATA-SARR.png","width":1200,"height":695},{"@type":"WebPage","@id":"https:\/\/www.nettali.com\/2022\/11\/29\/oulimata-sarr-des-progres-economiques-ont-ete-enregistres-en-2021\/#webpage","url":"https:\/\/www.nettali.com\/2022\/11\/29\/oulimata-sarr-des-progres-economiques-ont-ete-enregistres-en-2021\/","name":"OULIMATA SARR - \"Des progr\u00e8s \u00e9conomiques ont \u00e9t\u00e9 enregistr\u00e9s en 2021\" | Nettali.com","isPartOf":{"@id":"https:\/\/www.nettali.com\/#website"},"primaryImageOfPage":{"@id":"https:\/\/www.nettali.com\/2022\/11\/29\/oulimata-sarr-des-progres-economiques-ont-ete-enregistres-en-2021\/#primaryimage"},"datePublished":"2022-11-29T08:15:56+00:00","dateModified":"2022-11-29T08:15:56+00:00","author":{"@id":"https:\/\/www.nettali.com\/#\/schema\/person\/3317e0bb3aa1da309fbf7b2780901bf4"},"breadcrumb":{"@id":"https:\/\/www.nettali.com\/2022\/11\/29\/oulimata-sarr-des-progres-economiques-ont-ete-enregistres-en-2021\/#breadcrumb"},"inLanguage":"fr-FR","potentialAction":[{"@type":"ReadAction","target":["https:\/\/www.nettali.com\/2022\/11\/29\/oulimata-sarr-des-progres-economiques-ont-ete-enregistres-en-2021\/"]}]},{"@type":"BreadcrumbList","@id":"https:\/\/www.nettali.com\/2022\/11\/29\/oulimata-sarr-des-progres-economiques-ont-ete-enregistres-en-2021\/#breadcrumb","itemListElement":[{"@type":"ListItem","position":1,"name":"Accueil","item":"https:\/\/www.nettali.com\/"},{"@type":"ListItem","position":2,"name":"OULIMATA SARR - \"Des progr\u00e8s \u00e9conomiques ont \u00e9t\u00e9 enregistr\u00e9s en 2021\""}]},{"@type":"Person","@id":"https:\/\/www.nettali.com\/#\/schema\/person\/3317e0bb3aa1da309fbf7b2780901bf4","name":"Daouda","image":{"@type":"ImageObject","@id":"https:\/\/www.nettali.com\/#personlogo","inLanguage":"fr-FR","url":"https:\/\/secure.gravatar.com\/avatar\/8d143b5a49345098ddcfee1c49c2f47c?s=96&d=mm&r=g","contentUrl":"https:\/\/secure.gravatar.com\/avatar\/8d143b5a49345098ddcfee1c49c2f47c?s=96&d=mm&r=g","caption":"Daouda"},"sameAs":["https:\/\/www.nettali.com"]}]}},"_links":{"self":[{"href":"https:\/\/www.nettali.com\/rest\/wp\/v2\/posts\/98576"}],"collection":[{"href":"https:\/\/www.nettali.com\/rest\/wp\/v2\/posts"}],"about":[{"href":"https:\/\/www.nettali.com\/rest\/wp\/v2\/types\/post"}],"author":[{"embeddable":true,"href":"https:\/\/www.nettali.com\/rest\/wp\/v2\/users\/4"}],"replies":[{"embeddable":true,"href":"https:\/\/www.nettali.com\/rest\/wp\/v2\/comments?post=98576"}],"version-history":[{"count":1,"href":"https:\/\/www.nettali.com\/rest\/wp\/v2\/posts\/98576\/revisions"}],"predecessor-version":[{"id":98578,"href":"https:\/\/www.nettali.com\/rest\/wp\/v2\/posts\/98576\/revisions\/98578"}],"wp:featuredmedia":[{"embeddable":true,"href":"https:\/\/www.nettali.com\/rest\/wp\/v2\/media\/98577"}],"wp:attachment":[{"href":"https:\/\/www.nettali.com\/rest\/wp\/v2\/media?parent=98576"}],"wp:term":[{"taxonomy":"category","embeddable":true,"href":"https:\/\/www.nettali.com\/rest\/wp\/v2\/categories?post=98576"},{"taxonomy":"post_tag","embeddable":true,"href":"https:\/\/www.nettali.com\/rest\/wp\/v2\/tags?post=98576"}],"curies":[{"name":"wp","href":"https:\/\/api.w.org\/{rel}","templated":true}]}}