{"id":98565,"date":"2022-11-29T07:42:30","date_gmt":"2022-11-29T07:42:30","guid":{"rendered":"https:\/\/www.nettali.com\/?p=98565"},"modified":"2022-11-29T07:42:30","modified_gmt":"2022-11-29T07:42:30","slug":"extremisme-religieux-depravation-lappel-de-macky-sall-aux-daaras","status":"publish","type":"post","link":"https:\/\/www.nettali.com\/2022\/11\/29\/extremisme-religieux-depravation-lappel-de-macky-sall-aux-daaras\/","title":{"rendered":"EXTR\u00c9MISME RELIGIEUX- DEPRAVATION - L'appel de Macky Sall aux daaras"},"content":{"rendered":"<div dir=\"auto\"><strong>NETTALI.COM- Le Pr\u00e9sident Macky Sall veut que les daaras soient des remparts contre l'extr\u00e9misme religieux et la d\u00e9pravation des m\u0153urs. Lors de la c\u00e9r\u00e9monie officielle de la rencontre sur les daaras organis\u00e9e par le minist\u00e8re de l\u2019Education, il a lanc\u00e9 un appel aux chefs religieux.\u00a0<\/strong><\/div>\n<div dir=\"auto\"><\/div>\n<div dir=\"auto\">Lors de la c\u00e9r\u00e9monie officielle de la rencontre sur les daaras, le Chef de l'\u00c9tat a rendu hommage \u00e0 toutes les figures religieuses de notre pays qui, \"<em> \u00e0 travers les \u00e2ges, aident \u00e0 la formation aux valeurs spirituelles et soci\u00e9tales qui purifient l\u2019\u00e2me et \u00e9l\u00e8vent l\u2019esprit<\/em>.\"<\/div>\n<div dir=\"auto\">Macky Sall a aussi \" <em>salu\u00e9 et remerci\u00e9 nos Khalifes g\u00e9n\u00e9raux, ainsi que les serigne et les nd\u00e8yu daara qui continuent de perp\u00e9tuer l\u2019enseignement des valeurs authentiques de l\u2019islam, religion du juste milieu, selon les propos du Proph\u00e8te Mohamed Paix et Salut sur Lui.<\/em>\"<\/div>\n<div dir=\"auto\"><\/div>\n<div dir=\"auto\">Car, dit-il \"<em> Nous en avons grandement besoin, en ces temps troubles o\u00f9 nos valeurs de culture et de civilisation sont percut\u00e9es et malmen\u00e9es par les servitudes mat\u00e9rielles, l\u2019imposture, le m\u2019as-tu vu, les \u00e9gos surdimensionn\u00e9s et le besoin flatteur de paraitre.<\/em>\"<\/div>\n<div dir=\"auto\">Dans la m\u00eame veine, il leur a lanc\u00e9 : \"<em>en venant \u00e0 cette rencontre historique, je souhaite, qu\u2019ensemble, nous poursuivions le legs des anciens pour que les daaras, alliant tradition et modernit\u00e9, jouent pleinement leur r\u00f4le dans la soci\u00e9t\u00e9, et continuent d\u2019\u00eatre des remparts contre l\u2019extr\u00e9misme.<\/em>\"<\/div>\n<div dir=\"auto\"><\/div>\n<div dir=\"auto\">Auparavant, le Pr\u00e9sident Sall a revisit\u00e9 l'histoire des daaras pour rappeler que \" <em>c\u2019est de Pire qu\u2019est parti, apr\u00e8s des ann\u00e9es d\u2019\u00e9tudes, le groupe des r\u00e9volutionnaires dirig\u00e9 par Thierno Souleymane Baal pour mener la R\u00e9volution th\u00e9ocratique de 1776 qui r\u00e9forma les m\u0153urs et \u00e9tablit le r\u00e9gime des Alamami au Fouta.<\/em>\"<\/div>\n<div dir=\"auto\">\n<div dir=\"auto\">Par cons\u00e9quent, il estime que \" <em>pour un pays musulman \u00e0 95%, il est important de veiller \u00e0 la bonne prise en charge de nos daaras, outils d\u2019\u00e9ducation spirituelle depuis l\u2019entr\u00e9e de l\u2019islam dans notre pays il y a plusieurs si\u00e8cles.<\/em>\"<\/div>\n<\/div>\n<div class='share-to-whatsapp-wrapper'><div class='share-on-whsp'>PARTAGER SUR : <\/div><a data-text='EXTR\u00c9MISME RELIGIEUX- DEPRAVATION - L'appel de Macky Sall aux daaras' data-link='https:\/\/www.nettali.com\/2022\/11\/29\/extremisme-religieux-depravation-lappel-de-macky-sall-aux-daaras\/' class='whatsapp-button whatsapp-share'>WhatsApp<\/a><div class='clear '><\/div><\/div>","protected":false},"excerpt":{"rendered":"<p>NETTALI.COM- Le Pr\u00e9sident Macky Sall veut que les daaras soient des remparts contre l'extr\u00e9misme religieux et la d\u00e9pravation des m\u0153urs. Lors de la c\u00e9r\u00e9monie officielle de la rencontre sur les daaras organis\u00e9e par le minist\u00e8re de l\u2019Education, il a lanc\u00e9 un appel aux chefs religieux.\u00a0 Lors de la c\u00e9r\u00e9monie officielle de la rencontre sur les [&hellip;]<\/p>\n","protected":false},"author":6,"featured_media":96395,"comment_status":"open","ping_status":"open","sticky":false,"template":"","format":"standard","meta":{"_et_pb_use_builder":"","_et_pb_old_content":""},"categories":[3],"tags":[],"yoast_head":"<!-- This site is optimized with the Yoast SEO Premium plugin v17.8 (Yoast SEO v17.8) - https:\/\/yoast.com\/wordpress\/plugins\/seo\/ -->\n<title>EXTR\u00c9MISME RELIGIEUX- DEPRAVATION - L&#039;appel de Macky Sall aux daaras | Nettali.com<\/title>\n<meta name=\"robots\" content=\"index, follow, max-snippet:-1, max-image-preview:large, max-video-preview:-1\" \/>\n<link rel=\"canonical\" href=\"https:\/\/www.nettali.com\/2022\/11\/29\/extremisme-religieux-depravation-lappel-de-macky-sall-aux-daaras\/\" \/>\n<meta property=\"og:locale\" content=\"fr_FR\" \/>\n<meta property=\"og:type\" content=\"article\" \/>\n<meta property=\"og:title\" content=\"EXTR\u00c9MISME RELIGIEUX- DEPRAVATION - L&#039;appel de Macky Sall aux daaras\" \/>\n<meta property=\"og:description\" content=\"NETTALI.COM- Le Pr\u00e9sident Macky Sall veut que les daaras soient des remparts contre l&#039;extr\u00e9misme religieux et la d\u00e9pravation des m\u0153urs. Lors de la c\u00e9r\u00e9monie officielle de la rencontre sur les daaras organis\u00e9e par le minist\u00e8re de l\u2019Education, il a lanc\u00e9 un appel aux chefs religieux.\u00a0 Lors de la c\u00e9r\u00e9monie officielle de la rencontre sur les [&hellip;]\" \/>\n<meta property=\"og:url\" content=\"https:\/\/www.nettali.com\/2022\/11\/29\/extremisme-religieux-depravation-lappel-de-macky-sall-aux-daaras\/\" \/>\n<meta property=\"og:site_name\" content=\"Nettali.com\" \/>\n<meta property=\"article:publisher\" content=\"https:\/\/www.facebook.com\/nettalicom\" \/>\n<meta property=\"article:published_time\" content=\"2022-11-29T07:42:30+00:00\" \/>\n<meta property=\"og:image\" content=\"https:\/\/www.nettali.com\/wp-content\/uploads\/2022\/10\/Macky-Sall-e1666620637697.jpeg\" \/>\n\t<meta property=\"og:image:width\" content=\"1225\" \/>\n\t<meta property=\"og:image:height\" content=\"684\" \/>\n<meta name=\"twitter:card\" content=\"summary_large_image\" \/>\n<meta name=\"twitter:label1\" content=\"\u00c9crit par\" \/>\n\t<meta name=\"twitter:data1\" content=\"Fatou\" \/>\n\t<meta name=\"twitter:label2\" content=\"Dur\u00e9e de lecture estim\u00e9e\" \/>\n\t<meta name=\"twitter:data2\" content=\"2 minutes\" \/>\n<script type=\"application\/ld+json\" class=\"yoast-schema-graph\">{\"@context\":\"https:\/\/schema.org\",\"@graph\":[{\"@type\":\"WebSite\",\"@id\":\"https:\/\/www.nettali.com\/#website\",\"url\":\"https:\/\/www.nettali.com\/\",\"name\":\"Nettali.com\",\"description\":\"Le rendez-vous critique du Net\",\"potentialAction\":[{\"@type\":\"SearchAction\",\"target\":{\"@type\":\"EntryPoint\",\"urlTemplate\":\"https:\/\/www.nettali.com\/?s={search_term_string}\"},\"query-input\":\"required name=search_term_string\"}],\"inLanguage\":\"fr-FR\"},{\"@type\":\"ImageObject\",\"@id\":\"https:\/\/www.nettali.com\/2022\/11\/29\/extremisme-religieux-depravation-lappel-de-macky-sall-aux-daaras\/#primaryimage\",\"inLanguage\":\"fr-FR\",\"url\":\"https:\/\/www.nettali.com\/wp-content\/uploads\/2022\/10\/Macky-Sall-e1666620637697.jpeg\",\"contentUrl\":\"https:\/\/www.nettali.com\/wp-content\/uploads\/2022\/10\/Macky-Sall-e1666620637697.jpeg\",\"width\":1225,\"height\":684},{\"@type\":\"WebPage\",\"@id\":\"https:\/\/www.nettali.com\/2022\/11\/29\/extremisme-religieux-depravation-lappel-de-macky-sall-aux-daaras\/#webpage\",\"url\":\"https:\/\/www.nettali.com\/2022\/11\/29\/extremisme-religieux-depravation-lappel-de-macky-sall-aux-daaras\/\",\"name\":\"EXTR\\u00c9MISME RELIGIEUX- DEPRAVATION - L'appel de Macky Sall aux daaras | Nettali.com\",\"isPartOf\":{\"@id\":\"https:\/\/www.nettali.com\/#website\"},\"primaryImageOfPage\":{\"@id\":\"https:\/\/www.nettali.com\/2022\/11\/29\/extremisme-religieux-depravation-lappel-de-macky-sall-aux-daaras\/#primaryimage\"},\"datePublished\":\"2022-11-29T07:42:30+00:00\",\"dateModified\":\"2022-11-29T07:42:30+00:00\",\"author\":{\"@id\":\"https:\/\/www.nettali.com\/#\/schema\/person\/418274a86bdf87caff7a3ef476bd0bbf\"},\"breadcrumb\":{\"@id\":\"https:\/\/www.nettali.com\/2022\/11\/29\/extremisme-religieux-depravation-lappel-de-macky-sall-aux-daaras\/#breadcrumb\"},\"inLanguage\":\"fr-FR\",\"potentialAction\":[{\"@type\":\"ReadAction\",\"target\":[\"https:\/\/www.nettali.com\/2022\/11\/29\/extremisme-religieux-depravation-lappel-de-macky-sall-aux-daaras\/\"]}]},{\"@type\":\"BreadcrumbList\",\"@id\":\"https:\/\/www.nettali.com\/2022\/11\/29\/extremisme-religieux-depravation-lappel-de-macky-sall-aux-daaras\/#breadcrumb\",\"itemListElement\":[{\"@type\":\"ListItem\",\"position\":1,\"name\":\"Accueil\",\"item\":\"https:\/\/www.nettali.com\/\"},{\"@type\":\"ListItem\",\"position\":2,\"name\":\"EXTR\\u00c9MISME RELIGIEUX- DEPRAVATION - L'appel de Macky Sall aux daaras\"}]},{\"@type\":\"Person\",\"@id\":\"https:\/\/www.nettali.com\/#\/schema\/person\/418274a86bdf87caff7a3ef476bd0bbf\",\"name\":\"Fatou\",\"image\":{\"@type\":\"ImageObject\",\"@id\":\"https:\/\/www.nettali.com\/#personlogo\",\"inLanguage\":\"fr-FR\",\"url\":\"https:\/\/secure.gravatar.com\/avatar\/5a9442a2bee7b4dcf167cab035858e9a?s=96&d=mm&r=g\",\"contentUrl\":\"https:\/\/secure.gravatar.com\/avatar\/5a9442a2bee7b4dcf167cab035858e9a?s=96&d=mm&r=g\",\"caption\":\"Fatou\"},\"sameAs\":[\"https:\/\/www.nettali.com\"]}]}<\/script>\n<!-- \/ Yoast SEO Premium plugin. -->","yoast_head_json":{"title":"EXTR\u00c9MISME RELIGIEUX- DEPRAVATION - L'appel de Macky Sall aux daaras | Nettali.com","robots":{"index":"index","follow":"follow","max-snippet":"max-snippet:-1","max-image-preview":"max-image-preview:large","max-video-preview":"max-video-preview:-1"},"canonical":"https:\/\/www.nettali.com\/2022\/11\/29\/extremisme-religieux-depravation-lappel-de-macky-sall-aux-daaras\/","og_locale":"fr_FR","og_type":"article","og_title":"EXTR\u00c9MISME RELIGIEUX- DEPRAVATION - L'appel de Macky Sall aux daaras","og_description":"NETTALI.COM- Le Pr\u00e9sident Macky Sall veut que les daaras soient des remparts contre l'extr\u00e9misme religieux et la d\u00e9pravation des m\u0153urs. Lors de la c\u00e9r\u00e9monie officielle de la rencontre sur les daaras organis\u00e9e par le minist\u00e8re de l\u2019Education, il a lanc\u00e9 un appel aux chefs religieux.\u00a0 Lors de la c\u00e9r\u00e9monie officielle de la rencontre sur les [&hellip;]","og_url":"https:\/\/www.nettali.com\/2022\/11\/29\/extremisme-religieux-depravation-lappel-de-macky-sall-aux-daaras\/","og_site_name":"Nettali.com","article_publisher":"https:\/\/www.facebook.com\/nettalicom","article_published_time":"2022-11-29T07:42:30+00:00","og_image":[{"width":1225,"height":684,"url":"https:\/\/www.nettali.com\/wp-content\/uploads\/2022\/10\/Macky-Sall-e1666620637697.jpeg","type":"image\/jpeg"}],"twitter_card":"summary_large_image","twitter_misc":{"\u00c9crit par":"Fatou","Dur\u00e9e de lecture estim\u00e9e":"2 minutes"},"schema":{"@context":"https:\/\/schema.org","@graph":[{"@type":"WebSite","@id":"https:\/\/www.nettali.com\/#website","url":"https:\/\/www.nettali.com\/","name":"Nettali.com","description":"Le rendez-vous critique du Net","potentialAction":[{"@type":"SearchAction","target":{"@type":"EntryPoint","urlTemplate":"https:\/\/www.nettali.com\/?s={search_term_string}"},"query-input":"required name=search_term_string"}],"inLanguage":"fr-FR"},{"@type":"ImageObject","@id":"https:\/\/www.nettali.com\/2022\/11\/29\/extremisme-religieux-depravation-lappel-de-macky-sall-aux-daaras\/#primaryimage","inLanguage":"fr-FR","url":"https:\/\/www.nettali.com\/wp-content\/uploads\/2022\/10\/Macky-Sall-e1666620637697.jpeg","contentUrl":"https:\/\/www.nettali.com\/wp-content\/uploads\/2022\/10\/Macky-Sall-e1666620637697.jpeg","width":1225,"height":684},{"@type":"WebPage","@id":"https:\/\/www.nettali.com\/2022\/11\/29\/extremisme-religieux-depravation-lappel-de-macky-sall-aux-daaras\/#webpage","url":"https:\/\/www.nettali.com\/2022\/11\/29\/extremisme-religieux-depravation-lappel-de-macky-sall-aux-daaras\/","name":"EXTR\u00c9MISME RELIGIEUX- DEPRAVATION - L'appel de Macky Sall aux daaras | Nettali.com","isPartOf":{"@id":"https:\/\/www.nettali.com\/#website"},"primaryImageOfPage":{"@id":"https:\/\/www.nettali.com\/2022\/11\/29\/extremisme-religieux-depravation-lappel-de-macky-sall-aux-daaras\/#primaryimage"},"datePublished":"2022-11-29T07:42:30+00:00","dateModified":"2022-11-29T07:42:30+00:00","author":{"@id":"https:\/\/www.nettali.com\/#\/schema\/person\/418274a86bdf87caff7a3ef476bd0bbf"},"breadcrumb":{"@id":"https:\/\/www.nettali.com\/2022\/11\/29\/extremisme-religieux-depravation-lappel-de-macky-sall-aux-daaras\/#breadcrumb"},"inLanguage":"fr-FR","potentialAction":[{"@type":"ReadAction","target":["https:\/\/www.nettali.com\/2022\/11\/29\/extremisme-religieux-depravation-lappel-de-macky-sall-aux-daaras\/"]}]},{"@type":"BreadcrumbList","@id":"https:\/\/www.nettali.com\/2022\/11\/29\/extremisme-religieux-depravation-lappel-de-macky-sall-aux-daaras\/#breadcrumb","itemListElement":[{"@type":"ListItem","position":1,"name":"Accueil","item":"https:\/\/www.nettali.com\/"},{"@type":"ListItem","position":2,"name":"EXTR\u00c9MISME RELIGIEUX- DEPRAVATION - L'appel de Macky Sall aux daaras"}]},{"@type":"Person","@id":"https:\/\/www.nettali.com\/#\/schema\/person\/418274a86bdf87caff7a3ef476bd0bbf","name":"Fatou","image":{"@type":"ImageObject","@id":"https:\/\/www.nettali.com\/#personlogo","inLanguage":"fr-FR","url":"https:\/\/secure.gravatar.com\/avatar\/5a9442a2bee7b4dcf167cab035858e9a?s=96&d=mm&r=g","contentUrl":"https:\/\/secure.gravatar.com\/avatar\/5a9442a2bee7b4dcf167cab035858e9a?s=96&d=mm&r=g","caption":"Fatou"},"sameAs":["https:\/\/www.nettali.com"]}]}},"_links":{"self":[{"href":"https:\/\/www.nettali.com\/rest\/wp\/v2\/posts\/98565"}],"collection":[{"href":"https:\/\/www.nettali.com\/rest\/wp\/v2\/posts"}],"about":[{"href":"https:\/\/www.nettali.com\/rest\/wp\/v2\/types\/post"}],"author":[{"embeddable":true,"href":"https:\/\/www.nettali.com\/rest\/wp\/v2\/users\/6"}],"replies":[{"embeddable":true,"href":"https:\/\/www.nettali.com\/rest\/wp\/v2\/comments?post=98565"}],"version-history":[{"count":5,"href":"https:\/\/www.nettali.com\/rest\/wp\/v2\/posts\/98565\/revisions"}],"predecessor-version":[{"id":98572,"href":"https:\/\/www.nettali.com\/rest\/wp\/v2\/posts\/98565\/revisions\/98572"}],"wp:featuredmedia":[{"embeddable":true,"href":"https:\/\/www.nettali.com\/rest\/wp\/v2\/media\/96395"}],"wp:attachment":[{"href":"https:\/\/www.nettali.com\/rest\/wp\/v2\/media?parent=98565"}],"wp:term":[{"taxonomy":"category","embeddable":true,"href":"https:\/\/www.nettali.com\/rest\/wp\/v2\/categories?post=98565"},{"taxonomy":"post_tag","embeddable":true,"href":"https:\/\/www.nettali.com\/rest\/wp\/v2\/tags?post=98565"}],"curies":[{"name":"wp","href":"https:\/\/api.w.org\/{rel}","templated":true}]}}