{"id":98557,"date":"2022-11-28T20:45:56","date_gmt":"2022-11-28T20:45:56","guid":{"rendered":"https:\/\/www.nettali.com\/?p=98557"},"modified":"2022-11-28T20:47:41","modified_gmt":"2022-11-28T20:47:41","slug":"cdm-2022-le-bresil-rejoint-la-france-en-8es","status":"publish","type":"post","link":"https:\/\/www.nettali.com\/2022\/11\/28\/cdm-2022-le-bresil-rejoint-la-france-en-8es\/","title":{"rendered":"CDM 2022 - Le Br\u00e9sil rejoint la France en 8\u00e8s"},"content":{"rendered":"<p><strong>NETTALI.COM - Jusqu'\u00e0 ce lundi, seule la France avait d\u00e9j\u00e0 valid\u00e9 sa place en huiti\u00e8mes de finale. Les Bleus ont \u00e9t\u00e9 rejoints par le Br\u00e9sil, qui a pris le meilleur sur la Suisse (1-0) au stade 974. Sans Neymar, bless\u00e9 \u00e0 une cheville, les Auriverde s'en sont remis \u00e0 une frappe de Casemiro pour forcer la d\u00e9cision en fin de match.<\/strong><\/p>\n<p>Pas de Neymar, pas de magie, mais la victoire tout de m\u00eame pour le Br\u00e9sil. Longtemps en manque d\u2019inspiration et de pr\u00e9cision pour faire sauter le verrou suisse, la Sele\u00e7ao s\u2019en est finalement sortie sur une r\u00e9alisation tardive, et superbe, de Casemiro (1-0).<\/p>\n<p>Ce deuxi\u00e8me succ\u00e8s en deux rencontres permet aux Auriverde de poin\u00e7onner leur billet pour les 8es de finale, tandis que la Nati devra aller chercher le sien face \u00e0 la Serbie, vendredi (19h).<\/p>\n<div class='share-to-whatsapp-wrapper'><div class='share-on-whsp'>PARTAGER SUR : <\/div><a data-text='CDM 2022 - Le Br\u00e9sil rejoint la France en 8\u00e8s' data-link='https:\/\/www.nettali.com\/2022\/11\/28\/cdm-2022-le-bresil-rejoint-la-france-en-8es\/' class='whatsapp-button whatsapp-share'>WhatsApp<\/a><div class='clear '><\/div><\/div>","protected":false},"excerpt":{"rendered":"<p>NETTALI.COM - Jusqu'\u00e0 ce lundi, seule la France avait d\u00e9j\u00e0 valid\u00e9 sa place en huiti\u00e8mes de finale. Les Bleus ont \u00e9t\u00e9 rejoints par le Br\u00e9sil, qui a pris le meilleur sur la Suisse (1-0) au stade 974. Sans Neymar, bless\u00e9 \u00e0 une cheville, les Auriverde s'en sont remis \u00e0 une frappe de Casemiro pour forcer [&hellip;]<\/p>\n","protected":false},"author":5,"featured_media":98558,"comment_status":"open","ping_status":"open","sticky":false,"template":"","format":"standard","meta":{"_et_pb_use_builder":"","_et_pb_old_content":""},"categories":[6],"tags":[],"yoast_head":"<!-- This site is optimized with the Yoast SEO Premium plugin v17.8 (Yoast SEO v17.8) - https:\/\/yoast.com\/wordpress\/plugins\/seo\/ -->\n<title>CDM 2022 - Le Br\u00e9sil rejoint la France en 8\u00e8s | Nettali.com<\/title>\n<meta name=\"robots\" content=\"index, follow, max-snippet:-1, max-image-preview:large, max-video-preview:-1\" \/>\n<link rel=\"canonical\" href=\"https:\/\/www.nettali.com\/2022\/11\/28\/cdm-2022-le-bresil-rejoint-la-france-en-8es\/\" \/>\n<meta property=\"og:locale\" content=\"fr_FR\" \/>\n<meta property=\"og:type\" content=\"article\" \/>\n<meta property=\"og:title\" content=\"CDM 2022 - Le Br\u00e9sil rejoint la France en 8\u00e8s\" \/>\n<meta property=\"og:description\" content=\"NETTALI.COM - Jusqu&#039;\u00e0 ce lundi, seule la France avait d\u00e9j\u00e0 valid\u00e9 sa place en huiti\u00e8mes de finale. Les Bleus ont \u00e9t\u00e9 rejoints par le Br\u00e9sil, qui a pris le meilleur sur la Suisse (1-0) au stade 974. Sans Neymar, bless\u00e9 \u00e0 une cheville, les Auriverde s&#039;en sont remis \u00e0 une frappe de Casemiro pour forcer [&hellip;]\" \/>\n<meta property=\"og:url\" content=\"https:\/\/www.nettali.com\/2022\/11\/28\/cdm-2022-le-bresil-rejoint-la-france-en-8es\/\" \/>\n<meta property=\"og:site_name\" content=\"Nettali.com\" \/>\n<meta property=\"article:publisher\" content=\"https:\/\/www.facebook.com\/nettalicom\" \/>\n<meta property=\"article:published_time\" content=\"2022-11-28T20:45:56+00:00\" \/>\n<meta property=\"article:modified_time\" content=\"2022-11-28T20:47:41+00:00\" \/>\n<meta property=\"og:image\" content=\"https:\/\/www.nettali.com\/wp-content\/uploads\/2022\/11\/Casemiro-lors-de-Bresil-Suisse-1529766.jpg\" \/>\n\t<meta property=\"og:image:width\" content=\"2048\" \/>\n\t<meta property=\"og:image:height\" content=\"1152\" \/>\n<meta name=\"twitter:card\" content=\"summary_large_image\" \/>\n<meta name=\"twitter:label1\" content=\"\u00c9crit par\" \/>\n\t<meta name=\"twitter:data1\" content=\"Ibrahima\" \/>\n\t<meta name=\"twitter:label2\" content=\"Dur\u00e9e de lecture estim\u00e9e\" \/>\n\t<meta name=\"twitter:data2\" content=\"1 minute\" \/>\n<script type=\"application\/ld+json\" class=\"yoast-schema-graph\">{\"@context\":\"https:\/\/schema.org\",\"@graph\":[{\"@type\":\"WebSite\",\"@id\":\"https:\/\/www.nettali.com\/#website\",\"url\":\"https:\/\/www.nettali.com\/\",\"name\":\"Nettali.com\",\"description\":\"Le rendez-vous critique du Net\",\"potentialAction\":[{\"@type\":\"SearchAction\",\"target\":{\"@type\":\"EntryPoint\",\"urlTemplate\":\"https:\/\/www.nettali.com\/?s={search_term_string}\"},\"query-input\":\"required name=search_term_string\"}],\"inLanguage\":\"fr-FR\"},{\"@type\":\"ImageObject\",\"@id\":\"https:\/\/www.nettali.com\/2022\/11\/28\/cdm-2022-le-bresil-rejoint-la-france-en-8es\/#primaryimage\",\"inLanguage\":\"fr-FR\",\"url\":\"https:\/\/www.nettali.com\/wp-content\/uploads\/2022\/11\/Casemiro-lors-de-Bresil-Suisse-1529766.jpg\",\"contentUrl\":\"https:\/\/www.nettali.com\/wp-content\/uploads\/2022\/11\/Casemiro-lors-de-Bresil-Suisse-1529766.jpg\",\"width\":2048,\"height\":1152},{\"@type\":\"WebPage\",\"@id\":\"https:\/\/www.nettali.com\/2022\/11\/28\/cdm-2022-le-bresil-rejoint-la-france-en-8es\/#webpage\",\"url\":\"https:\/\/www.nettali.com\/2022\/11\/28\/cdm-2022-le-bresil-rejoint-la-france-en-8es\/\",\"name\":\"CDM 2022 - Le Br\\u00e9sil rejoint la France en 8\\u00e8s | Nettali.com\",\"isPartOf\":{\"@id\":\"https:\/\/www.nettali.com\/#website\"},\"primaryImageOfPage\":{\"@id\":\"https:\/\/www.nettali.com\/2022\/11\/28\/cdm-2022-le-bresil-rejoint-la-france-en-8es\/#primaryimage\"},\"datePublished\":\"2022-11-28T20:45:56+00:00\",\"dateModified\":\"2022-11-28T20:47:41+00:00\",\"author\":{\"@id\":\"https:\/\/www.nettali.com\/#\/schema\/person\/bb147657c2986240405a608162b9bb23\"},\"breadcrumb\":{\"@id\":\"https:\/\/www.nettali.com\/2022\/11\/28\/cdm-2022-le-bresil-rejoint-la-france-en-8es\/#breadcrumb\"},\"inLanguage\":\"fr-FR\",\"potentialAction\":[{\"@type\":\"ReadAction\",\"target\":[\"https:\/\/www.nettali.com\/2022\/11\/28\/cdm-2022-le-bresil-rejoint-la-france-en-8es\/\"]}]},{\"@type\":\"BreadcrumbList\",\"@id\":\"https:\/\/www.nettali.com\/2022\/11\/28\/cdm-2022-le-bresil-rejoint-la-france-en-8es\/#breadcrumb\",\"itemListElement\":[{\"@type\":\"ListItem\",\"position\":1,\"name\":\"Accueil\",\"item\":\"https:\/\/www.nettali.com\/\"},{\"@type\":\"ListItem\",\"position\":2,\"name\":\"CDM 2022 - Le Br\\u00e9sil rejoint la France en 8\\u00e8s\"}]},{\"@type\":\"Person\",\"@id\":\"https:\/\/www.nettali.com\/#\/schema\/person\/bb147657c2986240405a608162b9bb23\",\"name\":\"Ibrahima\",\"image\":{\"@type\":\"ImageObject\",\"@id\":\"https:\/\/www.nettali.com\/#personlogo\",\"inLanguage\":\"fr-FR\",\"url\":\"https:\/\/secure.gravatar.com\/avatar\/26a8a81f09f0dd7624c9d5c36c9ba3a2?s=96&d=mm&r=g\",\"contentUrl\":\"https:\/\/secure.gravatar.com\/avatar\/26a8a81f09f0dd7624c9d5c36c9ba3a2?s=96&d=mm&r=g\",\"caption\":\"Ibrahima\"},\"sameAs\":[\"https:\/\/www.nettali.com\"]}]}<\/script>\n<!-- \/ Yoast SEO Premium plugin. -->","yoast_head_json":{"title":"CDM 2022 - Le Br\u00e9sil rejoint la France en 8\u00e8s | Nettali.com","robots":{"index":"index","follow":"follow","max-snippet":"max-snippet:-1","max-image-preview":"max-image-preview:large","max-video-preview":"max-video-preview:-1"},"canonical":"https:\/\/www.nettali.com\/2022\/11\/28\/cdm-2022-le-bresil-rejoint-la-france-en-8es\/","og_locale":"fr_FR","og_type":"article","og_title":"CDM 2022 - Le Br\u00e9sil rejoint la France en 8\u00e8s","og_description":"NETTALI.COM - Jusqu'\u00e0 ce lundi, seule la France avait d\u00e9j\u00e0 valid\u00e9 sa place en huiti\u00e8mes de finale. Les Bleus ont \u00e9t\u00e9 rejoints par le Br\u00e9sil, qui a pris le meilleur sur la Suisse (1-0) au stade 974. Sans Neymar, bless\u00e9 \u00e0 une cheville, les Auriverde s'en sont remis \u00e0 une frappe de Casemiro pour forcer [&hellip;]","og_url":"https:\/\/www.nettali.com\/2022\/11\/28\/cdm-2022-le-bresil-rejoint-la-france-en-8es\/","og_site_name":"Nettali.com","article_publisher":"https:\/\/www.facebook.com\/nettalicom","article_published_time":"2022-11-28T20:45:56+00:00","article_modified_time":"2022-11-28T20:47:41+00:00","og_image":[{"width":2048,"height":1152,"url":"https:\/\/www.nettali.com\/wp-content\/uploads\/2022\/11\/Casemiro-lors-de-Bresil-Suisse-1529766.jpg","type":"image\/jpeg"}],"twitter_card":"summary_large_image","twitter_misc":{"\u00c9crit par":"Ibrahima","Dur\u00e9e de lecture estim\u00e9e":"1 minute"},"schema":{"@context":"https:\/\/schema.org","@graph":[{"@type":"WebSite","@id":"https:\/\/www.nettali.com\/#website","url":"https:\/\/www.nettali.com\/","name":"Nettali.com","description":"Le rendez-vous critique du Net","potentialAction":[{"@type":"SearchAction","target":{"@type":"EntryPoint","urlTemplate":"https:\/\/www.nettali.com\/?s={search_term_string}"},"query-input":"required name=search_term_string"}],"inLanguage":"fr-FR"},{"@type":"ImageObject","@id":"https:\/\/www.nettali.com\/2022\/11\/28\/cdm-2022-le-bresil-rejoint-la-france-en-8es\/#primaryimage","inLanguage":"fr-FR","url":"https:\/\/www.nettali.com\/wp-content\/uploads\/2022\/11\/Casemiro-lors-de-Bresil-Suisse-1529766.jpg","contentUrl":"https:\/\/www.nettali.com\/wp-content\/uploads\/2022\/11\/Casemiro-lors-de-Bresil-Suisse-1529766.jpg","width":2048,"height":1152},{"@type":"WebPage","@id":"https:\/\/www.nettali.com\/2022\/11\/28\/cdm-2022-le-bresil-rejoint-la-france-en-8es\/#webpage","url":"https:\/\/www.nettali.com\/2022\/11\/28\/cdm-2022-le-bresil-rejoint-la-france-en-8es\/","name":"CDM 2022 - Le Br\u00e9sil rejoint la France en 8\u00e8s | Nettali.com","isPartOf":{"@id":"https:\/\/www.nettali.com\/#website"},"primaryImageOfPage":{"@id":"https:\/\/www.nettali.com\/2022\/11\/28\/cdm-2022-le-bresil-rejoint-la-france-en-8es\/#primaryimage"},"datePublished":"2022-11-28T20:45:56+00:00","dateModified":"2022-11-28T20:47:41+00:00","author":{"@id":"https:\/\/www.nettali.com\/#\/schema\/person\/bb147657c2986240405a608162b9bb23"},"breadcrumb":{"@id":"https:\/\/www.nettali.com\/2022\/11\/28\/cdm-2022-le-bresil-rejoint-la-france-en-8es\/#breadcrumb"},"inLanguage":"fr-FR","potentialAction":[{"@type":"ReadAction","target":["https:\/\/www.nettali.com\/2022\/11\/28\/cdm-2022-le-bresil-rejoint-la-france-en-8es\/"]}]},{"@type":"BreadcrumbList","@id":"https:\/\/www.nettali.com\/2022\/11\/28\/cdm-2022-le-bresil-rejoint-la-france-en-8es\/#breadcrumb","itemListElement":[{"@type":"ListItem","position":1,"name":"Accueil","item":"https:\/\/www.nettali.com\/"},{"@type":"ListItem","position":2,"name":"CDM 2022 - Le Br\u00e9sil rejoint la France en 8\u00e8s"}]},{"@type":"Person","@id":"https:\/\/www.nettali.com\/#\/schema\/person\/bb147657c2986240405a608162b9bb23","name":"Ibrahima","image":{"@type":"ImageObject","@id":"https:\/\/www.nettali.com\/#personlogo","inLanguage":"fr-FR","url":"https:\/\/secure.gravatar.com\/avatar\/26a8a81f09f0dd7624c9d5c36c9ba3a2?s=96&d=mm&r=g","contentUrl":"https:\/\/secure.gravatar.com\/avatar\/26a8a81f09f0dd7624c9d5c36c9ba3a2?s=96&d=mm&r=g","caption":"Ibrahima"},"sameAs":["https:\/\/www.nettali.com"]}]}},"_links":{"self":[{"href":"https:\/\/www.nettali.com\/rest\/wp\/v2\/posts\/98557"}],"collection":[{"href":"https:\/\/www.nettali.com\/rest\/wp\/v2\/posts"}],"about":[{"href":"https:\/\/www.nettali.com\/rest\/wp\/v2\/types\/post"}],"author":[{"embeddable":true,"href":"https:\/\/www.nettali.com\/rest\/wp\/v2\/users\/5"}],"replies":[{"embeddable":true,"href":"https:\/\/www.nettali.com\/rest\/wp\/v2\/comments?post=98557"}],"version-history":[{"count":1,"href":"https:\/\/www.nettali.com\/rest\/wp\/v2\/posts\/98557\/revisions"}],"predecessor-version":[{"id":98559,"href":"https:\/\/www.nettali.com\/rest\/wp\/v2\/posts\/98557\/revisions\/98559"}],"wp:featuredmedia":[{"embeddable":true,"href":"https:\/\/www.nettali.com\/rest\/wp\/v2\/media\/98558"}],"wp:attachment":[{"href":"https:\/\/www.nettali.com\/rest\/wp\/v2\/media?parent=98557"}],"wp:term":[{"taxonomy":"category","embeddable":true,"href":"https:\/\/www.nettali.com\/rest\/wp\/v2\/categories?post=98557"},{"taxonomy":"post_tag","embeddable":true,"href":"https:\/\/www.nettali.com\/rest\/wp\/v2\/tags?post=98557"}],"curies":[{"name":"wp","href":"https:\/\/api.w.org\/{rel}","templated":true}]}}