{"id":98556,"date":"2022-11-28T21:02:39","date_gmt":"2022-11-28T21:02:39","guid":{"rendered":"https:\/\/www.nettali.com\/?p=98556"},"modified":"2022-11-28T21:02:39","modified_gmt":"2022-11-28T21:02:39","slug":"recital-de-coran-macky-sall-annonce-linstitution-dun-prix-du-president-de-la-republique","status":"publish","type":"post","link":"https:\/\/www.nettali.com\/2022\/11\/28\/recital-de-coran-macky-sall-annonce-linstitution-dun-prix-du-president-de-la-republique\/","title":{"rendered":"RECITAL DE CORAN - Macky Sall annonce l\u2019institution d\u2019un prix du Pr\u00e9sident de la R\u00e9publique"},"content":{"rendered":"<div dir=\"auto\"><strong>NETTALI.COM- Jusque-l\u00e0 organis\u00e9 par des priv\u00e9s, le concours de r\u00e9cital de coran sera organis\u00e9 par l\u2019\u00c9tat. Le pr\u00e9sident de la R\u00e9publique, qui pr\u00e9sidait ce lundi une rencontre sur les daaras, a annonc\u00e9 l\u2019institution d\u2019un Prix du Pr\u00e9sident de la R\u00e9publique pour le R\u00e9cital du Saint Coran.\u00a0<\/strong><\/div>\n<div dir=\"auto\"><\/div>\n<div dir=\"auto\">Le minist\u00e8re de l\u2019Education a organis\u00e9 ce lundi 28 novembre 2022 une concertation sur les \"daaras\". Le Chef de l\u2019Etat qui a pr\u00e9sid\u00e9 la c\u00e9r\u00e9monie officielle a annonc\u00e9 l\u2019institution d\u2019un Prix du Pr\u00e9sident de la R\u00e9publique pour le R\u00e9cital du Saint Coran.\u00a0 Ceci, dans l'optique de \" <em>cr\u00e9er une \u00e9mulation au plan national et aider \u00e0 une pr\u00e9paration optimale de nos candidats et candidates<\/em>\" qui s'illustrent sur le plan international. D'ailleurs, Macky Sall a rendu hommage aux diff\u00e9rents laur\u00e9ats. Il s'agit de<\/div>\n<div dir=\"auto\">\n<div dir=\"auto\">Ndombor S\u00e8ne, sacr\u00e9 en 2016 en Malaisie.\u00a0 \u00a0Mouhamed Moudjtaba Diallo et Sokhna Mame Diarra Ngom, en 2017 en Malaisie, Sokhna Ma\u00efmouna L\u00f4, en 2018 \u00e0 Duba\u00ef, Mouhamed Mahi Tour\u00e9, en 2021 au Maroc et r\u00e9cemment, Sokhna Ndatt\u00e9 Ciss\u00e9, laur\u00e9ate du Premier Prix du r\u00e9cital du Saint Coran en octobre dernier \u00e0 Duba\u00ef.<\/div>\n<div dir=\"auto\"><\/div>\n<\/div>\n<div dir=\"auto\">Outre ce prix annonc\u00e9, le Pr\u00e9sident se dit \" <em>d\u00e9termin\u00e9 \u00e0 poursuivre la modernisation des daaras afin qu\u2019ils puissent s\u2019adapter aux r\u00e9alit\u00e9s de leur temps en gardant leur vocation traditionnelle d\u2019\u00e9ducation et de formation<\/em>.\" A cet effet, il a rappel\u00e9 que \"<em>depuis 2012, l\u2019Etat a mis en place des projets et programmes sp\u00e9cifiques d\u2019envergure nationale au b\u00e9n\u00e9fice de 1357 daara, pour un investissement total de plus de 25 milliards FCFA.<\/em>\"<\/div>\n<div dir=\"auto\"><\/div>\n<div dir=\"auto\">Il poursuit : \" <em>S\u2019y ajoute que les dipl\u00f4m\u00e9s en arabe qui remplissent les conditions sont \u00e9galement admis \u00e0 participer au concours d\u2019acc\u00e8s \u00e0 la prestigieuse Ecole nationale d\u2019Administration<\/em>\". Macky Sall d'ajouter : \" <em>afin de mettre en coh\u00e9rence cette nouvelle dynamique de valorisation des daaras et des dipl\u00f4m\u00e9s en langue arabe, j\u2019ai mis en place, en mai 2021, un Bureau d\u2019assistance aux daaras et aux dipl\u00f4m\u00e9s de l\u2019enseignement Arabe<\/em>.\"<\/div>\n<div dir=\"auto\">Cette nouvelle structure, rattach\u00e9e \u00e0 la Pr\u00e9sidence de la R\u00e9publique, pr\u00e9cise Macky Sall, \" <em>est charg\u00e9e, entre autres, de promouvoir la concertation avec les acteurs, organisations socioprofessionnelles et personnalit\u00e9s religieuses assurant le fonctionnement du syst\u00e8me des daaras. Elle accordera une attention particuli\u00e8re aux programmes d\u2019insertion, d\u2019emploi, de financement et de protection sociale des apprenants, de leur encadrement et des dipl\u00f4m\u00e9s de l\u2019enseignement arabe<\/em>.\"<\/div>\n<div dir=\"auto\"><\/div>\n<div dir=\"auto\">Cependant, le Chef de l'\u00c9tat reconna\u00eet que malgr\u00e9 les r\u00e9alisations, il y a encore des d\u00e9fis \u00e0 relever pour une meilleure insertion des daaras dans notre syst\u00e8me socio-\u00e9ducatif et \u00e9conomique. C\u2019est pourquoi il dit avoir demand\u00e9 \"<em> une cartographie exhaustive des daaras, afin d\u2019affiner davantage nos strat\u00e9gies d\u2019intervention.<\/em>\"<\/div>\n<div dir=\"auto\"><\/div>\n<div dir=\"auto\">Dans le m\u00eame sillage, il informe que l'Etat travaille\u00a0 \u00e0 la mise en \u0153uvre de mesures relatives \u00e0 la finalisation du cadre juridique et r\u00e9glementaire des daaras,\u00a0 au d\u00e9veloppement des offres de formation qualifiante pour les sortants des<\/div>\n<div dir=\"auto\">daaras et\u00a0 \u00e0 la prise en compte des daaras dans les filets de protection sociale tels que la Couverture maladie universelle (CMU) et les Bourses de s\u00e9curit\u00e9 familiale.<\/div>\n<div class='share-to-whatsapp-wrapper'><div class='share-on-whsp'>PARTAGER SUR : <\/div><a data-text='RECITAL DE CORAN - Macky Sall annonce l\u2019institution d\u2019un prix du Pr\u00e9sident de la R\u00e9publique' data-link='https:\/\/www.nettali.com\/2022\/11\/28\/recital-de-coran-macky-sall-annonce-linstitution-dun-prix-du-president-de-la-republique\/' class='whatsapp-button whatsapp-share'>WhatsApp<\/a><div class='clear '><\/div><\/div>","protected":false},"excerpt":{"rendered":"<p>NETTALI.COM- Jusque-l\u00e0 organis\u00e9 par des priv\u00e9s, le concours de r\u00e9cital de coran sera organis\u00e9 par l\u2019\u00c9tat. Le pr\u00e9sident de la R\u00e9publique, qui pr\u00e9sidait ce lundi une rencontre sur les daaras, a annonc\u00e9 l\u2019institution d\u2019un Prix du Pr\u00e9sident de la R\u00e9publique pour le R\u00e9cital du Saint Coran.\u00a0 Le minist\u00e8re de l\u2019Education a organis\u00e9 ce lundi 28 [&hellip;]<\/p>\n","protected":false},"author":6,"featured_media":95330,"comment_status":"open","ping_status":"open","sticky":false,"template":"","format":"standard","meta":{"_et_pb_use_builder":"","_et_pb_old_content":""},"categories":[3],"tags":[],"yoast_head":"<!-- This site is optimized with the Yoast SEO Premium plugin v17.8 (Yoast SEO v17.8) - https:\/\/yoast.com\/wordpress\/plugins\/seo\/ -->\n<title>RECITAL DE CORAN - Macky Sall annonce l\u2019institution d\u2019un prix du Pr\u00e9sident de la R\u00e9publique | Nettali.com<\/title>\n<meta name=\"robots\" content=\"index, follow, max-snippet:-1, max-image-preview:large, max-video-preview:-1\" \/>\n<link rel=\"canonical\" href=\"https:\/\/www.nettali.com\/2022\/11\/28\/recital-de-coran-macky-sall-annonce-linstitution-dun-prix-du-president-de-la-republique\/\" \/>\n<meta property=\"og:locale\" content=\"fr_FR\" \/>\n<meta property=\"og:type\" content=\"article\" \/>\n<meta property=\"og:title\" content=\"RECITAL DE CORAN - Macky Sall annonce l\u2019institution d\u2019un prix du Pr\u00e9sident de la R\u00e9publique\" \/>\n<meta property=\"og:description\" content=\"NETTALI.COM- Jusque-l\u00e0 organis\u00e9 par des priv\u00e9s, le concours de r\u00e9cital de coran sera organis\u00e9 par l\u2019\u00c9tat. Le pr\u00e9sident de la R\u00e9publique, qui pr\u00e9sidait ce lundi une rencontre sur les daaras, a annonc\u00e9 l\u2019institution d\u2019un Prix du Pr\u00e9sident de la R\u00e9publique pour le R\u00e9cital du Saint Coran.\u00a0 Le minist\u00e8re de l\u2019Education a organis\u00e9 ce lundi 28 [&hellip;]\" \/>\n<meta property=\"og:url\" content=\"https:\/\/www.nettali.com\/2022\/11\/28\/recital-de-coran-macky-sall-annonce-linstitution-dun-prix-du-president-de-la-republique\/\" \/>\n<meta property=\"og:site_name\" content=\"Nettali.com\" \/>\n<meta property=\"article:publisher\" content=\"https:\/\/www.facebook.com\/nettalicom\" \/>\n<meta property=\"article:published_time\" content=\"2022-11-28T21:02:39+00:00\" \/>\n<meta property=\"og:image\" content=\"https:\/\/www.nettali.com\/wp-content\/uploads\/2022\/10\/recital-coran-a-dubai-macky-sall-felicite-la-laureate-sokhna-ndatte-cisse.jpg\" \/>\n\t<meta property=\"og:image:width\" content=\"905\" \/>\n\t<meta property=\"og:image:height\" content=\"613\" \/>\n<meta name=\"twitter:card\" content=\"summary_large_image\" \/>\n<meta name=\"twitter:label1\" content=\"\u00c9crit par\" \/>\n\t<meta name=\"twitter:data1\" content=\"Fatou\" \/>\n\t<meta name=\"twitter:label2\" content=\"Dur\u00e9e de lecture estim\u00e9e\" \/>\n\t<meta name=\"twitter:data2\" content=\"3 minutes\" \/>\n<script type=\"application\/ld+json\" class=\"yoast-schema-graph\">{\"@context\":\"https:\/\/schema.org\",\"@graph\":[{\"@type\":\"WebSite\",\"@id\":\"https:\/\/www.nettali.com\/#website\",\"url\":\"https:\/\/www.nettali.com\/\",\"name\":\"Nettali.com\",\"description\":\"Le rendez-vous critique du Net\",\"potentialAction\":[{\"@type\":\"SearchAction\",\"target\":{\"@type\":\"EntryPoint\",\"urlTemplate\":\"https:\/\/www.nettali.com\/?s={search_term_string}\"},\"query-input\":\"required name=search_term_string\"}],\"inLanguage\":\"fr-FR\"},{\"@type\":\"ImageObject\",\"@id\":\"https:\/\/www.nettali.com\/2022\/11\/28\/recital-de-coran-macky-sall-annonce-linstitution-dun-prix-du-president-de-la-republique\/#primaryimage\",\"inLanguage\":\"fr-FR\",\"url\":\"https:\/\/www.nettali.com\/wp-content\/uploads\/2022\/10\/recital-coran-a-dubai-macky-sall-felicite-la-laureate-sokhna-ndatte-cisse.jpg\",\"contentUrl\":\"https:\/\/www.nettali.com\/wp-content\/uploads\/2022\/10\/recital-coran-a-dubai-macky-sall-felicite-la-laureate-sokhna-ndatte-cisse.jpg\",\"width\":905,\"height\":613},{\"@type\":\"WebPage\",\"@id\":\"https:\/\/www.nettali.com\/2022\/11\/28\/recital-de-coran-macky-sall-annonce-linstitution-dun-prix-du-president-de-la-republique\/#webpage\",\"url\":\"https:\/\/www.nettali.com\/2022\/11\/28\/recital-de-coran-macky-sall-annonce-linstitution-dun-prix-du-president-de-la-republique\/\",\"name\":\"RECITAL DE CORAN - Macky Sall annonce l\\u2019institution d\\u2019un prix du Pr\\u00e9sident de la R\\u00e9publique | Nettali.com\",\"isPartOf\":{\"@id\":\"https:\/\/www.nettali.com\/#website\"},\"primaryImageOfPage\":{\"@id\":\"https:\/\/www.nettali.com\/2022\/11\/28\/recital-de-coran-macky-sall-annonce-linstitution-dun-prix-du-president-de-la-republique\/#primaryimage\"},\"datePublished\":\"2022-11-28T21:02:39+00:00\",\"dateModified\":\"2022-11-28T21:02:39+00:00\",\"author\":{\"@id\":\"https:\/\/www.nettali.com\/#\/schema\/person\/418274a86bdf87caff7a3ef476bd0bbf\"},\"breadcrumb\":{\"@id\":\"https:\/\/www.nettali.com\/2022\/11\/28\/recital-de-coran-macky-sall-annonce-linstitution-dun-prix-du-president-de-la-republique\/#breadcrumb\"},\"inLanguage\":\"fr-FR\",\"potentialAction\":[{\"@type\":\"ReadAction\",\"target\":[\"https:\/\/www.nettali.com\/2022\/11\/28\/recital-de-coran-macky-sall-annonce-linstitution-dun-prix-du-president-de-la-republique\/\"]}]},{\"@type\":\"BreadcrumbList\",\"@id\":\"https:\/\/www.nettali.com\/2022\/11\/28\/recital-de-coran-macky-sall-annonce-linstitution-dun-prix-du-president-de-la-republique\/#breadcrumb\",\"itemListElement\":[{\"@type\":\"ListItem\",\"position\":1,\"name\":\"Accueil\",\"item\":\"https:\/\/www.nettali.com\/\"},{\"@type\":\"ListItem\",\"position\":2,\"name\":\"RECITAL DE CORAN - Macky Sall annonce l\\u2019institution d\\u2019un prix du Pr\\u00e9sident de la R\\u00e9publique\"}]},{\"@type\":\"Person\",\"@id\":\"https:\/\/www.nettali.com\/#\/schema\/person\/418274a86bdf87caff7a3ef476bd0bbf\",\"name\":\"Fatou\",\"image\":{\"@type\":\"ImageObject\",\"@id\":\"https:\/\/www.nettali.com\/#personlogo\",\"inLanguage\":\"fr-FR\",\"url\":\"https:\/\/secure.gravatar.com\/avatar\/5a9442a2bee7b4dcf167cab035858e9a?s=96&d=mm&r=g\",\"contentUrl\":\"https:\/\/secure.gravatar.com\/avatar\/5a9442a2bee7b4dcf167cab035858e9a?s=96&d=mm&r=g\",\"caption\":\"Fatou\"},\"sameAs\":[\"https:\/\/www.nettali.com\"]}]}<\/script>\n<!-- \/ Yoast SEO Premium plugin. -->","yoast_head_json":{"title":"RECITAL DE CORAN - Macky Sall annonce l\u2019institution d\u2019un prix du Pr\u00e9sident de la R\u00e9publique | Nettali.com","robots":{"index":"index","follow":"follow","max-snippet":"max-snippet:-1","max-image-preview":"max-image-preview:large","max-video-preview":"max-video-preview:-1"},"canonical":"https:\/\/www.nettali.com\/2022\/11\/28\/recital-de-coran-macky-sall-annonce-linstitution-dun-prix-du-president-de-la-republique\/","og_locale":"fr_FR","og_type":"article","og_title":"RECITAL DE CORAN - Macky Sall annonce l\u2019institution d\u2019un prix du Pr\u00e9sident de la R\u00e9publique","og_description":"NETTALI.COM- Jusque-l\u00e0 organis\u00e9 par des priv\u00e9s, le concours de r\u00e9cital de coran sera organis\u00e9 par l\u2019\u00c9tat. Le pr\u00e9sident de la R\u00e9publique, qui pr\u00e9sidait ce lundi une rencontre sur les daaras, a annonc\u00e9 l\u2019institution d\u2019un Prix du Pr\u00e9sident de la R\u00e9publique pour le R\u00e9cital du Saint Coran.\u00a0 Le minist\u00e8re de l\u2019Education a organis\u00e9 ce lundi 28 [&hellip;]","og_url":"https:\/\/www.nettali.com\/2022\/11\/28\/recital-de-coran-macky-sall-annonce-linstitution-dun-prix-du-president-de-la-republique\/","og_site_name":"Nettali.com","article_publisher":"https:\/\/www.facebook.com\/nettalicom","article_published_time":"2022-11-28T21:02:39+00:00","og_image":[{"width":905,"height":613,"url":"https:\/\/www.nettali.com\/wp-content\/uploads\/2022\/10\/recital-coran-a-dubai-macky-sall-felicite-la-laureate-sokhna-ndatte-cisse.jpg","type":"image\/jpeg"}],"twitter_card":"summary_large_image","twitter_misc":{"\u00c9crit par":"Fatou","Dur\u00e9e de lecture estim\u00e9e":"3 minutes"},"schema":{"@context":"https:\/\/schema.org","@graph":[{"@type":"WebSite","@id":"https:\/\/www.nettali.com\/#website","url":"https:\/\/www.nettali.com\/","name":"Nettali.com","description":"Le rendez-vous critique du Net","potentialAction":[{"@type":"SearchAction","target":{"@type":"EntryPoint","urlTemplate":"https:\/\/www.nettali.com\/?s={search_term_string}"},"query-input":"required name=search_term_string"}],"inLanguage":"fr-FR"},{"@type":"ImageObject","@id":"https:\/\/www.nettali.com\/2022\/11\/28\/recital-de-coran-macky-sall-annonce-linstitution-dun-prix-du-president-de-la-republique\/#primaryimage","inLanguage":"fr-FR","url":"https:\/\/www.nettali.com\/wp-content\/uploads\/2022\/10\/recital-coran-a-dubai-macky-sall-felicite-la-laureate-sokhna-ndatte-cisse.jpg","contentUrl":"https:\/\/www.nettali.com\/wp-content\/uploads\/2022\/10\/recital-coran-a-dubai-macky-sall-felicite-la-laureate-sokhna-ndatte-cisse.jpg","width":905,"height":613},{"@type":"WebPage","@id":"https:\/\/www.nettali.com\/2022\/11\/28\/recital-de-coran-macky-sall-annonce-linstitution-dun-prix-du-president-de-la-republique\/#webpage","url":"https:\/\/www.nettali.com\/2022\/11\/28\/recital-de-coran-macky-sall-annonce-linstitution-dun-prix-du-president-de-la-republique\/","name":"RECITAL DE CORAN - Macky Sall annonce l\u2019institution d\u2019un prix du Pr\u00e9sident de la R\u00e9publique | Nettali.com","isPartOf":{"@id":"https:\/\/www.nettali.com\/#website"},"primaryImageOfPage":{"@id":"https:\/\/www.nettali.com\/2022\/11\/28\/recital-de-coran-macky-sall-annonce-linstitution-dun-prix-du-president-de-la-republique\/#primaryimage"},"datePublished":"2022-11-28T21:02:39+00:00","dateModified":"2022-11-28T21:02:39+00:00","author":{"@id":"https:\/\/www.nettali.com\/#\/schema\/person\/418274a86bdf87caff7a3ef476bd0bbf"},"breadcrumb":{"@id":"https:\/\/www.nettali.com\/2022\/11\/28\/recital-de-coran-macky-sall-annonce-linstitution-dun-prix-du-president-de-la-republique\/#breadcrumb"},"inLanguage":"fr-FR","potentialAction":[{"@type":"ReadAction","target":["https:\/\/www.nettali.com\/2022\/11\/28\/recital-de-coran-macky-sall-annonce-linstitution-dun-prix-du-president-de-la-republique\/"]}]},{"@type":"BreadcrumbList","@id":"https:\/\/www.nettali.com\/2022\/11\/28\/recital-de-coran-macky-sall-annonce-linstitution-dun-prix-du-president-de-la-republique\/#breadcrumb","itemListElement":[{"@type":"ListItem","position":1,"name":"Accueil","item":"https:\/\/www.nettali.com\/"},{"@type":"ListItem","position":2,"name":"RECITAL DE CORAN - Macky Sall annonce l\u2019institution d\u2019un prix du Pr\u00e9sident de la R\u00e9publique"}]},{"@type":"Person","@id":"https:\/\/www.nettali.com\/#\/schema\/person\/418274a86bdf87caff7a3ef476bd0bbf","name":"Fatou","image":{"@type":"ImageObject","@id":"https:\/\/www.nettali.com\/#personlogo","inLanguage":"fr-FR","url":"https:\/\/secure.gravatar.com\/avatar\/5a9442a2bee7b4dcf167cab035858e9a?s=96&d=mm&r=g","contentUrl":"https:\/\/secure.gravatar.com\/avatar\/5a9442a2bee7b4dcf167cab035858e9a?s=96&d=mm&r=g","caption":"Fatou"},"sameAs":["https:\/\/www.nettali.com"]}]}},"_links":{"self":[{"href":"https:\/\/www.nettali.com\/rest\/wp\/v2\/posts\/98556"}],"collection":[{"href":"https:\/\/www.nettali.com\/rest\/wp\/v2\/posts"}],"about":[{"href":"https:\/\/www.nettali.com\/rest\/wp\/v2\/types\/post"}],"author":[{"embeddable":true,"href":"https:\/\/www.nettali.com\/rest\/wp\/v2\/users\/6"}],"replies":[{"embeddable":true,"href":"https:\/\/www.nettali.com\/rest\/wp\/v2\/comments?post=98556"}],"version-history":[{"count":3,"href":"https:\/\/www.nettali.com\/rest\/wp\/v2\/posts\/98556\/revisions"}],"predecessor-version":[{"id":98562,"href":"https:\/\/www.nettali.com\/rest\/wp\/v2\/posts\/98556\/revisions\/98562"}],"wp:featuredmedia":[{"embeddable":true,"href":"https:\/\/www.nettali.com\/rest\/wp\/v2\/media\/95330"}],"wp:attachment":[{"href":"https:\/\/www.nettali.com\/rest\/wp\/v2\/media?parent=98556"}],"wp:term":[{"taxonomy":"category","embeddable":true,"href":"https:\/\/www.nettali.com\/rest\/wp\/v2\/categories?post=98556"},{"taxonomy":"post_tag","embeddable":true,"href":"https:\/\/www.nettali.com\/rest\/wp\/v2\/tags?post=98556"}],"curies":[{"name":"wp","href":"https:\/\/api.w.org\/{rel}","templated":true}]}}