{"id":98552,"date":"2022-11-28T20:26:44","date_gmt":"2022-11-28T20:26:44","guid":{"rendered":"https:\/\/www.nettali.com\/?p=98552"},"modified":"2022-11-29T17:49:47","modified_gmt":"2022-11-29T17:49:47","slug":"macky-sall-je-nemprisonne-pas-je-ne-libere-pas","status":"publish","type":"post","link":"https:\/\/www.nettali.com\/2022\/11\/28\/macky-sall-je-nemprisonne-pas-je-ne-libere-pas\/","title":{"rendered":"MACKY SALL \u2013 \u00abJe n\u2019emprisonne pas, je ne lib\u00e8re pas\u2026\u00a0\u00bb\u00a0"},"content":{"rendered":"<p><strong>NETTALI.COM - Le chef de l\u2019Etat, Macky Sall, \u00a0a r\u00e9uni ce lundi la communaut\u00e9 des Daaras. Plusieurs sujets ont \u00e9t\u00e9 \u00e9voqu\u00e9s. La question des ma\u00eetres coraniques et autres responsables de mosqu\u00e9es emprisonn\u00e9s a \u00e9t\u00e9 au centre des discussions. Sur cette question, le chef de l\u2019Etat s\u2019est voulu clair : il n\u2019emprisonne personne, dit-il.<\/strong><\/p>\n<p><em>\u00abAu S\u00e9n\u00e9gal, \u00a0quand quelqu\u2019un est emprisonn\u00e9, on dit que c\u2019est le pr\u00e9sident qui l\u2019a emprisonn\u00e9. Quand vous \u00eates accus\u00e9 aussi, on dit que c\u2019est le pr\u00e9sident qui l\u2019a accus\u00e9. Le pr\u00e9sident n\u2019emprisonne pas, il ne lib\u00e8re pas. Ce qu\u2019il peut faire, c\u2019est de gracier au terme du processus judiciaire.<br \/>\nJe ne citerai pas de cas. Mais, quand vous \u00eates emprisonn\u00e9, c\u2019est qu\u2019il y a quelque chose. Si vous vous limitez \u00e0 enseigner, vous ne risquez pas d\u2019\u00eatre accus\u00e9s de quoi que ce soit. J\u2019ai la situation, r\u00e9gion par r\u00e9gion. J\u2019ai entendu vos dol\u00e9ances. S\u2019il s\u2019agit de dossiers administratifs qui ne sont pas graves, on peut voir comment faire pour faciliter les choses\u00bb,<\/em> a d\u00e9clar\u00e9 le chef de l\u2019Etat qui r\u00e9pondait \u00e0 une dol\u00e9ance des f\u00e9d\u00e9rations des daaras qui veulent qu\u2019il interc\u00e8de en faveur des maitres coraniques et autre administrateurs de daaras emprisonn\u00e9s.<\/p>\n<p>Macky Sall de se montrer plus explicite. <em>\u00abIl y a des situations s\u00e9rieuses pour lesquelles la Justice doit faire son travail. Si c\u2019est de l\u2019escroquerie, c\u2019est pardonnable ou arrangeable. Mais certains sont arr\u00eat\u00e9s avec des armes de troisi\u00e8me degr\u00e9, sans autorisation. Il y a, par contre, des affaires administratives. C\u2019est quand il y a des oppositions entre id\u00e9ologies qui conduisent \u00e0 la fermeture d\u2019une mosqu\u00e9e par exemple. Ce sont des choses que l\u2019administration peut r\u00e9gler sans recourir \u00e0 l\u2019emprisonnement. Il y a aussi des cas d\u2019abus de confiance. Il y a aussi des cas de s\u00e9questration de mineur, \u00a0d\u2019association de malfaiteurs et de violences. L\u00e0, la justice ne \u00a0regarde pas si l\u2019accus\u00e9 est un ma\u00eetre coranique\u00a0ou pas. Elle s\u2019int\u00e9resse \u00e0 ceux qui sont cit\u00e9s et le tribunal fait son travail. Il y a aussi les coups et blessures volontaires, les actes de torture sur des enfants talib\u00e9s. Je pense que si on en discute, des solutions seront trouv\u00e9es et qu\u2019il y aura peut-\u00eatre moins des cas de ce type, tout en renfor\u00e7ant la formation. Le garde des sceaux est l\u00e0. Pour ce qui est de son ressort, il peut voir comment faciliter les choses. Que ceux qui doivent \u00eatre jug\u00e9s le soient. Il peut voir les cas de longue d\u00e9tention pr\u00e9ventive de sorte qu'ils puissent \u00eatre jug\u00e9s ou voir comment les lib\u00e9rer. Je pense que c\u2019est faisable\"<\/em>, a ajout\u00e9 le chef de l\u2019Etat.<\/p>\n<p>Le pr\u00e9sident de dire qu\u2019il y a aussi des cas o\u00f9 des talib\u00e9s trouvent la mort dans des conditions tragiques. <em>\u00abL\u00e0, il faut faire la lumi\u00e8re. Et ce n'est pas parce qu\u2019on combat les \"serigne daara\". La vie humaine est sacr\u00e9e. Il y a aussi des cas de p\u00e9dophilie. Moi-m\u00eame j\u2019ai fait en sorte que les lois soient plus s\u00e9v\u00e8res en ce qui concerne la p\u00e9dophilie et le viol. Car on doit prot\u00e9ger les enfants et les femmes. C\u2019est pourquoi pour ce genre de cas, il faut que la Justice fasse son travail. Ce qu\u2019il faut comprendre, c\u2019est que les auteurs de meurtre et de viol ne font pas partie de ceux qui peuvent b\u00e9n\u00e9ficier de la gr\u00e2ce pr\u00e9sidentielle. Pour tout le reste, le pr\u00e9sident de la R\u00e9publique peut les gracier\u00bb<\/em>, fait comprendre Macky Sall.<\/p>\n<p>&nbsp;<\/p>\n<p>&nbsp;<\/p>\n<div class='share-to-whatsapp-wrapper'><div class='share-on-whsp'>PARTAGER SUR : <\/div><a data-text='MACKY SALL \u2013 \u00abJe n\u2019emprisonne pas, je ne lib\u00e8re pas\u2026\u00a0\u00bb\u00a0' data-link='https:\/\/www.nettali.com\/2022\/11\/28\/macky-sall-je-nemprisonne-pas-je-ne-libere-pas\/' class='whatsapp-button whatsapp-share'>WhatsApp<\/a><div class='clear '><\/div><\/div>","protected":false},"excerpt":{"rendered":"<p>NETTALI.COM - Le chef de l\u2019Etat, Macky Sall, \u00a0a r\u00e9uni ce lundi la communaut\u00e9 des Daaras. Plusieurs sujets ont \u00e9t\u00e9 \u00e9voqu\u00e9s. La question des ma\u00eetres coraniques et autres responsables de mosqu\u00e9es emprisonn\u00e9s a \u00e9t\u00e9 au centre des discussions. Sur cette question, le chef de l\u2019Etat s\u2019est voulu clair : il n\u2019emprisonne personne, dit-il. \u00abAu S\u00e9n\u00e9gal, [&hellip;]<\/p>\n","protected":false},"author":4,"featured_media":94869,"comment_status":"open","ping_status":"open","sticky":false,"template":"","format":"standard","meta":{"_et_pb_use_builder":"","_et_pb_old_content":""},"categories":[3],"tags":[],"yoast_head":"<!-- This site is optimized with the Yoast SEO Premium plugin v17.8 (Yoast SEO v17.8) - https:\/\/yoast.com\/wordpress\/plugins\/seo\/ -->\n<title>MACKY SALL \u2013 \u00abJe n\u2019emprisonne pas, je ne lib\u00e8re pas\u2026\u00a0\u00bb\u00a0 | Nettali.com<\/title>\n<meta name=\"robots\" content=\"index, follow, max-snippet:-1, max-image-preview:large, max-video-preview:-1\" \/>\n<link rel=\"canonical\" href=\"https:\/\/www.nettali.com\/2022\/11\/28\/macky-sall-je-nemprisonne-pas-je-ne-libere-pas\/\" \/>\n<meta property=\"og:locale\" content=\"fr_FR\" \/>\n<meta property=\"og:type\" content=\"article\" \/>\n<meta property=\"og:title\" content=\"MACKY SALL \u2013 \u00abJe n\u2019emprisonne pas, je ne lib\u00e8re pas\u2026\u00a0\u00bb\u00a0\" \/>\n<meta property=\"og:description\" content=\"NETTALI.COM - Le chef de l\u2019Etat, Macky Sall, \u00a0a r\u00e9uni ce lundi la communaut\u00e9 des Daaras. Plusieurs sujets ont \u00e9t\u00e9 \u00e9voqu\u00e9s. La question des ma\u00eetres coraniques et autres responsables de mosqu\u00e9es emprisonn\u00e9s a \u00e9t\u00e9 au centre des discussions. Sur cette question, le chef de l\u2019Etat s\u2019est voulu clair : il n\u2019emprisonne personne, dit-il. \u00abAu S\u00e9n\u00e9gal, [&hellip;]\" \/>\n<meta property=\"og:url\" content=\"https:\/\/www.nettali.com\/2022\/11\/28\/macky-sall-je-nemprisonne-pas-je-ne-libere-pas\/\" \/>\n<meta property=\"og:site_name\" content=\"Nettali.com\" \/>\n<meta property=\"article:publisher\" content=\"https:\/\/www.facebook.com\/nettalicom\" \/>\n<meta property=\"article:published_time\" content=\"2022-11-28T20:26:44+00:00\" \/>\n<meta property=\"article:modified_time\" content=\"2022-11-29T17:49:47+00:00\" \/>\n<meta property=\"og:image\" content=\"https:\/\/www.nettali.com\/wp-content\/uploads\/2022\/10\/Macky.jpeg\" \/>\n\t<meta property=\"og:image:width\" content=\"1280\" \/>\n\t<meta property=\"og:image:height\" content=\"917\" \/>\n<meta name=\"twitter:card\" content=\"summary_large_image\" \/>\n<meta name=\"twitter:label1\" content=\"\u00c9crit par\" \/>\n\t<meta name=\"twitter:data1\" content=\"Daouda\" \/>\n\t<meta name=\"twitter:label2\" content=\"Dur\u00e9e de lecture estim\u00e9e\" \/>\n\t<meta name=\"twitter:data2\" content=\"3 minutes\" \/>\n<script type=\"application\/ld+json\" class=\"yoast-schema-graph\">{\"@context\":\"https:\/\/schema.org\",\"@graph\":[{\"@type\":\"WebSite\",\"@id\":\"https:\/\/www.nettali.com\/#website\",\"url\":\"https:\/\/www.nettali.com\/\",\"name\":\"Nettali.com\",\"description\":\"Le rendez-vous critique du Net\",\"potentialAction\":[{\"@type\":\"SearchAction\",\"target\":{\"@type\":\"EntryPoint\",\"urlTemplate\":\"https:\/\/www.nettali.com\/?s={search_term_string}\"},\"query-input\":\"required name=search_term_string\"}],\"inLanguage\":\"fr-FR\"},{\"@type\":\"ImageObject\",\"@id\":\"https:\/\/www.nettali.com\/2022\/11\/28\/macky-sall-je-nemprisonne-pas-je-ne-libere-pas\/#primaryimage\",\"inLanguage\":\"fr-FR\",\"url\":\"https:\/\/www.nettali.com\/wp-content\/uploads\/2022\/10\/Macky.jpeg\",\"contentUrl\":\"https:\/\/www.nettali.com\/wp-content\/uploads\/2022\/10\/Macky.jpeg\",\"width\":1280,\"height\":917},{\"@type\":\"WebPage\",\"@id\":\"https:\/\/www.nettali.com\/2022\/11\/28\/macky-sall-je-nemprisonne-pas-je-ne-libere-pas\/#webpage\",\"url\":\"https:\/\/www.nettali.com\/2022\/11\/28\/macky-sall-je-nemprisonne-pas-je-ne-libere-pas\/\",\"name\":\"MACKY SALL \\u2013 \\u00abJe n\\u2019emprisonne pas, je ne lib\\u00e8re pas\\u2026\\u00a0\\u00bb\\u00a0 | Nettali.com\",\"isPartOf\":{\"@id\":\"https:\/\/www.nettali.com\/#website\"},\"primaryImageOfPage\":{\"@id\":\"https:\/\/www.nettali.com\/2022\/11\/28\/macky-sall-je-nemprisonne-pas-je-ne-libere-pas\/#primaryimage\"},\"datePublished\":\"2022-11-28T20:26:44+00:00\",\"dateModified\":\"2022-11-29T17:49:47+00:00\",\"author\":{\"@id\":\"https:\/\/www.nettali.com\/#\/schema\/person\/3317e0bb3aa1da309fbf7b2780901bf4\"},\"breadcrumb\":{\"@id\":\"https:\/\/www.nettali.com\/2022\/11\/28\/macky-sall-je-nemprisonne-pas-je-ne-libere-pas\/#breadcrumb\"},\"inLanguage\":\"fr-FR\",\"potentialAction\":[{\"@type\":\"ReadAction\",\"target\":[\"https:\/\/www.nettali.com\/2022\/11\/28\/macky-sall-je-nemprisonne-pas-je-ne-libere-pas\/\"]}]},{\"@type\":\"BreadcrumbList\",\"@id\":\"https:\/\/www.nettali.com\/2022\/11\/28\/macky-sall-je-nemprisonne-pas-je-ne-libere-pas\/#breadcrumb\",\"itemListElement\":[{\"@type\":\"ListItem\",\"position\":1,\"name\":\"Accueil\",\"item\":\"https:\/\/www.nettali.com\/\"},{\"@type\":\"ListItem\",\"position\":2,\"name\":\"MACKY SALL \\u2013 \\u00abJe n\\u2019emprisonne pas, je ne lib\\u00e8re pas\\u2026\\u00a0\\u00bb\\u00a0\"}]},{\"@type\":\"Person\",\"@id\":\"https:\/\/www.nettali.com\/#\/schema\/person\/3317e0bb3aa1da309fbf7b2780901bf4\",\"name\":\"Daouda\",\"image\":{\"@type\":\"ImageObject\",\"@id\":\"https:\/\/www.nettali.com\/#personlogo\",\"inLanguage\":\"fr-FR\",\"url\":\"https:\/\/secure.gravatar.com\/avatar\/8d143b5a49345098ddcfee1c49c2f47c?s=96&d=mm&r=g\",\"contentUrl\":\"https:\/\/secure.gravatar.com\/avatar\/8d143b5a49345098ddcfee1c49c2f47c?s=96&d=mm&r=g\",\"caption\":\"Daouda\"},\"sameAs\":[\"https:\/\/www.nettali.com\"]}]}<\/script>\n<!-- \/ Yoast SEO Premium plugin. -->","yoast_head_json":{"title":"MACKY SALL \u2013 \u00abJe n\u2019emprisonne pas, je ne lib\u00e8re pas\u2026\u00a0\u00bb\u00a0 | Nettali.com","robots":{"index":"index","follow":"follow","max-snippet":"max-snippet:-1","max-image-preview":"max-image-preview:large","max-video-preview":"max-video-preview:-1"},"canonical":"https:\/\/www.nettali.com\/2022\/11\/28\/macky-sall-je-nemprisonne-pas-je-ne-libere-pas\/","og_locale":"fr_FR","og_type":"article","og_title":"MACKY SALL \u2013 \u00abJe n\u2019emprisonne pas, je ne lib\u00e8re pas\u2026\u00a0\u00bb\u00a0","og_description":"NETTALI.COM - Le chef de l\u2019Etat, Macky Sall, \u00a0a r\u00e9uni ce lundi la communaut\u00e9 des Daaras. Plusieurs sujets ont \u00e9t\u00e9 \u00e9voqu\u00e9s. La question des ma\u00eetres coraniques et autres responsables de mosqu\u00e9es emprisonn\u00e9s a \u00e9t\u00e9 au centre des discussions. Sur cette question, le chef de l\u2019Etat s\u2019est voulu clair : il n\u2019emprisonne personne, dit-il. \u00abAu S\u00e9n\u00e9gal, [&hellip;]","og_url":"https:\/\/www.nettali.com\/2022\/11\/28\/macky-sall-je-nemprisonne-pas-je-ne-libere-pas\/","og_site_name":"Nettali.com","article_publisher":"https:\/\/www.facebook.com\/nettalicom","article_published_time":"2022-11-28T20:26:44+00:00","article_modified_time":"2022-11-29T17:49:47+00:00","og_image":[{"width":1280,"height":917,"url":"https:\/\/www.nettali.com\/wp-content\/uploads\/2022\/10\/Macky.jpeg","type":"image\/jpeg"}],"twitter_card":"summary_large_image","twitter_misc":{"\u00c9crit par":"Daouda","Dur\u00e9e de lecture estim\u00e9e":"3 minutes"},"schema":{"@context":"https:\/\/schema.org","@graph":[{"@type":"WebSite","@id":"https:\/\/www.nettali.com\/#website","url":"https:\/\/www.nettali.com\/","name":"Nettali.com","description":"Le rendez-vous critique du Net","potentialAction":[{"@type":"SearchAction","target":{"@type":"EntryPoint","urlTemplate":"https:\/\/www.nettali.com\/?s={search_term_string}"},"query-input":"required name=search_term_string"}],"inLanguage":"fr-FR"},{"@type":"ImageObject","@id":"https:\/\/www.nettali.com\/2022\/11\/28\/macky-sall-je-nemprisonne-pas-je-ne-libere-pas\/#primaryimage","inLanguage":"fr-FR","url":"https:\/\/www.nettali.com\/wp-content\/uploads\/2022\/10\/Macky.jpeg","contentUrl":"https:\/\/www.nettali.com\/wp-content\/uploads\/2022\/10\/Macky.jpeg","width":1280,"height":917},{"@type":"WebPage","@id":"https:\/\/www.nettali.com\/2022\/11\/28\/macky-sall-je-nemprisonne-pas-je-ne-libere-pas\/#webpage","url":"https:\/\/www.nettali.com\/2022\/11\/28\/macky-sall-je-nemprisonne-pas-je-ne-libere-pas\/","name":"MACKY SALL \u2013 \u00abJe n\u2019emprisonne pas, je ne lib\u00e8re pas\u2026\u00a0\u00bb\u00a0 | Nettali.com","isPartOf":{"@id":"https:\/\/www.nettali.com\/#website"},"primaryImageOfPage":{"@id":"https:\/\/www.nettali.com\/2022\/11\/28\/macky-sall-je-nemprisonne-pas-je-ne-libere-pas\/#primaryimage"},"datePublished":"2022-11-28T20:26:44+00:00","dateModified":"2022-11-29T17:49:47+00:00","author":{"@id":"https:\/\/www.nettali.com\/#\/schema\/person\/3317e0bb3aa1da309fbf7b2780901bf4"},"breadcrumb":{"@id":"https:\/\/www.nettali.com\/2022\/11\/28\/macky-sall-je-nemprisonne-pas-je-ne-libere-pas\/#breadcrumb"},"inLanguage":"fr-FR","potentialAction":[{"@type":"ReadAction","target":["https:\/\/www.nettali.com\/2022\/11\/28\/macky-sall-je-nemprisonne-pas-je-ne-libere-pas\/"]}]},{"@type":"BreadcrumbList","@id":"https:\/\/www.nettali.com\/2022\/11\/28\/macky-sall-je-nemprisonne-pas-je-ne-libere-pas\/#breadcrumb","itemListElement":[{"@type":"ListItem","position":1,"name":"Accueil","item":"https:\/\/www.nettali.com\/"},{"@type":"ListItem","position":2,"name":"MACKY SALL \u2013 \u00abJe n\u2019emprisonne pas, je ne lib\u00e8re pas\u2026\u00a0\u00bb\u00a0"}]},{"@type":"Person","@id":"https:\/\/www.nettali.com\/#\/schema\/person\/3317e0bb3aa1da309fbf7b2780901bf4","name":"Daouda","image":{"@type":"ImageObject","@id":"https:\/\/www.nettali.com\/#personlogo","inLanguage":"fr-FR","url":"https:\/\/secure.gravatar.com\/avatar\/8d143b5a49345098ddcfee1c49c2f47c?s=96&d=mm&r=g","contentUrl":"https:\/\/secure.gravatar.com\/avatar\/8d143b5a49345098ddcfee1c49c2f47c?s=96&d=mm&r=g","caption":"Daouda"},"sameAs":["https:\/\/www.nettali.com"]}]}},"_links":{"self":[{"href":"https:\/\/www.nettali.com\/rest\/wp\/v2\/posts\/98552"}],"collection":[{"href":"https:\/\/www.nettali.com\/rest\/wp\/v2\/posts"}],"about":[{"href":"https:\/\/www.nettali.com\/rest\/wp\/v2\/types\/post"}],"author":[{"embeddable":true,"href":"https:\/\/www.nettali.com\/rest\/wp\/v2\/users\/4"}],"replies":[{"embeddable":true,"href":"https:\/\/www.nettali.com\/rest\/wp\/v2\/comments?post=98552"}],"version-history":[{"count":1,"href":"https:\/\/www.nettali.com\/rest\/wp\/v2\/posts\/98552\/revisions"}],"predecessor-version":[{"id":98553,"href":"https:\/\/www.nettali.com\/rest\/wp\/v2\/posts\/98552\/revisions\/98553"}],"wp:featuredmedia":[{"embeddable":true,"href":"https:\/\/www.nettali.com\/rest\/wp\/v2\/media\/94869"}],"wp:attachment":[{"href":"https:\/\/www.nettali.com\/rest\/wp\/v2\/media?parent=98552"}],"wp:term":[{"taxonomy":"category","embeddable":true,"href":"https:\/\/www.nettali.com\/rest\/wp\/v2\/categories?post=98552"},{"taxonomy":"post_tag","embeddable":true,"href":"https:\/\/www.nettali.com\/rest\/wp\/v2\/tags?post=98552"}],"curies":[{"name":"wp","href":"https:\/\/api.w.org\/{rel}","templated":true}]}}