{"id":98548,"date":"2022-11-28T20:36:32","date_gmt":"2022-11-28T20:36:32","guid":{"rendered":"https:\/\/www.nettali.com\/?p=98548"},"modified":"2022-11-28T20:36:32","modified_gmt":"2022-11-28T20:36:32","slug":"cession-de-yamba-menotte-moustapha-mbaye-fuit-avec-la-moto-de-la-police-et-prend-un-an-ferme","status":"publish","type":"post","link":"https:\/\/www.nettali.com\/2022\/11\/28\/cession-de-yamba-menotte-moustapha-mbaye-fuit-avec-la-moto-de-la-police-et-prend-un-an-ferme\/","title":{"rendered":"CESSION DE YAMBA - Menott\u00e9, Moustapha Mbaye fuit avec la moto de la police et prend un an ferme"},"content":{"rendered":"<p><strong>NETTALI.COM-\u00a0Un fait insolite s\u2019est produit lors de l\u2019arrestation d\u2019un trafiquant de chanvre indien \u00e0 libert\u00e9 4. Moustapha Mbaye a pris la poudre d\u2019escampette avec la moto de la police avant d'\u00eatre appr\u00e9hend\u00e9 apr\u00e8s\u00a0 21 jours de cavale. Jug\u00e9 ce lundi 28 novembre 2022, devant le tribunal des flagrants d\u00e9lits de Dakar, il a pris un an ferme.<\/strong><\/p>\n<p>Un an de prison ferme, c\u2019est la sentence prononc\u00e9e par le tribunal des flagrants d\u00e9lits de Dakar contre Moustapha Mbaye. Il a comparu devant ladite juridiction pour des faits d'offre et de cession de chanvre indien. S\u2019agissant des faits, les limiers ont re\u00e7u un appel anonyme faisant \u00e9tat d\u2019un trafic intense de chanvre indien \u00e0 libert\u00e9 4. Sans perdre de temps, ils ont effectu\u00e9 une descente vers les coups de minuit chez Moustapha Mbaye avant de l\u2019appr\u00e9hender. Ils l\u2019ont menott\u00e9 sur une moto le temps de faire la perquisition. Mais, le mis en cause a profit\u00e9 d\u2019un moment d\u2019inattention des policiers pour prendre la tangente avec ladite moto. Le lendemain, il est revenu chez lui pour d\u00e9poser la moto avant de se fondre dans la nature. Apr\u00e8s 21 jours de cavale, il est revenu chez lui. Il est surpris par les hommes de tenue au moment o\u00f9 il prenait son bain, d\u00e9nonc\u00e9 qu'il est par des membres de sa famille.<\/p>\n<p>Devant les juges, le pr\u00e9venu a ni\u00e9 \u00eatre le propri\u00e9taire des 12 cornets de chanvre indien trouv\u00e9s au salon, dans un bol, lors de la premi\u00e8re descente polici\u00e8re. Il a confess\u00e9 qu'il d\u00e9tenait un seul cornet. A l\u2019en croire, il fait du Tiak Tiak et s\u2019active dans l\u2019\u00e9levage.<\/p>\n<p>Interrog\u00e9 sur la fuite, il a r\u00e9pondu qu\u2019il avait juste peur car il avait s\u00e9journ\u00e9 en prison durant deux ans.<\/p>\n<p>Invit\u00e9e \u00e0 faire son r\u00e9quisitoire, la repr\u00e9sentante du parquet, convaincue de la culpabilit\u00e9 du pr\u00e9venu a requis une peine de deux ans de prison ferme.<\/p>\n<p>Une peine s\u00e9v\u00e8re selon la d\u00e9fense qui a rappel\u00e9 que son client a ni\u00e9 \u00eatre le propri\u00e9taire des 12 cornets. C\u2019est ainsi que l'avocat a plaid\u00e9 pour une application bienveillante de la loi. Auparavant, il a demand\u00e9 la requalification des faits en d\u00e9tention.<\/p>\n<p>En rendant sa d\u00e9cision, le tribunal a disqualifi\u00e9 l'offre en d\u00e9tention avant de\u00a0 condamner Moustapha Mbaye \u00e0 un an ferme.<\/p>\n<div class='share-to-whatsapp-wrapper'><div class='share-on-whsp'>PARTAGER SUR : <\/div><a data-text='CESSION DE YAMBA - Menott\u00e9, Moustapha Mbaye fuit avec la moto de la police et prend un an ferme' data-link='https:\/\/www.nettali.com\/2022\/11\/28\/cession-de-yamba-menotte-moustapha-mbaye-fuit-avec-la-moto-de-la-police-et-prend-un-an-ferme\/' class='whatsapp-button whatsapp-share'>WhatsApp<\/a><div class='clear '><\/div><\/div>","protected":false},"excerpt":{"rendered":"<p>NETTALI.COM-\u00a0Un fait insolite s\u2019est produit lors de l\u2019arrestation d\u2019un trafiquant de chanvre indien \u00e0 libert\u00e9 4. Moustapha Mbaye a pris la poudre d\u2019escampette avec la moto de la police avant d'\u00eatre appr\u00e9hend\u00e9 apr\u00e8s\u00a0 21 jours de cavale. Jug\u00e9 ce lundi 28 novembre 2022, devant le tribunal des flagrants d\u00e9lits de Dakar, il a pris un [&hellip;]<\/p>\n","protected":false},"author":6,"featured_media":91302,"comment_status":"open","ping_status":"open","sticky":false,"template":"","format":"standard","meta":{"_et_pb_use_builder":"","_et_pb_old_content":""},"categories":[3],"tags":[],"yoast_head":"<!-- This site is optimized with the Yoast SEO Premium plugin v17.8 (Yoast SEO v17.8) - https:\/\/yoast.com\/wordpress\/plugins\/seo\/ -->\n<title>CESSION DE YAMBA - Menott\u00e9, Moustapha Mbaye fuit avec la moto de la police et prend un an ferme | Nettali.com<\/title>\n<meta name=\"robots\" content=\"index, follow, max-snippet:-1, max-image-preview:large, max-video-preview:-1\" \/>\n<link rel=\"canonical\" href=\"https:\/\/www.nettali.com\/2022\/11\/28\/cession-de-yamba-menotte-moustapha-mbaye-fuit-avec-la-moto-de-la-police-et-prend-un-an-ferme\/\" \/>\n<meta property=\"og:locale\" content=\"fr_FR\" \/>\n<meta property=\"og:type\" content=\"article\" \/>\n<meta property=\"og:title\" content=\"CESSION DE YAMBA - Menott\u00e9, Moustapha Mbaye fuit avec la moto de la police et prend un an ferme\" \/>\n<meta property=\"og:description\" content=\"NETTALI.COM-\u00a0Un fait insolite s\u2019est produit lors de l\u2019arrestation d\u2019un trafiquant de chanvre indien \u00e0 libert\u00e9 4. Moustapha Mbaye a pris la poudre d\u2019escampette avec la moto de la police avant d&#039;\u00eatre appr\u00e9hend\u00e9 apr\u00e8s\u00a0 21 jours de cavale. Jug\u00e9 ce lundi 28 novembre 2022, devant le tribunal des flagrants d\u00e9lits de Dakar, il a pris un [&hellip;]\" \/>\n<meta property=\"og:url\" content=\"https:\/\/www.nettali.com\/2022\/11\/28\/cession-de-yamba-menotte-moustapha-mbaye-fuit-avec-la-moto-de-la-police-et-prend-un-an-ferme\/\" \/>\n<meta property=\"og:site_name\" content=\"Nettali.com\" \/>\n<meta property=\"article:publisher\" content=\"https:\/\/www.facebook.com\/nettalicom\" \/>\n<meta property=\"article:published_time\" content=\"2022-11-28T20:36:32+00:00\" \/>\n<meta property=\"og:image\" content=\"https:\/\/www.nettali.com\/wp-content\/uploads\/2022\/08\/justice.jpg\" \/>\n\t<meta property=\"og:image:width\" content=\"808\" \/>\n\t<meta property=\"og:image:height\" content=\"463\" \/>\n<meta name=\"twitter:card\" content=\"summary_large_image\" \/>\n<meta name=\"twitter:label1\" content=\"\u00c9crit par\" \/>\n\t<meta name=\"twitter:data1\" content=\"Fatou\" \/>\n\t<meta name=\"twitter:label2\" content=\"Dur\u00e9e de lecture estim\u00e9e\" \/>\n\t<meta name=\"twitter:data2\" content=\"2 minutes\" \/>\n<script type=\"application\/ld+json\" class=\"yoast-schema-graph\">{\"@context\":\"https:\/\/schema.org\",\"@graph\":[{\"@type\":\"WebSite\",\"@id\":\"https:\/\/www.nettali.com\/#website\",\"url\":\"https:\/\/www.nettali.com\/\",\"name\":\"Nettali.com\",\"description\":\"Le rendez-vous critique du Net\",\"potentialAction\":[{\"@type\":\"SearchAction\",\"target\":{\"@type\":\"EntryPoint\",\"urlTemplate\":\"https:\/\/www.nettali.com\/?s={search_term_string}\"},\"query-input\":\"required name=search_term_string\"}],\"inLanguage\":\"fr-FR\"},{\"@type\":\"ImageObject\",\"@id\":\"https:\/\/www.nettali.com\/2022\/11\/28\/cession-de-yamba-menotte-moustapha-mbaye-fuit-avec-la-moto-de-la-police-et-prend-un-an-ferme\/#primaryimage\",\"inLanguage\":\"fr-FR\",\"url\":\"https:\/\/www.nettali.com\/wp-content\/uploads\/2022\/08\/justice.jpg\",\"contentUrl\":\"https:\/\/www.nettali.com\/wp-content\/uploads\/2022\/08\/justice.jpg\",\"width\":808,\"height\":463},{\"@type\":\"WebPage\",\"@id\":\"https:\/\/www.nettali.com\/2022\/11\/28\/cession-de-yamba-menotte-moustapha-mbaye-fuit-avec-la-moto-de-la-police-et-prend-un-an-ferme\/#webpage\",\"url\":\"https:\/\/www.nettali.com\/2022\/11\/28\/cession-de-yamba-menotte-moustapha-mbaye-fuit-avec-la-moto-de-la-police-et-prend-un-an-ferme\/\",\"name\":\"CESSION DE YAMBA - Menott\\u00e9, Moustapha Mbaye fuit avec la moto de la police et prend un an ferme | Nettali.com\",\"isPartOf\":{\"@id\":\"https:\/\/www.nettali.com\/#website\"},\"primaryImageOfPage\":{\"@id\":\"https:\/\/www.nettali.com\/2022\/11\/28\/cession-de-yamba-menotte-moustapha-mbaye-fuit-avec-la-moto-de-la-police-et-prend-un-an-ferme\/#primaryimage\"},\"datePublished\":\"2022-11-28T20:36:32+00:00\",\"dateModified\":\"2022-11-28T20:36:32+00:00\",\"author\":{\"@id\":\"https:\/\/www.nettali.com\/#\/schema\/person\/418274a86bdf87caff7a3ef476bd0bbf\"},\"breadcrumb\":{\"@id\":\"https:\/\/www.nettali.com\/2022\/11\/28\/cession-de-yamba-menotte-moustapha-mbaye-fuit-avec-la-moto-de-la-police-et-prend-un-an-ferme\/#breadcrumb\"},\"inLanguage\":\"fr-FR\",\"potentialAction\":[{\"@type\":\"ReadAction\",\"target\":[\"https:\/\/www.nettali.com\/2022\/11\/28\/cession-de-yamba-menotte-moustapha-mbaye-fuit-avec-la-moto-de-la-police-et-prend-un-an-ferme\/\"]}]},{\"@type\":\"BreadcrumbList\",\"@id\":\"https:\/\/www.nettali.com\/2022\/11\/28\/cession-de-yamba-menotte-moustapha-mbaye-fuit-avec-la-moto-de-la-police-et-prend-un-an-ferme\/#breadcrumb\",\"itemListElement\":[{\"@type\":\"ListItem\",\"position\":1,\"name\":\"Accueil\",\"item\":\"https:\/\/www.nettali.com\/\"},{\"@type\":\"ListItem\",\"position\":2,\"name\":\"CESSION DE YAMBA - Menott\\u00e9, Moustapha Mbaye fuit avec la moto de la police et prend un an ferme\"}]},{\"@type\":\"Person\",\"@id\":\"https:\/\/www.nettali.com\/#\/schema\/person\/418274a86bdf87caff7a3ef476bd0bbf\",\"name\":\"Fatou\",\"image\":{\"@type\":\"ImageObject\",\"@id\":\"https:\/\/www.nettali.com\/#personlogo\",\"inLanguage\":\"fr-FR\",\"url\":\"https:\/\/secure.gravatar.com\/avatar\/5a9442a2bee7b4dcf167cab035858e9a?s=96&d=mm&r=g\",\"contentUrl\":\"https:\/\/secure.gravatar.com\/avatar\/5a9442a2bee7b4dcf167cab035858e9a?s=96&d=mm&r=g\",\"caption\":\"Fatou\"},\"sameAs\":[\"https:\/\/www.nettali.com\"]}]}<\/script>\n<!-- \/ Yoast SEO Premium plugin. -->","yoast_head_json":{"title":"CESSION DE YAMBA - Menott\u00e9, Moustapha Mbaye fuit avec la moto de la police et prend un an ferme | Nettali.com","robots":{"index":"index","follow":"follow","max-snippet":"max-snippet:-1","max-image-preview":"max-image-preview:large","max-video-preview":"max-video-preview:-1"},"canonical":"https:\/\/www.nettali.com\/2022\/11\/28\/cession-de-yamba-menotte-moustapha-mbaye-fuit-avec-la-moto-de-la-police-et-prend-un-an-ferme\/","og_locale":"fr_FR","og_type":"article","og_title":"CESSION DE YAMBA - Menott\u00e9, Moustapha Mbaye fuit avec la moto de la police et prend un an ferme","og_description":"NETTALI.COM-\u00a0Un fait insolite s\u2019est produit lors de l\u2019arrestation d\u2019un trafiquant de chanvre indien \u00e0 libert\u00e9 4. Moustapha Mbaye a pris la poudre d\u2019escampette avec la moto de la police avant d'\u00eatre appr\u00e9hend\u00e9 apr\u00e8s\u00a0 21 jours de cavale. Jug\u00e9 ce lundi 28 novembre 2022, devant le tribunal des flagrants d\u00e9lits de Dakar, il a pris un [&hellip;]","og_url":"https:\/\/www.nettali.com\/2022\/11\/28\/cession-de-yamba-menotte-moustapha-mbaye-fuit-avec-la-moto-de-la-police-et-prend-un-an-ferme\/","og_site_name":"Nettali.com","article_publisher":"https:\/\/www.facebook.com\/nettalicom","article_published_time":"2022-11-28T20:36:32+00:00","og_image":[{"width":808,"height":463,"url":"https:\/\/www.nettali.com\/wp-content\/uploads\/2022\/08\/justice.jpg","type":"image\/jpeg"}],"twitter_card":"summary_large_image","twitter_misc":{"\u00c9crit par":"Fatou","Dur\u00e9e de lecture estim\u00e9e":"2 minutes"},"schema":{"@context":"https:\/\/schema.org","@graph":[{"@type":"WebSite","@id":"https:\/\/www.nettali.com\/#website","url":"https:\/\/www.nettali.com\/","name":"Nettali.com","description":"Le rendez-vous critique du Net","potentialAction":[{"@type":"SearchAction","target":{"@type":"EntryPoint","urlTemplate":"https:\/\/www.nettali.com\/?s={search_term_string}"},"query-input":"required name=search_term_string"}],"inLanguage":"fr-FR"},{"@type":"ImageObject","@id":"https:\/\/www.nettali.com\/2022\/11\/28\/cession-de-yamba-menotte-moustapha-mbaye-fuit-avec-la-moto-de-la-police-et-prend-un-an-ferme\/#primaryimage","inLanguage":"fr-FR","url":"https:\/\/www.nettali.com\/wp-content\/uploads\/2022\/08\/justice.jpg","contentUrl":"https:\/\/www.nettali.com\/wp-content\/uploads\/2022\/08\/justice.jpg","width":808,"height":463},{"@type":"WebPage","@id":"https:\/\/www.nettali.com\/2022\/11\/28\/cession-de-yamba-menotte-moustapha-mbaye-fuit-avec-la-moto-de-la-police-et-prend-un-an-ferme\/#webpage","url":"https:\/\/www.nettali.com\/2022\/11\/28\/cession-de-yamba-menotte-moustapha-mbaye-fuit-avec-la-moto-de-la-police-et-prend-un-an-ferme\/","name":"CESSION DE YAMBA - Menott\u00e9, Moustapha Mbaye fuit avec la moto de la police et prend un an ferme | Nettali.com","isPartOf":{"@id":"https:\/\/www.nettali.com\/#website"},"primaryImageOfPage":{"@id":"https:\/\/www.nettali.com\/2022\/11\/28\/cession-de-yamba-menotte-moustapha-mbaye-fuit-avec-la-moto-de-la-police-et-prend-un-an-ferme\/#primaryimage"},"datePublished":"2022-11-28T20:36:32+00:00","dateModified":"2022-11-28T20:36:32+00:00","author":{"@id":"https:\/\/www.nettali.com\/#\/schema\/person\/418274a86bdf87caff7a3ef476bd0bbf"},"breadcrumb":{"@id":"https:\/\/www.nettali.com\/2022\/11\/28\/cession-de-yamba-menotte-moustapha-mbaye-fuit-avec-la-moto-de-la-police-et-prend-un-an-ferme\/#breadcrumb"},"inLanguage":"fr-FR","potentialAction":[{"@type":"ReadAction","target":["https:\/\/www.nettali.com\/2022\/11\/28\/cession-de-yamba-menotte-moustapha-mbaye-fuit-avec-la-moto-de-la-police-et-prend-un-an-ferme\/"]}]},{"@type":"BreadcrumbList","@id":"https:\/\/www.nettali.com\/2022\/11\/28\/cession-de-yamba-menotte-moustapha-mbaye-fuit-avec-la-moto-de-la-police-et-prend-un-an-ferme\/#breadcrumb","itemListElement":[{"@type":"ListItem","position":1,"name":"Accueil","item":"https:\/\/www.nettali.com\/"},{"@type":"ListItem","position":2,"name":"CESSION DE YAMBA - Menott\u00e9, Moustapha Mbaye fuit avec la moto de la police et prend un an ferme"}]},{"@type":"Person","@id":"https:\/\/www.nettali.com\/#\/schema\/person\/418274a86bdf87caff7a3ef476bd0bbf","name":"Fatou","image":{"@type":"ImageObject","@id":"https:\/\/www.nettali.com\/#personlogo","inLanguage":"fr-FR","url":"https:\/\/secure.gravatar.com\/avatar\/5a9442a2bee7b4dcf167cab035858e9a?s=96&d=mm&r=g","contentUrl":"https:\/\/secure.gravatar.com\/avatar\/5a9442a2bee7b4dcf167cab035858e9a?s=96&d=mm&r=g","caption":"Fatou"},"sameAs":["https:\/\/www.nettali.com"]}]}},"_links":{"self":[{"href":"https:\/\/www.nettali.com\/rest\/wp\/v2\/posts\/98548"}],"collection":[{"href":"https:\/\/www.nettali.com\/rest\/wp\/v2\/posts"}],"about":[{"href":"https:\/\/www.nettali.com\/rest\/wp\/v2\/types\/post"}],"author":[{"embeddable":true,"href":"https:\/\/www.nettali.com\/rest\/wp\/v2\/users\/6"}],"replies":[{"embeddable":true,"href":"https:\/\/www.nettali.com\/rest\/wp\/v2\/comments?post=98548"}],"version-history":[{"count":3,"href":"https:\/\/www.nettali.com\/rest\/wp\/v2\/posts\/98548\/revisions"}],"predecessor-version":[{"id":98555,"href":"https:\/\/www.nettali.com\/rest\/wp\/v2\/posts\/98548\/revisions\/98555"}],"wp:featuredmedia":[{"embeddable":true,"href":"https:\/\/www.nettali.com\/rest\/wp\/v2\/media\/91302"}],"wp:attachment":[{"href":"https:\/\/www.nettali.com\/rest\/wp\/v2\/media?parent=98548"}],"wp:term":[{"taxonomy":"category","embeddable":true,"href":"https:\/\/www.nettali.com\/rest\/wp\/v2\/categories?post=98548"},{"taxonomy":"post_tag","embeddable":true,"href":"https:\/\/www.nettali.com\/rest\/wp\/v2\/tags?post=98548"}],"curies":[{"name":"wp","href":"https:\/\/api.w.org\/{rel}","templated":true}]}}