{"id":98525,"date":"2022-11-28T11:47:43","date_gmt":"2022-11-28T11:47:43","guid":{"rendered":"https:\/\/www.nettali.com\/?p=98525"},"modified":"2022-11-28T11:47:43","modified_gmt":"2022-11-28T11:47:43","slug":"arrestation-dune-bande-au-mali-un-franco-senegalais-parmi-les-interpelles","status":"publish","type":"post","link":"https:\/\/www.nettali.com\/2022\/11\/28\/arrestation-dune-bande-au-mali-un-franco-senegalais-parmi-les-interpelles\/","title":{"rendered":"ARRESTATION D\u2019UNE BANDE AU MALI \u2013 Un franco-s\u00e9n\u00e9galais parmi les interpell\u00e9s"},"content":{"rendered":"<p><strong>NETTALI.COM - Dans un communiqu\u00e9 rendu public, les services du minist\u00e8re de la S\u00e9curit\u00e9 et de la Protection Civile malienne, le G\u00e9n\u00e9ral de brigade Daoud Aly Mohammedine informe que le 27 novembre 2022 vers 17H30, une unit\u00e9 Sp\u00e9ciale des Forces de S\u00e9curit\u00e9 est intervenue pour lib\u00e9rer des otages et appr\u00e9hender les membres d'un groupe de criminels et de narcotrafiquants qui les d\u00e9tenaient \u00e0 Missabougou, non loin de l'h\u00f4pital du Mali.\u00a0<\/strong><\/p>\n<p>Cette op\u00e9ration, men\u00e9e sur la base de renseignements minutieusement exploit\u00e9s, a permis de lib\u00e9rer dix (10) otages dont trois (03) femmes et six (06) enfants et d'arr\u00eater quatre (04) criminels dont un Franco-s\u00e9n\u00e9galais, deux Fran\u00e7ais et un Franco-malien.<\/p>\n<p>En effet, depuis le 18 novembre 2022, des membres d'une famille avaient \u00e9t\u00e9 enlev\u00e9s par ces preneurs d'otages moyennant, soit le paiement d'une ran\u00e7on de 900 millions de CFA ou, \u00e0 d\u00e9faut, donner des informations permettant de localiser la coca\u00efne r\u00e9cemment intercept\u00e9e par les Douanes maliennes, a renseign\u00e9 le document informant de la poursuite des enqu\u00eates pour d\u00e9manteler ce r\u00e9seau criminel ainsi que les complices.<\/p>\n<p>&nbsp;<\/p>\n<div class='share-to-whatsapp-wrapper'><div class='share-on-whsp'>PARTAGER SUR : <\/div><a data-text='ARRESTATION D\u2019UNE BANDE AU MALI \u2013 Un franco-s\u00e9n\u00e9galais parmi les interpell\u00e9s' data-link='https:\/\/www.nettali.com\/2022\/11\/28\/arrestation-dune-bande-au-mali-un-franco-senegalais-parmi-les-interpelles\/' class='whatsapp-button whatsapp-share'>WhatsApp<\/a><div class='clear '><\/div><\/div>","protected":false},"excerpt":{"rendered":"<p>NETTALI.COM - Dans un communiqu\u00e9 rendu public, les services du minist\u00e8re de la S\u00e9curit\u00e9 et de la Protection Civile malienne, le G\u00e9n\u00e9ral de brigade Daoud Aly Mohammedine informe que le 27 novembre 2022 vers 17H30, une unit\u00e9 Sp\u00e9ciale des Forces de S\u00e9curit\u00e9 est intervenue pour lib\u00e9rer des otages et appr\u00e9hender les membres d'un groupe de [&hellip;]<\/p>\n","protected":false},"author":4,"featured_media":90247,"comment_status":"open","ping_status":"open","sticky":false,"template":"","format":"standard","meta":{"_et_pb_use_builder":"","_et_pb_old_content":""},"categories":[3],"tags":[],"yoast_head":"<!-- This site is optimized with the Yoast SEO Premium plugin v17.8 (Yoast SEO v17.8) - https:\/\/yoast.com\/wordpress\/plugins\/seo\/ -->\n<title>ARRESTATION D\u2019UNE BANDE AU MALI \u2013 Un franco-s\u00e9n\u00e9galais parmi les interpell\u00e9s | Nettali.com<\/title>\n<meta name=\"robots\" content=\"index, follow, max-snippet:-1, max-image-preview:large, max-video-preview:-1\" \/>\n<link rel=\"canonical\" href=\"https:\/\/www.nettali.com\/2022\/11\/28\/arrestation-dune-bande-au-mali-un-franco-senegalais-parmi-les-interpelles\/\" \/>\n<meta property=\"og:locale\" content=\"fr_FR\" \/>\n<meta property=\"og:type\" content=\"article\" \/>\n<meta property=\"og:title\" content=\"ARRESTATION D\u2019UNE BANDE AU MALI \u2013 Un franco-s\u00e9n\u00e9galais parmi les interpell\u00e9s\" \/>\n<meta property=\"og:description\" content=\"NETTALI.COM - Dans un communiqu\u00e9 rendu public, les services du minist\u00e8re de la S\u00e9curit\u00e9 et de la Protection Civile malienne, le G\u00e9n\u00e9ral de brigade Daoud Aly Mohammedine informe que le 27 novembre 2022 vers 17H30, une unit\u00e9 Sp\u00e9ciale des Forces de S\u00e9curit\u00e9 est intervenue pour lib\u00e9rer des otages et appr\u00e9hender les membres d&#039;un groupe de [&hellip;]\" \/>\n<meta property=\"og:url\" content=\"https:\/\/www.nettali.com\/2022\/11\/28\/arrestation-dune-bande-au-mali-un-franco-senegalais-parmi-les-interpelles\/\" \/>\n<meta property=\"og:site_name\" content=\"Nettali.com\" \/>\n<meta property=\"article:publisher\" content=\"https:\/\/www.facebook.com\/nettalicom\" \/>\n<meta property=\"article:published_time\" content=\"2022-11-28T11:47:43+00:00\" \/>\n<meta property=\"og:image\" content=\"https:\/\/www.nettali.com\/wp-content\/uploads\/2022\/07\/attaque-mali.png\" \/>\n\t<meta property=\"og:image:width\" content=\"977\" \/>\n\t<meta property=\"og:image:height\" content=\"548\" \/>\n<meta name=\"twitter:card\" content=\"summary_large_image\" \/>\n<meta name=\"twitter:label1\" content=\"\u00c9crit par\" \/>\n\t<meta name=\"twitter:data1\" content=\"Daouda\" \/>\n\t<meta name=\"twitter:label2\" content=\"Dur\u00e9e de lecture estim\u00e9e\" \/>\n\t<meta name=\"twitter:data2\" content=\"1 minute\" \/>\n<script type=\"application\/ld+json\" class=\"yoast-schema-graph\">{\"@context\":\"https:\/\/schema.org\",\"@graph\":[{\"@type\":\"WebSite\",\"@id\":\"https:\/\/www.nettali.com\/#website\",\"url\":\"https:\/\/www.nettali.com\/\",\"name\":\"Nettali.com\",\"description\":\"Le rendez-vous critique du Net\",\"potentialAction\":[{\"@type\":\"SearchAction\",\"target\":{\"@type\":\"EntryPoint\",\"urlTemplate\":\"https:\/\/www.nettali.com\/?s={search_term_string}\"},\"query-input\":\"required name=search_term_string\"}],\"inLanguage\":\"fr-FR\"},{\"@type\":\"ImageObject\",\"@id\":\"https:\/\/www.nettali.com\/2022\/11\/28\/arrestation-dune-bande-au-mali-un-franco-senegalais-parmi-les-interpelles\/#primaryimage\",\"inLanguage\":\"fr-FR\",\"url\":\"https:\/\/www.nettali.com\/wp-content\/uploads\/2022\/07\/attaque-mali.png\",\"contentUrl\":\"https:\/\/www.nettali.com\/wp-content\/uploads\/2022\/07\/attaque-mali.png\",\"width\":977,\"height\":548},{\"@type\":\"WebPage\",\"@id\":\"https:\/\/www.nettali.com\/2022\/11\/28\/arrestation-dune-bande-au-mali-un-franco-senegalais-parmi-les-interpelles\/#webpage\",\"url\":\"https:\/\/www.nettali.com\/2022\/11\/28\/arrestation-dune-bande-au-mali-un-franco-senegalais-parmi-les-interpelles\/\",\"name\":\"ARRESTATION D\\u2019UNE BANDE AU MALI \\u2013 Un franco-s\\u00e9n\\u00e9galais parmi les interpell\\u00e9s | Nettali.com\",\"isPartOf\":{\"@id\":\"https:\/\/www.nettali.com\/#website\"},\"primaryImageOfPage\":{\"@id\":\"https:\/\/www.nettali.com\/2022\/11\/28\/arrestation-dune-bande-au-mali-un-franco-senegalais-parmi-les-interpelles\/#primaryimage\"},\"datePublished\":\"2022-11-28T11:47:43+00:00\",\"dateModified\":\"2022-11-28T11:47:43+00:00\",\"author\":{\"@id\":\"https:\/\/www.nettali.com\/#\/schema\/person\/3317e0bb3aa1da309fbf7b2780901bf4\"},\"breadcrumb\":{\"@id\":\"https:\/\/www.nettali.com\/2022\/11\/28\/arrestation-dune-bande-au-mali-un-franco-senegalais-parmi-les-interpelles\/#breadcrumb\"},\"inLanguage\":\"fr-FR\",\"potentialAction\":[{\"@type\":\"ReadAction\",\"target\":[\"https:\/\/www.nettali.com\/2022\/11\/28\/arrestation-dune-bande-au-mali-un-franco-senegalais-parmi-les-interpelles\/\"]}]},{\"@type\":\"BreadcrumbList\",\"@id\":\"https:\/\/www.nettali.com\/2022\/11\/28\/arrestation-dune-bande-au-mali-un-franco-senegalais-parmi-les-interpelles\/#breadcrumb\",\"itemListElement\":[{\"@type\":\"ListItem\",\"position\":1,\"name\":\"Accueil\",\"item\":\"https:\/\/www.nettali.com\/\"},{\"@type\":\"ListItem\",\"position\":2,\"name\":\"ARRESTATION D\\u2019UNE BANDE AU MALI \\u2013 Un franco-s\\u00e9n\\u00e9galais parmi les interpell\\u00e9s\"}]},{\"@type\":\"Person\",\"@id\":\"https:\/\/www.nettali.com\/#\/schema\/person\/3317e0bb3aa1da309fbf7b2780901bf4\",\"name\":\"Daouda\",\"image\":{\"@type\":\"ImageObject\",\"@id\":\"https:\/\/www.nettali.com\/#personlogo\",\"inLanguage\":\"fr-FR\",\"url\":\"https:\/\/secure.gravatar.com\/avatar\/8d143b5a49345098ddcfee1c49c2f47c?s=96&d=mm&r=g\",\"contentUrl\":\"https:\/\/secure.gravatar.com\/avatar\/8d143b5a49345098ddcfee1c49c2f47c?s=96&d=mm&r=g\",\"caption\":\"Daouda\"},\"sameAs\":[\"https:\/\/www.nettali.com\"]}]}<\/script>\n<!-- \/ Yoast SEO Premium plugin. -->","yoast_head_json":{"title":"ARRESTATION D\u2019UNE BANDE AU MALI \u2013 Un franco-s\u00e9n\u00e9galais parmi les interpell\u00e9s | Nettali.com","robots":{"index":"index","follow":"follow","max-snippet":"max-snippet:-1","max-image-preview":"max-image-preview:large","max-video-preview":"max-video-preview:-1"},"canonical":"https:\/\/www.nettali.com\/2022\/11\/28\/arrestation-dune-bande-au-mali-un-franco-senegalais-parmi-les-interpelles\/","og_locale":"fr_FR","og_type":"article","og_title":"ARRESTATION D\u2019UNE BANDE AU MALI \u2013 Un franco-s\u00e9n\u00e9galais parmi les interpell\u00e9s","og_description":"NETTALI.COM - Dans un communiqu\u00e9 rendu public, les services du minist\u00e8re de la S\u00e9curit\u00e9 et de la Protection Civile malienne, le G\u00e9n\u00e9ral de brigade Daoud Aly Mohammedine informe que le 27 novembre 2022 vers 17H30, une unit\u00e9 Sp\u00e9ciale des Forces de S\u00e9curit\u00e9 est intervenue pour lib\u00e9rer des otages et appr\u00e9hender les membres d'un groupe de [&hellip;]","og_url":"https:\/\/www.nettali.com\/2022\/11\/28\/arrestation-dune-bande-au-mali-un-franco-senegalais-parmi-les-interpelles\/","og_site_name":"Nettali.com","article_publisher":"https:\/\/www.facebook.com\/nettalicom","article_published_time":"2022-11-28T11:47:43+00:00","og_image":[{"width":977,"height":548,"url":"https:\/\/www.nettali.com\/wp-content\/uploads\/2022\/07\/attaque-mali.png","type":"image\/png"}],"twitter_card":"summary_large_image","twitter_misc":{"\u00c9crit par":"Daouda","Dur\u00e9e de lecture estim\u00e9e":"1 minute"},"schema":{"@context":"https:\/\/schema.org","@graph":[{"@type":"WebSite","@id":"https:\/\/www.nettali.com\/#website","url":"https:\/\/www.nettali.com\/","name":"Nettali.com","description":"Le rendez-vous critique du Net","potentialAction":[{"@type":"SearchAction","target":{"@type":"EntryPoint","urlTemplate":"https:\/\/www.nettali.com\/?s={search_term_string}"},"query-input":"required name=search_term_string"}],"inLanguage":"fr-FR"},{"@type":"ImageObject","@id":"https:\/\/www.nettali.com\/2022\/11\/28\/arrestation-dune-bande-au-mali-un-franco-senegalais-parmi-les-interpelles\/#primaryimage","inLanguage":"fr-FR","url":"https:\/\/www.nettali.com\/wp-content\/uploads\/2022\/07\/attaque-mali.png","contentUrl":"https:\/\/www.nettali.com\/wp-content\/uploads\/2022\/07\/attaque-mali.png","width":977,"height":548},{"@type":"WebPage","@id":"https:\/\/www.nettali.com\/2022\/11\/28\/arrestation-dune-bande-au-mali-un-franco-senegalais-parmi-les-interpelles\/#webpage","url":"https:\/\/www.nettali.com\/2022\/11\/28\/arrestation-dune-bande-au-mali-un-franco-senegalais-parmi-les-interpelles\/","name":"ARRESTATION D\u2019UNE BANDE AU MALI \u2013 Un franco-s\u00e9n\u00e9galais parmi les interpell\u00e9s | Nettali.com","isPartOf":{"@id":"https:\/\/www.nettali.com\/#website"},"primaryImageOfPage":{"@id":"https:\/\/www.nettali.com\/2022\/11\/28\/arrestation-dune-bande-au-mali-un-franco-senegalais-parmi-les-interpelles\/#primaryimage"},"datePublished":"2022-11-28T11:47:43+00:00","dateModified":"2022-11-28T11:47:43+00:00","author":{"@id":"https:\/\/www.nettali.com\/#\/schema\/person\/3317e0bb3aa1da309fbf7b2780901bf4"},"breadcrumb":{"@id":"https:\/\/www.nettali.com\/2022\/11\/28\/arrestation-dune-bande-au-mali-un-franco-senegalais-parmi-les-interpelles\/#breadcrumb"},"inLanguage":"fr-FR","potentialAction":[{"@type":"ReadAction","target":["https:\/\/www.nettali.com\/2022\/11\/28\/arrestation-dune-bande-au-mali-un-franco-senegalais-parmi-les-interpelles\/"]}]},{"@type":"BreadcrumbList","@id":"https:\/\/www.nettali.com\/2022\/11\/28\/arrestation-dune-bande-au-mali-un-franco-senegalais-parmi-les-interpelles\/#breadcrumb","itemListElement":[{"@type":"ListItem","position":1,"name":"Accueil","item":"https:\/\/www.nettali.com\/"},{"@type":"ListItem","position":2,"name":"ARRESTATION D\u2019UNE BANDE AU MALI \u2013 Un franco-s\u00e9n\u00e9galais parmi les interpell\u00e9s"}]},{"@type":"Person","@id":"https:\/\/www.nettali.com\/#\/schema\/person\/3317e0bb3aa1da309fbf7b2780901bf4","name":"Daouda","image":{"@type":"ImageObject","@id":"https:\/\/www.nettali.com\/#personlogo","inLanguage":"fr-FR","url":"https:\/\/secure.gravatar.com\/avatar\/8d143b5a49345098ddcfee1c49c2f47c?s=96&d=mm&r=g","contentUrl":"https:\/\/secure.gravatar.com\/avatar\/8d143b5a49345098ddcfee1c49c2f47c?s=96&d=mm&r=g","caption":"Daouda"},"sameAs":["https:\/\/www.nettali.com"]}]}},"_links":{"self":[{"href":"https:\/\/www.nettali.com\/rest\/wp\/v2\/posts\/98525"}],"collection":[{"href":"https:\/\/www.nettali.com\/rest\/wp\/v2\/posts"}],"about":[{"href":"https:\/\/www.nettali.com\/rest\/wp\/v2\/types\/post"}],"author":[{"embeddable":true,"href":"https:\/\/www.nettali.com\/rest\/wp\/v2\/users\/4"}],"replies":[{"embeddable":true,"href":"https:\/\/www.nettali.com\/rest\/wp\/v2\/comments?post=98525"}],"version-history":[{"count":1,"href":"https:\/\/www.nettali.com\/rest\/wp\/v2\/posts\/98525\/revisions"}],"predecessor-version":[{"id":98527,"href":"https:\/\/www.nettali.com\/rest\/wp\/v2\/posts\/98525\/revisions\/98527"}],"wp:featuredmedia":[{"embeddable":true,"href":"https:\/\/www.nettali.com\/rest\/wp\/v2\/media\/90247"}],"wp:attachment":[{"href":"https:\/\/www.nettali.com\/rest\/wp\/v2\/media?parent=98525"}],"wp:term":[{"taxonomy":"category","embeddable":true,"href":"https:\/\/www.nettali.com\/rest\/wp\/v2\/categories?post=98525"},{"taxonomy":"post_tag","embeddable":true,"href":"https:\/\/www.nettali.com\/rest\/wp\/v2\/tags?post=98525"}],"curies":[{"name":"wp","href":"https:\/\/api.w.org\/{rel}","templated":true}]}}